{"id":10032,"date":"2022-07-20T17:52:12","date_gmt":"2022-07-20T17:52:12","guid":{"rendered":"https:\/\/artsnb.ca\/web\/?p=10032"},"modified":"2022-07-20T17:52:39","modified_gmt":"2022-07-20T17:52:39","slug":"cheyl-lavigne-nouvelle-adjointe-administrative-chez-artsnb","status":"publish","type":"post","link":"https:\/\/artsnb.ca\/web\/2022\/07\/cheyl-lavigne-nouvelle-adjointe-administrative-chez-artsnb\/?lang=fr","title":{"rendered":"CHEYL LAVIGNE, NOUVELLE ADJOINTE ADMINISTRATIVE CHEZ ARTSNB"},"content":{"rendered":"\n<div style=\"height:21px\" aria-hidden=\"true\" class=\"wp-block-spacer\"><\/div>\n\n\n\n<p>Nous sommes ravis d&#8217;accueillir une nouvelle employ\u00e9e chez artsnb ! Cheryl Lavigne est la nouvelle adjointe administrative d&#8217;artsnb. Vous vous demandez qui est cette nouvelle voix lorsque vous composez le 444.4444 ? C&#8217;est elle ! Bienvenue dans l&#8217;\u00e9quipe Cheryl !<\/p>\n\n\n\n<div style=\"height:21px\" aria-hidden=\"true\" class=\"wp-block-spacer\"><\/div>\n\n\n\n<div class=\"wp-block-image\"><figure class=\"aligncenter size-medium is-resized\"><img decoding=\"async\" src=\"https:\/\/artsnb.ca\/web\/wp-content\/uploads\/2022\/07\/IMG-4580-2-225x300.jpg\" alt=\"\" class=\"wp-image-10025\" width=\"350\" srcset=\"https:\/\/artsnb.ca\/web\/wp-content\/uploads\/2022\/07\/IMG-4580-2-225x300.jpg 225w, https:\/\/artsnb.ca\/web\/wp-content\/uploads\/2022\/07\/IMG-4580-2-768x1024.jpg 768w, https:\/\/artsnb.ca\/web\/wp-content\/uploads\/2022\/07\/IMG-4580-2-1152x1536.jpg 1152w, https:\/\/artsnb.ca\/web\/wp-content\/uploads\/2022\/07\/IMG-4580-2-1536x2048.jpg 1536w, https:\/\/artsnb.ca\/web\/wp-content\/uploads\/2022\/07\/IMG-4580-2-scaled.jpg 1920w\" sizes=\"(max-width: 225px) 100vw, 225px\" \/><\/figure><\/div>\n\n\n\n<div style=\"height:21px\" aria-hidden=\"true\" class=\"wp-block-spacer\"><\/div>\n\n\n\n<p class=\"has-drop-cap\">Je m&#8217;appelle Cheryl Lavigne (elle\/la), je suis une maman, une \u00e9ducatrice, une artiste visuelle et une N\u00e9o-Brunswickoise bilingue (fran\u00e7ais et anglais) qui est n\u00e9e et a \u00e9t\u00e9 \u00e9lev\u00e9e \u00e0 Bathurst, et qui vit maintenant \u00e0 Fredericton. Je passe aussi une grande partie de mon temps avec ma famille \u00e9largie dans la r\u00e9gion de St. Stephen. Je reconnais que je vis, travaille et cr\u00e9e sur le territoire traditionnel et non c\u00e9d\u00e9 des peuples Mi&#8217;kmaq, Wolastoqiyik et Peskotomuhkati.<\/p>\n\n\n\n<p>J&#8217;ai poursuivi des \u00e9tudes en beaux-arts \u00e0 l&#8217;Universit\u00e9 Algoma de Sault Ste Marie en Ontario, avant d&#8217;obtenir mon dipl\u00f4me en enseignement de l&#8217;University of New Brunswick &nbsp;en langue fran\u00e7aise et en enseignement des arts visuels. Tout r\u00e9cemment, j&#8217;ai termin\u00e9 le programme avanc\u00e9 en pratique d&#8217;atelier (Advanced Studio Practice) du New Brunswick College Of Craft And Design en gestion de petite entreprise et en \u00e9tude cr\u00e9ative ind\u00e9pendante.<\/p>\n\n\n\n<div style=\"height:21px\" aria-hidden=\"true\" class=\"wp-block-spacer\"><\/div>\n\n\n\n<div class=\"wp-block-media-text alignwide is-stacked-on-mobile is-image-fill\"><figure class=\"wp-block-media-text__media\" style=\"background-image:url(https:\/\/artsnb.ca\/web\/wp-content\/uploads\/2022\/07\/Plein-air-pic.jpg);background-position:50% 50%\"><img loading=\"lazy\" decoding=\"async\" width=\"960\" height=\"959\" src=\"https:\/\/artsnb.ca\/web\/wp-content\/uploads\/2022\/07\/Plein-air-pic.jpg\" alt=\"\" class=\"wp-image-10027 size-full\" srcset=\"https:\/\/artsnb.ca\/web\/wp-content\/uploads\/2022\/07\/Plein-air-pic.jpg 960w, https:\/\/artsnb.ca\/web\/wp-content\/uploads\/2022\/07\/Plein-air-pic-300x300.jpg 300w, https:\/\/artsnb.ca\/web\/wp-content\/uploads\/2022\/07\/Plein-air-pic-150x150.jpg 150w, https:\/\/artsnb.ca\/web\/wp-content\/uploads\/2022\/07\/Plein-air-pic-768x767.jpg 768w\" sizes=\"auto, (max-width: 960px) 100vw, 960px\" \/><\/figure><div class=\"wp-block-media-text__content\">\n<p style=\"font-size:17px\">&nbsp;Je me consid\u00e8re artiste autodidacte. J&#8217;aime le processus d&#8217;apprentissage et la r\u00e9solution de probl\u00e8mes cr\u00e9ative par l&#8217;exploration d&#8217;une vari\u00e9t\u00e9 de mat\u00e9riaux. Ma pratique artistique est ax\u00e9e sur la peinture, le dessin, le collage et l&#8217;assemblage de divers mat\u00e9riaux. Dans mon travail, je suis attir\u00e9e par les formes naturelles de la nature. Je suis particuli\u00e8rement inspir\u00e9e par les formes visuelles de la d\u00e9composition, ainsi que par les rythmes et les motifs naturels de la terre. Ma d\u00e9marche implique de consacrer beaucoup de temps \u00e0 l&#8217;ext\u00e9rieur, o\u00f9 je dessine, peins ou prends des photos. J&#8217;appr\u00e9cie les sentiers de randonn\u00e9e qui explorent la for\u00eat, les champs et les mar\u00e9cages de la province.<\/p>\n<\/div><\/div>\n\n\n\n<div style=\"height:21px\" aria-hidden=\"true\" class=\"wp-block-spacer\"><\/div>\n\n\n\n<p>Au cours des dix derni\u00e8res ann\u00e9es, j&#8217;ai \u00e9t\u00e9 \u00e9ducatrice au sein du district scolaire o\u00f9 j\u2019y ai enseign\u00e9 la langue fran\u00e7aise en me sp\u00e9cialisant dans l&#8217;\u00e9ducation artistique transdisciplinaire. J&#8217;ai r\u00e9orient\u00e9 ma carri\u00e8re en travaillant \u00e0 temps partiel pour artsnb afin de r\u00e9pondre aux besoins de ma famille, tout en poursuivant une pratique artistique et en g\u00e9rant une entreprise cr\u00e9ative. Dans mon r\u00f4le d&#8217;adjointe administrative, j&#8217;ai h\u00e2te de servir les artistes, le personnel d&#8217;artsnb, le conseil d&#8217;administration et tous les individus qui s&#8217;y rattachent dans les deux langues officielles.&nbsp; Vous pouvez me joindre \u00e0 <a href=\"cheryl@artsnb.ca\">cheryl@artsnb.ca<\/a> ou \u00e0 <a href=\"info@artsnb.ca\">info@artsnb.ca<\/a>.<\/p>\n\n\n\n<div style=\"height:21px\" aria-hidden=\"true\" class=\"wp-block-spacer\"><\/div>\n\n\n\n<p><strong>Apprenez-en plus sur Cheryl sur la page&nbsp;<a href=\"https:\/\/artsnb.ca\/web\/a-propos\/staff\/?lang=fr\">\u00ab&nbsp;\u00c9QUIPE&nbsp;\u00bb.<\/a><\/strong><\/p>\n","protected":false},"excerpt":{"rendered":"<p>Nous sommes ravis d&#8217;accueillir une nouvelle employ\u00e9e chez artsnb ! Cheryl Lavigne est la nouvelle adjointe administrative d&#8217;artsnb. Vous vous demandez qui est cette nouvelle voix lorsque vous composez le 444.4444 ? C&#8217;est elle ! Bienvenue dans l&#8217;\u00e9quipe Cheryl ! Je m&#8217;appelle Cheryl Lavigne (elle\/la), je suis une maman, une \u00e9ducatrice, une artiste visuelle et<\/p>\n","protected":false},"author":7,"featured_media":10025,"comment_status":"open","ping_status":"open","sticky":false,"template":"","format":"standard","meta":{"_acf_changed":false,"footnotes":""},"categories":[87,2,53],"tags":[],"class_list":["post-10032","post","type-post","status-publish","format-standard","has-post-thumbnail","hentry","category-blogue","category-non-classifiee","category-nouvelles"],"acf":[],"yoast_head":"<!-- This site is optimized with the Yoast SEO plugin v27.5 - https:\/\/yoast.com\/product\/yoast-seo-wordpress\/ -->\n<title>CHEYL LAVIGNE, NOUVELLE ADJOINTE ADMINISTRATIVE CHEZ ARTSNB - ArtsNB<\/title>\n<meta name=\"robots\" content=\"index, follow, max-snippet:-1, max-image-preview:large, max-video-preview:-1\" \/>\n<link rel=\"canonical\" href=\"https:\/\/artsnb.ca\/web\/2022\/07\/cheyl-lavigne-nouvelle-adjointe-administrative-chez-artsnb\/\" \/>\n<meta property=\"og:locale\" content=\"en_US\" \/>\n<meta property=\"og:type\" content=\"article\" \/>\n<meta property=\"og:title\" content=\"CHEYL LAVIGNE, NOUVELLE ADJOINTE ADMINISTRATIVE CHEZ ARTSNB - ArtsNB\" \/>\n<meta property=\"og:description\" content=\"Nous sommes ravis d&#8217;accueillir une nouvelle employ\u00e9e chez artsnb ! Cheryl Lavigne est la nouvelle adjointe administrative d&#8217;artsnb. Vous vous demandez qui est cette nouvelle voix lorsque vous composez le 444.4444 ? C&#8217;est elle ! Bienvenue dans l&#8217;\u00e9quipe Cheryl ! Je m&#8217;appelle Cheryl Lavigne (elle\/la), je suis une maman, une \u00e9ducatrice, une artiste visuelle et\" \/>\n<meta property=\"og:url\" content=\"https:\/\/artsnb.ca\/web\/2022\/07\/cheyl-lavigne-nouvelle-adjointe-administrative-chez-artsnb\/?lang=fr\" \/>\n<meta property=\"og:site_name\" content=\"ArtsNB\" \/>\n<meta property=\"article:publisher\" content=\"https:\/\/www.facebook.com\/artsnb\/\" \/>\n<meta property=\"article:published_time\" content=\"2022-07-20T17:52:12+00:00\" \/>\n<meta property=\"article:modified_time\" content=\"2022-07-20T17:52:39+00:00\" \/>\n<meta property=\"og:image\" content=\"https:\/\/artsnb.ca\/web\/wp-content\/uploads\/2022\/07\/IMG-4580-2-scaled.jpg\" \/>\n\t<meta property=\"og:image:width\" content=\"1920\" \/>\n\t<meta property=\"og:image:height\" content=\"2560\" \/>\n\t<meta property=\"og:image:type\" content=\"image\/jpeg\" \/>\n<meta name=\"author\" content=\"Audr\u00e9e Hamelin-St-Amour\" \/>\n<meta name=\"twitter:card\" content=\"summary_large_image\" \/>\n<meta name=\"twitter:creator\" content=\"@artsnb\" \/>\n<meta name=\"twitter:site\" content=\"@artsnb\" \/>\n<meta name=\"twitter:label1\" content=\"Written by\" \/>\n\t<meta name=\"twitter:data1\" content=\"Audr\u00e9e Hamelin-St-Amour\" \/>\n\t<meta name=\"twitter:label2\" content=\"Est. reading time\" \/>\n\t<meta name=\"twitter:data2\" content=\"3 minutes\" \/>\n<script type=\"application\/ld+json\" class=\"yoast-schema-graph\">{\"@context\":\"https:\\\/\\\/schema.org\",\"@graph\":[{\"@type\":\"Article\",\"@id\":\"https:\\\/\\\/artsnb.ca\\\/web\\\/2022\\\/07\\\/cheyl-lavigne-nouvelle-adjointe-administrative-chez-artsnb\\\/?lang=fr#article\",\"isPartOf\":{\"@id\":\"https:\\\/\\\/artsnb.ca\\\/web\\\/2022\\\/07\\\/cheyl-lavigne-nouvelle-adjointe-administrative-chez-artsnb\\\/?lang=fr\"},\"author\":{\"name\":\"Audr\u00e9e Hamelin-St-Amour\",\"@id\":\"https:\\\/\\\/artsnb.ca\\\/web\\\/#\\\/schema\\\/person\\\/0b27fd6d6a25d6f2ea4aec5ed5875733\"},\"headline\":\"CHEYL LAVIGNE, NOUVELLE ADJOINTE ADMINISTRATIVE CHEZ ARTSNB\",\"datePublished\":\"2022-07-20T17:52:12+00:00\",\"dateModified\":\"2022-07-20T17:52:39+00:00\",\"mainEntityOfPage\":{\"@id\":\"https:\\\/\\\/artsnb.ca\\\/web\\\/2022\\\/07\\\/cheyl-lavigne-nouvelle-adjointe-administrative-chez-artsnb\\\/?lang=fr\"},\"wordCount\":472,\"commentCount\":0,\"publisher\":{\"@id\":\"https:\\\/\\\/artsnb.ca\\\/web\\\/#organization\"},\"image\":{\"@id\":\"https:\\\/\\\/artsnb.ca\\\/web\\\/2022\\\/07\\\/cheyl-lavigne-nouvelle-adjointe-administrative-chez-artsnb\\\/?lang=fr#primaryimage\"},\"thumbnailUrl\":\"https:\\\/\\\/artsnb.ca\\\/web\\\/wp-content\\\/uploads\\\/2022\\\/07\\\/IMG-4580-2-scaled.jpg\",\"articleSection\":[\"Blogue\",\"Non classifi\u00e9(e)\",\"Toutes les Nouvelles\"],\"inLanguage\":\"en-US\",\"potentialAction\":[{\"@type\":\"CommentAction\",\"name\":\"Comment\",\"target\":[\"https:\\\/\\\/artsnb.ca\\\/web\\\/2022\\\/07\\\/cheyl-lavigne-nouvelle-adjointe-administrative-chez-artsnb\\\/?lang=fr#respond\"]}]},{\"@type\":\"WebPage\",\"@id\":\"https:\\\/\\\/artsnb.ca\\\/web\\\/2022\\\/07\\\/cheyl-lavigne-nouvelle-adjointe-administrative-chez-artsnb\\\/?lang=fr\",\"url\":\"https:\\\/\\\/artsnb.ca\\\/web\\\/2022\\\/07\\\/cheyl-lavigne-nouvelle-adjointe-administrative-chez-artsnb\\\/?lang=fr\",\"name\":\"CHEYL LAVIGNE, NOUVELLE ADJOINTE ADMINISTRATIVE CHEZ ARTSNB - ArtsNB\",\"isPartOf\":{\"@id\":\"https:\\\/\\\/artsnb.ca\\\/web\\\/#website\"},\"primaryImageOfPage\":{\"@id\":\"https:\\\/\\\/artsnb.ca\\\/web\\\/2022\\\/07\\\/cheyl-lavigne-nouvelle-adjointe-administrative-chez-artsnb\\\/?lang=fr#primaryimage\"},\"image\":{\"@id\":\"https:\\\/\\\/artsnb.ca\\\/web\\\/2022\\\/07\\\/cheyl-lavigne-nouvelle-adjointe-administrative-chez-artsnb\\\/?lang=fr#primaryimage\"},\"thumbnailUrl\":\"https:\\\/\\\/artsnb.ca\\\/web\\\/wp-content\\\/uploads\\\/2022\\\/07\\\/IMG-4580-2-scaled.jpg\",\"datePublished\":\"2022-07-20T17:52:12+00:00\",\"dateModified\":\"2022-07-20T17:52:39+00:00\",\"breadcrumb\":{\"@id\":\"https:\\\/\\\/artsnb.ca\\\/web\\\/2022\\\/07\\\/cheyl-lavigne-nouvelle-adjointe-administrative-chez-artsnb\\\/?lang=fr#breadcrumb\"},\"inLanguage\":\"en-US\",\"potentialAction\":[{\"@type\":\"ReadAction\",\"target\":[\"https:\\\/\\\/artsnb.ca\\\/web\\\/2022\\\/07\\\/cheyl-lavigne-nouvelle-adjointe-administrative-chez-artsnb\\\/?lang=fr\"]}]},{\"@type\":\"ImageObject\",\"inLanguage\":\"en-US\",\"@id\":\"https:\\\/\\\/artsnb.ca\\\/web\\\/2022\\\/07\\\/cheyl-lavigne-nouvelle-adjointe-administrative-chez-artsnb\\\/?lang=fr#primaryimage\",\"url\":\"https:\\\/\\\/artsnb.ca\\\/web\\\/wp-content\\\/uploads\\\/2022\\\/07\\\/IMG-4580-2-scaled.jpg\",\"contentUrl\":\"https:\\\/\\\/artsnb.ca\\\/web\\\/wp-content\\\/uploads\\\/2022\\\/07\\\/IMG-4580-2-scaled.jpg\",\"width\":1920,\"height\":2560},{\"@type\":\"BreadcrumbList\",\"@id\":\"https:\\\/\\\/artsnb.ca\\\/web\\\/2022\\\/07\\\/cheyl-lavigne-nouvelle-adjointe-administrative-chez-artsnb\\\/?lang=fr#breadcrumb\",\"itemListElement\":[{\"@type\":\"ListItem\",\"position\":1,\"name\":\"Home\",\"item\":\"https:\\\/\\\/artsnb.ca\\\/web\\\/\"},{\"@type\":\"ListItem\",\"position\":2,\"name\":\"All News\",\"item\":\"https:\\\/\\\/artsnb.ca\\\/web\\\/category\\\/news\\\/\"},{\"@type\":\"ListItem\",\"position\":3,\"name\":\"CHEYL LAVIGNE, NOUVELLE ADJOINTE ADMINISTRATIVE CHEZ ARTSNB\"}]},{\"@type\":\"WebSite\",\"@id\":\"https:\\\/\\\/artsnb.ca\\\/web\\\/#website\",\"url\":\"https:\\\/\\\/artsnb.ca\\\/web\\\/\",\"name\":\"ArtsNB\",\"description\":\"EXCELLENCE. PROFESSIONALISM. INNOVATION.\",\"publisher\":{\"@id\":\"https:\\\/\\\/artsnb.ca\\\/web\\\/#organization\"},\"potentialAction\":[{\"@type\":\"SearchAction\",\"target\":{\"@type\":\"EntryPoint\",\"urlTemplate\":\"https:\\\/\\\/artsnb.ca\\\/web\\\/?s={search_term_string}\"},\"query-input\":{\"@type\":\"PropertyValueSpecification\",\"valueRequired\":true,\"valueName\":\"search_term_string\"}}],\"inLanguage\":\"en-US\"},{\"@type\":\"Organization\",\"@id\":\"https:\\\/\\\/artsnb.ca\\\/web\\\/#organization\",\"name\":\"ArtsNB\",\"url\":\"https:\\\/\\\/artsnb.ca\\\/web\\\/\",\"logo\":{\"@type\":\"ImageObject\",\"inLanguage\":\"en-US\",\"@id\":\"https:\\\/\\\/artsnb.ca\\\/web\\\/#\\\/schema\\\/logo\\\/image\\\/\",\"url\":\"https:\\\/\\\/artsnb.ca\\\/web\\\/wp-content\\\/uploads\\\/2024\\\/04\\\/cropped-artsnb-PrimaryLogo-vertical-HiRes-2.jpg\",\"contentUrl\":\"https:\\\/\\\/artsnb.ca\\\/web\\\/wp-content\\\/uploads\\\/2024\\\/04\\\/cropped-artsnb-PrimaryLogo-vertical-HiRes-2.jpg\",\"width\":1698,\"height\":1223,\"caption\":\"ArtsNB\"},\"image\":{\"@id\":\"https:\\\/\\\/artsnb.ca\\\/web\\\/#\\\/schema\\\/logo\\\/image\\\/\"},\"sameAs\":[\"https:\\\/\\\/www.facebook.com\\\/artsnb\\\/\",\"https:\\\/\\\/x.com\\\/artsnb\",\"https:\\\/\\\/www.instagram.com\\\/artsnb\\\/\"]},{\"@type\":\"Person\",\"@id\":\"https:\\\/\\\/artsnb.ca\\\/web\\\/#\\\/schema\\\/person\\\/0b27fd6d6a25d6f2ea4aec5ed5875733\",\"name\":\"Audr\u00e9e Hamelin-St-Amour\",\"image\":{\"@type\":\"ImageObject\",\"inLanguage\":\"en-US\",\"@id\":\"https:\\\/\\\/secure.gravatar.com\\\/avatar\\\/981b3d9c0acc0d9eb42cca12e20517fd09aaa3096a58675f7249e03c8f119703?s=96&d=mm&r=g\",\"url\":\"https:\\\/\\\/secure.gravatar.com\\\/avatar\\\/981b3d9c0acc0d9eb42cca12e20517fd09aaa3096a58675f7249e03c8f119703?s=96&d=mm&r=g\",\"contentUrl\":\"https:\\\/\\\/secure.gravatar.com\\\/avatar\\\/981b3d9c0acc0d9eb42cca12e20517fd09aaa3096a58675f7249e03c8f119703?s=96&d=mm&r=g\",\"caption\":\"Audr\u00e9e Hamelin-St-Amour\"},\"sameAs\":[\"https:\\\/\\\/artsb.ca\"],\"url\":\"https:\\\/\\\/artsnb.ca\\\/web\\\/author\\\/audree\\\/\"}]}<\/script>\n<!-- \/ Yoast SEO plugin. -->","yoast_head_json":{"title":"CHEYL LAVIGNE, NOUVELLE ADJOINTE ADMINISTRATIVE CHEZ ARTSNB - ArtsNB","robots":{"index":"index","follow":"follow","max-snippet":"max-snippet:-1","max-image-preview":"max-image-preview:large","max-video-preview":"max-video-preview:-1"},"canonical":"https:\/\/artsnb.ca\/web\/2022\/07\/cheyl-lavigne-nouvelle-adjointe-administrative-chez-artsnb\/","og_locale":"en_US","og_type":"article","og_title":"CHEYL LAVIGNE, NOUVELLE ADJOINTE ADMINISTRATIVE CHEZ ARTSNB - ArtsNB","og_description":"Nous sommes ravis d&#8217;accueillir une nouvelle employ\u00e9e chez artsnb ! Cheryl Lavigne est la nouvelle adjointe administrative d&#8217;artsnb. Vous vous demandez qui est cette nouvelle voix lorsque vous composez le 444.4444 ? C&#8217;est elle ! Bienvenue dans l&#8217;\u00e9quipe Cheryl ! Je m&#8217;appelle Cheryl Lavigne (elle\/la), je suis une maman, une \u00e9ducatrice, une artiste visuelle et","og_url":"https:\/\/artsnb.ca\/web\/2022\/07\/cheyl-lavigne-nouvelle-adjointe-administrative-chez-artsnb\/?lang=fr","og_site_name":"ArtsNB","article_publisher":"https:\/\/www.facebook.com\/artsnb\/","article_published_time":"2022-07-20T17:52:12+00:00","article_modified_time":"2022-07-20T17:52:39+00:00","og_image":[{"width":1920,"height":2560,"url":"https:\/\/artsnb.ca\/web\/wp-content\/uploads\/2022\/07\/IMG-4580-2-scaled.jpg","type":"image\/jpeg"}],"author":"Audr\u00e9e Hamelin-St-Amour","twitter_card":"summary_large_image","twitter_creator":"@artsnb","twitter_site":"@artsnb","twitter_misc":{"Written by":"Audr\u00e9e Hamelin-St-Amour","Est. reading time":"3 minutes"},"schema":{"@context":"https:\/\/schema.org","@graph":[{"@type":"Article","@id":"https:\/\/artsnb.ca\/web\/2022\/07\/cheyl-lavigne-nouvelle-adjointe-administrative-chez-artsnb\/?lang=fr#article","isPartOf":{"@id":"https:\/\/artsnb.ca\/web\/2022\/07\/cheyl-lavigne-nouvelle-adjointe-administrative-chez-artsnb\/?lang=fr"},"author":{"name":"Audr\u00e9e Hamelin-St-Amour","@id":"https:\/\/artsnb.ca\/web\/#\/schema\/person\/0b27fd6d6a25d6f2ea4aec5ed5875733"},"headline":"CHEYL LAVIGNE, NOUVELLE ADJOINTE ADMINISTRATIVE CHEZ ARTSNB","datePublished":"2022-07-20T17:52:12+00:00","dateModified":"2022-07-20T17:52:39+00:00","mainEntityOfPage":{"@id":"https:\/\/artsnb.ca\/web\/2022\/07\/cheyl-lavigne-nouvelle-adjointe-administrative-chez-artsnb\/?lang=fr"},"wordCount":472,"commentCount":0,"publisher":{"@id":"https:\/\/artsnb.ca\/web\/#organization"},"image":{"@id":"https:\/\/artsnb.ca\/web\/2022\/07\/cheyl-lavigne-nouvelle-adjointe-administrative-chez-artsnb\/?lang=fr#primaryimage"},"thumbnailUrl":"https:\/\/artsnb.ca\/web\/wp-content\/uploads\/2022\/07\/IMG-4580-2-scaled.jpg","articleSection":["Blogue","Non classifi\u00e9(e)","Toutes les Nouvelles"],"inLanguage":"en-US","potentialAction":[{"@type":"CommentAction","name":"Comment","target":["https:\/\/artsnb.ca\/web\/2022\/07\/cheyl-lavigne-nouvelle-adjointe-administrative-chez-artsnb\/?lang=fr#respond"]}]},{"@type":"WebPage","@id":"https:\/\/artsnb.ca\/web\/2022\/07\/cheyl-lavigne-nouvelle-adjointe-administrative-chez-artsnb\/?lang=fr","url":"https:\/\/artsnb.ca\/web\/2022\/07\/cheyl-lavigne-nouvelle-adjointe-administrative-chez-artsnb\/?lang=fr","name":"CHEYL LAVIGNE, NOUVELLE ADJOINTE ADMINISTRATIVE CHEZ ARTSNB - ArtsNB","isPartOf":{"@id":"https:\/\/artsnb.ca\/web\/#website"},"primaryImageOfPage":{"@id":"https:\/\/artsnb.ca\/web\/2022\/07\/cheyl-lavigne-nouvelle-adjointe-administrative-chez-artsnb\/?lang=fr#primaryimage"},"image":{"@id":"https:\/\/artsnb.ca\/web\/2022\/07\/cheyl-lavigne-nouvelle-adjointe-administrative-chez-artsnb\/?lang=fr#primaryimage"},"thumbnailUrl":"https:\/\/artsnb.ca\/web\/wp-content\/uploads\/2022\/07\/IMG-4580-2-scaled.jpg","datePublished":"2022-07-20T17:52:12+00:00","dateModified":"2022-07-20T17:52:39+00:00","breadcrumb":{"@id":"https:\/\/artsnb.ca\/web\/2022\/07\/cheyl-lavigne-nouvelle-adjointe-administrative-chez-artsnb\/?lang=fr#breadcrumb"},"inLanguage":"en-US","potentialAction":[{"@type":"ReadAction","target":["https:\/\/artsnb.ca\/web\/2022\/07\/cheyl-lavigne-nouvelle-adjointe-administrative-chez-artsnb\/?lang=fr"]}]},{"@type":"ImageObject","inLanguage":"en-US","@id":"https:\/\/artsnb.ca\/web\/2022\/07\/cheyl-lavigne-nouvelle-adjointe-administrative-chez-artsnb\/?lang=fr#primaryimage","url":"https:\/\/artsnb.ca\/web\/wp-content\/uploads\/2022\/07\/IMG-4580-2-scaled.jpg","contentUrl":"https:\/\/artsnb.ca\/web\/wp-content\/uploads\/2022\/07\/IMG-4580-2-scaled.jpg","width":1920,"height":2560},{"@type":"BreadcrumbList","@id":"https:\/\/artsnb.ca\/web\/2022\/07\/cheyl-lavigne-nouvelle-adjointe-administrative-chez-artsnb\/?lang=fr#breadcrumb","itemListElement":[{"@type":"ListItem","position":1,"name":"Home","item":"https:\/\/artsnb.ca\/web\/"},{"@type":"ListItem","position":2,"name":"All News","item":"https:\/\/artsnb.ca\/web\/category\/news\/"},{"@type":"ListItem","position":3,"name":"CHEYL LAVIGNE, NOUVELLE ADJOINTE ADMINISTRATIVE CHEZ ARTSNB"}]},{"@type":"WebSite","@id":"https:\/\/artsnb.ca\/web\/#website","url":"https:\/\/artsnb.ca\/web\/","name":"ArtsNB","description":"EXCELLENCE. PROFESSIONALISM. INNOVATION.","publisher":{"@id":"https:\/\/artsnb.ca\/web\/#organization"},"potentialAction":[{"@type":"SearchAction","target":{"@type":"EntryPoint","urlTemplate":"https:\/\/artsnb.ca\/web\/?s={search_term_string}"},"query-input":{"@type":"PropertyValueSpecification","valueRequired":true,"valueName":"search_term_string"}}],"inLanguage":"en-US"},{"@type":"Organization","@id":"https:\/\/artsnb.ca\/web\/#organization","name":"ArtsNB","url":"https:\/\/artsnb.ca\/web\/","logo":{"@type":"ImageObject","inLanguage":"en-US","@id":"https:\/\/artsnb.ca\/web\/#\/schema\/logo\/image\/","url":"https:\/\/artsnb.ca\/web\/wp-content\/uploads\/2024\/04\/cropped-artsnb-PrimaryLogo-vertical-HiRes-2.jpg","contentUrl":"https:\/\/artsnb.ca\/web\/wp-content\/uploads\/2024\/04\/cropped-artsnb-PrimaryLogo-vertical-HiRes-2.jpg","width":1698,"height":1223,"caption":"ArtsNB"},"image":{"@id":"https:\/\/artsnb.ca\/web\/#\/schema\/logo\/image\/"},"sameAs":["https:\/\/www.facebook.com\/artsnb\/","https:\/\/x.com\/artsnb","https:\/\/www.instagram.com\/artsnb\/"]},{"@type":"Person","@id":"https:\/\/artsnb.ca\/web\/#\/schema\/person\/0b27fd6d6a25d6f2ea4aec5ed5875733","name":"Audr\u00e9e Hamelin-St-Amour","image":{"@type":"ImageObject","inLanguage":"en-US","@id":"https:\/\/secure.gravatar.com\/avatar\/981b3d9c0acc0d9eb42cca12e20517fd09aaa3096a58675f7249e03c8f119703?s=96&d=mm&r=g","url":"https:\/\/secure.gravatar.com\/avatar\/981b3d9c0acc0d9eb42cca12e20517fd09aaa3096a58675f7249e03c8f119703?s=96&d=mm&r=g","contentUrl":"https:\/\/secure.gravatar.com\/avatar\/981b3d9c0acc0d9eb42cca12e20517fd09aaa3096a58675f7249e03c8f119703?s=96&d=mm&r=g","caption":"Audr\u00e9e Hamelin-St-Amour"},"sameAs":["https:\/\/artsb.ca"],"url":"https:\/\/artsnb.ca\/web\/author\/audree\/"}]}},"_links":{"self":[{"href":"https:\/\/artsnb.ca\/web\/wp-json\/wp\/v2\/posts\/10032","targetHints":{"allow":["GET"]}}],"collection":[{"href":"https:\/\/artsnb.ca\/web\/wp-json\/wp\/v2\/posts"}],"about":[{"href":"https:\/\/artsnb.ca\/web\/wp-json\/wp\/v2\/types\/post"}],"author":[{"embeddable":true,"href":"https:\/\/artsnb.ca\/web\/wp-json\/wp\/v2\/users\/7"}],"replies":[{"embeddable":true,"href":"https:\/\/artsnb.ca\/web\/wp-json\/wp\/v2\/comments?post=10032"}],"version-history":[{"count":3,"href":"https:\/\/artsnb.ca\/web\/wp-json\/wp\/v2\/posts\/10032\/revisions"}],"predecessor-version":[{"id":10036,"href":"https:\/\/artsnb.ca\/web\/wp-json\/wp\/v2\/posts\/10032\/revisions\/10036"}],"wp:featuredmedia":[{"embeddable":true,"href":"https:\/\/artsnb.ca\/web\/wp-json\/wp\/v2\/media\/10025"}],"wp:attachment":[{"href":"https:\/\/artsnb.ca\/web\/wp-json\/wp\/v2\/media?parent=10032"}],"wp:term":[{"taxonomy":"category","embeddable":true,"href":"https:\/\/artsnb.ca\/web\/wp-json\/wp\/v2\/categories?post=10032"},{"taxonomy":"post_tag","embeddable":true,"href":"https:\/\/artsnb.ca\/web\/wp-json\/wp\/v2\/tags?post=10032"}],"curies":[{"name":"wp","href":"https:\/\/api.w.org\/{rel}","templated":true}]}}