{"id":10482,"date":"2022-09-13T19:14:58","date_gmt":"2022-09-13T19:14:58","guid":{"rendered":"https:\/\/artsnb.ca\/web\/?p=10482"},"modified":"2022-09-14T19:11:59","modified_gmt":"2022-09-14T19:11:59","slug":"parcourir-le-monde-et-les-regions-pour-sancrer-dans-la-musique-traditionnelle","status":"publish","type":"post","link":"https:\/\/artsnb.ca\/web\/2022\/09\/parcourir-le-monde-et-les-regions-pour-sancrer-dans-la-musique-traditionnelle\/?lang=fr","title":{"rendered":"Parcourir le monde et les r\u00e9gions pour s\u2019ancrer dans la musique traditionnelle"},"content":{"rendered":"\n<p>\u00c9crit par Robin LeBlanc<\/p>\n\n\n\n<div style=\"height:41px\" aria-hidden=\"true\" class=\"wp-block-spacer\"><\/div>\n\n\n\n<h2 class=\"wp-block-heading\">S\u00c9RIE ARTISTE EN VEDETTE &#8211; ROBIN LEBLANC ET LA FAMILLE LEBLANC<\/h2>\n\n\n\n<div style=\"height:41px\" aria-hidden=\"true\" class=\"wp-block-spacer\"><\/div>\n\n\n\n<p>Je m\u2019appelle Robin LeBlanc et je suis musicien depuis l\u2019\u00e2ge o\u00f9 ma m\u00e8re me laissa au couvent des s\u0153urs de Bathurst afin que je suive une formation pr\u00e9paratoire en piano de l\u2019universit\u00e9 de Moncton. En d\u2019autres mots, j\u2019ai fait 7 ans de formation en piano classique entre les \u00e2ges de 7 \u00e0 14 ans.<\/p>\n\n\n\n<p><\/p>\n\n\n\n<div style=\"height:41px\" aria-hidden=\"true\" class=\"wp-block-spacer\"><\/div>\n\n\n\n<figure class=\"wp-block-image size-large\"><img loading=\"lazy\" decoding=\"async\" width=\"1024\" height=\"684\" src=\"https:\/\/artsnb.ca\/web\/wp-content\/uploads\/2022\/09\/Famile-Leblanc-1024x684.jpg\" alt=\"\" class=\"wp-image-10472\" srcset=\"https:\/\/artsnb.ca\/web\/wp-content\/uploads\/2022\/09\/Famile-Leblanc-1024x684.jpg 1024w, https:\/\/artsnb.ca\/web\/wp-content\/uploads\/2022\/09\/Famile-Leblanc-300x200.jpg 300w, https:\/\/artsnb.ca\/web\/wp-content\/uploads\/2022\/09\/Famile-Leblanc-768x513.jpg 768w, https:\/\/artsnb.ca\/web\/wp-content\/uploads\/2022\/09\/Famile-Leblanc-1536x1025.jpg 1536w, https:\/\/artsnb.ca\/web\/wp-content\/uploads\/2022\/09\/Famile-Leblanc-400x267.jpg 400w, https:\/\/artsnb.ca\/web\/wp-content\/uploads\/2022\/09\/Famile-Leblanc.jpg 1880w\" sizes=\"auto, (max-width: 1024px) 100vw, 1024px\" \/><figcaption><em>La famille LeBlanc,de gauche \u00e0 droite Rebecca Huot,, Rosalie, M\u00e9lodie, Charlotte et Robin Leblanc.<\/em><\/figcaption><\/figure>\n\n\n\n<div style=\"height:41px\" aria-hidden=\"true\" class=\"wp-block-spacer\"><\/div>\n\n\n\n<p>J\u2019ai commenc\u00e9 \u00e0 jouer de la batterie \u00e0 l\u2019\u00e2ge de 14 ans et nous avons enregistr\u00e9 un album sous le nom du groupe \u00ab Third Karma \u00bb lorsque j\u2019avais 18 ans. Apr\u00e8s une ann\u00e9e d\u2019\u00e9tude en France \u00e0 l\u2019universit\u00e9 de Poitiers, j\u2019ai commenc\u00e9 \u00e0 jouer le violon suite \u00e0 mon retour au pays. Ayant voyag\u00e9 en faisant de la musique dans plus de quinze pays allant de la Hongrie jusqu\u2019\u00e0 l\u2019Irlande en passant par le Maroc, la Turquie et le Mexique, pour ne nommer que quelques traditions musicales qui auront une influence sur ce que je fais aujourd\u2019hui avec mes enfants.<\/p>\n\n\n\n<p>En 2005, j\u2019ai pass\u00e9 quelques mois au Cap-Breton afin d\u2019apprendre le violon \u00e9cossais. Apr\u00e8s avoir voyag\u00e9 entre Terre-Neuve et la Gasp\u00e9sie en passant par les \u00celes-de-la-Madeleine, l\u2019\u00cele du Prince- Edouard et le Nouveau-Brunswick pour enregistrer les plus vieux violoneux des villages, j\u2019ai eu l\u2019id\u00e9e d\u2019enregistrer un premier album de pi\u00e8ces anciennes intitul\u00e9 \u00ab Sur l\u2019an premier \u00bb.<\/p>\n\n\n\n<p>Le choix des pi\u00e8ces de ce premier album a \u00e9t\u00e9 fait en consultant plusieurs porteurs de traditions et passionn\u00e9s de la musique traditionnelle afin de conna\u00eetre ce qui avait d\u00e9j\u00e0 \u00e9t\u00e9 enregistr\u00e9 ou qui \u00e9tait connu des r\u00e9pertoires Irlandais, \u00c9cossais, Qu\u00e9b\u00e9cois et du Cap-Breton. Je n\u2019ai choisi que des pi\u00e8ces inconnues de ces r\u00e9pertoires en me disant que ces pi\u00e8ces \u00e9taient soit tr\u00e8s anciennes, des compositions, des pi\u00e8ces jou\u00e9s pour des danses oubli\u00e9s ou d\u00e9mod\u00e9s, des pi\u00e8ces r\u00e9gionales et familiales qui n\u2019ont pas \u00e9t\u00e9 enregistr\u00e9es ou finalement, des pi\u00e8ces jug\u00e9es \u00ab sans int\u00e9r\u00eats \u00bb.<\/p>\n\n\n\n<div style=\"height:41px\" aria-hidden=\"true\" class=\"wp-block-spacer\"><\/div>\n\n\n\n<div class=\"wp-block-media-text alignwide is-stacked-on-mobile\"><figure class=\"wp-block-media-text__media\"><img loading=\"lazy\" decoding=\"async\" width=\"1024\" height=\"683\" src=\"https:\/\/artsnb.ca\/web\/wp-content\/uploads\/2022\/09\/IMG_7565-1024x683.jpeg\" alt=\"\" class=\"wp-image-10477 size-full\" srcset=\"https:\/\/artsnb.ca\/web\/wp-content\/uploads\/2022\/09\/IMG_7565-1024x683.jpeg 1024w, https:\/\/artsnb.ca\/web\/wp-content\/uploads\/2022\/09\/IMG_7565-300x200.jpeg 300w, https:\/\/artsnb.ca\/web\/wp-content\/uploads\/2022\/09\/IMG_7565-768x512.jpeg 768w, https:\/\/artsnb.ca\/web\/wp-content\/uploads\/2022\/09\/IMG_7565-1536x1024.jpeg 1536w, https:\/\/artsnb.ca\/web\/wp-content\/uploads\/2022\/09\/IMG_7565-2048x1365.jpeg 2048w, https:\/\/artsnb.ca\/web\/wp-content\/uploads\/2022\/09\/IMG_7565-400x267.jpeg 400w\" sizes=\"auto, (max-width: 1024px) 100vw, 1024px\" \/><\/figure><div class=\"wp-block-media-text__content\">\n<p>C\u2019est en 2016 que j\u2019ai apport\u00e9 ma famille avec moi en France afin de participer au festival des traditions du monde de Gannat en Auvergne. Mes trois filles avaient appris plusieurs chansons acadiennes ainsi que de la gigue pour cette occasion. Ce fut pour nous le point de d\u00e9part de \u00ab La famille LeBlanc \u00bb. En 2017, nos trois filles ont commenc\u00e9 \u00e0 jouer d\u2019un instrument&nbsp;: le violon pour Charlotte, le concertina anglais pour Rosalie et la fl\u00fbte irlandaise pour M\u00e9lodie.<\/p>\n<\/div><\/div>\n\n\n\n<div style=\"height:41px\" aria-hidden=\"true\" class=\"wp-block-spacer\"><\/div>\n\n\n\n<p>En 2018, nous avons particip\u00e9 \u00e0 un festival\u00a0en Cor\u00e9e du Sud et en 2019, nous avons fait une petite tourn\u00e9e en France. Puis, c&#8217;est en 2020 que nous avons produit notre premier album sous le nom \u00ab La famille LeBlanc \u00bb. Cet album intitul\u00e9 \u00ab Trois jolies demoiselles \u00bb \u00e0 r\u00e9cemment \u00e9t\u00e9 nomin\u00e9 comme album de l\u2019ann\u00e9e Trad\/Folk au East Coast Music Awards 2022 (ECMAS).<\/p>\n\n\n\n<div style=\"height:41px\" aria-hidden=\"true\" class=\"wp-block-spacer\"><\/div>\n\n\n\n<figure class=\"wp-block-embed is-type-video is-provider-youtube wp-block-embed-youtube wp-embed-aspect-16-9 wp-has-aspect-ratio\"><div class=\"wp-block-embed__wrapper\">\n<div class=\"responsive-embed widescreen\"><iframe loading=\"lazy\" title=\"Lancement de l&#039;album Trois jolies demoiselles:  La Famille Leblanc dans l&#039;Esprit d&#039;Souches\" width=\"500\" height=\"281\" src=\"https:\/\/www.youtube.com\/embed\/27pja5O3-0Y?feature=oembed\" frameborder=\"0\" allow=\"accelerometer; autoplay; clipboard-write; encrypted-media; gyroscope; picture-in-picture; web-share\" referrerpolicy=\"strict-origin-when-cross-origin\" allowfullscreen><\/iframe><\/div>\n<\/div><figcaption><em>Lancement de l&#8217;album &#8220;Trois jolies demoiselles&#8221; de La famille LeBlanc<\/em>.<\/figcaption><\/figure>\n\n\n\n<div style=\"height:41px\" aria-hidden=\"true\" class=\"wp-block-spacer\"><\/div>\n\n\n\n<p>En parrall\u00e8le au succ\u00e8s connu avec \u00ab&nbsp;La famille LeBlanc&nbsp;\u00bb, en 2021, Nicolas Basque et moi, avons commenc\u00e9 la pr\u00e9production d\u2019un prochain album qui sera intitul\u00e9 \u00ab Fille que moi \u00bb. Nous avons travaill\u00e9 en collaboration avec Julien Breau afin que les m\u00e9lodies, l\u2019accompagnement et les chants de l\u2019album soient \u00e9crits pour pouvoir ensuite partager les pi\u00e8ces musicales; la musique traditionnelle \u00e9tant partag\u00e9e au fil du temps \u00e0 l\u2019oreille. Nous nous pr\u00e9parons donc, avec beaucoup d\u2019enthousiasme, pour l\u2019enregistrement de cet album. Nous avons bien h\u00e2te de conna\u00eetre la suite puisque nous venons de recevoir une bourse consid\u00e9rable du Conseil des arts du Canada afin de produire cet album. Nous sommes de plus tr\u00e8s reconnaissant des trois bourses de professionnalisation et promotion du programme de D\u00e9veloppement de carri\u00e8re du Conseil des arts du N.-B qui nous ont \u00e9t\u00e9 octroy\u00e9es et qui nous a permis, entre autres choses, de se faire conna\u00eetre et de lancer notre carri\u00e8re musicale.<\/p>\n\n\n\n<div style=\"height:41px\" aria-hidden=\"true\" class=\"wp-block-spacer\"><\/div>\n\n\n\n<hr class=\"wp-block-separator has-alpha-channel-opacity\"\/>\n\n\n\n<div style=\"height:41px\" aria-hidden=\"true\" class=\"wp-block-spacer\"><\/div>\n\n\n\n<p class=\"has-text-color\" style=\"color:#00000082\"><em>Robin LeBlanc est un musicien multi-instrumentiste de la r\u00e9gion Chaleurs au N.-B. Il se sp\u00e9cialise dans la musique traditionnelle acadienne-celtique. Robin a jou\u00e9 sur des sc\u00e8nes nationales et internationales tel que le festival des \u00ab Cultures du monde&nbsp;\u00bb de Gannat en France et celui de \u00ab&nbsp;Danoje&nbsp;\u00bb en Cor\u00e9e du sud. Il est r\u00e9cipiendaire de prix du Conseil des arts du Nouveau-Brunswick ainsi que du Conseil des arts du Canada. Avec la collaboration de Nicolas Basque, Robin LeBlanc produira cet hiver son deuxi\u00e8me album avec \u00ab&nbsp;La famille LeBlanc&nbsp;\u00bb<\/em><\/p>\n\n\n\n<div style=\"height:41px\" aria-hidden=\"true\" class=\"wp-block-spacer\"><\/div>\n\n\n\n<p><strong><strong>Restez \u00e0 l\u2019aff\u00fbt de la pratique de Robin LeBlanc et de la famille Leblanc:<\/strong><\/strong><\/p>\n\n\n\n<p><strong>Facebook<\/strong>&nbsp;: <a href=\"https:\/\/www.facebook.com\/familleleblanc\">https:\/\/www.facebook.com\/familleleblanc<\/a><\/p>\n\n\n\n<p><strong>Youtube<\/strong>&nbsp;: <a href=\"https:\/\/www.youtube.com\/channel\/UCbs3X1pMpooZ1-fb29ie8VA\">https:\/\/www.youtube.com\/channel\/UCbs3X1pMpooZ1-fb29ie8VA<\/a><\/p>\n\n\n\n<p><strong>Bandcamp<\/strong> : <a href=\"https:\/\/lafamilleleblanc.bandcamp.com\/releases\">https:\/\/lafamilleleblanc.bandcamp.com\/releases<\/a><\/p>\n","protected":false},"excerpt":{"rendered":"<p>\u00c9crit par Robin LeBlanc S\u00c9RIE ARTISTE EN VEDETTE &#8211; ROBIN LEBLANC ET LA FAMILLE LEBLANC Je m\u2019appelle Robin LeBlanc et je suis musicien depuis l\u2019\u00e2ge o\u00f9 ma m\u00e8re me laissa au couvent des s\u0153urs de Bathurst afin que je suive une formation pr\u00e9paratoire en piano de l\u2019universit\u00e9 de Moncton. En d\u2019autres mots, j\u2019ai fait 7<\/p>\n","protected":false},"author":7,"featured_media":10478,"comment_status":"open","ping_status":"open","sticky":false,"template":"","format":"standard","meta":{"_acf_changed":false,"footnotes":""},"categories":[12,87,2,53],"tags":[],"class_list":["post-10482","post","type-post","status-publish","format-standard","has-post-thumbnail","hentry","category-en-vedette","category-blogue","category-non-classifiee","category-nouvelles"],"acf":[],"yoast_head":"<!-- This site is optimized with the Yoast SEO plugin v27.5 - https:\/\/yoast.com\/product\/yoast-seo-wordpress\/ -->\n<title>Parcourir le monde et les r\u00e9gions pour s\u2019ancrer dans la musique traditionnelle - ArtsNB<\/title>\n<meta name=\"robots\" content=\"index, follow, max-snippet:-1, max-image-preview:large, max-video-preview:-1\" \/>\n<link rel=\"canonical\" href=\"https:\/\/artsnb.ca\/web\/2022\/09\/parcourir-le-monde-et-les-regions-pour-sancrer-dans-la-musique-traditionnelle\/\" \/>\n<meta property=\"og:locale\" content=\"en_US\" \/>\n<meta property=\"og:type\" content=\"article\" \/>\n<meta property=\"og:title\" content=\"Parcourir le monde et les r\u00e9gions pour s\u2019ancrer dans la musique traditionnelle - ArtsNB\" \/>\n<meta property=\"og:description\" content=\"\u00c9crit par Robin LeBlanc S\u00c9RIE ARTISTE EN VEDETTE &#8211; ROBIN LEBLANC ET LA FAMILLE LEBLANC Je m\u2019appelle Robin LeBlanc et je suis musicien depuis l\u2019\u00e2ge o\u00f9 ma m\u00e8re me laissa au couvent des s\u0153urs de Bathurst afin que je suive une formation pr\u00e9paratoire en piano de l\u2019universit\u00e9 de Moncton. En d\u2019autres mots, j\u2019ai fait 7\" \/>\n<meta property=\"og:url\" content=\"https:\/\/artsnb.ca\/web\/2022\/09\/parcourir-le-monde-et-les-regions-pour-sancrer-dans-la-musique-traditionnelle\/?lang=fr\" \/>\n<meta property=\"og:site_name\" content=\"ArtsNB\" \/>\n<meta property=\"article:publisher\" content=\"https:\/\/www.facebook.com\/artsnb\/\" \/>\n<meta property=\"article:published_time\" content=\"2022-09-13T19:14:58+00:00\" \/>\n<meta property=\"article:modified_time\" content=\"2022-09-14T19:11:59+00:00\" \/>\n<meta property=\"og:image\" content=\"https:\/\/artsnb.ca\/web\/wp-content\/uploads\/2022\/09\/IMG_7565-scaled.jpeg\" \/>\n\t<meta property=\"og:image:width\" content=\"2560\" \/>\n\t<meta property=\"og:image:height\" content=\"1707\" \/>\n\t<meta property=\"og:image:type\" content=\"image\/jpeg\" \/>\n<meta name=\"author\" content=\"Audr\u00e9e Hamelin-St-Amour\" \/>\n<meta name=\"twitter:card\" content=\"summary_large_image\" \/>\n<meta name=\"twitter:creator\" content=\"@artsnb\" \/>\n<meta name=\"twitter:site\" content=\"@artsnb\" \/>\n<meta name=\"twitter:label1\" content=\"Written by\" \/>\n\t<meta name=\"twitter:data1\" content=\"Audr\u00e9e Hamelin-St-Amour\" \/>\n\t<meta name=\"twitter:label2\" content=\"Est. reading time\" \/>\n\t<meta name=\"twitter:data2\" content=\"4 minutes\" \/>\n<script type=\"application\/ld+json\" class=\"yoast-schema-graph\">{\"@context\":\"https:\\\/\\\/schema.org\",\"@graph\":[{\"@type\":\"Article\",\"@id\":\"https:\\\/\\\/artsnb.ca\\\/web\\\/2022\\\/09\\\/parcourir-le-monde-et-les-regions-pour-sancrer-dans-la-musique-traditionnelle\\\/?lang=fr#article\",\"isPartOf\":{\"@id\":\"https:\\\/\\\/artsnb.ca\\\/web\\\/2022\\\/09\\\/parcourir-le-monde-et-les-regions-pour-sancrer-dans-la-musique-traditionnelle\\\/?lang=fr\"},\"author\":{\"name\":\"Audr\u00e9e Hamelin-St-Amour\",\"@id\":\"https:\\\/\\\/artsnb.ca\\\/web\\\/#\\\/schema\\\/person\\\/0b27fd6d6a25d6f2ea4aec5ed5875733\"},\"headline\":\"Parcourir le monde et les r\u00e9gions pour s\u2019ancrer dans la musique traditionnelle\",\"datePublished\":\"2022-09-13T19:14:58+00:00\",\"dateModified\":\"2022-09-14T19:11:59+00:00\",\"mainEntityOfPage\":{\"@id\":\"https:\\\/\\\/artsnb.ca\\\/web\\\/2022\\\/09\\\/parcourir-le-monde-et-les-regions-pour-sancrer-dans-la-musique-traditionnelle\\\/?lang=fr\"},\"wordCount\":869,\"commentCount\":0,\"publisher\":{\"@id\":\"https:\\\/\\\/artsnb.ca\\\/web\\\/#organization\"},\"image\":{\"@id\":\"https:\\\/\\\/artsnb.ca\\\/web\\\/2022\\\/09\\\/parcourir-le-monde-et-les-regions-pour-sancrer-dans-la-musique-traditionnelle\\\/?lang=fr#primaryimage\"},\"thumbnailUrl\":\"https:\\\/\\\/artsnb.ca\\\/web\\\/wp-content\\\/uploads\\\/2022\\\/09\\\/IMG_7565-scaled.jpeg\",\"articleSection\":[\"Artistes en vedette\",\"Blogue\",\"Non classifi\u00e9(e)\",\"Toutes les Nouvelles\"],\"inLanguage\":\"en-US\",\"potentialAction\":[{\"@type\":\"CommentAction\",\"name\":\"Comment\",\"target\":[\"https:\\\/\\\/artsnb.ca\\\/web\\\/2022\\\/09\\\/parcourir-le-monde-et-les-regions-pour-sancrer-dans-la-musique-traditionnelle\\\/?lang=fr#respond\"]}]},{\"@type\":\"WebPage\",\"@id\":\"https:\\\/\\\/artsnb.ca\\\/web\\\/2022\\\/09\\\/parcourir-le-monde-et-les-regions-pour-sancrer-dans-la-musique-traditionnelle\\\/?lang=fr\",\"url\":\"https:\\\/\\\/artsnb.ca\\\/web\\\/2022\\\/09\\\/parcourir-le-monde-et-les-regions-pour-sancrer-dans-la-musique-traditionnelle\\\/?lang=fr\",\"name\":\"Parcourir le monde et les r\u00e9gions pour s\u2019ancrer dans la musique traditionnelle - ArtsNB\",\"isPartOf\":{\"@id\":\"https:\\\/\\\/artsnb.ca\\\/web\\\/#website\"},\"primaryImageOfPage\":{\"@id\":\"https:\\\/\\\/artsnb.ca\\\/web\\\/2022\\\/09\\\/parcourir-le-monde-et-les-regions-pour-sancrer-dans-la-musique-traditionnelle\\\/?lang=fr#primaryimage\"},\"image\":{\"@id\":\"https:\\\/\\\/artsnb.ca\\\/web\\\/2022\\\/09\\\/parcourir-le-monde-et-les-regions-pour-sancrer-dans-la-musique-traditionnelle\\\/?lang=fr#primaryimage\"},\"thumbnailUrl\":\"https:\\\/\\\/artsnb.ca\\\/web\\\/wp-content\\\/uploads\\\/2022\\\/09\\\/IMG_7565-scaled.jpeg\",\"datePublished\":\"2022-09-13T19:14:58+00:00\",\"dateModified\":\"2022-09-14T19:11:59+00:00\",\"breadcrumb\":{\"@id\":\"https:\\\/\\\/artsnb.ca\\\/web\\\/2022\\\/09\\\/parcourir-le-monde-et-les-regions-pour-sancrer-dans-la-musique-traditionnelle\\\/?lang=fr#breadcrumb\"},\"inLanguage\":\"en-US\",\"potentialAction\":[{\"@type\":\"ReadAction\",\"target\":[\"https:\\\/\\\/artsnb.ca\\\/web\\\/2022\\\/09\\\/parcourir-le-monde-et-les-regions-pour-sancrer-dans-la-musique-traditionnelle\\\/?lang=fr\"]}]},{\"@type\":\"ImageObject\",\"inLanguage\":\"en-US\",\"@id\":\"https:\\\/\\\/artsnb.ca\\\/web\\\/2022\\\/09\\\/parcourir-le-monde-et-les-regions-pour-sancrer-dans-la-musique-traditionnelle\\\/?lang=fr#primaryimage\",\"url\":\"https:\\\/\\\/artsnb.ca\\\/web\\\/wp-content\\\/uploads\\\/2022\\\/09\\\/IMG_7565-scaled.jpeg\",\"contentUrl\":\"https:\\\/\\\/artsnb.ca\\\/web\\\/wp-content\\\/uploads\\\/2022\\\/09\\\/IMG_7565-scaled.jpeg\",\"width\":2560,\"height\":1707},{\"@type\":\"BreadcrumbList\",\"@id\":\"https:\\\/\\\/artsnb.ca\\\/web\\\/2022\\\/09\\\/parcourir-le-monde-et-les-regions-pour-sancrer-dans-la-musique-traditionnelle\\\/?lang=fr#breadcrumb\",\"itemListElement\":[{\"@type\":\"ListItem\",\"position\":1,\"name\":\"Home\",\"item\":\"https:\\\/\\\/artsnb.ca\\\/web\\\/\"},{\"@type\":\"ListItem\",\"position\":2,\"name\":\"All News\",\"item\":\"https:\\\/\\\/artsnb.ca\\\/web\\\/category\\\/news\\\/\"},{\"@type\":\"ListItem\",\"position\":3,\"name\":\"Parcourir le monde et les r\u00e9gions pour s\u2019ancrer dans la musique traditionnelle\"}]},{\"@type\":\"WebSite\",\"@id\":\"https:\\\/\\\/artsnb.ca\\\/web\\\/#website\",\"url\":\"https:\\\/\\\/artsnb.ca\\\/web\\\/\",\"name\":\"ArtsNB\",\"description\":\"EXCELLENCE. PROFESSIONALISM. INNOVATION.\",\"publisher\":{\"@id\":\"https:\\\/\\\/artsnb.ca\\\/web\\\/#organization\"},\"potentialAction\":[{\"@type\":\"SearchAction\",\"target\":{\"@type\":\"EntryPoint\",\"urlTemplate\":\"https:\\\/\\\/artsnb.ca\\\/web\\\/?s={search_term_string}\"},\"query-input\":{\"@type\":\"PropertyValueSpecification\",\"valueRequired\":true,\"valueName\":\"search_term_string\"}}],\"inLanguage\":\"en-US\"},{\"@type\":\"Organization\",\"@id\":\"https:\\\/\\\/artsnb.ca\\\/web\\\/#organization\",\"name\":\"ArtsNB\",\"url\":\"https:\\\/\\\/artsnb.ca\\\/web\\\/\",\"logo\":{\"@type\":\"ImageObject\",\"inLanguage\":\"en-US\",\"@id\":\"https:\\\/\\\/artsnb.ca\\\/web\\\/#\\\/schema\\\/logo\\\/image\\\/\",\"url\":\"https:\\\/\\\/artsnb.ca\\\/web\\\/wp-content\\\/uploads\\\/2024\\\/04\\\/cropped-artsnb-PrimaryLogo-vertical-HiRes-2.jpg\",\"contentUrl\":\"https:\\\/\\\/artsnb.ca\\\/web\\\/wp-content\\\/uploads\\\/2024\\\/04\\\/cropped-artsnb-PrimaryLogo-vertical-HiRes-2.jpg\",\"width\":1698,\"height\":1223,\"caption\":\"ArtsNB\"},\"image\":{\"@id\":\"https:\\\/\\\/artsnb.ca\\\/web\\\/#\\\/schema\\\/logo\\\/image\\\/\"},\"sameAs\":[\"https:\\\/\\\/www.facebook.com\\\/artsnb\\\/\",\"https:\\\/\\\/x.com\\\/artsnb\",\"https:\\\/\\\/www.instagram.com\\\/artsnb\\\/\"]},{\"@type\":\"Person\",\"@id\":\"https:\\\/\\\/artsnb.ca\\\/web\\\/#\\\/schema\\\/person\\\/0b27fd6d6a25d6f2ea4aec5ed5875733\",\"name\":\"Audr\u00e9e Hamelin-St-Amour\",\"image\":{\"@type\":\"ImageObject\",\"inLanguage\":\"en-US\",\"@id\":\"https:\\\/\\\/secure.gravatar.com\\\/avatar\\\/981b3d9c0acc0d9eb42cca12e20517fd09aaa3096a58675f7249e03c8f119703?s=96&d=mm&r=g\",\"url\":\"https:\\\/\\\/secure.gravatar.com\\\/avatar\\\/981b3d9c0acc0d9eb42cca12e20517fd09aaa3096a58675f7249e03c8f119703?s=96&d=mm&r=g\",\"contentUrl\":\"https:\\\/\\\/secure.gravatar.com\\\/avatar\\\/981b3d9c0acc0d9eb42cca12e20517fd09aaa3096a58675f7249e03c8f119703?s=96&d=mm&r=g\",\"caption\":\"Audr\u00e9e Hamelin-St-Amour\"},\"sameAs\":[\"https:\\\/\\\/artsb.ca\"],\"url\":\"https:\\\/\\\/artsnb.ca\\\/web\\\/author\\\/audree\\\/\"}]}<\/script>\n<!-- \/ Yoast SEO plugin. -->","yoast_head_json":{"title":"Parcourir le monde et les r\u00e9gions pour s\u2019ancrer dans la musique traditionnelle - ArtsNB","robots":{"index":"index","follow":"follow","max-snippet":"max-snippet:-1","max-image-preview":"max-image-preview:large","max-video-preview":"max-video-preview:-1"},"canonical":"https:\/\/artsnb.ca\/web\/2022\/09\/parcourir-le-monde-et-les-regions-pour-sancrer-dans-la-musique-traditionnelle\/","og_locale":"en_US","og_type":"article","og_title":"Parcourir le monde et les r\u00e9gions pour s\u2019ancrer dans la musique traditionnelle - ArtsNB","og_description":"\u00c9crit par Robin LeBlanc S\u00c9RIE ARTISTE EN VEDETTE &#8211; ROBIN LEBLANC ET LA FAMILLE LEBLANC Je m\u2019appelle Robin LeBlanc et je suis musicien depuis l\u2019\u00e2ge o\u00f9 ma m\u00e8re me laissa au couvent des s\u0153urs de Bathurst afin que je suive une formation pr\u00e9paratoire en piano de l\u2019universit\u00e9 de Moncton. En d\u2019autres mots, j\u2019ai fait 7","og_url":"https:\/\/artsnb.ca\/web\/2022\/09\/parcourir-le-monde-et-les-regions-pour-sancrer-dans-la-musique-traditionnelle\/?lang=fr","og_site_name":"ArtsNB","article_publisher":"https:\/\/www.facebook.com\/artsnb\/","article_published_time":"2022-09-13T19:14:58+00:00","article_modified_time":"2022-09-14T19:11:59+00:00","og_image":[{"width":2560,"height":1707,"url":"https:\/\/artsnb.ca\/web\/wp-content\/uploads\/2022\/09\/IMG_7565-scaled.jpeg","type":"image\/jpeg"}],"author":"Audr\u00e9e Hamelin-St-Amour","twitter_card":"summary_large_image","twitter_creator":"@artsnb","twitter_site":"@artsnb","twitter_misc":{"Written by":"Audr\u00e9e Hamelin-St-Amour","Est. reading time":"4 minutes"},"schema":{"@context":"https:\/\/schema.org","@graph":[{"@type":"Article","@id":"https:\/\/artsnb.ca\/web\/2022\/09\/parcourir-le-monde-et-les-regions-pour-sancrer-dans-la-musique-traditionnelle\/?lang=fr#article","isPartOf":{"@id":"https:\/\/artsnb.ca\/web\/2022\/09\/parcourir-le-monde-et-les-regions-pour-sancrer-dans-la-musique-traditionnelle\/?lang=fr"},"author":{"name":"Audr\u00e9e Hamelin-St-Amour","@id":"https:\/\/artsnb.ca\/web\/#\/schema\/person\/0b27fd6d6a25d6f2ea4aec5ed5875733"},"headline":"Parcourir le monde et les r\u00e9gions pour s\u2019ancrer dans la musique traditionnelle","datePublished":"2022-09-13T19:14:58+00:00","dateModified":"2022-09-14T19:11:59+00:00","mainEntityOfPage":{"@id":"https:\/\/artsnb.ca\/web\/2022\/09\/parcourir-le-monde-et-les-regions-pour-sancrer-dans-la-musique-traditionnelle\/?lang=fr"},"wordCount":869,"commentCount":0,"publisher":{"@id":"https:\/\/artsnb.ca\/web\/#organization"},"image":{"@id":"https:\/\/artsnb.ca\/web\/2022\/09\/parcourir-le-monde-et-les-regions-pour-sancrer-dans-la-musique-traditionnelle\/?lang=fr#primaryimage"},"thumbnailUrl":"https:\/\/artsnb.ca\/web\/wp-content\/uploads\/2022\/09\/IMG_7565-scaled.jpeg","articleSection":["Artistes en vedette","Blogue","Non classifi\u00e9(e)","Toutes les Nouvelles"],"inLanguage":"en-US","potentialAction":[{"@type":"CommentAction","name":"Comment","target":["https:\/\/artsnb.ca\/web\/2022\/09\/parcourir-le-monde-et-les-regions-pour-sancrer-dans-la-musique-traditionnelle\/?lang=fr#respond"]}]},{"@type":"WebPage","@id":"https:\/\/artsnb.ca\/web\/2022\/09\/parcourir-le-monde-et-les-regions-pour-sancrer-dans-la-musique-traditionnelle\/?lang=fr","url":"https:\/\/artsnb.ca\/web\/2022\/09\/parcourir-le-monde-et-les-regions-pour-sancrer-dans-la-musique-traditionnelle\/?lang=fr","name":"Parcourir le monde et les r\u00e9gions pour s\u2019ancrer dans la musique traditionnelle - ArtsNB","isPartOf":{"@id":"https:\/\/artsnb.ca\/web\/#website"},"primaryImageOfPage":{"@id":"https:\/\/artsnb.ca\/web\/2022\/09\/parcourir-le-monde-et-les-regions-pour-sancrer-dans-la-musique-traditionnelle\/?lang=fr#primaryimage"},"image":{"@id":"https:\/\/artsnb.ca\/web\/2022\/09\/parcourir-le-monde-et-les-regions-pour-sancrer-dans-la-musique-traditionnelle\/?lang=fr#primaryimage"},"thumbnailUrl":"https:\/\/artsnb.ca\/web\/wp-content\/uploads\/2022\/09\/IMG_7565-scaled.jpeg","datePublished":"2022-09-13T19:14:58+00:00","dateModified":"2022-09-14T19:11:59+00:00","breadcrumb":{"@id":"https:\/\/artsnb.ca\/web\/2022\/09\/parcourir-le-monde-et-les-regions-pour-sancrer-dans-la-musique-traditionnelle\/?lang=fr#breadcrumb"},"inLanguage":"en-US","potentialAction":[{"@type":"ReadAction","target":["https:\/\/artsnb.ca\/web\/2022\/09\/parcourir-le-monde-et-les-regions-pour-sancrer-dans-la-musique-traditionnelle\/?lang=fr"]}]},{"@type":"ImageObject","inLanguage":"en-US","@id":"https:\/\/artsnb.ca\/web\/2022\/09\/parcourir-le-monde-et-les-regions-pour-sancrer-dans-la-musique-traditionnelle\/?lang=fr#primaryimage","url":"https:\/\/artsnb.ca\/web\/wp-content\/uploads\/2022\/09\/IMG_7565-scaled.jpeg","contentUrl":"https:\/\/artsnb.ca\/web\/wp-content\/uploads\/2022\/09\/IMG_7565-scaled.jpeg","width":2560,"height":1707},{"@type":"BreadcrumbList","@id":"https:\/\/artsnb.ca\/web\/2022\/09\/parcourir-le-monde-et-les-regions-pour-sancrer-dans-la-musique-traditionnelle\/?lang=fr#breadcrumb","itemListElement":[{"@type":"ListItem","position":1,"name":"Home","item":"https:\/\/artsnb.ca\/web\/"},{"@type":"ListItem","position":2,"name":"All News","item":"https:\/\/artsnb.ca\/web\/category\/news\/"},{"@type":"ListItem","position":3,"name":"Parcourir le monde et les r\u00e9gions pour s\u2019ancrer dans la musique traditionnelle"}]},{"@type":"WebSite","@id":"https:\/\/artsnb.ca\/web\/#website","url":"https:\/\/artsnb.ca\/web\/","name":"ArtsNB","description":"EXCELLENCE. PROFESSIONALISM. INNOVATION.","publisher":{"@id":"https:\/\/artsnb.ca\/web\/#organization"},"potentialAction":[{"@type":"SearchAction","target":{"@type":"EntryPoint","urlTemplate":"https:\/\/artsnb.ca\/web\/?s={search_term_string}"},"query-input":{"@type":"PropertyValueSpecification","valueRequired":true,"valueName":"search_term_string"}}],"inLanguage":"en-US"},{"@type":"Organization","@id":"https:\/\/artsnb.ca\/web\/#organization","name":"ArtsNB","url":"https:\/\/artsnb.ca\/web\/","logo":{"@type":"ImageObject","inLanguage":"en-US","@id":"https:\/\/artsnb.ca\/web\/#\/schema\/logo\/image\/","url":"https:\/\/artsnb.ca\/web\/wp-content\/uploads\/2024\/04\/cropped-artsnb-PrimaryLogo-vertical-HiRes-2.jpg","contentUrl":"https:\/\/artsnb.ca\/web\/wp-content\/uploads\/2024\/04\/cropped-artsnb-PrimaryLogo-vertical-HiRes-2.jpg","width":1698,"height":1223,"caption":"ArtsNB"},"image":{"@id":"https:\/\/artsnb.ca\/web\/#\/schema\/logo\/image\/"},"sameAs":["https:\/\/www.facebook.com\/artsnb\/","https:\/\/x.com\/artsnb","https:\/\/www.instagram.com\/artsnb\/"]},{"@type":"Person","@id":"https:\/\/artsnb.ca\/web\/#\/schema\/person\/0b27fd6d6a25d6f2ea4aec5ed5875733","name":"Audr\u00e9e Hamelin-St-Amour","image":{"@type":"ImageObject","inLanguage":"en-US","@id":"https:\/\/secure.gravatar.com\/avatar\/981b3d9c0acc0d9eb42cca12e20517fd09aaa3096a58675f7249e03c8f119703?s=96&d=mm&r=g","url":"https:\/\/secure.gravatar.com\/avatar\/981b3d9c0acc0d9eb42cca12e20517fd09aaa3096a58675f7249e03c8f119703?s=96&d=mm&r=g","contentUrl":"https:\/\/secure.gravatar.com\/avatar\/981b3d9c0acc0d9eb42cca12e20517fd09aaa3096a58675f7249e03c8f119703?s=96&d=mm&r=g","caption":"Audr\u00e9e Hamelin-St-Amour"},"sameAs":["https:\/\/artsb.ca"],"url":"https:\/\/artsnb.ca\/web\/author\/audree\/"}]}},"_links":{"self":[{"href":"https:\/\/artsnb.ca\/web\/wp-json\/wp\/v2\/posts\/10482","targetHints":{"allow":["GET"]}}],"collection":[{"href":"https:\/\/artsnb.ca\/web\/wp-json\/wp\/v2\/posts"}],"about":[{"href":"https:\/\/artsnb.ca\/web\/wp-json\/wp\/v2\/types\/post"}],"author":[{"embeddable":true,"href":"https:\/\/artsnb.ca\/web\/wp-json\/wp\/v2\/users\/7"}],"replies":[{"embeddable":true,"href":"https:\/\/artsnb.ca\/web\/wp-json\/wp\/v2\/comments?post=10482"}],"version-history":[{"count":6,"href":"https:\/\/artsnb.ca\/web\/wp-json\/wp\/v2\/posts\/10482\/revisions"}],"predecessor-version":[{"id":10517,"href":"https:\/\/artsnb.ca\/web\/wp-json\/wp\/v2\/posts\/10482\/revisions\/10517"}],"wp:featuredmedia":[{"embeddable":true,"href":"https:\/\/artsnb.ca\/web\/wp-json\/wp\/v2\/media\/10478"}],"wp:attachment":[{"href":"https:\/\/artsnb.ca\/web\/wp-json\/wp\/v2\/media?parent=10482"}],"wp:term":[{"taxonomy":"category","embeddable":true,"href":"https:\/\/artsnb.ca\/web\/wp-json\/wp\/v2\/categories?post=10482"},{"taxonomy":"post_tag","embeddable":true,"href":"https:\/\/artsnb.ca\/web\/wp-json\/wp\/v2\/tags?post=10482"}],"curies":[{"name":"wp","href":"https:\/\/api.w.org\/{rel}","templated":true}]}}