{"id":12365,"date":"2023-02-13T20:33:42","date_gmt":"2023-02-13T20:33:42","guid":{"rendered":"https:\/\/artsnb.ca\/web\/?p=12365"},"modified":"2023-02-14T22:21:57","modified_gmt":"2023-02-14T22:21:57","slug":"opinion-les-contributions-passives-de-la-deshumanisation","status":"publish","type":"post","link":"https:\/\/artsnb.ca\/web\/2023\/02\/opinion-les-contributions-passives-de-la-deshumanisation\/?lang=fr","title":{"rendered":"<strong>Opinion : Les contributions passives de la d\u00e9shumanisation<\/strong>"},"content":{"rendered":"\n<p>R\u00e9dig\u00e9 par Starlit Simon<\/p>\n\n\n\n<figure class=\"wp-block-image size-large\"><img loading=\"lazy\" decoding=\"async\" width=\"683\" height=\"1024\" src=\"https:\/\/artsnb.ca\/web\/wp-content\/uploads\/2023\/02\/Wayfinding-27-683x1024.jpg\" alt=\"\" class=\"wp-image-12345\" srcset=\"https:\/\/artsnb.ca\/web\/wp-content\/uploads\/2023\/02\/Wayfinding-27-683x1024.jpg 683w, https:\/\/artsnb.ca\/web\/wp-content\/uploads\/2023\/02\/Wayfinding-27-200x300.jpg 200w, https:\/\/artsnb.ca\/web\/wp-content\/uploads\/2023\/02\/Wayfinding-27-768x1152.jpg 768w, https:\/\/artsnb.ca\/web\/wp-content\/uploads\/2023\/02\/Wayfinding-27-1024x1536.jpg 1024w, https:\/\/artsnb.ca\/web\/wp-content\/uploads\/2023\/02\/Wayfinding-27-1365x2048.jpg 1365w, https:\/\/artsnb.ca\/web\/wp-content\/uploads\/2023\/02\/Wayfinding-27-scaled.jpg 1707w\" sizes=\"auto, (max-width: 683px) 100vw, 683px\" \/><\/figure>\n\n\n\n<p class=\"has-cyan-bluish-gray-color has-text-color has-small-font-size\">Ankweywitew, Matues<em> robe expos\u00e9e au Saint John Art Centre dans le cadre de l&#8217;exposition collective <\/em>Wayfinding<em>. Canva, aiguilles de porc-\u00e9pic, acrylique, babiche. 2022. Photo : Naomi Peters.<\/em><\/p>\n\n\n\n<div style=\"height:20px\" aria-hidden=\"true\" class=\"wp-block-spacer\"><\/div>\n\n\n\n<p class=\"has-drop-cap\">Ce que r\u00e9v\u00e8le le cas des femmes et des filles autochtones disparues et assassin\u00e9es (FFADA) pour moi, c&#8217;est la d\u00e9shumanisation des peuples autochtones et le fait que les femmes et les filles autochtones sont confront\u00e9es aux effets mortels et horribles de cette d\u00e9shumanisation.<\/p>\n\n\n\n<p>D&#8217;o\u00f9 vient cette d\u00e9shumanisation ?&nbsp; Du racisme, \u00e0 100% ! Mais m\u00eame l&#8217;alli\u00e9.e probl\u00e9matique aux prises du \u00ab&nbsp;syndrome du sauveur&nbsp;\u00bb et qui rev\u00eat l&#8217;apparence d&#8217;un.e \u00eatre bien intentionn\u00e9.e pour satisfaire son ego est tout aussi probl\u00e9matique dans la d\u00e9shumanisation des peuples autochtones.&nbsp;<\/p>\n\n\n\n<p>Le tok\u00e9nisme, la compartimentalisation, le <em>trauma porn<\/em> sont autant de fa\u00e7ons de ne pas se pr\u00e9occuper de l&#8217;impact sur le bien-\u00eatre de l&#8217;individu. Ces microagressions, agressions d\u00e9guis\u00e9es ou agressions bien intentionn\u00e9es, contribuent \u00e9galement \u00e0 une d\u00e9shumanisation collective et \u00e0 un discours selon lequel nous ne sommes pas aussi humain.es.<\/p>\n\n\n\n<p>Ce ne sont peut-\u00eatre pas les causes directes, mais ce sont les boulons qui fixent et maintiennent en bon \u00e9tat la machine bien huil\u00e9e du racisme institutionnalis\u00e9, du contr\u00f4le et du pouvoir. Souvenez-vous qu&#8217;il y avait des gens au sein des syst\u00e8mes de pensionnats qui <em>pensaient<\/em> faire une bonne chose et qui croyaient sauver les enfants autochtones en leur donnant une \u00ab\u00e9ducation\u00bb qu&#8217;ils, on en \u00e9tait certain.es, ne recevraient pas autrement.<\/p>\n\n\n\n<p>Dans toutes les atrocit\u00e9s historiques des g\u00e9nocides et des d\u00e9mocides, vous pouvez trouver des personnes qui ont particip\u00e9 ou travaill\u00e9 pour le syst\u00e8me d&#8217;une mani\u00e8re ou d&#8217;une autre et qui d\u00e9clarent que leurs intentions \u00e9taient bonnes, et ils r\u00e9fl\u00e9chissent avec horreur \u00e0 ce \u00e0 quoi ils et elles ont particip\u00e9 et disent des choses comme \u00ab\u00e0 l&#8217;\u00e9poque, nous pensions que nous faisions une bonne chose\u00bb.<\/p>\n\n\n\n<p>Le fait de nous consid\u00e9rer comme moins qu&#8217;humain.es permet \u00e0 ceux qui d\u00e9tiennent le pouvoir et les privil\u00e8ges de se sentir \u00e0 l&#8217;aise. Pour att\u00e9nuer la culpabilit\u00e9 et la honte qui en d\u00e9coulent, les autochtones sont r\u00e9duits \u00e0 l&#8217;\u00e9tat d&#8217;une liste de cases \u00e0 cocher dans laquelle il est possible de cocher une ou plusieurs actions \u00e0 ex\u00e9cuter. Lorsque la ou les t\u00e2ches sont accomplies et que les cases sont toutes coch\u00e9es, les privil\u00e9gi\u00e9.es peuvent alors se d\u00e9sengager de ce qui est r\u00e9ellement requis ; une relation continue qui donne continuellement une voix, du pouvoir et de l&#8217;autonomie aux personnes autochtones.<\/p>\n\n\n\n<div style=\"height:20px\" aria-hidden=\"true\" class=\"wp-block-spacer\"><\/div>\n\n\n\n<div class=\"wp-block-media-text alignwide is-stacked-on-mobile\" style=\"grid-template-columns:33% auto\"><figure class=\"wp-block-media-text__media\"><img loading=\"lazy\" decoding=\"async\" width=\"193\" height=\"320\" src=\"https:\/\/artsnb.ca\/web\/wp-content\/uploads\/2023\/02\/dress-front-1.jpg\" alt=\"\" class=\"wp-image-12349 size-full\" srcset=\"https:\/\/artsnb.ca\/web\/wp-content\/uploads\/2023\/02\/dress-front-1.jpg 193w, https:\/\/artsnb.ca\/web\/wp-content\/uploads\/2023\/02\/dress-front-1-181x300.jpg 181w\" sizes=\"auto, (max-width: 193px) 100vw, 193px\" \/><\/figure><div class=\"wp-block-media-text__content\">\n<p style=\"font-size:15px\">Avec cette robe que j&#8217;ai confectionn\u00e9e, j&#8217;esp\u00e8re susciter suffisamment de malaise chez ceux et celles dont les corps <em>seraient<\/em> privil\u00e9gi\u00e9s si jamais ils \u00e9taient port\u00e9.es disparu.es ou assassin\u00e9.es, pour qu&#8217;ils agissent en continuant de pr\u00eater attention, \u00e0 inclure, \u00e0 nourrir et \u00e0 accepter les personnes autochtones en tant qu&#8217;\u00eatres humain.es souverain.es.<\/p>\n\n\n\n<p><\/p>\n\n\n\n<p><\/p>\n\n\n\n<p><\/p>\n\n\n\n<p class=\"has-cyan-bluish-gray-color has-text-color has-small-font-size\">Ankweywitew, Matues,<em> le devant de la robe. Photo : gracieuset\u00e9 de l&#8217;artiste.<\/em><\/p>\n\n\n\n<p><\/p>\n<\/div><\/div>\n\n\n\n<div style=\"height:61px\" aria-hidden=\"true\" class=\"wp-block-spacer\"><\/div>\n\n\n\n<p>J&#8217;ai nomm\u00e9 cette \u0153uvre <em>Ankweywitew, Matues<\/em>, ce qui signifie en mi\u2019kmaw \u00abil\/elle veillera sur moi, le porc-\u00e9pic\u00bb. Les aiguilles de porc-\u00e9pic repr\u00e9sentent l&#8217;armure que les femmes et les filles autochtones doivent porter pour exister et \u00eatre en s\u00e9curit\u00e9 dans ce monde.<\/p>\n\n\n\n<div class=\"wp-block-media-text alignwide has-media-on-the-right is-stacked-on-mobile\"><div class=\"wp-block-media-text__content\">\n<p style=\"font-size:15px\">Le c\u0153ur sur la poitrine est le c\u0153ur de notre m\u00e8re la Terre qui continue de battre pour nous et o\u00f9 nous retournons tous.tes pour \u00eatre enfin en s\u00e9curit\u00e9 dans son \u00e9treinte.&nbsp;<\/p>\n\n\n\n<p class=\"has-cyan-bluish-gray-color has-text-color has-small-font-size\">Ankweywitew, Matues,<em> le devant de la robe (d\u00e9tail). Photo : gracieuset\u00e9 de l&#8217;artiste.<\/em><\/p>\n<\/div><figure class=\"wp-block-media-text__media\"><img loading=\"lazy\" decoding=\"async\" width=\"240\" height=\"240\" src=\"https:\/\/artsnb.ca\/web\/wp-content\/uploads\/2023\/02\/Dress-photo-2.jpg\" alt=\"\" class=\"wp-image-12353 size-full\" srcset=\"https:\/\/artsnb.ca\/web\/wp-content\/uploads\/2023\/02\/Dress-photo-2.jpg 240w, https:\/\/artsnb.ca\/web\/wp-content\/uploads\/2023\/02\/Dress-photo-2-150x150.jpg 150w\" sizes=\"auto, (max-width: 240px) 100vw, 240px\" \/><\/figure><\/div>\n\n\n\n<div style=\"height:20px\" aria-hidden=\"true\" class=\"wp-block-spacer\"><\/div>\n\n\n\n<div class=\"wp-block-media-text alignwide is-stacked-on-mobile\"><figure class=\"wp-block-media-text__media\"><img loading=\"lazy\" decoding=\"async\" width=\"240\" height=\"240\" src=\"https:\/\/artsnb.ca\/web\/wp-content\/uploads\/2023\/02\/Dress-photo-1-1.jpg\" alt=\"\" class=\"wp-image-12368 size-full\" srcset=\"https:\/\/artsnb.ca\/web\/wp-content\/uploads\/2023\/02\/Dress-photo-1-1.jpg 240w, https:\/\/artsnb.ca\/web\/wp-content\/uploads\/2023\/02\/Dress-photo-1-1-150x150.jpg 150w\" sizes=\"auto, (max-width: 240px) 100vw, 240px\" \/><\/figure><div class=\"wp-block-media-text__content\">\n<p style=\"font-size:15px\">Le dos de la robe ressemble \u00e0 un ensemble d&#8217;ailes pour les FFADA qui sont pass\u00e9es dans la prochaine dimension, o\u00f9 j&#8217;aime \u00e0 penser qu&#8217;il existe un terrain de jeu qui est enfin nivel\u00e9.<\/p>\n\n\n\n<p class=\"has-cyan-bluish-gray-color has-text-color has-small-font-size\">Ankweywitew, Matues,<em> le dos de la robe.&nbsp; Photo: gracieuset\u00e9 de l\u2019artiste.<\/em><\/p>\n\n\n\n<p><\/p>\n<\/div><\/div>\n\n\n\n<div style=\"height:20px\" aria-hidden=\"true\" class=\"wp-block-spacer\"><\/div>\n\n\n\n<div class=\"wp-block-media-text alignwide has-media-on-the-right is-stacked-on-mobile\"><div class=\"wp-block-media-text__content\">\n<p style=\"font-size:15px\">Le d\u00e9versement de p\u00e9trole est non seulement symbolique de la fa\u00e7on dont nous devons maintenant r\u00e9colter nos aiguilles de porc-\u00e9pic \u2013 \u00e0 partir des animaux tu\u00e9s sur la route \u2013 mais il est \u00e9galement repr\u00e9sentatif des camps d&#8217;hommes des installations p\u00e9troli\u00e8res qui ont \u00e9t\u00e9 identifi\u00e9s comme des endroits o\u00f9 il y a des taux \u00e9lev\u00e9s de FFADA.<\/p>\n\n\n\n<p class=\"has-cyan-bluish-gray-color has-text-color has-small-font-size\">Ankweywitew, Matues<em>, le devant de la robe (d\u00e9tail). Photo : gracieuset\u00e9 de l&#8217;artiste.<\/em><\/p>\n<\/div><figure class=\"wp-block-media-text__media\"><img loading=\"lazy\" decoding=\"async\" width=\"240\" height=\"240\" src=\"https:\/\/artsnb.ca\/web\/wp-content\/uploads\/2023\/02\/Dress-photo-3.jpg\" alt=\"\" class=\"wp-image-12358 size-full\" srcset=\"https:\/\/artsnb.ca\/web\/wp-content\/uploads\/2023\/02\/Dress-photo-3.jpg 240w, https:\/\/artsnb.ca\/web\/wp-content\/uploads\/2023\/02\/Dress-photo-3-150x150.jpg 150w\" sizes=\"auto, (max-width: 240px) 100vw, 240px\" \/><\/figure><\/div>\n\n\n\n<div style=\"height:20px\" aria-hidden=\"true\" class=\"wp-block-spacer\"><\/div>\n\n\n\n<p>Les motifs \u00e0 double courbure repr\u00e9sentent le d\u00e9but et la fin des histoires. Les nombreuses vies autochtones qui ont d\u00e9but\u00e9 puis qui se sont termin\u00e9es brusquement dans la violence. La robe dans son int\u00e9gralit\u00e9 ne peux \u00eatre port\u00e9e, ce qui symbolise les nombreuses personnes qui sont toujours port\u00e9es disparues.<\/p>\n\n\n\n<p>Les cr\u00e9ations artistiques, les r\u00e9cits et la po\u00e9sie du ph\u00e9nom\u00e8ne FFADA nous font prendre conscience que nous sommes effectivement humain.es et pr\u00e9cieux et pr\u00e9cieuses. Elles nous rappellent, de mani\u00e8re douce ou brutale, de ne jamais cesser de chercher, de d\u00e9fendre ou d&#8217;honorer. Elles nous signalent que nous avons notre propre voix et que nous savons ce dont nous avons besoin. Elles expriment que nous sommes tout aussi uniques dans notre individualit\u00e9 que nous le sommes en tant que nation partageant un traumatisme colonial. Elles r\u00e9clament que la balance soit renvers\u00e9e de mani\u00e8re \u00e0 ce que les femmes et les filles autochtones n&#8217;aient pas pour seule option, en naissant dans ce monde, d&#8217;\u00eatre r\u00e9silientes ou de mourir, mais bien de vivre et de s&#8217;\u00e9panouir.<\/p>\n\n\n\n<p>Pour cr\u00e9er cette robe et r\u00e9diger cet article de blogue de mani\u00e8re attentive, patiente et r\u00e9fl\u00e9chie, j&#8217;avais besoin de temps, de soutien et de compr\u00e9hension, ce qu&#8217;artsnb m&#8217;a offert gr\u00e2ce \u00e0 un financement g\u00e9n\u00e9reux dans le cadre de son programme de subventions \u00c9quinoxe et \u00e0 une communication ouverte exceptionnelle.&nbsp; Wela&#8217;lioq \/ Merci \u00e0 tous.tes.<\/p>\n\n\n\n<div style=\"height:40px\" aria-hidden=\"true\" class=\"wp-block-spacer\"><\/div>\n\n\n\n<hr class=\"wp-block-separator has-alpha-channel-opacity\"\/>\n\n\n\n<div style=\"height:20px\" aria-hidden=\"true\" class=\"wp-block-spacer\"><\/div>\n\n\n\n<div class=\"wp-block-media-text alignwide is-stacked-on-mobile\"><figure class=\"wp-block-media-text__media\"><img loading=\"lazy\" decoding=\"async\" width=\"1024\" height=\"1024\" src=\"https:\/\/artsnb.ca\/web\/wp-content\/uploads\/2023\/02\/Starlit-Simon-1-1024x1024.png\" alt=\"\" class=\"wp-image-12362 size-full\" srcset=\"https:\/\/artsnb.ca\/web\/wp-content\/uploads\/2023\/02\/Starlit-Simon-1-1024x1024.png 1024w, https:\/\/artsnb.ca\/web\/wp-content\/uploads\/2023\/02\/Starlit-Simon-1-300x300.png 300w, https:\/\/artsnb.ca\/web\/wp-content\/uploads\/2023\/02\/Starlit-Simon-1-150x150.png 150w, https:\/\/artsnb.ca\/web\/wp-content\/uploads\/2023\/02\/Starlit-Simon-1-768x768.png 768w, https:\/\/artsnb.ca\/web\/wp-content\/uploads\/2023\/02\/Starlit-Simon-1.png 1080w\" sizes=\"auto, (max-width: 1024px) 100vw, 1024px\" \/><\/figure><div class=\"wp-block-media-text__content\">\n<p style=\"font-size:14px\">Starlit Simon est une Mi&#8217;kmaw de la Premi\u00e8re Nation Elsipogtog et une candidate au doctorat \u00e0 temps plein \u00e0 la Facult\u00e9 d&#8217;\u00e9ducation de l&#8217;Universit\u00e9 du Nouveau-Brunswick (UNB).&nbsp;Elle a d\u00e9j\u00e0 travaill\u00e9 comme instructrice en langue mi&#8217;kmaq et comme conseill\u00e8re p\u00e9dagogique aupr\u00e8s d&#8217;\u00e9tudiant.es autochtones de niveau postsecondaire \u00e0 UNB.&nbsp; Starlit a obtenu un baccalaur\u00e9at \u00e8s arts en sociologie de UNB en 2006 et un baccalaur\u00e9at \u00e8s arts en journalisme de l&#8217;Universit\u00e9 Saint Thomas en 2012.&nbsp; Elle a ensuite obtenu une ma\u00eetrise en beaux-arts en non-fiction cr\u00e9ative de l&#8217;Universit\u00e9 de Kings College en 2015. Ses \u00e9crits ont \u00e9t\u00e9 publi\u00e9s dans le <em>National Geographic Traveler, Dawnland Voices, Dawnland Voices 2.0<\/em> et <em>The Fiddlehead.<\/em>&nbsp; <\/p>\n<\/div><\/div>\n\n\n\n<p style=\"font-size:14px\">On peut souvent la trouver sur la route en train de chasser les porcs-\u00e9pics \u00e9cras\u00e9s, pour en r\u00e9colter les aiguilles afin de cr\u00e9er des \u0153uvres d&#8217;art que l&#8217;on peut trouver sur son site Web \u00e0 l&#8217;adresse www.starlitsimon.com ainsi que sur ses plateformes de m\u00e9dias sociaux sur Facebook et Instagram sous le nom de Mikmaq Matues. Simon a expos\u00e9 ses \u0153uvres \u00e0 la galerie d&#8217;art de Saint John et a \u00e9t\u00e9 deux fois r\u00e9cipiendaire de bourses dans le cadre du programme \u00c9quinoxe d&#8217;artsnb.&nbsp; Elle a \u00e9galement \u00e9t\u00e9 s\u00e9lectionn\u00e9e pour une r\u00e9sidence d&#8217;artiste de 10 jours \u00e0 Kouchibouguac au printemps 2021.&nbsp;<\/p>\n\n\n\n<div style=\"height:20px\" aria-hidden=\"true\" class=\"wp-block-spacer\"><\/div>\n\n\n\n<p><strong>Restez \u00e0 l\u2019aff\u00fbt de la pratique de Starlit :<\/strong><\/p>\n\n\n\n<p><strong>Facebook :<\/strong> <a href=\"https:\/\/www.facebook.com\/starlitabonita\">@starlitsimon<\/a><\/p>\n\n\n\n<p><strong>Instagram : <\/strong><a href=\"http:\/\/starlit.ann.simon\">@starlit.ann.simon<\/a><\/p>\n\n\n\n<p><strong>Sire Web :<\/strong><a href=\"http:\/\/www.starlitsimon.com\/\">www.starlitsimon.com<\/a><\/p>\n","protected":false},"excerpt":{"rendered":"<p>R\u00e9dig\u00e9 par Starlit Simon Ankweywitew, Matues robe expos\u00e9e au Saint John Art Centre dans le cadre de l&#8217;exposition collective Wayfinding. Canva, aiguilles de porc-\u00e9pic, acrylique, babiche. 2022. Photo : Naomi Peters. Ce que r\u00e9v\u00e8le le cas des femmes et des filles autochtones disparues et assassin\u00e9es (FFADA) pour moi, c&#8217;est la d\u00e9shumanisation des peuples autochtones et<\/p>\n","protected":false},"author":7,"featured_media":12346,"comment_status":"open","ping_status":"open","sticky":false,"template":"","format":"standard","meta":{"_acf_changed":false,"footnotes":""},"categories":[12,87,2,53],"tags":[],"class_list":["post-12365","post","type-post","status-publish","format-standard","has-post-thumbnail","hentry","category-en-vedette","category-blogue","category-non-classifiee","category-nouvelles"],"acf":[],"yoast_head":"<!-- This site is optimized with the Yoast SEO plugin v27.5 - https:\/\/yoast.com\/product\/yoast-seo-wordpress\/ -->\n<title>Opinion : Les contributions passives de la d\u00e9shumanisation - ArtsNB<\/title>\n<meta name=\"robots\" content=\"index, follow, max-snippet:-1, max-image-preview:large, max-video-preview:-1\" \/>\n<link rel=\"canonical\" href=\"https:\/\/artsnb.ca\/web\/2023\/02\/opinion-les-contributions-passives-de-la-deshumanisation\/\" \/>\n<meta property=\"og:locale\" content=\"en_US\" \/>\n<meta property=\"og:type\" content=\"article\" \/>\n<meta property=\"og:title\" content=\"Opinion : Les contributions passives de la d\u00e9shumanisation - ArtsNB\" \/>\n<meta property=\"og:description\" content=\"R\u00e9dig\u00e9 par Starlit Simon Ankweywitew, Matues robe expos\u00e9e au Saint John Art Centre dans le cadre de l&#8217;exposition collective Wayfinding. Canva, aiguilles de porc-\u00e9pic, acrylique, babiche. 2022. Photo : Naomi Peters. Ce que r\u00e9v\u00e8le le cas des femmes et des filles autochtones disparues et assassin\u00e9es (FFADA) pour moi, c&#8217;est la d\u00e9shumanisation des peuples autochtones et\" \/>\n<meta property=\"og:url\" content=\"https:\/\/artsnb.ca\/web\/2023\/02\/opinion-les-contributions-passives-de-la-deshumanisation\/?lang=fr\" \/>\n<meta property=\"og:site_name\" content=\"ArtsNB\" \/>\n<meta property=\"article:publisher\" content=\"https:\/\/www.facebook.com\/artsnb\/\" \/>\n<meta property=\"article:published_time\" content=\"2023-02-13T20:33:42+00:00\" \/>\n<meta property=\"article:modified_time\" content=\"2023-02-14T22:21:57+00:00\" \/>\n<meta property=\"og:image\" content=\"https:\/\/artsnb.ca\/web\/wp-content\/uploads\/2023\/02\/Wayfinding-27-scaled.jpg\" \/>\n\t<meta property=\"og:image:width\" content=\"1707\" \/>\n\t<meta property=\"og:image:height\" content=\"2560\" \/>\n\t<meta property=\"og:image:type\" content=\"image\/jpeg\" \/>\n<meta name=\"author\" content=\"Audr\u00e9e Hamelin-St-Amour\" \/>\n<meta name=\"twitter:card\" content=\"summary_large_image\" \/>\n<meta name=\"twitter:creator\" content=\"@artsnb\" \/>\n<meta name=\"twitter:site\" content=\"@artsnb\" \/>\n<meta name=\"twitter:label1\" content=\"Written by\" \/>\n\t<meta name=\"twitter:data1\" content=\"Audr\u00e9e Hamelin-St-Amour\" \/>\n\t<meta name=\"twitter:label2\" content=\"Est. reading time\" \/>\n\t<meta name=\"twitter:data2\" content=\"7 minutes\" \/>\n<script type=\"application\/ld+json\" class=\"yoast-schema-graph\">{\"@context\":\"https:\\\/\\\/schema.org\",\"@graph\":[{\"@type\":\"Article\",\"@id\":\"https:\\\/\\\/artsnb.ca\\\/web\\\/2023\\\/02\\\/opinion-les-contributions-passives-de-la-deshumanisation\\\/?lang=fr#article\",\"isPartOf\":{\"@id\":\"https:\\\/\\\/artsnb.ca\\\/web\\\/2023\\\/02\\\/opinion-les-contributions-passives-de-la-deshumanisation\\\/?lang=fr\"},\"author\":{\"name\":\"Audr\u00e9e Hamelin-St-Amour\",\"@id\":\"https:\\\/\\\/artsnb.ca\\\/web\\\/#\\\/schema\\\/person\\\/0b27fd6d6a25d6f2ea4aec5ed5875733\"},\"headline\":\"Opinion : Les contributions passives de la d\u00e9shumanisation\",\"datePublished\":\"2023-02-13T20:33:42+00:00\",\"dateModified\":\"2023-02-14T22:21:57+00:00\",\"mainEntityOfPage\":{\"@id\":\"https:\\\/\\\/artsnb.ca\\\/web\\\/2023\\\/02\\\/opinion-les-contributions-passives-de-la-deshumanisation\\\/?lang=fr\"},\"wordCount\":1291,\"commentCount\":0,\"publisher\":{\"@id\":\"https:\\\/\\\/artsnb.ca\\\/web\\\/#organization\"},\"image\":{\"@id\":\"https:\\\/\\\/artsnb.ca\\\/web\\\/2023\\\/02\\\/opinion-les-contributions-passives-de-la-deshumanisation\\\/?lang=fr#primaryimage\"},\"thumbnailUrl\":\"https:\\\/\\\/artsnb.ca\\\/web\\\/wp-content\\\/uploads\\\/2023\\\/02\\\/Wayfinding-27-scaled.jpg\",\"articleSection\":[\"Artistes en vedette\",\"Blogue\",\"Non classifi\u00e9(e)\",\"Toutes les Nouvelles\"],\"inLanguage\":\"en-US\",\"potentialAction\":[{\"@type\":\"CommentAction\",\"name\":\"Comment\",\"target\":[\"https:\\\/\\\/artsnb.ca\\\/web\\\/2023\\\/02\\\/opinion-les-contributions-passives-de-la-deshumanisation\\\/?lang=fr#respond\"]}]},{\"@type\":\"WebPage\",\"@id\":\"https:\\\/\\\/artsnb.ca\\\/web\\\/2023\\\/02\\\/opinion-les-contributions-passives-de-la-deshumanisation\\\/?lang=fr\",\"url\":\"https:\\\/\\\/artsnb.ca\\\/web\\\/2023\\\/02\\\/opinion-les-contributions-passives-de-la-deshumanisation\\\/?lang=fr\",\"name\":\"Opinion : Les contributions passives de la d\u00e9shumanisation - ArtsNB\",\"isPartOf\":{\"@id\":\"https:\\\/\\\/artsnb.ca\\\/web\\\/#website\"},\"primaryImageOfPage\":{\"@id\":\"https:\\\/\\\/artsnb.ca\\\/web\\\/2023\\\/02\\\/opinion-les-contributions-passives-de-la-deshumanisation\\\/?lang=fr#primaryimage\"},\"image\":{\"@id\":\"https:\\\/\\\/artsnb.ca\\\/web\\\/2023\\\/02\\\/opinion-les-contributions-passives-de-la-deshumanisation\\\/?lang=fr#primaryimage\"},\"thumbnailUrl\":\"https:\\\/\\\/artsnb.ca\\\/web\\\/wp-content\\\/uploads\\\/2023\\\/02\\\/Wayfinding-27-scaled.jpg\",\"datePublished\":\"2023-02-13T20:33:42+00:00\",\"dateModified\":\"2023-02-14T22:21:57+00:00\",\"breadcrumb\":{\"@id\":\"https:\\\/\\\/artsnb.ca\\\/web\\\/2023\\\/02\\\/opinion-les-contributions-passives-de-la-deshumanisation\\\/?lang=fr#breadcrumb\"},\"inLanguage\":\"en-US\",\"potentialAction\":[{\"@type\":\"ReadAction\",\"target\":[\"https:\\\/\\\/artsnb.ca\\\/web\\\/2023\\\/02\\\/opinion-les-contributions-passives-de-la-deshumanisation\\\/?lang=fr\"]}]},{\"@type\":\"ImageObject\",\"inLanguage\":\"en-US\",\"@id\":\"https:\\\/\\\/artsnb.ca\\\/web\\\/2023\\\/02\\\/opinion-les-contributions-passives-de-la-deshumanisation\\\/?lang=fr#primaryimage\",\"url\":\"https:\\\/\\\/artsnb.ca\\\/web\\\/wp-content\\\/uploads\\\/2023\\\/02\\\/Wayfinding-27-scaled.jpg\",\"contentUrl\":\"https:\\\/\\\/artsnb.ca\\\/web\\\/wp-content\\\/uploads\\\/2023\\\/02\\\/Wayfinding-27-scaled.jpg\",\"width\":1707,\"height\":2560},{\"@type\":\"BreadcrumbList\",\"@id\":\"https:\\\/\\\/artsnb.ca\\\/web\\\/2023\\\/02\\\/opinion-les-contributions-passives-de-la-deshumanisation\\\/?lang=fr#breadcrumb\",\"itemListElement\":[{\"@type\":\"ListItem\",\"position\":1,\"name\":\"Home\",\"item\":\"https:\\\/\\\/artsnb.ca\\\/web\\\/\"},{\"@type\":\"ListItem\",\"position\":2,\"name\":\"Blog\",\"item\":\"https:\\\/\\\/artsnb.ca\\\/web\\\/category\\\/blog\\\/\"},{\"@type\":\"ListItem\",\"position\":3,\"name\":\"Opinion : Les contributions passives de la d\u00e9shumanisation\"}]},{\"@type\":\"WebSite\",\"@id\":\"https:\\\/\\\/artsnb.ca\\\/web\\\/#website\",\"url\":\"https:\\\/\\\/artsnb.ca\\\/web\\\/\",\"name\":\"ArtsNB\",\"description\":\"EXCELLENCE. PROFESSIONALISM. INNOVATION.\",\"publisher\":{\"@id\":\"https:\\\/\\\/artsnb.ca\\\/web\\\/#organization\"},\"potentialAction\":[{\"@type\":\"SearchAction\",\"target\":{\"@type\":\"EntryPoint\",\"urlTemplate\":\"https:\\\/\\\/artsnb.ca\\\/web\\\/?s={search_term_string}\"},\"query-input\":{\"@type\":\"PropertyValueSpecification\",\"valueRequired\":true,\"valueName\":\"search_term_string\"}}],\"inLanguage\":\"en-US\"},{\"@type\":\"Organization\",\"@id\":\"https:\\\/\\\/artsnb.ca\\\/web\\\/#organization\",\"name\":\"ArtsNB\",\"url\":\"https:\\\/\\\/artsnb.ca\\\/web\\\/\",\"logo\":{\"@type\":\"ImageObject\",\"inLanguage\":\"en-US\",\"@id\":\"https:\\\/\\\/artsnb.ca\\\/web\\\/#\\\/schema\\\/logo\\\/image\\\/\",\"url\":\"https:\\\/\\\/artsnb.ca\\\/web\\\/wp-content\\\/uploads\\\/2024\\\/04\\\/cropped-artsnb-PrimaryLogo-vertical-HiRes-2.jpg\",\"contentUrl\":\"https:\\\/\\\/artsnb.ca\\\/web\\\/wp-content\\\/uploads\\\/2024\\\/04\\\/cropped-artsnb-PrimaryLogo-vertical-HiRes-2.jpg\",\"width\":1698,\"height\":1223,\"caption\":\"ArtsNB\"},\"image\":{\"@id\":\"https:\\\/\\\/artsnb.ca\\\/web\\\/#\\\/schema\\\/logo\\\/image\\\/\"},\"sameAs\":[\"https:\\\/\\\/www.facebook.com\\\/artsnb\\\/\",\"https:\\\/\\\/x.com\\\/artsnb\",\"https:\\\/\\\/www.instagram.com\\\/artsnb\\\/\"]},{\"@type\":\"Person\",\"@id\":\"https:\\\/\\\/artsnb.ca\\\/web\\\/#\\\/schema\\\/person\\\/0b27fd6d6a25d6f2ea4aec5ed5875733\",\"name\":\"Audr\u00e9e Hamelin-St-Amour\",\"image\":{\"@type\":\"ImageObject\",\"inLanguage\":\"en-US\",\"@id\":\"https:\\\/\\\/secure.gravatar.com\\\/avatar\\\/981b3d9c0acc0d9eb42cca12e20517fd09aaa3096a58675f7249e03c8f119703?s=96&d=mm&r=g\",\"url\":\"https:\\\/\\\/secure.gravatar.com\\\/avatar\\\/981b3d9c0acc0d9eb42cca12e20517fd09aaa3096a58675f7249e03c8f119703?s=96&d=mm&r=g\",\"contentUrl\":\"https:\\\/\\\/secure.gravatar.com\\\/avatar\\\/981b3d9c0acc0d9eb42cca12e20517fd09aaa3096a58675f7249e03c8f119703?s=96&d=mm&r=g\",\"caption\":\"Audr\u00e9e Hamelin-St-Amour\"},\"sameAs\":[\"https:\\\/\\\/artsb.ca\"],\"url\":\"https:\\\/\\\/artsnb.ca\\\/web\\\/author\\\/audree\\\/\"}]}<\/script>\n<!-- \/ Yoast SEO plugin. -->","yoast_head_json":{"title":"Opinion : Les contributions passives de la d\u00e9shumanisation - ArtsNB","robots":{"index":"index","follow":"follow","max-snippet":"max-snippet:-1","max-image-preview":"max-image-preview:large","max-video-preview":"max-video-preview:-1"},"canonical":"https:\/\/artsnb.ca\/web\/2023\/02\/opinion-les-contributions-passives-de-la-deshumanisation\/","og_locale":"en_US","og_type":"article","og_title":"Opinion : Les contributions passives de la d\u00e9shumanisation - ArtsNB","og_description":"R\u00e9dig\u00e9 par Starlit Simon Ankweywitew, Matues robe expos\u00e9e au Saint John Art Centre dans le cadre de l&#8217;exposition collective Wayfinding. Canva, aiguilles de porc-\u00e9pic, acrylique, babiche. 2022. Photo : Naomi Peters. Ce que r\u00e9v\u00e8le le cas des femmes et des filles autochtones disparues et assassin\u00e9es (FFADA) pour moi, c&#8217;est la d\u00e9shumanisation des peuples autochtones et","og_url":"https:\/\/artsnb.ca\/web\/2023\/02\/opinion-les-contributions-passives-de-la-deshumanisation\/?lang=fr","og_site_name":"ArtsNB","article_publisher":"https:\/\/www.facebook.com\/artsnb\/","article_published_time":"2023-02-13T20:33:42+00:00","article_modified_time":"2023-02-14T22:21:57+00:00","og_image":[{"width":1707,"height":2560,"url":"https:\/\/artsnb.ca\/web\/wp-content\/uploads\/2023\/02\/Wayfinding-27-scaled.jpg","type":"image\/jpeg"}],"author":"Audr\u00e9e Hamelin-St-Amour","twitter_card":"summary_large_image","twitter_creator":"@artsnb","twitter_site":"@artsnb","twitter_misc":{"Written by":"Audr\u00e9e Hamelin-St-Amour","Est. reading time":"7 minutes"},"schema":{"@context":"https:\/\/schema.org","@graph":[{"@type":"Article","@id":"https:\/\/artsnb.ca\/web\/2023\/02\/opinion-les-contributions-passives-de-la-deshumanisation\/?lang=fr#article","isPartOf":{"@id":"https:\/\/artsnb.ca\/web\/2023\/02\/opinion-les-contributions-passives-de-la-deshumanisation\/?lang=fr"},"author":{"name":"Audr\u00e9e Hamelin-St-Amour","@id":"https:\/\/artsnb.ca\/web\/#\/schema\/person\/0b27fd6d6a25d6f2ea4aec5ed5875733"},"headline":"Opinion : Les contributions passives de la d\u00e9shumanisation","datePublished":"2023-02-13T20:33:42+00:00","dateModified":"2023-02-14T22:21:57+00:00","mainEntityOfPage":{"@id":"https:\/\/artsnb.ca\/web\/2023\/02\/opinion-les-contributions-passives-de-la-deshumanisation\/?lang=fr"},"wordCount":1291,"commentCount":0,"publisher":{"@id":"https:\/\/artsnb.ca\/web\/#organization"},"image":{"@id":"https:\/\/artsnb.ca\/web\/2023\/02\/opinion-les-contributions-passives-de-la-deshumanisation\/?lang=fr#primaryimage"},"thumbnailUrl":"https:\/\/artsnb.ca\/web\/wp-content\/uploads\/2023\/02\/Wayfinding-27-scaled.jpg","articleSection":["Artistes en vedette","Blogue","Non classifi\u00e9(e)","Toutes les Nouvelles"],"inLanguage":"en-US","potentialAction":[{"@type":"CommentAction","name":"Comment","target":["https:\/\/artsnb.ca\/web\/2023\/02\/opinion-les-contributions-passives-de-la-deshumanisation\/?lang=fr#respond"]}]},{"@type":"WebPage","@id":"https:\/\/artsnb.ca\/web\/2023\/02\/opinion-les-contributions-passives-de-la-deshumanisation\/?lang=fr","url":"https:\/\/artsnb.ca\/web\/2023\/02\/opinion-les-contributions-passives-de-la-deshumanisation\/?lang=fr","name":"Opinion : Les contributions passives de la d\u00e9shumanisation - ArtsNB","isPartOf":{"@id":"https:\/\/artsnb.ca\/web\/#website"},"primaryImageOfPage":{"@id":"https:\/\/artsnb.ca\/web\/2023\/02\/opinion-les-contributions-passives-de-la-deshumanisation\/?lang=fr#primaryimage"},"image":{"@id":"https:\/\/artsnb.ca\/web\/2023\/02\/opinion-les-contributions-passives-de-la-deshumanisation\/?lang=fr#primaryimage"},"thumbnailUrl":"https:\/\/artsnb.ca\/web\/wp-content\/uploads\/2023\/02\/Wayfinding-27-scaled.jpg","datePublished":"2023-02-13T20:33:42+00:00","dateModified":"2023-02-14T22:21:57+00:00","breadcrumb":{"@id":"https:\/\/artsnb.ca\/web\/2023\/02\/opinion-les-contributions-passives-de-la-deshumanisation\/?lang=fr#breadcrumb"},"inLanguage":"en-US","potentialAction":[{"@type":"ReadAction","target":["https:\/\/artsnb.ca\/web\/2023\/02\/opinion-les-contributions-passives-de-la-deshumanisation\/?lang=fr"]}]},{"@type":"ImageObject","inLanguage":"en-US","@id":"https:\/\/artsnb.ca\/web\/2023\/02\/opinion-les-contributions-passives-de-la-deshumanisation\/?lang=fr#primaryimage","url":"https:\/\/artsnb.ca\/web\/wp-content\/uploads\/2023\/02\/Wayfinding-27-scaled.jpg","contentUrl":"https:\/\/artsnb.ca\/web\/wp-content\/uploads\/2023\/02\/Wayfinding-27-scaled.jpg","width":1707,"height":2560},{"@type":"BreadcrumbList","@id":"https:\/\/artsnb.ca\/web\/2023\/02\/opinion-les-contributions-passives-de-la-deshumanisation\/?lang=fr#breadcrumb","itemListElement":[{"@type":"ListItem","position":1,"name":"Home","item":"https:\/\/artsnb.ca\/web\/"},{"@type":"ListItem","position":2,"name":"Blog","item":"https:\/\/artsnb.ca\/web\/category\/blog\/"},{"@type":"ListItem","position":3,"name":"Opinion : Les contributions passives de la d\u00e9shumanisation"}]},{"@type":"WebSite","@id":"https:\/\/artsnb.ca\/web\/#website","url":"https:\/\/artsnb.ca\/web\/","name":"ArtsNB","description":"EXCELLENCE. PROFESSIONALISM. INNOVATION.","publisher":{"@id":"https:\/\/artsnb.ca\/web\/#organization"},"potentialAction":[{"@type":"SearchAction","target":{"@type":"EntryPoint","urlTemplate":"https:\/\/artsnb.ca\/web\/?s={search_term_string}"},"query-input":{"@type":"PropertyValueSpecification","valueRequired":true,"valueName":"search_term_string"}}],"inLanguage":"en-US"},{"@type":"Organization","@id":"https:\/\/artsnb.ca\/web\/#organization","name":"ArtsNB","url":"https:\/\/artsnb.ca\/web\/","logo":{"@type":"ImageObject","inLanguage":"en-US","@id":"https:\/\/artsnb.ca\/web\/#\/schema\/logo\/image\/","url":"https:\/\/artsnb.ca\/web\/wp-content\/uploads\/2024\/04\/cropped-artsnb-PrimaryLogo-vertical-HiRes-2.jpg","contentUrl":"https:\/\/artsnb.ca\/web\/wp-content\/uploads\/2024\/04\/cropped-artsnb-PrimaryLogo-vertical-HiRes-2.jpg","width":1698,"height":1223,"caption":"ArtsNB"},"image":{"@id":"https:\/\/artsnb.ca\/web\/#\/schema\/logo\/image\/"},"sameAs":["https:\/\/www.facebook.com\/artsnb\/","https:\/\/x.com\/artsnb","https:\/\/www.instagram.com\/artsnb\/"]},{"@type":"Person","@id":"https:\/\/artsnb.ca\/web\/#\/schema\/person\/0b27fd6d6a25d6f2ea4aec5ed5875733","name":"Audr\u00e9e Hamelin-St-Amour","image":{"@type":"ImageObject","inLanguage":"en-US","@id":"https:\/\/secure.gravatar.com\/avatar\/981b3d9c0acc0d9eb42cca12e20517fd09aaa3096a58675f7249e03c8f119703?s=96&d=mm&r=g","url":"https:\/\/secure.gravatar.com\/avatar\/981b3d9c0acc0d9eb42cca12e20517fd09aaa3096a58675f7249e03c8f119703?s=96&d=mm&r=g","contentUrl":"https:\/\/secure.gravatar.com\/avatar\/981b3d9c0acc0d9eb42cca12e20517fd09aaa3096a58675f7249e03c8f119703?s=96&d=mm&r=g","caption":"Audr\u00e9e Hamelin-St-Amour"},"sameAs":["https:\/\/artsb.ca"],"url":"https:\/\/artsnb.ca\/web\/author\/audree\/"}]}},"_links":{"self":[{"href":"https:\/\/artsnb.ca\/web\/wp-json\/wp\/v2\/posts\/12365","targetHints":{"allow":["GET"]}}],"collection":[{"href":"https:\/\/artsnb.ca\/web\/wp-json\/wp\/v2\/posts"}],"about":[{"href":"https:\/\/artsnb.ca\/web\/wp-json\/wp\/v2\/types\/post"}],"author":[{"embeddable":true,"href":"https:\/\/artsnb.ca\/web\/wp-json\/wp\/v2\/users\/7"}],"replies":[{"embeddable":true,"href":"https:\/\/artsnb.ca\/web\/wp-json\/wp\/v2\/comments?post=12365"}],"version-history":[{"count":12,"href":"https:\/\/artsnb.ca\/web\/wp-json\/wp\/v2\/posts\/12365\/revisions"}],"predecessor-version":[{"id":12414,"href":"https:\/\/artsnb.ca\/web\/wp-json\/wp\/v2\/posts\/12365\/revisions\/12414"}],"wp:featuredmedia":[{"embeddable":true,"href":"https:\/\/artsnb.ca\/web\/wp-json\/wp\/v2\/media\/12346"}],"wp:attachment":[{"href":"https:\/\/artsnb.ca\/web\/wp-json\/wp\/v2\/media?parent=12365"}],"wp:term":[{"taxonomy":"category","embeddable":true,"href":"https:\/\/artsnb.ca\/web\/wp-json\/wp\/v2\/categories?post=12365"},{"taxonomy":"post_tag","embeddable":true,"href":"https:\/\/artsnb.ca\/web\/wp-json\/wp\/v2\/tags?post=12365"}],"curies":[{"name":"wp","href":"https:\/\/api.w.org\/{rel}","templated":true}]}}