{"id":16162,"date":"2024-01-15T19:06:43","date_gmt":"2024-01-15T19:06:43","guid":{"rendered":"https:\/\/artsnb.ca\/web\/?p=16162"},"modified":"2024-02-13T14:17:32","modified_gmt":"2024-02-13T14:17:32","slug":"propriete-intellectuelle-pour-les-artistes-et-les-entrepreneurs-creatifs","status":"publish","type":"post","link":"https:\/\/artsnb.ca\/web\/2024\/01\/propriete-intellectuelle-pour-les-artistes-et-les-entrepreneurs-creatifs\/?lang=fr","title":{"rendered":"La propri\u00e9t\u00e9 intellectuelle pour les artistes et les personnes entrepreneures cr\u00e9atives*"},"content":{"rendered":"\n<p>*Veuillez noter que cette pr\u00e9sentation est offerte en anglais, une version fran\u00e7aise de cette pr\u00e9sentation sera disponible \u00e0 une date ult\u00e9rieure<\/p>\n\n\n\n<div style=\"height:20px\" aria-hidden=\"true\" class=\"wp-block-spacer\"><\/div>\n\n\n\n<figure class=\"wp-block-image size-full\"><img loading=\"lazy\" decoding=\"async\" width=\"940\" height=\"470\" src=\"https:\/\/artsnb.ca\/web\/wp-content\/uploads\/2024\/01\/PI-pres.jpg\" alt=\"\" class=\"wp-image-16301\" srcset=\"https:\/\/artsnb.ca\/web\/wp-content\/uploads\/2024\/01\/PI-pres.jpg 940w, https:\/\/artsnb.ca\/web\/wp-content\/uploads\/2024\/01\/PI-pres-300x150.jpg 300w, https:\/\/artsnb.ca\/web\/wp-content\/uploads\/2024\/01\/PI-pres-768x384.jpg 768w\" sizes=\"auto, (max-width: 940px) 100vw, 940px\" \/><\/figure>\n\n\n\n<p>Rejoignez-nous pour un \u00e9v\u00e9nement en ligne passionnant sp\u00e9cialement con\u00e7u pour les artistes et les entrepreneur.euses cr\u00e9atif.ves ! D\u00e9couvrez l&#8217;importance de la protection de votre propri\u00e9t\u00e9 intellectuelle et apprenez \u00e0 naviguer le monde complexe des droits d&#8217;auteur, des marques, des dessins industriels, des brevets et des secrets commerciaux.<\/p>\n\n\n\n<p>Que vous soyez peintre, \u00e9crivain.e, designer ou musicien.ne, il est essentiel de comprendre les droits de propri\u00e9t\u00e9 intellectuelle pour prot\u00e9ger votre travail cr\u00e9atif. Nos conf\u00e9renciers experts partageront avec vous des informations pr\u00e9cieuses, des conseils pratiques et des \u00e9tudes de cas r\u00e9els pour vous aider \u00e0 prendre des d\u00e9cisions \u00e9clair\u00e9es. Vous aurez \u00e9galement la possibilit\u00e9 de poser des questions et de dialoguer avec les intervenants.<\/p>\n\n\n\n<p><strong>Date de l&#8217;\u00e9v\u00e9nement : Mardi 20 f\u00e9vrier 2024<\/strong><\/p>\n\n\n\n<p><strong>Heure : 14h \u00e0 15h30 (heure normale de l&#8217;Atlantique)<\/strong><\/p>\n\n\n\n<div style=\"height:20px\" aria-hidden=\"true\" class=\"wp-block-spacer\"><\/div>\n\n\n\n<h3 class=\"wp-block-heading\">Conf\u00e9renciers :<\/h3>\n\n\n\n<p><strong>Andr\u00e9 Gallant<\/strong> est conseiller en propri\u00e9t\u00e9 intellectuelle (PI) pour le Canada atlantique \u00e0 l&#8217;Office de la propri\u00e9t\u00e9 intellectuelle du Canada (OPIC). En plus de travailler dans le domaine de la propri\u00e9t\u00e9 intellectuelle, Andr\u00e9 a \u00e9galement travaill\u00e9 comme avocat fiscaliste pendant plus de 10 ans. Il est \u00e9galement un auteur publi\u00e9, un conf\u00e9rencier exp\u00e9riment\u00e9 et un compositeur de piano amateur.<\/p>\n\n\n\n<p><strong>Michael Shortt<\/strong> est associ\u00e9 au sein du d\u00e9partement de propri\u00e9t\u00e9 intellectuelle de Fasken Martineau DuMoulin LLP. Michael a particip\u00e9 \u00e0 de nombreuses affaires devant la Cour supr\u00eame portant sur des questions de droit d&#8217;auteur allant du droit d&#8217;auteur de la Couronne \u00e0 la neutralit\u00e9 technologique en passant par les redevances pour la musique t\u00e9l\u00e9chargeable. Il est le copr\u00e9sident du groupe de droit des jeux vid\u00e9o de Fasken et donne souvent des conf\u00e9rences et r\u00e9dige des articles sur des sujets li\u00e9s \u00e0 la propri\u00e9t\u00e9 intellectuelle.<\/p>\n\n\n\n<p>Ne manquez pas cette occasion d&#8217;acqu\u00e9rir un avantage concurrentiel dans l&#8217;industrie cr\u00e9ative ! Inscrivez-vous d\u00e8s maintenant pour r\u00e9server votre place et d\u00e9couvrir les secrets de la protection de vos activit\u00e9s artistiques et cr\u00e9atives.<\/p>\n\n\n\n<p><strong><a href=\"https:\/\/www.eventbrite.ca\/e\/la-propriete-intellectuelle-pour-les-artistes-et-les-entrepreneurs-creatifs-tickets-808914694627?aff=oddtdtcreator\">Voir la page EVENTBRITE de l&#8217;\u00e9v\u00e9nement pour s&#8217;inscrire.<\/a><\/strong><\/p>\n","protected":false},"excerpt":{"rendered":"<p>*Veuillez noter que cette pr\u00e9sentation est offerte en anglais, une version fran\u00e7aise de cette pr\u00e9sentation sera disponible \u00e0 une date ult\u00e9rieure Rejoignez-nous pour un \u00e9v\u00e9nement en ligne passionnant sp\u00e9cialement con\u00e7u pour les artistes et les entrepreneur.euses cr\u00e9atif.ves ! D\u00e9couvrez l&#8217;importance de la protection de votre propri\u00e9t\u00e9 intellectuelle et apprenez \u00e0 naviguer le monde complexe des<\/p>\n","protected":false},"author":7,"featured_media":16301,"comment_status":"open","ping_status":"open","sticky":false,"template":"","format":"standard","meta":{"_acf_changed":false,"footnotes":""},"categories":[2,53],"tags":[],"class_list":["post-16162","post","type-post","status-publish","format-standard","has-post-thumbnail","hentry","category-non-classifiee","category-nouvelles"],"acf":[],"yoast_head":"<!-- This site is optimized with the Yoast SEO plugin v27.5 - https:\/\/yoast.com\/product\/yoast-seo-wordpress\/ -->\n<title>La propri\u00e9t\u00e9 intellectuelle pour les artistes et les personnes entrepreneures cr\u00e9atives* - ArtsNB<\/title>\n<meta name=\"robots\" content=\"index, follow, max-snippet:-1, max-image-preview:large, max-video-preview:-1\" \/>\n<link rel=\"canonical\" href=\"https:\/\/artsnb.ca\/web\/2024\/01\/propriete-intellectuelle-pour-les-artistes-et-les-entrepreneurs-creatifs\/\" \/>\n<meta property=\"og:locale\" content=\"en_US\" \/>\n<meta property=\"og:type\" content=\"article\" \/>\n<meta property=\"og:title\" content=\"La propri\u00e9t\u00e9 intellectuelle pour les artistes et les personnes entrepreneures cr\u00e9atives* - ArtsNB\" \/>\n<meta property=\"og:description\" content=\"*Veuillez noter que cette pr\u00e9sentation est offerte en anglais, une version fran\u00e7aise de cette pr\u00e9sentation sera disponible \u00e0 une date ult\u00e9rieure Rejoignez-nous pour un \u00e9v\u00e9nement en ligne passionnant sp\u00e9cialement con\u00e7u pour les artistes et les entrepreneur.euses cr\u00e9atif.ves ! D\u00e9couvrez l&#8217;importance de la protection de votre propri\u00e9t\u00e9 intellectuelle et apprenez \u00e0 naviguer le monde complexe des\" \/>\n<meta property=\"og:url\" content=\"https:\/\/artsnb.ca\/web\/2024\/01\/propriete-intellectuelle-pour-les-artistes-et-les-entrepreneurs-creatifs\/?lang=fr\" \/>\n<meta property=\"og:site_name\" content=\"ArtsNB\" \/>\n<meta property=\"article:publisher\" content=\"https:\/\/www.facebook.com\/artsnb\/\" \/>\n<meta property=\"article:published_time\" content=\"2024-01-15T19:06:43+00:00\" \/>\n<meta property=\"article:modified_time\" content=\"2024-02-13T14:17:32+00:00\" \/>\n<meta property=\"og:image\" content=\"https:\/\/artsnb.ca\/web\/wp-content\/uploads\/2024\/01\/PI-pres.jpg\" \/>\n\t<meta property=\"og:image:width\" content=\"940\" \/>\n\t<meta property=\"og:image:height\" content=\"470\" \/>\n\t<meta property=\"og:image:type\" content=\"image\/jpeg\" \/>\n<meta name=\"author\" content=\"Audr\u00e9e Hamelin-St-Amour\" \/>\n<meta name=\"twitter:card\" content=\"summary_large_image\" \/>\n<meta name=\"twitter:creator\" content=\"@artsnb\" \/>\n<meta name=\"twitter:site\" content=\"@artsnb\" \/>\n<meta name=\"twitter:label1\" content=\"Written by\" \/>\n\t<meta name=\"twitter:data1\" content=\"Audr\u00e9e Hamelin-St-Amour\" \/>\n\t<meta name=\"twitter:label2\" content=\"Est. reading time\" \/>\n\t<meta name=\"twitter:data2\" content=\"2 minutes\" \/>\n<script type=\"application\/ld+json\" class=\"yoast-schema-graph\">{\"@context\":\"https:\\\/\\\/schema.org\",\"@graph\":[{\"@type\":\"Article\",\"@id\":\"https:\\\/\\\/artsnb.ca\\\/web\\\/2024\\\/01\\\/propriete-intellectuelle-pour-les-artistes-et-les-entrepreneurs-creatifs\\\/?lang=fr#article\",\"isPartOf\":{\"@id\":\"https:\\\/\\\/artsnb.ca\\\/web\\\/2024\\\/01\\\/propriete-intellectuelle-pour-les-artistes-et-les-entrepreneurs-creatifs\\\/?lang=fr\"},\"author\":{\"name\":\"Audr\u00e9e Hamelin-St-Amour\",\"@id\":\"https:\\\/\\\/artsnb.ca\\\/web\\\/#\\\/schema\\\/person\\\/0b27fd6d6a25d6f2ea4aec5ed5875733\"},\"headline\":\"La propri\u00e9t\u00e9 intellectuelle pour les artistes et les personnes entrepreneures cr\u00e9atives*\",\"datePublished\":\"2024-01-15T19:06:43+00:00\",\"dateModified\":\"2024-02-13T14:17:32+00:00\",\"mainEntityOfPage\":{\"@id\":\"https:\\\/\\\/artsnb.ca\\\/web\\\/2024\\\/01\\\/propriete-intellectuelle-pour-les-artistes-et-les-entrepreneurs-creatifs\\\/?lang=fr\"},\"wordCount\":392,\"commentCount\":0,\"publisher\":{\"@id\":\"https:\\\/\\\/artsnb.ca\\\/web\\\/#organization\"},\"image\":{\"@id\":\"https:\\\/\\\/artsnb.ca\\\/web\\\/2024\\\/01\\\/propriete-intellectuelle-pour-les-artistes-et-les-entrepreneurs-creatifs\\\/?lang=fr#primaryimage\"},\"thumbnailUrl\":\"https:\\\/\\\/artsnb.ca\\\/web\\\/wp-content\\\/uploads\\\/2024\\\/01\\\/PI-pres.jpg\",\"articleSection\":[\"Non classifi\u00e9(e)\",\"Toutes les Nouvelles\"],\"inLanguage\":\"en-US\",\"potentialAction\":[{\"@type\":\"CommentAction\",\"name\":\"Comment\",\"target\":[\"https:\\\/\\\/artsnb.ca\\\/web\\\/2024\\\/01\\\/propriete-intellectuelle-pour-les-artistes-et-les-entrepreneurs-creatifs\\\/?lang=fr#respond\"]}]},{\"@type\":\"WebPage\",\"@id\":\"https:\\\/\\\/artsnb.ca\\\/web\\\/2024\\\/01\\\/propriete-intellectuelle-pour-les-artistes-et-les-entrepreneurs-creatifs\\\/?lang=fr\",\"url\":\"https:\\\/\\\/artsnb.ca\\\/web\\\/2024\\\/01\\\/propriete-intellectuelle-pour-les-artistes-et-les-entrepreneurs-creatifs\\\/?lang=fr\",\"name\":\"La propri\u00e9t\u00e9 intellectuelle pour les artistes et les personnes entrepreneures cr\u00e9atives* - ArtsNB\",\"isPartOf\":{\"@id\":\"https:\\\/\\\/artsnb.ca\\\/web\\\/#website\"},\"primaryImageOfPage\":{\"@id\":\"https:\\\/\\\/artsnb.ca\\\/web\\\/2024\\\/01\\\/propriete-intellectuelle-pour-les-artistes-et-les-entrepreneurs-creatifs\\\/?lang=fr#primaryimage\"},\"image\":{\"@id\":\"https:\\\/\\\/artsnb.ca\\\/web\\\/2024\\\/01\\\/propriete-intellectuelle-pour-les-artistes-et-les-entrepreneurs-creatifs\\\/?lang=fr#primaryimage\"},\"thumbnailUrl\":\"https:\\\/\\\/artsnb.ca\\\/web\\\/wp-content\\\/uploads\\\/2024\\\/01\\\/PI-pres.jpg\",\"datePublished\":\"2024-01-15T19:06:43+00:00\",\"dateModified\":\"2024-02-13T14:17:32+00:00\",\"breadcrumb\":{\"@id\":\"https:\\\/\\\/artsnb.ca\\\/web\\\/2024\\\/01\\\/propriete-intellectuelle-pour-les-artistes-et-les-entrepreneurs-creatifs\\\/?lang=fr#breadcrumb\"},\"inLanguage\":\"en-US\",\"potentialAction\":[{\"@type\":\"ReadAction\",\"target\":[\"https:\\\/\\\/artsnb.ca\\\/web\\\/2024\\\/01\\\/propriete-intellectuelle-pour-les-artistes-et-les-entrepreneurs-creatifs\\\/?lang=fr\"]}]},{\"@type\":\"ImageObject\",\"inLanguage\":\"en-US\",\"@id\":\"https:\\\/\\\/artsnb.ca\\\/web\\\/2024\\\/01\\\/propriete-intellectuelle-pour-les-artistes-et-les-entrepreneurs-creatifs\\\/?lang=fr#primaryimage\",\"url\":\"https:\\\/\\\/artsnb.ca\\\/web\\\/wp-content\\\/uploads\\\/2024\\\/01\\\/PI-pres.jpg\",\"contentUrl\":\"https:\\\/\\\/artsnb.ca\\\/web\\\/wp-content\\\/uploads\\\/2024\\\/01\\\/PI-pres.jpg\",\"width\":940,\"height\":470},{\"@type\":\"BreadcrumbList\",\"@id\":\"https:\\\/\\\/artsnb.ca\\\/web\\\/2024\\\/01\\\/propriete-intellectuelle-pour-les-artistes-et-les-entrepreneurs-creatifs\\\/?lang=fr#breadcrumb\",\"itemListElement\":[{\"@type\":\"ListItem\",\"position\":1,\"name\":\"Home\",\"item\":\"https:\\\/\\\/artsnb.ca\\\/web\\\/\"},{\"@type\":\"ListItem\",\"position\":2,\"name\":\"Uncategorized\",\"item\":\"https:\\\/\\\/artsnb.ca\\\/web\\\/category\\\/uncategorized\\\/\"},{\"@type\":\"ListItem\",\"position\":3,\"name\":\"La propri\u00e9t\u00e9 intellectuelle pour les artistes et les personnes entrepreneures cr\u00e9atives*\"}]},{\"@type\":\"WebSite\",\"@id\":\"https:\\\/\\\/artsnb.ca\\\/web\\\/#website\",\"url\":\"https:\\\/\\\/artsnb.ca\\\/web\\\/\",\"name\":\"ArtsNB\",\"description\":\"EXCELLENCE. PROFESSIONALISM. INNOVATION.\",\"publisher\":{\"@id\":\"https:\\\/\\\/artsnb.ca\\\/web\\\/#organization\"},\"potentialAction\":[{\"@type\":\"SearchAction\",\"target\":{\"@type\":\"EntryPoint\",\"urlTemplate\":\"https:\\\/\\\/artsnb.ca\\\/web\\\/?s={search_term_string}\"},\"query-input\":{\"@type\":\"PropertyValueSpecification\",\"valueRequired\":true,\"valueName\":\"search_term_string\"}}],\"inLanguage\":\"en-US\"},{\"@type\":\"Organization\",\"@id\":\"https:\\\/\\\/artsnb.ca\\\/web\\\/#organization\",\"name\":\"ArtsNB\",\"url\":\"https:\\\/\\\/artsnb.ca\\\/web\\\/\",\"logo\":{\"@type\":\"ImageObject\",\"inLanguage\":\"en-US\",\"@id\":\"https:\\\/\\\/artsnb.ca\\\/web\\\/#\\\/schema\\\/logo\\\/image\\\/\",\"url\":\"https:\\\/\\\/artsnb.ca\\\/web\\\/wp-content\\\/uploads\\\/2024\\\/04\\\/cropped-artsnb-PrimaryLogo-vertical-HiRes-2.jpg\",\"contentUrl\":\"https:\\\/\\\/artsnb.ca\\\/web\\\/wp-content\\\/uploads\\\/2024\\\/04\\\/cropped-artsnb-PrimaryLogo-vertical-HiRes-2.jpg\",\"width\":1698,\"height\":1223,\"caption\":\"ArtsNB\"},\"image\":{\"@id\":\"https:\\\/\\\/artsnb.ca\\\/web\\\/#\\\/schema\\\/logo\\\/image\\\/\"},\"sameAs\":[\"https:\\\/\\\/www.facebook.com\\\/artsnb\\\/\",\"https:\\\/\\\/x.com\\\/artsnb\",\"https:\\\/\\\/www.instagram.com\\\/artsnb\\\/\"]},{\"@type\":\"Person\",\"@id\":\"https:\\\/\\\/artsnb.ca\\\/web\\\/#\\\/schema\\\/person\\\/0b27fd6d6a25d6f2ea4aec5ed5875733\",\"name\":\"Audr\u00e9e Hamelin-St-Amour\",\"image\":{\"@type\":\"ImageObject\",\"inLanguage\":\"en-US\",\"@id\":\"https:\\\/\\\/secure.gravatar.com\\\/avatar\\\/981b3d9c0acc0d9eb42cca12e20517fd09aaa3096a58675f7249e03c8f119703?s=96&d=mm&r=g\",\"url\":\"https:\\\/\\\/secure.gravatar.com\\\/avatar\\\/981b3d9c0acc0d9eb42cca12e20517fd09aaa3096a58675f7249e03c8f119703?s=96&d=mm&r=g\",\"contentUrl\":\"https:\\\/\\\/secure.gravatar.com\\\/avatar\\\/981b3d9c0acc0d9eb42cca12e20517fd09aaa3096a58675f7249e03c8f119703?s=96&d=mm&r=g\",\"caption\":\"Audr\u00e9e Hamelin-St-Amour\"},\"sameAs\":[\"https:\\\/\\\/artsb.ca\"],\"url\":\"https:\\\/\\\/artsnb.ca\\\/web\\\/author\\\/audree\\\/\"}]}<\/script>\n<!-- \/ Yoast SEO plugin. -->","yoast_head_json":{"title":"La propri\u00e9t\u00e9 intellectuelle pour les artistes et les personnes entrepreneures cr\u00e9atives* - ArtsNB","robots":{"index":"index","follow":"follow","max-snippet":"max-snippet:-1","max-image-preview":"max-image-preview:large","max-video-preview":"max-video-preview:-1"},"canonical":"https:\/\/artsnb.ca\/web\/2024\/01\/propriete-intellectuelle-pour-les-artistes-et-les-entrepreneurs-creatifs\/","og_locale":"en_US","og_type":"article","og_title":"La propri\u00e9t\u00e9 intellectuelle pour les artistes et les personnes entrepreneures cr\u00e9atives* - ArtsNB","og_description":"*Veuillez noter que cette pr\u00e9sentation est offerte en anglais, une version fran\u00e7aise de cette pr\u00e9sentation sera disponible \u00e0 une date ult\u00e9rieure Rejoignez-nous pour un \u00e9v\u00e9nement en ligne passionnant sp\u00e9cialement con\u00e7u pour les artistes et les entrepreneur.euses cr\u00e9atif.ves ! D\u00e9couvrez l&#8217;importance de la protection de votre propri\u00e9t\u00e9 intellectuelle et apprenez \u00e0 naviguer le monde complexe des","og_url":"https:\/\/artsnb.ca\/web\/2024\/01\/propriete-intellectuelle-pour-les-artistes-et-les-entrepreneurs-creatifs\/?lang=fr","og_site_name":"ArtsNB","article_publisher":"https:\/\/www.facebook.com\/artsnb\/","article_published_time":"2024-01-15T19:06:43+00:00","article_modified_time":"2024-02-13T14:17:32+00:00","og_image":[{"width":940,"height":470,"url":"https:\/\/artsnb.ca\/web\/wp-content\/uploads\/2024\/01\/PI-pres.jpg","type":"image\/jpeg"}],"author":"Audr\u00e9e Hamelin-St-Amour","twitter_card":"summary_large_image","twitter_creator":"@artsnb","twitter_site":"@artsnb","twitter_misc":{"Written by":"Audr\u00e9e Hamelin-St-Amour","Est. reading time":"2 minutes"},"schema":{"@context":"https:\/\/schema.org","@graph":[{"@type":"Article","@id":"https:\/\/artsnb.ca\/web\/2024\/01\/propriete-intellectuelle-pour-les-artistes-et-les-entrepreneurs-creatifs\/?lang=fr#article","isPartOf":{"@id":"https:\/\/artsnb.ca\/web\/2024\/01\/propriete-intellectuelle-pour-les-artistes-et-les-entrepreneurs-creatifs\/?lang=fr"},"author":{"name":"Audr\u00e9e Hamelin-St-Amour","@id":"https:\/\/artsnb.ca\/web\/#\/schema\/person\/0b27fd6d6a25d6f2ea4aec5ed5875733"},"headline":"La propri\u00e9t\u00e9 intellectuelle pour les artistes et les personnes entrepreneures cr\u00e9atives*","datePublished":"2024-01-15T19:06:43+00:00","dateModified":"2024-02-13T14:17:32+00:00","mainEntityOfPage":{"@id":"https:\/\/artsnb.ca\/web\/2024\/01\/propriete-intellectuelle-pour-les-artistes-et-les-entrepreneurs-creatifs\/?lang=fr"},"wordCount":392,"commentCount":0,"publisher":{"@id":"https:\/\/artsnb.ca\/web\/#organization"},"image":{"@id":"https:\/\/artsnb.ca\/web\/2024\/01\/propriete-intellectuelle-pour-les-artistes-et-les-entrepreneurs-creatifs\/?lang=fr#primaryimage"},"thumbnailUrl":"https:\/\/artsnb.ca\/web\/wp-content\/uploads\/2024\/01\/PI-pres.jpg","articleSection":["Non classifi\u00e9(e)","Toutes les Nouvelles"],"inLanguage":"en-US","potentialAction":[{"@type":"CommentAction","name":"Comment","target":["https:\/\/artsnb.ca\/web\/2024\/01\/propriete-intellectuelle-pour-les-artistes-et-les-entrepreneurs-creatifs\/?lang=fr#respond"]}]},{"@type":"WebPage","@id":"https:\/\/artsnb.ca\/web\/2024\/01\/propriete-intellectuelle-pour-les-artistes-et-les-entrepreneurs-creatifs\/?lang=fr","url":"https:\/\/artsnb.ca\/web\/2024\/01\/propriete-intellectuelle-pour-les-artistes-et-les-entrepreneurs-creatifs\/?lang=fr","name":"La propri\u00e9t\u00e9 intellectuelle pour les artistes et les personnes entrepreneures cr\u00e9atives* - ArtsNB","isPartOf":{"@id":"https:\/\/artsnb.ca\/web\/#website"},"primaryImageOfPage":{"@id":"https:\/\/artsnb.ca\/web\/2024\/01\/propriete-intellectuelle-pour-les-artistes-et-les-entrepreneurs-creatifs\/?lang=fr#primaryimage"},"image":{"@id":"https:\/\/artsnb.ca\/web\/2024\/01\/propriete-intellectuelle-pour-les-artistes-et-les-entrepreneurs-creatifs\/?lang=fr#primaryimage"},"thumbnailUrl":"https:\/\/artsnb.ca\/web\/wp-content\/uploads\/2024\/01\/PI-pres.jpg","datePublished":"2024-01-15T19:06:43+00:00","dateModified":"2024-02-13T14:17:32+00:00","breadcrumb":{"@id":"https:\/\/artsnb.ca\/web\/2024\/01\/propriete-intellectuelle-pour-les-artistes-et-les-entrepreneurs-creatifs\/?lang=fr#breadcrumb"},"inLanguage":"en-US","potentialAction":[{"@type":"ReadAction","target":["https:\/\/artsnb.ca\/web\/2024\/01\/propriete-intellectuelle-pour-les-artistes-et-les-entrepreneurs-creatifs\/?lang=fr"]}]},{"@type":"ImageObject","inLanguage":"en-US","@id":"https:\/\/artsnb.ca\/web\/2024\/01\/propriete-intellectuelle-pour-les-artistes-et-les-entrepreneurs-creatifs\/?lang=fr#primaryimage","url":"https:\/\/artsnb.ca\/web\/wp-content\/uploads\/2024\/01\/PI-pres.jpg","contentUrl":"https:\/\/artsnb.ca\/web\/wp-content\/uploads\/2024\/01\/PI-pres.jpg","width":940,"height":470},{"@type":"BreadcrumbList","@id":"https:\/\/artsnb.ca\/web\/2024\/01\/propriete-intellectuelle-pour-les-artistes-et-les-entrepreneurs-creatifs\/?lang=fr#breadcrumb","itemListElement":[{"@type":"ListItem","position":1,"name":"Home","item":"https:\/\/artsnb.ca\/web\/"},{"@type":"ListItem","position":2,"name":"Uncategorized","item":"https:\/\/artsnb.ca\/web\/category\/uncategorized\/"},{"@type":"ListItem","position":3,"name":"La propri\u00e9t\u00e9 intellectuelle pour les artistes et les personnes entrepreneures cr\u00e9atives*"}]},{"@type":"WebSite","@id":"https:\/\/artsnb.ca\/web\/#website","url":"https:\/\/artsnb.ca\/web\/","name":"ArtsNB","description":"EXCELLENCE. PROFESSIONALISM. INNOVATION.","publisher":{"@id":"https:\/\/artsnb.ca\/web\/#organization"},"potentialAction":[{"@type":"SearchAction","target":{"@type":"EntryPoint","urlTemplate":"https:\/\/artsnb.ca\/web\/?s={search_term_string}"},"query-input":{"@type":"PropertyValueSpecification","valueRequired":true,"valueName":"search_term_string"}}],"inLanguage":"en-US"},{"@type":"Organization","@id":"https:\/\/artsnb.ca\/web\/#organization","name":"ArtsNB","url":"https:\/\/artsnb.ca\/web\/","logo":{"@type":"ImageObject","inLanguage":"en-US","@id":"https:\/\/artsnb.ca\/web\/#\/schema\/logo\/image\/","url":"https:\/\/artsnb.ca\/web\/wp-content\/uploads\/2024\/04\/cropped-artsnb-PrimaryLogo-vertical-HiRes-2.jpg","contentUrl":"https:\/\/artsnb.ca\/web\/wp-content\/uploads\/2024\/04\/cropped-artsnb-PrimaryLogo-vertical-HiRes-2.jpg","width":1698,"height":1223,"caption":"ArtsNB"},"image":{"@id":"https:\/\/artsnb.ca\/web\/#\/schema\/logo\/image\/"},"sameAs":["https:\/\/www.facebook.com\/artsnb\/","https:\/\/x.com\/artsnb","https:\/\/www.instagram.com\/artsnb\/"]},{"@type":"Person","@id":"https:\/\/artsnb.ca\/web\/#\/schema\/person\/0b27fd6d6a25d6f2ea4aec5ed5875733","name":"Audr\u00e9e Hamelin-St-Amour","image":{"@type":"ImageObject","inLanguage":"en-US","@id":"https:\/\/secure.gravatar.com\/avatar\/981b3d9c0acc0d9eb42cca12e20517fd09aaa3096a58675f7249e03c8f119703?s=96&d=mm&r=g","url":"https:\/\/secure.gravatar.com\/avatar\/981b3d9c0acc0d9eb42cca12e20517fd09aaa3096a58675f7249e03c8f119703?s=96&d=mm&r=g","contentUrl":"https:\/\/secure.gravatar.com\/avatar\/981b3d9c0acc0d9eb42cca12e20517fd09aaa3096a58675f7249e03c8f119703?s=96&d=mm&r=g","caption":"Audr\u00e9e Hamelin-St-Amour"},"sameAs":["https:\/\/artsb.ca"],"url":"https:\/\/artsnb.ca\/web\/author\/audree\/"}]}},"_links":{"self":[{"href":"https:\/\/artsnb.ca\/web\/wp-json\/wp\/v2\/posts\/16162","targetHints":{"allow":["GET"]}}],"collection":[{"href":"https:\/\/artsnb.ca\/web\/wp-json\/wp\/v2\/posts"}],"about":[{"href":"https:\/\/artsnb.ca\/web\/wp-json\/wp\/v2\/types\/post"}],"author":[{"embeddable":true,"href":"https:\/\/artsnb.ca\/web\/wp-json\/wp\/v2\/users\/7"}],"replies":[{"embeddable":true,"href":"https:\/\/artsnb.ca\/web\/wp-json\/wp\/v2\/comments?post=16162"}],"version-history":[{"count":7,"href":"https:\/\/artsnb.ca\/web\/wp-json\/wp\/v2\/posts\/16162\/revisions"}],"predecessor-version":[{"id":16401,"href":"https:\/\/artsnb.ca\/web\/wp-json\/wp\/v2\/posts\/16162\/revisions\/16401"}],"wp:featuredmedia":[{"embeddable":true,"href":"https:\/\/artsnb.ca\/web\/wp-json\/wp\/v2\/media\/16301"}],"wp:attachment":[{"href":"https:\/\/artsnb.ca\/web\/wp-json\/wp\/v2\/media?parent=16162"}],"wp:term":[{"taxonomy":"category","embeddable":true,"href":"https:\/\/artsnb.ca\/web\/wp-json\/wp\/v2\/categories?post=16162"},{"taxonomy":"post_tag","embeddable":true,"href":"https:\/\/artsnb.ca\/web\/wp-json\/wp\/v2\/tags?post=16162"}],"curies":[{"name":"wp","href":"https:\/\/api.w.org\/{rel}","templated":true}]}}