{"id":23465,"date":"2026-03-13T13:30:00","date_gmt":"2026-03-13T13:30:00","guid":{"rendered":"https:\/\/artsnb.ca\/web\/?p=23465"},"modified":"2026-03-19T19:57:28","modified_gmt":"2026-03-19T19:57:28","slug":"arts-board-to-administer-governments-operational-funding-of-arts-organizations","status":"publish","type":"post","link":"https:\/\/artsnb.ca\/web\/2026\/03\/arts-board-to-administer-governments-operational-funding-of-arts-organizations\/?lang=fr","title":{"rendered":"Le Conseil des arts administrera les fonds de fonctionnement du gouvernement destin\u00e9s aux organismes artistiques"},"content":{"rendered":"\n<div style=\"height:10px\" aria-hidden=\"true\" class=\"wp-block-spacer\"><\/div>\n\n\n\n<h2 class=\"wp-block-heading\">Communiqu\u00e9 &#8211; Minist\u00e8re du Tourisme, du Patrimoine et de la Culture<\/h2>\n\n\n\n<p>13 mars 2026<\/p>\n\n\n\n<p>FREDERICTON (GNB) \u2013 Le gouvernement adopte une nouvelle approche en ce qui a trait au financement des arts dans le but d\u2019am\u00e9liorer la pr\u00e9visibilit\u00e9, la clart\u00e9 et les services pour le secteur.<\/p>\n\n\n\n<p>L\u2019administration du Programme renouvel\u00e9 en soutien op\u00e9rationnel du gouvernement est d\u00e9sormais confi\u00e9e au Conseil des arts du Nouveau-Brunswick, \u00e9galement connu sous le nom d\u2019artsnb, un organisme ind\u00e9pendant de financement des arts.<\/p>\n\n\n\n<p>\u00ab&nbsp;Nous sommes tr\u00e8s heureux d\u2019\u00e9tablir ce partenariat avec artsnb pour fournir des fonds de fonctionnement aux organismes artistiques&nbsp;\u00bb, a d\u00e9clar\u00e9 la ministre du Tourisme, du Patrimoine et de la Culture, Isabelle Th\u00e9riault. \u00ab&nbsp;Le transfert de l\u2019administration de ce programme remani\u00e9 \u00e0 artsnb permet de mettre \u00e0 profit l\u2019expertise de cet organisme en mati\u00e8re d\u2019\u00e9valuation par jury et d\u2019harmoniser, sous un m\u00eame toit, la fa\u00e7on d\u2019offrir le financement destin\u00e9 \u00e0 des fins cr\u00e9atives, tant pour les organismes que pour les artistes individuels.&nbsp;\u00bb<\/p>\n\n\n\n<p>Ce changement s\u2019inscrit dans une s\u00e9rie de mesures visant \u00e0 renouveler et \u00e0 moderniser l\u2019approche globale du gouvernement en mati\u00e8re de soutien aux arts.<\/p>\n\n\n\n<p>\u00ab&nbsp;Cette transition s\u2019appuie sur le r\u00f4le de longue date d\u2019artsnb \u00e0 titre de partenaire cl\u00e9 dans l\u2019offre de soutien public aux arts&nbsp;\u00bb, a dit le pr\u00e9sident de l\u2019organisme, Jason Guerrette. \u00ab&nbsp;Elle permet de renforcer l\u2019harmonisation avec notre mandat en vertu de la&nbsp;<em>Loi sur le Conseil des arts du Nouveau-Brunswick<\/em>&nbsp;et permet \u00e0 artsnb de servir de point d\u2019acc\u00e8s central pour les fonds de fonctionnement et le financement ax\u00e9 sur la cr\u00e9ation.&nbsp;\u00bb<\/p>\n\n\n\n<p>\u00c0 la suite de ce changement, artsnb sera responsable de l\u2019administration des fonds de fonctionnement destin\u00e9s aux organismes artistiques admissibles. Les demandeurs b\u00e9n\u00e9ficieront d\u2019un point d\u2019acc\u00e8s unique et clairement d\u00e9fini pour le soutien \u00e0 la cr\u00e9ation, au d\u00e9veloppement et au fonctionnement.<\/p>\n\n\n\n<p>Le financement ax\u00e9 sur les projets et le d\u00e9veloppement du secteur continuera d\u2019\u00eatre administr\u00e9 par le minist\u00e8re du Tourisme, du Patrimoine et de la Culture.<\/p>\n\n\n\n<p>Les nouvelles lignes directrices du programme et les d\u00e9tails sur la fa\u00e7on de pr\u00e9senter une demande sont d\u00e9sormais disponibles sur le site d\u2019artsnb. Les renseignements concernant les subventions administr\u00e9es par le minist\u00e8re sont disponibles sur son site Web.<\/p>\n\n\n\n<p class=\"has-text-align-center\"><strong>CONTACT M\u00c9DIAS<\/strong>:<\/p>\n\n\n\n<p class=\"has-text-align-center\"><strong>Audr\u00e9e Hamelin-St-Amour<\/strong>, Agente des communications, comm[arobas]artsnb[point]ca<\/p>\n\n\n\n<p class=\"has-text-align-center\"><strong>Morgan Bell<\/strong>, Communications, minist\u00e8re du Tourisme, du Patrimoine et de la Culture,\u00a0morgan[point]bell[arobas]gnb[point]ca<\/p>\n\n\n\n<hr class=\"wp-block-separator has-alpha-channel-opacity\"\/>\n\n\n\n<p><strong>Plus d&#8217;informations sur le nouveau programme de Soutien op\u00e9rationnel peuvent \u00eatre trouv\u00e9es <a href=\"https:\/\/artsnb.ca\/web\/programs\/operational-support\/?lang=fr\">ICI<\/a><\/strong>.<\/p>\n\n\n\n<p><\/p>\n","protected":false},"excerpt":{"rendered":"<p>Communiqu\u00e9 &#8211; Minist\u00e8re du Tourisme, du Patrimoine et de la Culture 13 mars 2026 FREDERICTON (GNB) \u2013 Le gouvernement adopte une nouvelle approche en ce qui a trait au financement des arts dans le but d\u2019am\u00e9liorer la pr\u00e9visibilit\u00e9, la clart\u00e9 et les services pour le secteur. L\u2019administration du Programme renouvel\u00e9 en soutien op\u00e9rationnel du gouvernement<\/p>\n","protected":false},"author":7,"featured_media":23612,"comment_status":"open","ping_status":"open","sticky":false,"template":"","format":"standard","meta":{"_acf_changed":false,"footnotes":""},"categories":[60,53],"tags":[],"class_list":["post-23465","post","type-post","status-publish","format-standard","has-post-thumbnail","hentry","category-communiques-de-presse","category-nouvelles"],"acf":[],"yoast_head":"<!-- This site is optimized with the Yoast SEO plugin v27.5 - https:\/\/yoast.com\/product\/yoast-seo-wordpress\/ -->\n<title>Le Conseil des arts administrera les fonds de fonctionnement du gouvernement destin\u00e9s aux organismes artistiques - ArtsNB<\/title>\n<meta name=\"robots\" content=\"index, follow, max-snippet:-1, max-image-preview:large, max-video-preview:-1\" \/>\n<link rel=\"canonical\" href=\"https:\/\/artsnb.ca\/web\/2026\/03\/arts-board-to-administer-governments-operational-funding-of-arts-organizations\/\" \/>\n<meta property=\"og:locale\" content=\"en_US\" \/>\n<meta property=\"og:type\" content=\"article\" \/>\n<meta property=\"og:title\" content=\"Le Conseil des arts administrera les fonds de fonctionnement du gouvernement destin\u00e9s aux organismes artistiques - ArtsNB\" \/>\n<meta property=\"og:description\" content=\"Communiqu\u00e9 &#8211; Minist\u00e8re du Tourisme, du Patrimoine et de la Culture 13 mars 2026 FREDERICTON (GNB) \u2013 Le gouvernement adopte une nouvelle approche en ce qui a trait au financement des arts dans le but d\u2019am\u00e9liorer la pr\u00e9visibilit\u00e9, la clart\u00e9 et les services pour le secteur. L\u2019administration du Programme renouvel\u00e9 en soutien op\u00e9rationnel du gouvernement\" \/>\n<meta property=\"og:url\" content=\"https:\/\/artsnb.ca\/web\/2026\/03\/arts-board-to-administer-governments-operational-funding-of-arts-organizations\/?lang=fr\" \/>\n<meta property=\"og:site_name\" content=\"ArtsNB\" \/>\n<meta property=\"article:publisher\" content=\"https:\/\/www.facebook.com\/artsnb\/\" \/>\n<meta property=\"article:published_time\" content=\"2026-03-13T13:30:00+00:00\" \/>\n<meta property=\"article:modified_time\" content=\"2026-03-19T19:57:28+00:00\" \/>\n<meta property=\"og:image\" content=\"https:\/\/artsnb.ca\/web\/wp-content\/uploads\/2026\/03\/650671284_920891554073818_5630136466969656136_n.jpg\" \/>\n\t<meta property=\"og:image:width\" content=\"526\" \/>\n\t<meta property=\"og:image:height\" content=\"526\" \/>\n\t<meta property=\"og:image:type\" content=\"image\/jpeg\" \/>\n<meta name=\"author\" content=\"Audr\u00e9e Hamelin-St-Amour\" \/>\n<meta name=\"twitter:card\" content=\"summary_large_image\" \/>\n<meta name=\"twitter:creator\" content=\"@artsnb\" \/>\n<meta name=\"twitter:site\" content=\"@artsnb\" \/>\n<meta name=\"twitter:label1\" content=\"Written by\" \/>\n\t<meta name=\"twitter:data1\" content=\"Audr\u00e9e Hamelin-St-Amour\" \/>\n\t<meta name=\"twitter:label2\" content=\"Est. reading time\" \/>\n\t<meta name=\"twitter:data2\" content=\"2 minutes\" \/>\n<script type=\"application\/ld+json\" class=\"yoast-schema-graph\">{\"@context\":\"https:\\\/\\\/schema.org\",\"@graph\":[{\"@type\":\"Article\",\"@id\":\"https:\\\/\\\/artsnb.ca\\\/web\\\/2026\\\/03\\\/arts-board-to-administer-governments-operational-funding-of-arts-organizations\\\/?lang=fr#article\",\"isPartOf\":{\"@id\":\"https:\\\/\\\/artsnb.ca\\\/web\\\/2026\\\/03\\\/arts-board-to-administer-governments-operational-funding-of-arts-organizations\\\/?lang=fr\"},\"author\":{\"name\":\"Audr\u00e9e Hamelin-St-Amour\",\"@id\":\"https:\\\/\\\/artsnb.ca\\\/web\\\/#\\\/schema\\\/person\\\/0b27fd6d6a25d6f2ea4aec5ed5875733\"},\"headline\":\"Le Conseil des arts administrera les fonds de fonctionnement du gouvernement destin\u00e9s aux organismes artistiques\",\"datePublished\":\"2026-03-13T13:30:00+00:00\",\"dateModified\":\"2026-03-19T19:57:28+00:00\",\"mainEntityOfPage\":{\"@id\":\"https:\\\/\\\/artsnb.ca\\\/web\\\/2026\\\/03\\\/arts-board-to-administer-governments-operational-funding-of-arts-organizations\\\/?lang=fr\"},\"wordCount\":479,\"commentCount\":0,\"publisher\":{\"@id\":\"https:\\\/\\\/artsnb.ca\\\/web\\\/#organization\"},\"image\":{\"@id\":\"https:\\\/\\\/artsnb.ca\\\/web\\\/2026\\\/03\\\/arts-board-to-administer-governments-operational-funding-of-arts-organizations\\\/?lang=fr#primaryimage\"},\"thumbnailUrl\":\"https:\\\/\\\/artsnb.ca\\\/web\\\/wp-content\\\/uploads\\\/2026\\\/03\\\/650671284_920891554073818_5630136466969656136_n.jpg\",\"articleSection\":[\"Communiqu\u00e9s de presse\",\"Toutes les Nouvelles\"],\"inLanguage\":\"en-US\",\"potentialAction\":[{\"@type\":\"CommentAction\",\"name\":\"Comment\",\"target\":[\"https:\\\/\\\/artsnb.ca\\\/web\\\/2026\\\/03\\\/arts-board-to-administer-governments-operational-funding-of-arts-organizations\\\/?lang=fr#respond\"]}]},{\"@type\":\"WebPage\",\"@id\":\"https:\\\/\\\/artsnb.ca\\\/web\\\/2026\\\/03\\\/arts-board-to-administer-governments-operational-funding-of-arts-organizations\\\/?lang=fr\",\"url\":\"https:\\\/\\\/artsnb.ca\\\/web\\\/2026\\\/03\\\/arts-board-to-administer-governments-operational-funding-of-arts-organizations\\\/?lang=fr\",\"name\":\"Le Conseil des arts administrera les fonds de fonctionnement du gouvernement destin\u00e9s aux organismes artistiques - ArtsNB\",\"isPartOf\":{\"@id\":\"https:\\\/\\\/artsnb.ca\\\/web\\\/#website\"},\"primaryImageOfPage\":{\"@id\":\"https:\\\/\\\/artsnb.ca\\\/web\\\/2026\\\/03\\\/arts-board-to-administer-governments-operational-funding-of-arts-organizations\\\/?lang=fr#primaryimage\"},\"image\":{\"@id\":\"https:\\\/\\\/artsnb.ca\\\/web\\\/2026\\\/03\\\/arts-board-to-administer-governments-operational-funding-of-arts-organizations\\\/?lang=fr#primaryimage\"},\"thumbnailUrl\":\"https:\\\/\\\/artsnb.ca\\\/web\\\/wp-content\\\/uploads\\\/2026\\\/03\\\/650671284_920891554073818_5630136466969656136_n.jpg\",\"datePublished\":\"2026-03-13T13:30:00+00:00\",\"dateModified\":\"2026-03-19T19:57:28+00:00\",\"breadcrumb\":{\"@id\":\"https:\\\/\\\/artsnb.ca\\\/web\\\/2026\\\/03\\\/arts-board-to-administer-governments-operational-funding-of-arts-organizations\\\/?lang=fr#breadcrumb\"},\"inLanguage\":\"en-US\",\"potentialAction\":[{\"@type\":\"ReadAction\",\"target\":[\"https:\\\/\\\/artsnb.ca\\\/web\\\/2026\\\/03\\\/arts-board-to-administer-governments-operational-funding-of-arts-organizations\\\/?lang=fr\"]}]},{\"@type\":\"ImageObject\",\"inLanguage\":\"en-US\",\"@id\":\"https:\\\/\\\/artsnb.ca\\\/web\\\/2026\\\/03\\\/arts-board-to-administer-governments-operational-funding-of-arts-organizations\\\/?lang=fr#primaryimage\",\"url\":\"https:\\\/\\\/artsnb.ca\\\/web\\\/wp-content\\\/uploads\\\/2026\\\/03\\\/650671284_920891554073818_5630136466969656136_n.jpg\",\"contentUrl\":\"https:\\\/\\\/artsnb.ca\\\/web\\\/wp-content\\\/uploads\\\/2026\\\/03\\\/650671284_920891554073818_5630136466969656136_n.jpg\",\"width\":526,\"height\":526},{\"@type\":\"BreadcrumbList\",\"@id\":\"https:\\\/\\\/artsnb.ca\\\/web\\\/2026\\\/03\\\/arts-board-to-administer-governments-operational-funding-of-arts-organizations\\\/?lang=fr#breadcrumb\",\"itemListElement\":[{\"@type\":\"ListItem\",\"position\":1,\"name\":\"Home\",\"item\":\"https:\\\/\\\/artsnb.ca\\\/web\\\/\"},{\"@type\":\"ListItem\",\"position\":2,\"name\":\"All News\",\"item\":\"https:\\\/\\\/artsnb.ca\\\/web\\\/category\\\/news\\\/\"},{\"@type\":\"ListItem\",\"position\":3,\"name\":\"Le Conseil des arts administrera les fonds de fonctionnement du gouvernement destin\u00e9s aux organismes artistiques\"}]},{\"@type\":\"WebSite\",\"@id\":\"https:\\\/\\\/artsnb.ca\\\/web\\\/#website\",\"url\":\"https:\\\/\\\/artsnb.ca\\\/web\\\/\",\"name\":\"ArtsNB\",\"description\":\"EXCELLENCE. PROFESSIONALISM. INNOVATION.\",\"publisher\":{\"@id\":\"https:\\\/\\\/artsnb.ca\\\/web\\\/#organization\"},\"potentialAction\":[{\"@type\":\"SearchAction\",\"target\":{\"@type\":\"EntryPoint\",\"urlTemplate\":\"https:\\\/\\\/artsnb.ca\\\/web\\\/?s={search_term_string}\"},\"query-input\":{\"@type\":\"PropertyValueSpecification\",\"valueRequired\":true,\"valueName\":\"search_term_string\"}}],\"inLanguage\":\"en-US\"},{\"@type\":\"Organization\",\"@id\":\"https:\\\/\\\/artsnb.ca\\\/web\\\/#organization\",\"name\":\"ArtsNB\",\"url\":\"https:\\\/\\\/artsnb.ca\\\/web\\\/\",\"logo\":{\"@type\":\"ImageObject\",\"inLanguage\":\"en-US\",\"@id\":\"https:\\\/\\\/artsnb.ca\\\/web\\\/#\\\/schema\\\/logo\\\/image\\\/\",\"url\":\"https:\\\/\\\/artsnb.ca\\\/web\\\/wp-content\\\/uploads\\\/2024\\\/04\\\/cropped-artsnb-PrimaryLogo-vertical-HiRes-2.jpg\",\"contentUrl\":\"https:\\\/\\\/artsnb.ca\\\/web\\\/wp-content\\\/uploads\\\/2024\\\/04\\\/cropped-artsnb-PrimaryLogo-vertical-HiRes-2.jpg\",\"width\":1698,\"height\":1223,\"caption\":\"ArtsNB\"},\"image\":{\"@id\":\"https:\\\/\\\/artsnb.ca\\\/web\\\/#\\\/schema\\\/logo\\\/image\\\/\"},\"sameAs\":[\"https:\\\/\\\/www.facebook.com\\\/artsnb\\\/\",\"https:\\\/\\\/x.com\\\/artsnb\",\"https:\\\/\\\/www.instagram.com\\\/artsnb\\\/\"]},{\"@type\":\"Person\",\"@id\":\"https:\\\/\\\/artsnb.ca\\\/web\\\/#\\\/schema\\\/person\\\/0b27fd6d6a25d6f2ea4aec5ed5875733\",\"name\":\"Audr\u00e9e Hamelin-St-Amour\",\"image\":{\"@type\":\"ImageObject\",\"inLanguage\":\"en-US\",\"@id\":\"https:\\\/\\\/secure.gravatar.com\\\/avatar\\\/981b3d9c0acc0d9eb42cca12e20517fd09aaa3096a58675f7249e03c8f119703?s=96&d=mm&r=g\",\"url\":\"https:\\\/\\\/secure.gravatar.com\\\/avatar\\\/981b3d9c0acc0d9eb42cca12e20517fd09aaa3096a58675f7249e03c8f119703?s=96&d=mm&r=g\",\"contentUrl\":\"https:\\\/\\\/secure.gravatar.com\\\/avatar\\\/981b3d9c0acc0d9eb42cca12e20517fd09aaa3096a58675f7249e03c8f119703?s=96&d=mm&r=g\",\"caption\":\"Audr\u00e9e Hamelin-St-Amour\"},\"sameAs\":[\"https:\\\/\\\/artsb.ca\"],\"url\":\"https:\\\/\\\/artsnb.ca\\\/web\\\/author\\\/audree\\\/\"}]}<\/script>\n<!-- \/ Yoast SEO plugin. -->","yoast_head_json":{"title":"Le Conseil des arts administrera les fonds de fonctionnement du gouvernement destin\u00e9s aux organismes artistiques - ArtsNB","robots":{"index":"index","follow":"follow","max-snippet":"max-snippet:-1","max-image-preview":"max-image-preview:large","max-video-preview":"max-video-preview:-1"},"canonical":"https:\/\/artsnb.ca\/web\/2026\/03\/arts-board-to-administer-governments-operational-funding-of-arts-organizations\/","og_locale":"en_US","og_type":"article","og_title":"Le Conseil des arts administrera les fonds de fonctionnement du gouvernement destin\u00e9s aux organismes artistiques - ArtsNB","og_description":"Communiqu\u00e9 &#8211; Minist\u00e8re du Tourisme, du Patrimoine et de la Culture 13 mars 2026 FREDERICTON (GNB) \u2013 Le gouvernement adopte une nouvelle approche en ce qui a trait au financement des arts dans le but d\u2019am\u00e9liorer la pr\u00e9visibilit\u00e9, la clart\u00e9 et les services pour le secteur. L\u2019administration du Programme renouvel\u00e9 en soutien op\u00e9rationnel du gouvernement","og_url":"https:\/\/artsnb.ca\/web\/2026\/03\/arts-board-to-administer-governments-operational-funding-of-arts-organizations\/?lang=fr","og_site_name":"ArtsNB","article_publisher":"https:\/\/www.facebook.com\/artsnb\/","article_published_time":"2026-03-13T13:30:00+00:00","article_modified_time":"2026-03-19T19:57:28+00:00","og_image":[{"width":526,"height":526,"url":"https:\/\/artsnb.ca\/web\/wp-content\/uploads\/2026\/03\/650671284_920891554073818_5630136466969656136_n.jpg","type":"image\/jpeg"}],"author":"Audr\u00e9e Hamelin-St-Amour","twitter_card":"summary_large_image","twitter_creator":"@artsnb","twitter_site":"@artsnb","twitter_misc":{"Written by":"Audr\u00e9e Hamelin-St-Amour","Est. reading time":"2 minutes"},"schema":{"@context":"https:\/\/schema.org","@graph":[{"@type":"Article","@id":"https:\/\/artsnb.ca\/web\/2026\/03\/arts-board-to-administer-governments-operational-funding-of-arts-organizations\/?lang=fr#article","isPartOf":{"@id":"https:\/\/artsnb.ca\/web\/2026\/03\/arts-board-to-administer-governments-operational-funding-of-arts-organizations\/?lang=fr"},"author":{"name":"Audr\u00e9e Hamelin-St-Amour","@id":"https:\/\/artsnb.ca\/web\/#\/schema\/person\/0b27fd6d6a25d6f2ea4aec5ed5875733"},"headline":"Le Conseil des arts administrera les fonds de fonctionnement du gouvernement destin\u00e9s aux organismes artistiques","datePublished":"2026-03-13T13:30:00+00:00","dateModified":"2026-03-19T19:57:28+00:00","mainEntityOfPage":{"@id":"https:\/\/artsnb.ca\/web\/2026\/03\/arts-board-to-administer-governments-operational-funding-of-arts-organizations\/?lang=fr"},"wordCount":479,"commentCount":0,"publisher":{"@id":"https:\/\/artsnb.ca\/web\/#organization"},"image":{"@id":"https:\/\/artsnb.ca\/web\/2026\/03\/arts-board-to-administer-governments-operational-funding-of-arts-organizations\/?lang=fr#primaryimage"},"thumbnailUrl":"https:\/\/artsnb.ca\/web\/wp-content\/uploads\/2026\/03\/650671284_920891554073818_5630136466969656136_n.jpg","articleSection":["Communiqu\u00e9s de presse","Toutes les Nouvelles"],"inLanguage":"en-US","potentialAction":[{"@type":"CommentAction","name":"Comment","target":["https:\/\/artsnb.ca\/web\/2026\/03\/arts-board-to-administer-governments-operational-funding-of-arts-organizations\/?lang=fr#respond"]}]},{"@type":"WebPage","@id":"https:\/\/artsnb.ca\/web\/2026\/03\/arts-board-to-administer-governments-operational-funding-of-arts-organizations\/?lang=fr","url":"https:\/\/artsnb.ca\/web\/2026\/03\/arts-board-to-administer-governments-operational-funding-of-arts-organizations\/?lang=fr","name":"Le Conseil des arts administrera les fonds de fonctionnement du gouvernement destin\u00e9s aux organismes artistiques - ArtsNB","isPartOf":{"@id":"https:\/\/artsnb.ca\/web\/#website"},"primaryImageOfPage":{"@id":"https:\/\/artsnb.ca\/web\/2026\/03\/arts-board-to-administer-governments-operational-funding-of-arts-organizations\/?lang=fr#primaryimage"},"image":{"@id":"https:\/\/artsnb.ca\/web\/2026\/03\/arts-board-to-administer-governments-operational-funding-of-arts-organizations\/?lang=fr#primaryimage"},"thumbnailUrl":"https:\/\/artsnb.ca\/web\/wp-content\/uploads\/2026\/03\/650671284_920891554073818_5630136466969656136_n.jpg","datePublished":"2026-03-13T13:30:00+00:00","dateModified":"2026-03-19T19:57:28+00:00","breadcrumb":{"@id":"https:\/\/artsnb.ca\/web\/2026\/03\/arts-board-to-administer-governments-operational-funding-of-arts-organizations\/?lang=fr#breadcrumb"},"inLanguage":"en-US","potentialAction":[{"@type":"ReadAction","target":["https:\/\/artsnb.ca\/web\/2026\/03\/arts-board-to-administer-governments-operational-funding-of-arts-organizations\/?lang=fr"]}]},{"@type":"ImageObject","inLanguage":"en-US","@id":"https:\/\/artsnb.ca\/web\/2026\/03\/arts-board-to-administer-governments-operational-funding-of-arts-organizations\/?lang=fr#primaryimage","url":"https:\/\/artsnb.ca\/web\/wp-content\/uploads\/2026\/03\/650671284_920891554073818_5630136466969656136_n.jpg","contentUrl":"https:\/\/artsnb.ca\/web\/wp-content\/uploads\/2026\/03\/650671284_920891554073818_5630136466969656136_n.jpg","width":526,"height":526},{"@type":"BreadcrumbList","@id":"https:\/\/artsnb.ca\/web\/2026\/03\/arts-board-to-administer-governments-operational-funding-of-arts-organizations\/?lang=fr#breadcrumb","itemListElement":[{"@type":"ListItem","position":1,"name":"Home","item":"https:\/\/artsnb.ca\/web\/"},{"@type":"ListItem","position":2,"name":"All News","item":"https:\/\/artsnb.ca\/web\/category\/news\/"},{"@type":"ListItem","position":3,"name":"Le Conseil des arts administrera les fonds de fonctionnement du gouvernement destin\u00e9s aux organismes artistiques"}]},{"@type":"WebSite","@id":"https:\/\/artsnb.ca\/web\/#website","url":"https:\/\/artsnb.ca\/web\/","name":"ArtsNB","description":"EXCELLENCE. PROFESSIONALISM. INNOVATION.","publisher":{"@id":"https:\/\/artsnb.ca\/web\/#organization"},"potentialAction":[{"@type":"SearchAction","target":{"@type":"EntryPoint","urlTemplate":"https:\/\/artsnb.ca\/web\/?s={search_term_string}"},"query-input":{"@type":"PropertyValueSpecification","valueRequired":true,"valueName":"search_term_string"}}],"inLanguage":"en-US"},{"@type":"Organization","@id":"https:\/\/artsnb.ca\/web\/#organization","name":"ArtsNB","url":"https:\/\/artsnb.ca\/web\/","logo":{"@type":"ImageObject","inLanguage":"en-US","@id":"https:\/\/artsnb.ca\/web\/#\/schema\/logo\/image\/","url":"https:\/\/artsnb.ca\/web\/wp-content\/uploads\/2024\/04\/cropped-artsnb-PrimaryLogo-vertical-HiRes-2.jpg","contentUrl":"https:\/\/artsnb.ca\/web\/wp-content\/uploads\/2024\/04\/cropped-artsnb-PrimaryLogo-vertical-HiRes-2.jpg","width":1698,"height":1223,"caption":"ArtsNB"},"image":{"@id":"https:\/\/artsnb.ca\/web\/#\/schema\/logo\/image\/"},"sameAs":["https:\/\/www.facebook.com\/artsnb\/","https:\/\/x.com\/artsnb","https:\/\/www.instagram.com\/artsnb\/"]},{"@type":"Person","@id":"https:\/\/artsnb.ca\/web\/#\/schema\/person\/0b27fd6d6a25d6f2ea4aec5ed5875733","name":"Audr\u00e9e Hamelin-St-Amour","image":{"@type":"ImageObject","inLanguage":"en-US","@id":"https:\/\/secure.gravatar.com\/avatar\/981b3d9c0acc0d9eb42cca12e20517fd09aaa3096a58675f7249e03c8f119703?s=96&d=mm&r=g","url":"https:\/\/secure.gravatar.com\/avatar\/981b3d9c0acc0d9eb42cca12e20517fd09aaa3096a58675f7249e03c8f119703?s=96&d=mm&r=g","contentUrl":"https:\/\/secure.gravatar.com\/avatar\/981b3d9c0acc0d9eb42cca12e20517fd09aaa3096a58675f7249e03c8f119703?s=96&d=mm&r=g","caption":"Audr\u00e9e Hamelin-St-Amour"},"sameAs":["https:\/\/artsb.ca"],"url":"https:\/\/artsnb.ca\/web\/author\/audree\/"}]}},"_links":{"self":[{"href":"https:\/\/artsnb.ca\/web\/wp-json\/wp\/v2\/posts\/23465","targetHints":{"allow":["GET"]}}],"collection":[{"href":"https:\/\/artsnb.ca\/web\/wp-json\/wp\/v2\/posts"}],"about":[{"href":"https:\/\/artsnb.ca\/web\/wp-json\/wp\/v2\/types\/post"}],"author":[{"embeddable":true,"href":"https:\/\/artsnb.ca\/web\/wp-json\/wp\/v2\/users\/7"}],"replies":[{"embeddable":true,"href":"https:\/\/artsnb.ca\/web\/wp-json\/wp\/v2\/comments?post=23465"}],"version-history":[{"count":3,"href":"https:\/\/artsnb.ca\/web\/wp-json\/wp\/v2\/posts\/23465\/revisions"}],"predecessor-version":[{"id":23469,"href":"https:\/\/artsnb.ca\/web\/wp-json\/wp\/v2\/posts\/23465\/revisions\/23469"}],"wp:featuredmedia":[{"embeddable":true,"href":"https:\/\/artsnb.ca\/web\/wp-json\/wp\/v2\/media\/23612"}],"wp:attachment":[{"href":"https:\/\/artsnb.ca\/web\/wp-json\/wp\/v2\/media?parent=23465"}],"wp:term":[{"taxonomy":"category","embeddable":true,"href":"https:\/\/artsnb.ca\/web\/wp-json\/wp\/v2\/categories?post=23465"},{"taxonomy":"post_tag","embeddable":true,"href":"https:\/\/artsnb.ca\/web\/wp-json\/wp\/v2\/tags?post=23465"}],"curies":[{"name":"wp","href":"https:\/\/api.w.org\/{rel}","templated":true}]}}