{"id":3621,"date":"2014-10-08T00:00:00","date_gmt":"2014-10-08T00:00:00","guid":{"rendered":"https:\/\/staging-artsnb.weavercrawford.com\/la-question-de-jeunesse-dans-les-arts-et-la-culture\/"},"modified":"2019-11-07T00:54:26","modified_gmt":"2019-11-07T00:54:26","slug":"la-question-de-jeunesse-dans-les-arts-et-la-culture","status":"publish","type":"post","link":"https:\/\/artsnb.ca\/web\/2014\/10\/la-question-de-jeunesse-dans-les-arts-et-la-culture\/?lang=fr","title":{"rendered":"La question de jeunesse dans les arts et la culture"},"content":{"rendered":"<h3>La question de jeunesse dans les arts et la culture<\/h3>\n<p>Justine Koroscil, directrice d\u2019administration<\/p>\n<figure id=\"attachment_3234\" aria-describedby=\"caption-attachment-3234\" style=\"width: 167px\" class=\"wp-caption alignleft\"><a href=\"https:\/\/artsnb.ca\/web\/wp-content\/uploads\/2019\/09\/Justine.jpg\" target=\"_blank\" rel=\"noopener noreferrer\"><img loading=\"lazy\" decoding=\"async\" class=\"size-medium wp-image-3234 \" alt=\"Justine\" src=\"https:\/\/artsnb.ca\/web\/wp-content\/uploads\/2019\/09\/Justine.jpg\" width=\"167\" height=\"300\" \/><\/a><figcaption id=\"caption-attachment-3234\" class=\"wp-caption-text\">Justine Koroscil, directrice administrative<\/figcaption><\/figure>\n<p>Gr\u00e2ce \u00e0 ma formation professionnelle et l&#8217;exp\u00e9rience de travail \u00e0 <b>artsnb<\/b>, j&#8217;ai eu le plaisir de rencontrer les jeunes entrepreneurs et artistes de partout dans les Maritimes. En mai 2014, j&#8217;ai assist\u00e9 \u00e0 la conf\u00e9rence nationale du Conseil canadien de la PME et de l&#8217;entrepreneuriat (<a href=\"http:\/\/www.ccsbe.org\/\">CCPME<\/a>) qui a \u00e9t\u00e9 organis\u00e9e par le Centre pour l&#8217;entreprenariat, l&#8217;\u00e9ducation et le d\u00e9veloppement (<a href=\"http:\/\/www.ceed.ca\/\">CEED<\/a>) \u00e0 Antigonish, en Nouvelle-\u00c9cosse. Au cours de cette conf\u00e9rence, il y avait une journ\u00e9e d\u00e9di\u00e9e aux jeunes artistes qui souhaite devenir entrepreneur dans leur domaine\/m\u00e9tier. En rencontrant de jeunes artistes, j&#8217;ai r\u00e9alis\u00e9 combien il peut \u00eatre difficile pour un artiste de croire en leur m\u00e9tier et continuer \u00e0 la prochaine \u00e9tape lorsque le soutien de leur communaut\u00e9 ou de ses pairs est absent.<\/p>\n<p>Ces artistes avaient d&#8217;excellentes id\u00e9es et des pr\u00e9occupations au sujet de la question de jeunesse dans les arts et la culture. Par exemple, si vous \u00eates un jeune musicien mineur avec votre propre groupe, il y a de la difficult\u00e9 \u00e0 trouver un lieu pour jouer de la musique \u2014 il semble y avoir une plus grande n\u00e9cessit\u00e9 pour des lieux pour tous les \u00e2ges, car ils peuvent \u00eatre tr\u00e8s b\u00e9n\u00e9fiques pour les artistes. Ces types de sites offrent des occasions de se connecter avec leurs pairs, de rencontrer d&#8217;autres artistes et d\u2019encourager les collaborations.<\/p>\n<p>La r\u00e9alit\u00e9, c&#8217;est qu&#8217;il y a de jeunes artistes qui ne savent pas comment acc\u00e9der \u00e0 ces ressources ou m\u00eame pas qu&#8217;ils existent. La Fondation Micha\u00eblle Jean, par exemple, a un <a href=\"http:\/\/www.fmjf.ca\/fr\/programmes\/action-communautaire-jeunesse\/\">programme d&#8217;action communautaire Jeunesse<\/a> qui finance des organisations cr\u00e9\u00e9es par les jeunes. Le programme utilise l&#8217;art pour aborder les questions qui touchent nos communaut\u00e9s et aide les jeunes \u00e0 d\u00e9velopper des strat\u00e9gies de changement bas\u00e9es sur les arts. Ryan Veltmeyer et Ann Denny de <a href=\"http:\/\/youthartconnection.ca\/\">Youth Art Connection<\/a> bas\u00e9 \u00e0 Halifax, NS avec CEED ont travaill\u00e9 ensemble pour offrir un programme pour les jeunes artistes appel\u00e9s ArtPreneurs. Le programme ARTpreneur prend en charge un petit groupe de jeunes talentueux (choisis par leurs pairs) pour communiquer avec les professionnels, les organisations et les entreprises afin de cr\u00e9er des produits ou des possibilit\u00e9s en utilisant leurs talents cr\u00e9atifs. Le programme ARTpreneur offre \u00e9galement un soutien pour les jeunes pour obtenir un emploi, \u00e0 d\u00e9marrer leur propre entreprise ou poursuivre des \u00e9tudes dans leur discipline. Il a d\u00e9j\u00e0 eu un impact! Beaucoup d&#8217;artistes qui ont \u00e9t\u00e9 accept\u00e9s dans le programme ont \u00e9tabli des liens et ont progress\u00e9 dans leur carri\u00e8re d&#8217;artistes, et certains d&#8217;entre eux ne sont m\u00eame pas dans leur derni\u00e8re ann\u00e9e d\u2019\u00e9cole secondaire!<\/p>\n<figure id=\"attachment_3235\" aria-describedby=\"caption-attachment-3235\" style=\"width: 227px\" class=\"wp-caption alignleft\"><a href=\"https:\/\/artsnb.ca\/web\/wp-content\/uploads\/2019\/09\/Justine2.jpg\" target=\"_blank\" rel=\"noopener noreferrer\"><img loading=\"lazy\" decoding=\"async\" class=\"size-medium wp-image-3235\" alt=\"Justine2\" src=\"https:\/\/artsnb.ca\/web\/wp-content\/uploads\/2019\/09\/Justine2.jpg\" width=\"227\" height=\"300\" \/><\/a><figcaption id=\"caption-attachment-3235\" class=\"wp-caption-text\">Gavin Sheppard, directeur g\u00e9n\u00e9ral et cofondateur du projet Remix<\/figcaption><\/figure>\n<p>Je me suis rendu compte qu&#8217;il est de plus en plus facile de se connecter \u00e0 un public et de recevoir le soutien d&#8217;un groupe de pairs \u00e0 travers les m\u00e9dias sociaux et l&#8217;Internet qu\u2019il est de se sentir soutenu par votre propre communaut\u00e9. Gavin Sheppard, directeur g\u00e9n\u00e9ral et cofondateur du <a href=\"http:\/\/toronto.theremixproject.com\/\" target=\"_blank\" rel=\"noopener noreferrer\">projet Remix<\/a>, qui est un incubateur des arts et de la culture, travaille avec des jeunes \u00ab\u00a0\u00e0 risque\u00a0\u00bb, \u00e9tait \u00e0 cette conf\u00e9rence et a organis\u00e9 des ateliers pour les ArtPreneurs. Sa pr\u00e9sentation \u00e0 la conf\u00e9rence \u00e9tait tr\u00e8s inspirante pour moi. Gavin appelle aux municipalit\u00e9s, le gouvernement et les organisations \u00e0 engager les jeunes dans leurs processus de prise de d\u00e9cision. Il m&#8217;a permis de r\u00e9fl\u00e9chir sur les plafonds de verre dans ma vie comme une jeune artiste\/musicienne. Il serait formidable d&#8217;avoir un mouvement de jeunesse dans notre pays, y compris un repr\u00e9sentant jeunesse dur chaque conseil, comit\u00e9 et organisation du Canada. Il n\u2019est peut-\u00eatre pas une t\u00e2che facile, mais quand les d\u00e9cisions sont prises au sujet des jeunes dans nos communaut\u00e9s, ne serait-il pas g\u00e9nial d&#8217;entendre d&#8217;eux directement?<\/p>\n<p>Ici, \u00e0 <b>artsnb<\/b>, nous avons un petit comit\u00e9 appel\u00e9 la Commission de la jeunesse sur les arts. Ce comit\u00e9 a \u00e9t\u00e9 cr\u00e9\u00e9 pour conseiller <b>artsnb<\/b> sur les enjeux de jeunes artistes dans notre province. C&#8217;est mon espoir que dans mon temps qui reste \u00e0 <b>artsnb<\/b> je peux continuer \u00e0 poursuivre le travail que le comit\u00e9 a fait en invitant des artistes plus jeunes \u00e0 faire partie du comit\u00e9 et leur donner une voix. Ensemble, nous pouvons examiner les questions qui se posent les jeunes artistes dans notre province et de leur fournir les outils n\u00e9cessaires pour devenir un ARTpreneur!<\/p>\n<p>&nbsp;<\/p>\n","protected":false},"excerpt":{"rendered":"<p>La question de jeunesse dans les arts et la culture Justine Koroscil, directrice d\u2019administration Gr\u00e2ce \u00e0 ma formation professionnelle et l&#8217;exp\u00e9rience de travail \u00e0 artsnb, j&#8217;ai eu le plaisir de rencontrer les jeunes entrepreneurs et artistes de partout dans les Maritimes. En mai 2014, j&#8217;ai assist\u00e9 \u00e0 la conf\u00e9rence nationale du Conseil canadien de la<\/p>\n","protected":false},"author":6,"featured_media":2873,"comment_status":"open","ping_status":"open","sticky":false,"template":"","format":"standard","meta":{"_acf_changed":false,"footnotes":""},"categories":[87],"tags":[],"class_list":["post-3621","post","type-post","status-publish","format-standard","has-post-thumbnail","hentry","category-blogue"],"acf":[],"yoast_head":"<!-- This site is optimized with the Yoast SEO plugin v27.5 - https:\/\/yoast.com\/product\/yoast-seo-wordpress\/ -->\n<title>La question de jeunesse dans les arts et la culture - ArtsNB<\/title>\n<meta name=\"robots\" content=\"index, follow, max-snippet:-1, max-image-preview:large, max-video-preview:-1\" \/>\n<link rel=\"canonical\" href=\"https:\/\/artsnb.ca\/web\/2014\/10\/la-question-de-jeunesse-dans-les-arts-et-la-culture\/\" \/>\n<meta property=\"og:locale\" content=\"en_US\" \/>\n<meta property=\"og:type\" content=\"article\" \/>\n<meta property=\"og:title\" content=\"La question de jeunesse dans les arts et la culture - ArtsNB\" \/>\n<meta property=\"og:description\" content=\"La question de jeunesse dans les arts et la culture Justine Koroscil, directrice d\u2019administration Gr\u00e2ce \u00e0 ma formation professionnelle et l&#8217;exp\u00e9rience de travail \u00e0 artsnb, j&#8217;ai eu le plaisir de rencontrer les jeunes entrepreneurs et artistes de partout dans les Maritimes. En mai 2014, j&#8217;ai assist\u00e9 \u00e0 la conf\u00e9rence nationale du Conseil canadien de la\" \/>\n<meta property=\"og:url\" content=\"https:\/\/artsnb.ca\/web\/2014\/10\/la-question-de-jeunesse-dans-les-arts-et-la-culture\/?lang=fr\" \/>\n<meta property=\"og:site_name\" content=\"ArtsNB\" \/>\n<meta property=\"article:publisher\" content=\"https:\/\/www.facebook.com\/artsnb\/\" \/>\n<meta property=\"article:published_time\" content=\"2014-10-08T00:00:00+00:00\" \/>\n<meta property=\"article:modified_time\" content=\"2019-11-07T00:54:26+00:00\" \/>\n<meta property=\"og:image\" content=\"https:\/\/artsnb.ca\/web\/wp-content\/uploads\/2019\/09\/Justine.jpg\" \/>\n\t<meta property=\"og:image:width\" content=\"2448\" \/>\n\t<meta property=\"og:image:height\" content=\"2420\" \/>\n\t<meta property=\"og:image:type\" content=\"image\/jpeg\" \/>\n<meta name=\"author\" content=\"R\u00e9anne Cooper\" \/>\n<meta name=\"twitter:card\" content=\"summary_large_image\" \/>\n<meta name=\"twitter:creator\" content=\"@artsnb\" \/>\n<meta name=\"twitter:site\" content=\"@artsnb\" \/>\n<meta name=\"twitter:label1\" content=\"Written by\" \/>\n\t<meta name=\"twitter:data1\" content=\"R\u00e9anne Cooper\" \/>\n\t<meta name=\"twitter:label2\" content=\"Est. reading time\" \/>\n\t<meta name=\"twitter:data2\" content=\"4 minutes\" \/>\n<script type=\"application\/ld+json\" class=\"yoast-schema-graph\">{\"@context\":\"https:\\\/\\\/schema.org\",\"@graph\":[{\"@type\":\"Article\",\"@id\":\"https:\\\/\\\/artsnb.ca\\\/web\\\/2014\\\/10\\\/la-question-de-jeunesse-dans-les-arts-et-la-culture\\\/?lang=fr#article\",\"isPartOf\":{\"@id\":\"https:\\\/\\\/artsnb.ca\\\/web\\\/2014\\\/10\\\/la-question-de-jeunesse-dans-les-arts-et-la-culture\\\/?lang=fr\"},\"author\":{\"name\":\"R\u00e9anne Cooper\",\"@id\":\"https:\\\/\\\/artsnb.ca\\\/web\\\/#\\\/schema\\\/person\\\/012ecc8a59328615becff4af8bf0c2b9\"},\"headline\":\"La question de jeunesse dans les arts et la culture\",\"datePublished\":\"2014-10-08T00:00:00+00:00\",\"dateModified\":\"2019-11-07T00:54:26+00:00\",\"mainEntityOfPage\":{\"@id\":\"https:\\\/\\\/artsnb.ca\\\/web\\\/2014\\\/10\\\/la-question-de-jeunesse-dans-les-arts-et-la-culture\\\/?lang=fr\"},\"wordCount\":819,\"commentCount\":0,\"publisher\":{\"@id\":\"https:\\\/\\\/artsnb.ca\\\/web\\\/#organization\"},\"image\":{\"@id\":\"https:\\\/\\\/artsnb.ca\\\/web\\\/2014\\\/10\\\/la-question-de-jeunesse-dans-les-arts-et-la-culture\\\/?lang=fr#primaryimage\"},\"thumbnailUrl\":\"https:\\\/\\\/artsnb.ca\\\/web\\\/wp-content\\\/uploads\\\/2019\\\/09\\\/Justine.jpg\",\"articleSection\":[\"Blogue\"],\"inLanguage\":\"en-US\",\"potentialAction\":[{\"@type\":\"CommentAction\",\"name\":\"Comment\",\"target\":[\"https:\\\/\\\/artsnb.ca\\\/web\\\/2014\\\/10\\\/la-question-de-jeunesse-dans-les-arts-et-la-culture\\\/?lang=fr#respond\"]}]},{\"@type\":\"WebPage\",\"@id\":\"https:\\\/\\\/artsnb.ca\\\/web\\\/2014\\\/10\\\/la-question-de-jeunesse-dans-les-arts-et-la-culture\\\/?lang=fr\",\"url\":\"https:\\\/\\\/artsnb.ca\\\/web\\\/2014\\\/10\\\/la-question-de-jeunesse-dans-les-arts-et-la-culture\\\/?lang=fr\",\"name\":\"La question de jeunesse dans les arts et la culture - ArtsNB\",\"isPartOf\":{\"@id\":\"https:\\\/\\\/artsnb.ca\\\/web\\\/#website\"},\"primaryImageOfPage\":{\"@id\":\"https:\\\/\\\/artsnb.ca\\\/web\\\/2014\\\/10\\\/la-question-de-jeunesse-dans-les-arts-et-la-culture\\\/?lang=fr#primaryimage\"},\"image\":{\"@id\":\"https:\\\/\\\/artsnb.ca\\\/web\\\/2014\\\/10\\\/la-question-de-jeunesse-dans-les-arts-et-la-culture\\\/?lang=fr#primaryimage\"},\"thumbnailUrl\":\"https:\\\/\\\/artsnb.ca\\\/web\\\/wp-content\\\/uploads\\\/2019\\\/09\\\/Justine.jpg\",\"datePublished\":\"2014-10-08T00:00:00+00:00\",\"dateModified\":\"2019-11-07T00:54:26+00:00\",\"breadcrumb\":{\"@id\":\"https:\\\/\\\/artsnb.ca\\\/web\\\/2014\\\/10\\\/la-question-de-jeunesse-dans-les-arts-et-la-culture\\\/?lang=fr#breadcrumb\"},\"inLanguage\":\"en-US\",\"potentialAction\":[{\"@type\":\"ReadAction\",\"target\":[\"https:\\\/\\\/artsnb.ca\\\/web\\\/2014\\\/10\\\/la-question-de-jeunesse-dans-les-arts-et-la-culture\\\/?lang=fr\"]}]},{\"@type\":\"ImageObject\",\"inLanguage\":\"en-US\",\"@id\":\"https:\\\/\\\/artsnb.ca\\\/web\\\/2014\\\/10\\\/la-question-de-jeunesse-dans-les-arts-et-la-culture\\\/?lang=fr#primaryimage\",\"url\":\"https:\\\/\\\/artsnb.ca\\\/web\\\/wp-content\\\/uploads\\\/2019\\\/09\\\/Justine.jpg\",\"contentUrl\":\"https:\\\/\\\/artsnb.ca\\\/web\\\/wp-content\\\/uploads\\\/2019\\\/09\\\/Justine.jpg\",\"width\":2448,\"height\":2420},{\"@type\":\"BreadcrumbList\",\"@id\":\"https:\\\/\\\/artsnb.ca\\\/web\\\/2014\\\/10\\\/la-question-de-jeunesse-dans-les-arts-et-la-culture\\\/?lang=fr#breadcrumb\",\"itemListElement\":[{\"@type\":\"ListItem\",\"position\":1,\"name\":\"Home\",\"item\":\"https:\\\/\\\/artsnb.ca\\\/web\\\/\"},{\"@type\":\"ListItem\",\"position\":2,\"name\":\"Blog\",\"item\":\"https:\\\/\\\/artsnb.ca\\\/web\\\/category\\\/blog\\\/\"},{\"@type\":\"ListItem\",\"position\":3,\"name\":\"La question de jeunesse dans les arts et la culture\"}]},{\"@type\":\"WebSite\",\"@id\":\"https:\\\/\\\/artsnb.ca\\\/web\\\/#website\",\"url\":\"https:\\\/\\\/artsnb.ca\\\/web\\\/\",\"name\":\"ArtsNB\",\"description\":\"EXCELLENCE. PROFESSIONALISM. INNOVATION.\",\"publisher\":{\"@id\":\"https:\\\/\\\/artsnb.ca\\\/web\\\/#organization\"},\"potentialAction\":[{\"@type\":\"SearchAction\",\"target\":{\"@type\":\"EntryPoint\",\"urlTemplate\":\"https:\\\/\\\/artsnb.ca\\\/web\\\/?s={search_term_string}\"},\"query-input\":{\"@type\":\"PropertyValueSpecification\",\"valueRequired\":true,\"valueName\":\"search_term_string\"}}],\"inLanguage\":\"en-US\"},{\"@type\":\"Organization\",\"@id\":\"https:\\\/\\\/artsnb.ca\\\/web\\\/#organization\",\"name\":\"ArtsNB\",\"url\":\"https:\\\/\\\/artsnb.ca\\\/web\\\/\",\"logo\":{\"@type\":\"ImageObject\",\"inLanguage\":\"en-US\",\"@id\":\"https:\\\/\\\/artsnb.ca\\\/web\\\/#\\\/schema\\\/logo\\\/image\\\/\",\"url\":\"https:\\\/\\\/artsnb.ca\\\/web\\\/wp-content\\\/uploads\\\/2024\\\/04\\\/cropped-artsnb-PrimaryLogo-vertical-HiRes-2.jpg\",\"contentUrl\":\"https:\\\/\\\/artsnb.ca\\\/web\\\/wp-content\\\/uploads\\\/2024\\\/04\\\/cropped-artsnb-PrimaryLogo-vertical-HiRes-2.jpg\",\"width\":1698,\"height\":1223,\"caption\":\"ArtsNB\"},\"image\":{\"@id\":\"https:\\\/\\\/artsnb.ca\\\/web\\\/#\\\/schema\\\/logo\\\/image\\\/\"},\"sameAs\":[\"https:\\\/\\\/www.facebook.com\\\/artsnb\\\/\",\"https:\\\/\\\/x.com\\\/artsnb\",\"https:\\\/\\\/www.instagram.com\\\/artsnb\\\/\"]},{\"@type\":\"Person\",\"@id\":\"https:\\\/\\\/artsnb.ca\\\/web\\\/#\\\/schema\\\/person\\\/012ecc8a59328615becff4af8bf0c2b9\",\"name\":\"R\u00e9anne Cooper\",\"image\":{\"@type\":\"ImageObject\",\"inLanguage\":\"en-US\",\"@id\":\"https:\\\/\\\/secure.gravatar.com\\\/avatar\\\/1cb05192fe2229166d3916ce0ac0406517d29a24c32e183e81a0a810836dd14b?s=96&d=mm&r=g\",\"url\":\"https:\\\/\\\/secure.gravatar.com\\\/avatar\\\/1cb05192fe2229166d3916ce0ac0406517d29a24c32e183e81a0a810836dd14b?s=96&d=mm&r=g\",\"contentUrl\":\"https:\\\/\\\/secure.gravatar.com\\\/avatar\\\/1cb05192fe2229166d3916ce0ac0406517d29a24c32e183e81a0a810836dd14b?s=96&d=mm&r=g\",\"caption\":\"R\u00e9anne Cooper\"},\"url\":\"https:\\\/\\\/artsnb.ca\\\/web\\\/author\\\/reanne\\\/\"}]}<\/script>\n<!-- \/ Yoast SEO plugin. -->","yoast_head_json":{"title":"La question de jeunesse dans les arts et la culture - ArtsNB","robots":{"index":"index","follow":"follow","max-snippet":"max-snippet:-1","max-image-preview":"max-image-preview:large","max-video-preview":"max-video-preview:-1"},"canonical":"https:\/\/artsnb.ca\/web\/2014\/10\/la-question-de-jeunesse-dans-les-arts-et-la-culture\/","og_locale":"en_US","og_type":"article","og_title":"La question de jeunesse dans les arts et la culture - ArtsNB","og_description":"La question de jeunesse dans les arts et la culture Justine Koroscil, directrice d\u2019administration Gr\u00e2ce \u00e0 ma formation professionnelle et l&#8217;exp\u00e9rience de travail \u00e0 artsnb, j&#8217;ai eu le plaisir de rencontrer les jeunes entrepreneurs et artistes de partout dans les Maritimes. En mai 2014, j&#8217;ai assist\u00e9 \u00e0 la conf\u00e9rence nationale du Conseil canadien de la","og_url":"https:\/\/artsnb.ca\/web\/2014\/10\/la-question-de-jeunesse-dans-les-arts-et-la-culture\/?lang=fr","og_site_name":"ArtsNB","article_publisher":"https:\/\/www.facebook.com\/artsnb\/","article_published_time":"2014-10-08T00:00:00+00:00","article_modified_time":"2019-11-07T00:54:26+00:00","og_image":[{"width":2448,"height":2420,"url":"https:\/\/artsnb.ca\/web\/wp-content\/uploads\/2019\/09\/Justine.jpg","type":"image\/jpeg"}],"author":"R\u00e9anne Cooper","twitter_card":"summary_large_image","twitter_creator":"@artsnb","twitter_site":"@artsnb","twitter_misc":{"Written by":"R\u00e9anne Cooper","Est. reading time":"4 minutes"},"schema":{"@context":"https:\/\/schema.org","@graph":[{"@type":"Article","@id":"https:\/\/artsnb.ca\/web\/2014\/10\/la-question-de-jeunesse-dans-les-arts-et-la-culture\/?lang=fr#article","isPartOf":{"@id":"https:\/\/artsnb.ca\/web\/2014\/10\/la-question-de-jeunesse-dans-les-arts-et-la-culture\/?lang=fr"},"author":{"name":"R\u00e9anne Cooper","@id":"https:\/\/artsnb.ca\/web\/#\/schema\/person\/012ecc8a59328615becff4af8bf0c2b9"},"headline":"La question de jeunesse dans les arts et la culture","datePublished":"2014-10-08T00:00:00+00:00","dateModified":"2019-11-07T00:54:26+00:00","mainEntityOfPage":{"@id":"https:\/\/artsnb.ca\/web\/2014\/10\/la-question-de-jeunesse-dans-les-arts-et-la-culture\/?lang=fr"},"wordCount":819,"commentCount":0,"publisher":{"@id":"https:\/\/artsnb.ca\/web\/#organization"},"image":{"@id":"https:\/\/artsnb.ca\/web\/2014\/10\/la-question-de-jeunesse-dans-les-arts-et-la-culture\/?lang=fr#primaryimage"},"thumbnailUrl":"https:\/\/artsnb.ca\/web\/wp-content\/uploads\/2019\/09\/Justine.jpg","articleSection":["Blogue"],"inLanguage":"en-US","potentialAction":[{"@type":"CommentAction","name":"Comment","target":["https:\/\/artsnb.ca\/web\/2014\/10\/la-question-de-jeunesse-dans-les-arts-et-la-culture\/?lang=fr#respond"]}]},{"@type":"WebPage","@id":"https:\/\/artsnb.ca\/web\/2014\/10\/la-question-de-jeunesse-dans-les-arts-et-la-culture\/?lang=fr","url":"https:\/\/artsnb.ca\/web\/2014\/10\/la-question-de-jeunesse-dans-les-arts-et-la-culture\/?lang=fr","name":"La question de jeunesse dans les arts et la culture - ArtsNB","isPartOf":{"@id":"https:\/\/artsnb.ca\/web\/#website"},"primaryImageOfPage":{"@id":"https:\/\/artsnb.ca\/web\/2014\/10\/la-question-de-jeunesse-dans-les-arts-et-la-culture\/?lang=fr#primaryimage"},"image":{"@id":"https:\/\/artsnb.ca\/web\/2014\/10\/la-question-de-jeunesse-dans-les-arts-et-la-culture\/?lang=fr#primaryimage"},"thumbnailUrl":"https:\/\/artsnb.ca\/web\/wp-content\/uploads\/2019\/09\/Justine.jpg","datePublished":"2014-10-08T00:00:00+00:00","dateModified":"2019-11-07T00:54:26+00:00","breadcrumb":{"@id":"https:\/\/artsnb.ca\/web\/2014\/10\/la-question-de-jeunesse-dans-les-arts-et-la-culture\/?lang=fr#breadcrumb"},"inLanguage":"en-US","potentialAction":[{"@type":"ReadAction","target":["https:\/\/artsnb.ca\/web\/2014\/10\/la-question-de-jeunesse-dans-les-arts-et-la-culture\/?lang=fr"]}]},{"@type":"ImageObject","inLanguage":"en-US","@id":"https:\/\/artsnb.ca\/web\/2014\/10\/la-question-de-jeunesse-dans-les-arts-et-la-culture\/?lang=fr#primaryimage","url":"https:\/\/artsnb.ca\/web\/wp-content\/uploads\/2019\/09\/Justine.jpg","contentUrl":"https:\/\/artsnb.ca\/web\/wp-content\/uploads\/2019\/09\/Justine.jpg","width":2448,"height":2420},{"@type":"BreadcrumbList","@id":"https:\/\/artsnb.ca\/web\/2014\/10\/la-question-de-jeunesse-dans-les-arts-et-la-culture\/?lang=fr#breadcrumb","itemListElement":[{"@type":"ListItem","position":1,"name":"Home","item":"https:\/\/artsnb.ca\/web\/"},{"@type":"ListItem","position":2,"name":"Blog","item":"https:\/\/artsnb.ca\/web\/category\/blog\/"},{"@type":"ListItem","position":3,"name":"La question de jeunesse dans les arts et la culture"}]},{"@type":"WebSite","@id":"https:\/\/artsnb.ca\/web\/#website","url":"https:\/\/artsnb.ca\/web\/","name":"ArtsNB","description":"EXCELLENCE. PROFESSIONALISM. INNOVATION.","publisher":{"@id":"https:\/\/artsnb.ca\/web\/#organization"},"potentialAction":[{"@type":"SearchAction","target":{"@type":"EntryPoint","urlTemplate":"https:\/\/artsnb.ca\/web\/?s={search_term_string}"},"query-input":{"@type":"PropertyValueSpecification","valueRequired":true,"valueName":"search_term_string"}}],"inLanguage":"en-US"},{"@type":"Organization","@id":"https:\/\/artsnb.ca\/web\/#organization","name":"ArtsNB","url":"https:\/\/artsnb.ca\/web\/","logo":{"@type":"ImageObject","inLanguage":"en-US","@id":"https:\/\/artsnb.ca\/web\/#\/schema\/logo\/image\/","url":"https:\/\/artsnb.ca\/web\/wp-content\/uploads\/2024\/04\/cropped-artsnb-PrimaryLogo-vertical-HiRes-2.jpg","contentUrl":"https:\/\/artsnb.ca\/web\/wp-content\/uploads\/2024\/04\/cropped-artsnb-PrimaryLogo-vertical-HiRes-2.jpg","width":1698,"height":1223,"caption":"ArtsNB"},"image":{"@id":"https:\/\/artsnb.ca\/web\/#\/schema\/logo\/image\/"},"sameAs":["https:\/\/www.facebook.com\/artsnb\/","https:\/\/x.com\/artsnb","https:\/\/www.instagram.com\/artsnb\/"]},{"@type":"Person","@id":"https:\/\/artsnb.ca\/web\/#\/schema\/person\/012ecc8a59328615becff4af8bf0c2b9","name":"R\u00e9anne Cooper","image":{"@type":"ImageObject","inLanguage":"en-US","@id":"https:\/\/secure.gravatar.com\/avatar\/1cb05192fe2229166d3916ce0ac0406517d29a24c32e183e81a0a810836dd14b?s=96&d=mm&r=g","url":"https:\/\/secure.gravatar.com\/avatar\/1cb05192fe2229166d3916ce0ac0406517d29a24c32e183e81a0a810836dd14b?s=96&d=mm&r=g","contentUrl":"https:\/\/secure.gravatar.com\/avatar\/1cb05192fe2229166d3916ce0ac0406517d29a24c32e183e81a0a810836dd14b?s=96&d=mm&r=g","caption":"R\u00e9anne Cooper"},"url":"https:\/\/artsnb.ca\/web\/author\/reanne\/"}]}},"_links":{"self":[{"href":"https:\/\/artsnb.ca\/web\/wp-json\/wp\/v2\/posts\/3621","targetHints":{"allow":["GET"]}}],"collection":[{"href":"https:\/\/artsnb.ca\/web\/wp-json\/wp\/v2\/posts"}],"about":[{"href":"https:\/\/artsnb.ca\/web\/wp-json\/wp\/v2\/types\/post"}],"author":[{"embeddable":true,"href":"https:\/\/artsnb.ca\/web\/wp-json\/wp\/v2\/users\/6"}],"replies":[{"embeddable":true,"href":"https:\/\/artsnb.ca\/web\/wp-json\/wp\/v2\/comments?post=3621"}],"version-history":[{"count":1,"href":"https:\/\/artsnb.ca\/web\/wp-json\/wp\/v2\/posts\/3621\/revisions"}],"predecessor-version":[{"id":4552,"href":"https:\/\/artsnb.ca\/web\/wp-json\/wp\/v2\/posts\/3621\/revisions\/4552"}],"wp:featuredmedia":[{"embeddable":true,"href":"https:\/\/artsnb.ca\/web\/wp-json\/wp\/v2\/media\/2873"}],"wp:attachment":[{"href":"https:\/\/artsnb.ca\/web\/wp-json\/wp\/v2\/media?parent=3621"}],"wp:term":[{"taxonomy":"category","embeddable":true,"href":"https:\/\/artsnb.ca\/web\/wp-json\/wp\/v2\/categories?post=3621"},{"taxonomy":"post_tag","embeddable":true,"href":"https:\/\/artsnb.ca\/web\/wp-json\/wp\/v2\/tags?post=3621"}],"curies":[{"name":"wp","href":"https:\/\/api.w.org\/{rel}","templated":true}]}}