{"id":3623,"date":"2014-10-22T00:00:00","date_gmt":"2014-10-22T00:00:00","guid":{"rendered":"https:\/\/staging-artsnb.weavercrawford.com\/artistes-autochtones-porteurs-du-panier-qui-garde-vivant-leur-culture-et-leur-langage\/"},"modified":"2019-11-07T00:54:25","modified_gmt":"2019-11-07T00:54:25","slug":"artistes-autochtones-porteurs-du-panier-qui-garde-vivant-leur-culture-et-leur-langage","status":"publish","type":"post","link":"https:\/\/artsnb.ca\/web\/2014\/10\/artistes-autochtones-porteurs-du-panier-qui-garde-vivant-leur-culture-et-leur-langage\/?lang=fr","title":{"rendered":"Artistes autochtones! porteurs du panier de leur culture!"},"content":{"rendered":"<h3>Artistes autochtones! porteurs du panier qui garde vivant leur culture et leur langage!<\/h3>\n<p>Natalie Sappier, agente de liaison autochtone<\/p>\n<figure id=\"attachment_3259\" aria-describedby=\"caption-attachment-3259\" style=\"width: 245px\" class=\"wp-caption alignleft\"><a href=\"https:\/\/artsnb.ca\/web\/wp-content\/uploads\/2019\/09\/Natalie.jpg\"><img loading=\"lazy\" decoding=\"async\" class=\"size-medium wp-image-3259\" alt=\"Natalie\" src=\"https:\/\/artsnb.ca\/web\/wp-content\/uploads\/2019\/09\/Natalie.jpg\" width=\"245\" height=\"300\" \/><\/a><figcaption id=\"caption-attachment-3259\" class=\"wp-caption-text\">Natalie Sappier, agente de liaison autochtone<\/figcaption><\/figure>\n<p style=\"text-align: left;\">Juste apr\u00e8s la fin de mes \u00e9tudes dipl\u00f4m\u00e9s au College of Craft and Design dans \u00e0 la fin de l&#8217;\u00e9t\u00e9 2013, j&#8217;ai commenc\u00e9 \u00e0\u00a0 <b>artsnb<\/b> comme\u00a0agente de liaison autochtone. Comme une agente de liaison autochtone ma mission \u00e9tait de rechercher et d&#8217;aider les artistes autochtones de la province et de partager les programmes offerts par <b>artsnb<\/b>, d&#8217;autres fonds de subvention et fournir une assistance \u00e0 la r\u00e9daction de subvention en donnant des <a href=\"http:\/\/artsnb.ca\/site\/fr\/files\/2014\/09\/Aboriginal-Workshop-11x17_2014.jpg\" target=\"_blank\" rel=\"noopener noreferrer\">ateliers<\/a> avec les collectivit\u00e9s des Premi\u00e8res nations. La riche culture des Premi\u00e8res nations de Wolastoq, Mi`kmaq et Passamaquoddy est la premi\u00e8re forme d&#8217;art de cette province, mais est surtout partag\u00e9e dans les communaut\u00e9s des Premi\u00e8res nations et il y a une forte curiosit\u00e9 non seulement dans cette province, mais partout dans le monde sur les pratiques traditionnelles et contemporaines d&#8217;art des Premi\u00e8res nations de cette province.<\/p>\n<p>Je suis un artiste autochtone et je pratique mon art depuis 11 ans. J&#8217;ai \u00e9t\u00e9 \u00e9lev\u00e9 dans une communaut\u00e9 de la Premi\u00e8re Nation de Tobique. C&#8217;est ma maison et o\u00f9 je re\u00e7ois la plupart de mon inspiration. Je donne beaucoup de cr\u00e9dit \u00e0 l&#8217;endroit o\u00f9 je suis aujourd&#8217;hui par le grand soutien de ma Communaut\u00e9.<\/p>\n<p>Quand j&#8217;ai commenc\u00e9 \u00e0 voyager \u00e0 travers la province aux collectivit\u00e9s des Premi\u00e8res nations pour offrir \u00a0des ateliers d\u2019<b>artsnb<\/b>, j&#8217;ai r\u00e9alis\u00e9 que les m\u00eames choses qui se passent dans ma communaut\u00e9 se passe dans toutes les autres communaut\u00e9s.<\/p>\n<p>Ils me disent:<\/p>\n<p>1. je fais des m\u00e9tiers d\u2019arts parce que c&#8217;est amusant.<br \/>\n2. je fais des m\u00e9tiers d\u2019arts pour apporter un peu d\u2019argent \u00e0 la maison familiale.<br \/>\n3. je fais des m\u00e9tiers d\u2019arts pour rendre les gens de ma communaut\u00e9 heureuse.<br \/>\n4. je fais des m\u00e9tiers d\u2019arts pour \u00e9tablir un lien en tant que personne autochtone.<br \/>\n5. je fais des m\u00e9tiers d\u2019arts, mais je ne me consid\u00e8re pas comme un artiste professionnel.<\/p>\n<p>Hmmm\u2026.<\/p>\n<p>J&#8217;ai trouv\u00e9 que la plupart des artistes ne se consid\u00e8rent pas comme artiste et ne sont m\u00eame pas pr\u00e8s d&#8217;\u00eatre \u00e0 l&#8217;aise de dire qu&#8217;ils sont un artiste. Ils ne r\u00e9alisent m\u00eame pas le travail technique incroyable qu&#8217;ils cr\u00e9ent et vend pour quelques cents! En plus, ils ne r\u00e9alisent pas le r\u00f4le qu&#8217;ils jouent au sein de leur communaut\u00e9 et comment ils gardent notre culture, notre histoire et notre langue vivante. La plupart des artistes sont enseign\u00e9es par des personnes au sein de la communaut\u00e9 alors ils pensent que parce qu&#8217;ils n&#8217;ont pas la formation institutionnelle qu&#8217;ils sont incapables de saisir toute opportunit\u00e9, comme un programme de subventions ou une exposition. FAUX! Le mentorat est aussi fort que la formation institutionnelle, en particulier dans le monde des m\u00e9tiers d&#8217;art traditionnel autochtone ou la plupart des enseignants vivent dans les collectivit\u00e9s des Premi\u00e8res nations.<\/p>\n<figure id=\"attachment_3260\" aria-describedby=\"caption-attachment-3260\" style=\"width: 300px\" class=\"wp-caption alignleft\"><a href=\"https:\/\/artsnb.ca\/web\/wp-content\/uploads\/2019\/09\/20141016_170956.jpg\"><img loading=\"lazy\" decoding=\"async\" class=\"size-medium wp-image-3260 \" alt=\"20141016_170956\" src=\"https:\/\/artsnb.ca\/web\/wp-content\/uploads\/2019\/09\/20141016_170956-300x225.jpg\" width=\"300\" height=\"225\" \/><\/a><figcaption id=\"caption-attachment-3260\" class=\"wp-caption-text\">Iakwe &#8216;: iahre se rem\u00e9morer<\/figcaption><\/figure>\n<p>Est-ce que j\u2019ai mentionner que je reviens tout juste de mon premier Colloque de Collectif des conservateurs autochtone qui s&#8217;est tenue \u00e0 Montr\u00e9al! <a href=\"http:\/\/iakweiahre.com\/\" target=\"_blank\" rel=\"noopener noreferrer\">Iakwe &#8216;: iahre se rem\u00e9morer<\/a> \u00e9tait une exp\u00e9rience qui m\u2019a \u00e9veiller le c\u0153ur et l&#8217;esprit. De nombreux tables ronde merveilleux ont discut\u00e9s des sujets tels que l&#8217;h\u00e9ritage des arts autochtones, l\u2019histoire orale, des ceintures Wampum et les barri\u00e8res d\u2019Oka. Le colloque a eu de nombreuses expositions et des groupes de discussions et aussi un spectacle vivant qui comprenait l\u2019uniforme traditionnel qui a sortie de bo\u00eetes de pr\u00e9sentation de l&#8217;exposition me laissant la chair de poule parce que je sentais l&#8217;ascendance de notre Premi\u00e8re nation qui dansaient autour de la salle.<\/p>\n<p>\u00catre une agente de liaison autochtone a \u00e9t\u00e9 une exp\u00e9rience positive et enrichissante. J&#8217;aime travailler et aider les artistes autochtones. Donc, si vous \u00eates un artiste autochtone et que vous recherchez une aide ou voulez juste parler un peu de votre id\u00e9e incroyable, donnez-moi un coup de fil, envoyez-moi un <a href=\"nsappier@artsnb.ca\" target=\"_blank\" rel=\"noopener noreferrer\">courriel<\/a> ou tout simplement visitez le bureau <b>artsnb<\/b>, je peux faire du th\u00e9!<\/p>\n","protected":false},"excerpt":{"rendered":"<p>Artistes autochtones! porteurs du panier qui garde vivant leur culture et leur langage! Natalie Sappier, agente de liaison autochtone Juste apr\u00e8s la fin de mes \u00e9tudes dipl\u00f4m\u00e9s au College of Craft and Design dans \u00e0 la fin de l&#8217;\u00e9t\u00e9 2013, j&#8217;ai commenc\u00e9 \u00e0\u00a0 artsnb comme\u00a0agente de liaison autochtone. Comme une agente de liaison autochtone ma<\/p>\n","protected":false},"author":6,"featured_media":2877,"comment_status":"open","ping_status":"open","sticky":false,"template":"","format":"standard","meta":{"_acf_changed":false,"footnotes":""},"categories":[87],"tags":[],"class_list":["post-3623","post","type-post","status-publish","format-standard","has-post-thumbnail","hentry","category-blogue"],"acf":[],"yoast_head":"<!-- This site is optimized with the Yoast SEO plugin v27.5 - https:\/\/yoast.com\/product\/yoast-seo-wordpress\/ -->\n<title>Artistes autochtones! porteurs du panier de leur culture! - ArtsNB<\/title>\n<meta name=\"robots\" content=\"index, follow, max-snippet:-1, max-image-preview:large, max-video-preview:-1\" \/>\n<link rel=\"canonical\" href=\"https:\/\/artsnb.ca\/web\/2014\/10\/artistes-autochtones-porteurs-du-panier-qui-garde-vivant-leur-culture-et-leur-langage\/\" \/>\n<meta property=\"og:locale\" content=\"en_US\" \/>\n<meta property=\"og:type\" content=\"article\" \/>\n<meta property=\"og:title\" content=\"Artistes autochtones! porteurs du panier de leur culture! - ArtsNB\" \/>\n<meta property=\"og:description\" content=\"Artistes autochtones! porteurs du panier qui garde vivant leur culture et leur langage! Natalie Sappier, agente de liaison autochtone Juste apr\u00e8s la fin de mes \u00e9tudes dipl\u00f4m\u00e9s au College of Craft and Design dans \u00e0 la fin de l&#8217;\u00e9t\u00e9 2013, j&#8217;ai commenc\u00e9 \u00e0\u00a0 artsnb comme\u00a0agente de liaison autochtone. Comme une agente de liaison autochtone ma\" \/>\n<meta property=\"og:url\" content=\"https:\/\/artsnb.ca\/web\/2014\/10\/artistes-autochtones-porteurs-du-panier-qui-garde-vivant-leur-culture-et-leur-langage\/?lang=fr\" \/>\n<meta property=\"og:site_name\" content=\"ArtsNB\" \/>\n<meta property=\"article:publisher\" content=\"https:\/\/www.facebook.com\/artsnb\/\" \/>\n<meta property=\"article:published_time\" content=\"2014-10-22T00:00:00+00:00\" \/>\n<meta property=\"article:modified_time\" content=\"2019-11-07T00:54:25+00:00\" \/>\n<meta property=\"og:image\" content=\"https:\/\/artsnb.ca\/web\/wp-content\/uploads\/2019\/09\/Untitled-1.jpg\" \/>\n\t<meta property=\"og:image:width\" content=\"68\" \/>\n\t<meta property=\"og:image:height\" content=\"50\" \/>\n\t<meta property=\"og:image:type\" content=\"image\/jpeg\" \/>\n<meta name=\"author\" content=\"R\u00e9anne Cooper\" \/>\n<meta name=\"twitter:card\" content=\"summary_large_image\" \/>\n<meta name=\"twitter:creator\" content=\"@artsnb\" \/>\n<meta name=\"twitter:site\" content=\"@artsnb\" \/>\n<meta name=\"twitter:label1\" content=\"Written by\" \/>\n\t<meta name=\"twitter:data1\" content=\"R\u00e9anne Cooper\" \/>\n\t<meta name=\"twitter:label2\" content=\"Est. reading time\" \/>\n\t<meta name=\"twitter:data2\" content=\"4 minutes\" \/>\n<script type=\"application\/ld+json\" class=\"yoast-schema-graph\">{\"@context\":\"https:\\\/\\\/schema.org\",\"@graph\":[{\"@type\":\"Article\",\"@id\":\"https:\\\/\\\/artsnb.ca\\\/web\\\/2014\\\/10\\\/artistes-autochtones-porteurs-du-panier-qui-garde-vivant-leur-culture-et-leur-langage\\\/?lang=fr#article\",\"isPartOf\":{\"@id\":\"https:\\\/\\\/artsnb.ca\\\/web\\\/2014\\\/10\\\/artistes-autochtones-porteurs-du-panier-qui-garde-vivant-leur-culture-et-leur-langage\\\/?lang=fr\"},\"author\":{\"name\":\"R\u00e9anne Cooper\",\"@id\":\"https:\\\/\\\/artsnb.ca\\\/web\\\/#\\\/schema\\\/person\\\/012ecc8a59328615becff4af8bf0c2b9\"},\"headline\":\"Artistes autochtones! porteurs du panier de leur culture!\",\"datePublished\":\"2014-10-22T00:00:00+00:00\",\"dateModified\":\"2019-11-07T00:54:25+00:00\",\"mainEntityOfPage\":{\"@id\":\"https:\\\/\\\/artsnb.ca\\\/web\\\/2014\\\/10\\\/artistes-autochtones-porteurs-du-panier-qui-garde-vivant-leur-culture-et-leur-langage\\\/?lang=fr\"},\"wordCount\":752,\"commentCount\":0,\"publisher\":{\"@id\":\"https:\\\/\\\/artsnb.ca\\\/web\\\/#organization\"},\"image\":{\"@id\":\"https:\\\/\\\/artsnb.ca\\\/web\\\/2014\\\/10\\\/artistes-autochtones-porteurs-du-panier-qui-garde-vivant-leur-culture-et-leur-langage\\\/?lang=fr#primaryimage\"},\"thumbnailUrl\":\"https:\\\/\\\/artsnb.ca\\\/web\\\/wp-content\\\/uploads\\\/2019\\\/09\\\/Untitled-1.jpg\",\"articleSection\":[\"Blogue\"],\"inLanguage\":\"en-US\",\"potentialAction\":[{\"@type\":\"CommentAction\",\"name\":\"Comment\",\"target\":[\"https:\\\/\\\/artsnb.ca\\\/web\\\/2014\\\/10\\\/artistes-autochtones-porteurs-du-panier-qui-garde-vivant-leur-culture-et-leur-langage\\\/?lang=fr#respond\"]}]},{\"@type\":\"WebPage\",\"@id\":\"https:\\\/\\\/artsnb.ca\\\/web\\\/2014\\\/10\\\/artistes-autochtones-porteurs-du-panier-qui-garde-vivant-leur-culture-et-leur-langage\\\/?lang=fr\",\"url\":\"https:\\\/\\\/artsnb.ca\\\/web\\\/2014\\\/10\\\/artistes-autochtones-porteurs-du-panier-qui-garde-vivant-leur-culture-et-leur-langage\\\/?lang=fr\",\"name\":\"Artistes autochtones! porteurs du panier de leur culture! - ArtsNB\",\"isPartOf\":{\"@id\":\"https:\\\/\\\/artsnb.ca\\\/web\\\/#website\"},\"primaryImageOfPage\":{\"@id\":\"https:\\\/\\\/artsnb.ca\\\/web\\\/2014\\\/10\\\/artistes-autochtones-porteurs-du-panier-qui-garde-vivant-leur-culture-et-leur-langage\\\/?lang=fr#primaryimage\"},\"image\":{\"@id\":\"https:\\\/\\\/artsnb.ca\\\/web\\\/2014\\\/10\\\/artistes-autochtones-porteurs-du-panier-qui-garde-vivant-leur-culture-et-leur-langage\\\/?lang=fr#primaryimage\"},\"thumbnailUrl\":\"https:\\\/\\\/artsnb.ca\\\/web\\\/wp-content\\\/uploads\\\/2019\\\/09\\\/Untitled-1.jpg\",\"datePublished\":\"2014-10-22T00:00:00+00:00\",\"dateModified\":\"2019-11-07T00:54:25+00:00\",\"breadcrumb\":{\"@id\":\"https:\\\/\\\/artsnb.ca\\\/web\\\/2014\\\/10\\\/artistes-autochtones-porteurs-du-panier-qui-garde-vivant-leur-culture-et-leur-langage\\\/?lang=fr#breadcrumb\"},\"inLanguage\":\"en-US\",\"potentialAction\":[{\"@type\":\"ReadAction\",\"target\":[\"https:\\\/\\\/artsnb.ca\\\/web\\\/2014\\\/10\\\/artistes-autochtones-porteurs-du-panier-qui-garde-vivant-leur-culture-et-leur-langage\\\/?lang=fr\"]}]},{\"@type\":\"ImageObject\",\"inLanguage\":\"en-US\",\"@id\":\"https:\\\/\\\/artsnb.ca\\\/web\\\/2014\\\/10\\\/artistes-autochtones-porteurs-du-panier-qui-garde-vivant-leur-culture-et-leur-langage\\\/?lang=fr#primaryimage\",\"url\":\"https:\\\/\\\/artsnb.ca\\\/web\\\/wp-content\\\/uploads\\\/2019\\\/09\\\/Untitled-1.jpg\",\"contentUrl\":\"https:\\\/\\\/artsnb.ca\\\/web\\\/wp-content\\\/uploads\\\/2019\\\/09\\\/Untitled-1.jpg\",\"width\":68,\"height\":50},{\"@type\":\"BreadcrumbList\",\"@id\":\"https:\\\/\\\/artsnb.ca\\\/web\\\/2014\\\/10\\\/artistes-autochtones-porteurs-du-panier-qui-garde-vivant-leur-culture-et-leur-langage\\\/?lang=fr#breadcrumb\",\"itemListElement\":[{\"@type\":\"ListItem\",\"position\":1,\"name\":\"Home\",\"item\":\"https:\\\/\\\/artsnb.ca\\\/web\\\/\"},{\"@type\":\"ListItem\",\"position\":2,\"name\":\"Blog\",\"item\":\"https:\\\/\\\/artsnb.ca\\\/web\\\/category\\\/blog\\\/\"},{\"@type\":\"ListItem\",\"position\":3,\"name\":\"Artistes autochtones! porteurs du panier de leur culture!\"}]},{\"@type\":\"WebSite\",\"@id\":\"https:\\\/\\\/artsnb.ca\\\/web\\\/#website\",\"url\":\"https:\\\/\\\/artsnb.ca\\\/web\\\/\",\"name\":\"ArtsNB\",\"description\":\"EXCELLENCE. PROFESSIONALISM. INNOVATION.\",\"publisher\":{\"@id\":\"https:\\\/\\\/artsnb.ca\\\/web\\\/#organization\"},\"potentialAction\":[{\"@type\":\"SearchAction\",\"target\":{\"@type\":\"EntryPoint\",\"urlTemplate\":\"https:\\\/\\\/artsnb.ca\\\/web\\\/?s={search_term_string}\"},\"query-input\":{\"@type\":\"PropertyValueSpecification\",\"valueRequired\":true,\"valueName\":\"search_term_string\"}}],\"inLanguage\":\"en-US\"},{\"@type\":\"Organization\",\"@id\":\"https:\\\/\\\/artsnb.ca\\\/web\\\/#organization\",\"name\":\"ArtsNB\",\"url\":\"https:\\\/\\\/artsnb.ca\\\/web\\\/\",\"logo\":{\"@type\":\"ImageObject\",\"inLanguage\":\"en-US\",\"@id\":\"https:\\\/\\\/artsnb.ca\\\/web\\\/#\\\/schema\\\/logo\\\/image\\\/\",\"url\":\"https:\\\/\\\/artsnb.ca\\\/web\\\/wp-content\\\/uploads\\\/2024\\\/04\\\/cropped-artsnb-PrimaryLogo-vertical-HiRes-2.jpg\",\"contentUrl\":\"https:\\\/\\\/artsnb.ca\\\/web\\\/wp-content\\\/uploads\\\/2024\\\/04\\\/cropped-artsnb-PrimaryLogo-vertical-HiRes-2.jpg\",\"width\":1698,\"height\":1223,\"caption\":\"ArtsNB\"},\"image\":{\"@id\":\"https:\\\/\\\/artsnb.ca\\\/web\\\/#\\\/schema\\\/logo\\\/image\\\/\"},\"sameAs\":[\"https:\\\/\\\/www.facebook.com\\\/artsnb\\\/\",\"https:\\\/\\\/x.com\\\/artsnb\",\"https:\\\/\\\/www.instagram.com\\\/artsnb\\\/\"]},{\"@type\":\"Person\",\"@id\":\"https:\\\/\\\/artsnb.ca\\\/web\\\/#\\\/schema\\\/person\\\/012ecc8a59328615becff4af8bf0c2b9\",\"name\":\"R\u00e9anne Cooper\",\"image\":{\"@type\":\"ImageObject\",\"inLanguage\":\"en-US\",\"@id\":\"https:\\\/\\\/secure.gravatar.com\\\/avatar\\\/1cb05192fe2229166d3916ce0ac0406517d29a24c32e183e81a0a810836dd14b?s=96&d=mm&r=g\",\"url\":\"https:\\\/\\\/secure.gravatar.com\\\/avatar\\\/1cb05192fe2229166d3916ce0ac0406517d29a24c32e183e81a0a810836dd14b?s=96&d=mm&r=g\",\"contentUrl\":\"https:\\\/\\\/secure.gravatar.com\\\/avatar\\\/1cb05192fe2229166d3916ce0ac0406517d29a24c32e183e81a0a810836dd14b?s=96&d=mm&r=g\",\"caption\":\"R\u00e9anne Cooper\"},\"url\":\"https:\\\/\\\/artsnb.ca\\\/web\\\/author\\\/reanne\\\/\"}]}<\/script>\n<!-- \/ Yoast SEO plugin. -->","yoast_head_json":{"title":"Artistes autochtones! porteurs du panier de leur culture! - ArtsNB","robots":{"index":"index","follow":"follow","max-snippet":"max-snippet:-1","max-image-preview":"max-image-preview:large","max-video-preview":"max-video-preview:-1"},"canonical":"https:\/\/artsnb.ca\/web\/2014\/10\/artistes-autochtones-porteurs-du-panier-qui-garde-vivant-leur-culture-et-leur-langage\/","og_locale":"en_US","og_type":"article","og_title":"Artistes autochtones! porteurs du panier de leur culture! - ArtsNB","og_description":"Artistes autochtones! porteurs du panier qui garde vivant leur culture et leur langage! Natalie Sappier, agente de liaison autochtone Juste apr\u00e8s la fin de mes \u00e9tudes dipl\u00f4m\u00e9s au College of Craft and Design dans \u00e0 la fin de l&#8217;\u00e9t\u00e9 2013, j&#8217;ai commenc\u00e9 \u00e0\u00a0 artsnb comme\u00a0agente de liaison autochtone. Comme une agente de liaison autochtone ma","og_url":"https:\/\/artsnb.ca\/web\/2014\/10\/artistes-autochtones-porteurs-du-panier-qui-garde-vivant-leur-culture-et-leur-langage\/?lang=fr","og_site_name":"ArtsNB","article_publisher":"https:\/\/www.facebook.com\/artsnb\/","article_published_time":"2014-10-22T00:00:00+00:00","article_modified_time":"2019-11-07T00:54:25+00:00","og_image":[{"width":68,"height":50,"url":"https:\/\/artsnb.ca\/web\/wp-content\/uploads\/2019\/09\/Untitled-1.jpg","type":"image\/jpeg"}],"author":"R\u00e9anne Cooper","twitter_card":"summary_large_image","twitter_creator":"@artsnb","twitter_site":"@artsnb","twitter_misc":{"Written by":"R\u00e9anne Cooper","Est. reading time":"4 minutes"},"schema":{"@context":"https:\/\/schema.org","@graph":[{"@type":"Article","@id":"https:\/\/artsnb.ca\/web\/2014\/10\/artistes-autochtones-porteurs-du-panier-qui-garde-vivant-leur-culture-et-leur-langage\/?lang=fr#article","isPartOf":{"@id":"https:\/\/artsnb.ca\/web\/2014\/10\/artistes-autochtones-porteurs-du-panier-qui-garde-vivant-leur-culture-et-leur-langage\/?lang=fr"},"author":{"name":"R\u00e9anne Cooper","@id":"https:\/\/artsnb.ca\/web\/#\/schema\/person\/012ecc8a59328615becff4af8bf0c2b9"},"headline":"Artistes autochtones! porteurs du panier de leur culture!","datePublished":"2014-10-22T00:00:00+00:00","dateModified":"2019-11-07T00:54:25+00:00","mainEntityOfPage":{"@id":"https:\/\/artsnb.ca\/web\/2014\/10\/artistes-autochtones-porteurs-du-panier-qui-garde-vivant-leur-culture-et-leur-langage\/?lang=fr"},"wordCount":752,"commentCount":0,"publisher":{"@id":"https:\/\/artsnb.ca\/web\/#organization"},"image":{"@id":"https:\/\/artsnb.ca\/web\/2014\/10\/artistes-autochtones-porteurs-du-panier-qui-garde-vivant-leur-culture-et-leur-langage\/?lang=fr#primaryimage"},"thumbnailUrl":"https:\/\/artsnb.ca\/web\/wp-content\/uploads\/2019\/09\/Untitled-1.jpg","articleSection":["Blogue"],"inLanguage":"en-US","potentialAction":[{"@type":"CommentAction","name":"Comment","target":["https:\/\/artsnb.ca\/web\/2014\/10\/artistes-autochtones-porteurs-du-panier-qui-garde-vivant-leur-culture-et-leur-langage\/?lang=fr#respond"]}]},{"@type":"WebPage","@id":"https:\/\/artsnb.ca\/web\/2014\/10\/artistes-autochtones-porteurs-du-panier-qui-garde-vivant-leur-culture-et-leur-langage\/?lang=fr","url":"https:\/\/artsnb.ca\/web\/2014\/10\/artistes-autochtones-porteurs-du-panier-qui-garde-vivant-leur-culture-et-leur-langage\/?lang=fr","name":"Artistes autochtones! porteurs du panier de leur culture! - ArtsNB","isPartOf":{"@id":"https:\/\/artsnb.ca\/web\/#website"},"primaryImageOfPage":{"@id":"https:\/\/artsnb.ca\/web\/2014\/10\/artistes-autochtones-porteurs-du-panier-qui-garde-vivant-leur-culture-et-leur-langage\/?lang=fr#primaryimage"},"image":{"@id":"https:\/\/artsnb.ca\/web\/2014\/10\/artistes-autochtones-porteurs-du-panier-qui-garde-vivant-leur-culture-et-leur-langage\/?lang=fr#primaryimage"},"thumbnailUrl":"https:\/\/artsnb.ca\/web\/wp-content\/uploads\/2019\/09\/Untitled-1.jpg","datePublished":"2014-10-22T00:00:00+00:00","dateModified":"2019-11-07T00:54:25+00:00","breadcrumb":{"@id":"https:\/\/artsnb.ca\/web\/2014\/10\/artistes-autochtones-porteurs-du-panier-qui-garde-vivant-leur-culture-et-leur-langage\/?lang=fr#breadcrumb"},"inLanguage":"en-US","potentialAction":[{"@type":"ReadAction","target":["https:\/\/artsnb.ca\/web\/2014\/10\/artistes-autochtones-porteurs-du-panier-qui-garde-vivant-leur-culture-et-leur-langage\/?lang=fr"]}]},{"@type":"ImageObject","inLanguage":"en-US","@id":"https:\/\/artsnb.ca\/web\/2014\/10\/artistes-autochtones-porteurs-du-panier-qui-garde-vivant-leur-culture-et-leur-langage\/?lang=fr#primaryimage","url":"https:\/\/artsnb.ca\/web\/wp-content\/uploads\/2019\/09\/Untitled-1.jpg","contentUrl":"https:\/\/artsnb.ca\/web\/wp-content\/uploads\/2019\/09\/Untitled-1.jpg","width":68,"height":50},{"@type":"BreadcrumbList","@id":"https:\/\/artsnb.ca\/web\/2014\/10\/artistes-autochtones-porteurs-du-panier-qui-garde-vivant-leur-culture-et-leur-langage\/?lang=fr#breadcrumb","itemListElement":[{"@type":"ListItem","position":1,"name":"Home","item":"https:\/\/artsnb.ca\/web\/"},{"@type":"ListItem","position":2,"name":"Blog","item":"https:\/\/artsnb.ca\/web\/category\/blog\/"},{"@type":"ListItem","position":3,"name":"Artistes autochtones! porteurs du panier de leur culture!"}]},{"@type":"WebSite","@id":"https:\/\/artsnb.ca\/web\/#website","url":"https:\/\/artsnb.ca\/web\/","name":"ArtsNB","description":"EXCELLENCE. PROFESSIONALISM. INNOVATION.","publisher":{"@id":"https:\/\/artsnb.ca\/web\/#organization"},"potentialAction":[{"@type":"SearchAction","target":{"@type":"EntryPoint","urlTemplate":"https:\/\/artsnb.ca\/web\/?s={search_term_string}"},"query-input":{"@type":"PropertyValueSpecification","valueRequired":true,"valueName":"search_term_string"}}],"inLanguage":"en-US"},{"@type":"Organization","@id":"https:\/\/artsnb.ca\/web\/#organization","name":"ArtsNB","url":"https:\/\/artsnb.ca\/web\/","logo":{"@type":"ImageObject","inLanguage":"en-US","@id":"https:\/\/artsnb.ca\/web\/#\/schema\/logo\/image\/","url":"https:\/\/artsnb.ca\/web\/wp-content\/uploads\/2024\/04\/cropped-artsnb-PrimaryLogo-vertical-HiRes-2.jpg","contentUrl":"https:\/\/artsnb.ca\/web\/wp-content\/uploads\/2024\/04\/cropped-artsnb-PrimaryLogo-vertical-HiRes-2.jpg","width":1698,"height":1223,"caption":"ArtsNB"},"image":{"@id":"https:\/\/artsnb.ca\/web\/#\/schema\/logo\/image\/"},"sameAs":["https:\/\/www.facebook.com\/artsnb\/","https:\/\/x.com\/artsnb","https:\/\/www.instagram.com\/artsnb\/"]},{"@type":"Person","@id":"https:\/\/artsnb.ca\/web\/#\/schema\/person\/012ecc8a59328615becff4af8bf0c2b9","name":"R\u00e9anne Cooper","image":{"@type":"ImageObject","inLanguage":"en-US","@id":"https:\/\/secure.gravatar.com\/avatar\/1cb05192fe2229166d3916ce0ac0406517d29a24c32e183e81a0a810836dd14b?s=96&d=mm&r=g","url":"https:\/\/secure.gravatar.com\/avatar\/1cb05192fe2229166d3916ce0ac0406517d29a24c32e183e81a0a810836dd14b?s=96&d=mm&r=g","contentUrl":"https:\/\/secure.gravatar.com\/avatar\/1cb05192fe2229166d3916ce0ac0406517d29a24c32e183e81a0a810836dd14b?s=96&d=mm&r=g","caption":"R\u00e9anne Cooper"},"url":"https:\/\/artsnb.ca\/web\/author\/reanne\/"}]}},"_links":{"self":[{"href":"https:\/\/artsnb.ca\/web\/wp-json\/wp\/v2\/posts\/3623","targetHints":{"allow":["GET"]}}],"collection":[{"href":"https:\/\/artsnb.ca\/web\/wp-json\/wp\/v2\/posts"}],"about":[{"href":"https:\/\/artsnb.ca\/web\/wp-json\/wp\/v2\/types\/post"}],"author":[{"embeddable":true,"href":"https:\/\/artsnb.ca\/web\/wp-json\/wp\/v2\/users\/6"}],"replies":[{"embeddable":true,"href":"https:\/\/artsnb.ca\/web\/wp-json\/wp\/v2\/comments?post=3623"}],"version-history":[{"count":1,"href":"https:\/\/artsnb.ca\/web\/wp-json\/wp\/v2\/posts\/3623\/revisions"}],"predecessor-version":[{"id":4550,"href":"https:\/\/artsnb.ca\/web\/wp-json\/wp\/v2\/posts\/3623\/revisions\/4550"}],"wp:featuredmedia":[{"embeddable":true,"href":"https:\/\/artsnb.ca\/web\/wp-json\/wp\/v2\/media\/2877"}],"wp:attachment":[{"href":"https:\/\/artsnb.ca\/web\/wp-json\/wp\/v2\/media?parent=3623"}],"wp:term":[{"taxonomy":"category","embeddable":true,"href":"https:\/\/artsnb.ca\/web\/wp-json\/wp\/v2\/categories?post=3623"},{"taxonomy":"post_tag","embeddable":true,"href":"https:\/\/artsnb.ca\/web\/wp-json\/wp\/v2\/tags?post=3623"}],"curies":[{"name":"wp","href":"https:\/\/api.w.org\/{rel}","templated":true}]}}