{"id":3629,"date":"2014-12-10T00:00:00","date_gmt":"2014-12-10T00:00:00","guid":{"rendered":"https:\/\/staging-artsnb.weavercrawford.com\/evenement-lorchestre-baroque-tafelmusik\/"},"modified":"2019-11-07T00:54:24","modified_gmt":"2019-11-07T00:54:24","slug":"evenement-lorchestre-baroque-tafelmusik","status":"publish","type":"post","link":"https:\/\/artsnb.ca\/web\/2014\/12\/evenement-lorchestre-baroque-tafelmusik\/?lang=fr","title":{"rendered":"\u00c9v\u00e8nement \u2013 L\u2019orchestre Baroque Tafelmusik"},"content":{"rendered":"<h3><b>\u00c9v\u00e8nement \u2013 L\u2019orchestre Baroque Tafelmusik <\/b><b>en performance \u00e0 Fredericton<\/b><\/h3>\n<p><em>Justine Koroscil \u2013 directrice d\u2019administration<\/em><\/p>\n<p>Le jeudi 27 novembre, j\u2019ai assist\u00e9 \u00e0 la premi\u00e8re r\u00e9union du comit\u00e9 consultatif de la jeunesse au <a href=\"http:\/\/www.theplayhouse.ca\/\">Fredericton Playhouse<\/a>. Pour tout savoir sur le nouveau comit\u00e9 consultatif de la jeunesse, lisez l\u2019article de notre premi\u00e8re r\u00e9union dans le <a href=\"http:\/\/www.gridcitymagazine.com\/fredericton-playhouse-youth\/\">Grid City Magazine<\/a>.<\/p>\n<p><a href=\"https:\/\/artsnb.ca\/web\/wp-content\/uploads\/2019\/09\/Justine.jpg\" target=\"_blank\" rel=\"noopener noreferrer\"><img loading=\"lazy\" decoding=\"async\" class=\"alignleft size-medium wp-image-3477\" alt=\"Tafelmusik\" src=\"https:\/\/artsnb.ca\/web\/wp-content\/uploads\/2019\/09\/Justine.jpg\" width=\"300\" height=\"296\" \/><\/a>Je savais que \u00e7a allait \u00eatre une soir\u00e9emouvement\u00e9e. <a href=\"http:\/\/www.tafelmusik.org\/\">L&#8217;orchestre baroque Tafelmusik<\/a> a pr\u00e9sent\u00e9 \u00ab\u00a0Le projet Galileo\u00a0: Musique des Sph\u00e8res\u00a0\u00bb. Con\u00e7u, sc\u00e9naris\u00e9, et programm\u00e9 par Alison MacKay, le projet Galileo est un concert sp\u00e9cial en explorant la science et la culture dans les 17e et 18e si\u00e8cles en c\u00e9l\u00e9brant la premi\u00e8re d\u00e9monstration publique du t\u00e9lescope par Galil\u00e9e. Le concert a mis en vedette la narration po\u00e9tique, la chor\u00e9graphie et la musique.<\/p>\n<p>Avant le d\u00e9but du concert, il y avait une conf\u00e9rence d\u2019artiste avec Alison MacKay. Le public a ensuite \u00e9t\u00e9 invit\u00e9 \u00e0 l&#8217;ext\u00e9rieur sur les marches du Playhouse pour explorer le ciel \u00e0 travers les lentilles de t\u00e9lescope. Le Playhouse \u00e9tait rempli d\u2019enthousiasme! Ce fut une exp\u00e9rience enrichissante pour les membres du public \u00e0 explorer l\u2019oeuvre de la soir\u00e9e dans le cadre de la conf\u00e9rence d\u2019artiste et en explorant l&#8217;univers eux-m\u00eames par un t\u00e9lescope en dehors de la salle de spectacle. Pendant le spectacle, j\u2019\u00e9tais en mesure de relier certains des points que j\u2019ai appris de la conf\u00e9rence de Alison MacKay \u00e0 ce que j\u2019entends dans la musique, et j\u2019ai \u00e9galement pu m\u2019inspirer de l\u2019exp\u00e9rience de recherche \u00e0 travers le t\u00e9lescope avant le concert tout en regardant les projections d&#8217;\u00e9cran. J\u2019avais d\u00e9j\u00e0 \u00e9t\u00e9 inform\u00e9 de ce que j\u2019allais voir et entendre, ce qui m\u2019a permis d&#8217;appr\u00e9cier le concert de diverses mani\u00e8res. J\u2019ai appr\u00e9ci\u00e9 le concert de tous les angles possibles. Sur sc\u00e8ne, il y avait des projections des \u00e9toiles et des plan\u00e8tes sur un \u00e9cran rond qui ressemblait \u00e0 une lentille de t\u00e9lescope. Est-ce que j&#8217;ai mentionn\u00e9 que l&#8217;orchestre a m\u00e9moris\u00e9 toute la musique qu&#8217;ils ont jou\u00e9e? Ils marchaient et dansaient tout au long du concert dans un cercle sur le plancher de la sc\u00e8ne, pas de feuille de musique n\u00e9cessaire. Je n\u2019avais jamais vu quelque chose comme \u00e7a de ma vie!<\/p>\n<p>Ce n\u2019est pas tous les jours que nous avons la chance de vivre l\u2019exp\u00e9rience d\u2019un concert d&#8217;Orchestre baroque comme un membre du public au Canada atlantique. J\u2019ai quitt\u00e9 le Playhouse reconnaissante pour l&#8217;exp\u00e9rience que j\u2019ai re\u00e7ue. Il \u00e9tait \u00e9vident pour moi le travail que fait l&#8217;ensemble du personnel du Playhouse pour assurer que les membres du public ont eu une exp\u00e9rience enrichissante. Merci!<\/p>\n<p>Si vous cliquez sur ce <a href=\"https:\/\/www.youtube.com\/watch?v=QOAzSVXm4-E&amp;list=PL691250FC1B49CBA4\">lien YouTube<\/a> il vous am\u00e8nera \u00e0 une des performances du projet Galileo de Tafelmusik.<\/p>\n<p style=\"text-align: center;\">Le projet Galileo est une coproduction avec le Centre Banff.<\/p>\n<p style=\"text-align: center;\"><a href=\"https:\/\/artsnb.ca\/web\/wp-content\/uploads\/2019\/09\/banff.jpg\" target=\"_blank\" rel=\"noopener noreferrer\"><img loading=\"lazy\" decoding=\"async\" class=\"aligncenter size-full wp-image-3478\" alt=\"banff\" src=\"https:\/\/artsnb.ca\/web\/wp-content\/uploads\/2019\/09\/banff.jpg\" width=\"300\" height=\"164\" \/><\/a><\/p>\n","protected":false},"excerpt":{"rendered":"<p>\u00c9v\u00e8nement \u2013 L\u2019orchestre Baroque Tafelmusik en performance \u00e0 Fredericton Justine Koroscil \u2013 directrice d\u2019administration Le jeudi 27 novembre, j\u2019ai assist\u00e9 \u00e0 la premi\u00e8re r\u00e9union du comit\u00e9 consultatif de la jeunesse au Fredericton Playhouse. Pour tout savoir sur le nouveau comit\u00e9 consultatif de la jeunesse, lisez l\u2019article de notre premi\u00e8re r\u00e9union dans le Grid City Magazine.<\/p>\n","protected":false},"author":6,"featured_media":2905,"comment_status":"open","ping_status":"open","sticky":false,"template":"","format":"standard","meta":{"_acf_changed":false,"footnotes":""},"categories":[87],"tags":[91,21,92,57,93],"class_list":["post-3629","post","type-post","status-publish","format-standard","has-post-thumbnail","hentry","category-blogue","tag-alison-mackay-fr-2","tag-artsnb","tag-baroque-fr-2","tag-galilee","tag-tafelmusik-fr-2"],"acf":[],"yoast_head":"<!-- This site is optimized with the Yoast SEO plugin v27.5 - https:\/\/yoast.com\/product\/yoast-seo-wordpress\/ -->\n<title>\u00c9v\u00e8nement \u2013 L\u2019orchestre Baroque Tafelmusik - ArtsNB<\/title>\n<meta name=\"robots\" content=\"index, follow, max-snippet:-1, max-image-preview:large, max-video-preview:-1\" \/>\n<link rel=\"canonical\" href=\"https:\/\/artsnb.ca\/web\/2014\/12\/evenement-lorchestre-baroque-tafelmusik\/\" \/>\n<meta property=\"og:locale\" content=\"en_US\" \/>\n<meta property=\"og:type\" content=\"article\" \/>\n<meta property=\"og:title\" content=\"\u00c9v\u00e8nement \u2013 L\u2019orchestre Baroque Tafelmusik - ArtsNB\" \/>\n<meta property=\"og:description\" content=\"\u00c9v\u00e8nement \u2013 L\u2019orchestre Baroque Tafelmusik en performance \u00e0 Fredericton Justine Koroscil \u2013 directrice d\u2019administration Le jeudi 27 novembre, j\u2019ai assist\u00e9 \u00e0 la premi\u00e8re r\u00e9union du comit\u00e9 consultatif de la jeunesse au Fredericton Playhouse. Pour tout savoir sur le nouveau comit\u00e9 consultatif de la jeunesse, lisez l\u2019article de notre premi\u00e8re r\u00e9union dans le Grid City Magazine.\" \/>\n<meta property=\"og:url\" content=\"https:\/\/artsnb.ca\/web\/2014\/12\/evenement-lorchestre-baroque-tafelmusik\/?lang=fr\" \/>\n<meta property=\"og:site_name\" content=\"ArtsNB\" \/>\n<meta property=\"article:publisher\" content=\"https:\/\/www.facebook.com\/artsnb\/\" \/>\n<meta property=\"article:published_time\" content=\"2014-12-10T00:00:00+00:00\" \/>\n<meta property=\"article:modified_time\" content=\"2019-11-07T00:54:24+00:00\" \/>\n<meta property=\"og:image\" content=\"https:\/\/artsnb.ca\/web\/wp-content\/uploads\/2019\/09\/justine-thumbnail.jpg\" \/>\n\t<meta property=\"og:image:width\" content=\"67\" \/>\n\t<meta property=\"og:image:height\" content=\"50\" \/>\n\t<meta property=\"og:image:type\" content=\"image\/jpeg\" \/>\n<meta name=\"author\" content=\"R\u00e9anne Cooper\" \/>\n<meta name=\"twitter:card\" content=\"summary_large_image\" \/>\n<meta name=\"twitter:creator\" content=\"@artsnb\" \/>\n<meta name=\"twitter:site\" content=\"@artsnb\" \/>\n<meta name=\"twitter:label1\" content=\"Written by\" \/>\n\t<meta name=\"twitter:data1\" content=\"R\u00e9anne Cooper\" \/>\n\t<meta name=\"twitter:label2\" content=\"Est. reading time\" \/>\n\t<meta name=\"twitter:data2\" content=\"3 minutes\" \/>\n<script type=\"application\/ld+json\" class=\"yoast-schema-graph\">{\"@context\":\"https:\\\/\\\/schema.org\",\"@graph\":[{\"@type\":\"Article\",\"@id\":\"https:\\\/\\\/artsnb.ca\\\/web\\\/2014\\\/12\\\/evenement-lorchestre-baroque-tafelmusik\\\/?lang=fr#article\",\"isPartOf\":{\"@id\":\"https:\\\/\\\/artsnb.ca\\\/web\\\/2014\\\/12\\\/evenement-lorchestre-baroque-tafelmusik\\\/?lang=fr\"},\"author\":{\"name\":\"R\u00e9anne Cooper\",\"@id\":\"https:\\\/\\\/artsnb.ca\\\/web\\\/#\\\/schema\\\/person\\\/012ecc8a59328615becff4af8bf0c2b9\"},\"headline\":\"\u00c9v\u00e8nement \u2013 L\u2019orchestre Baroque Tafelmusik\",\"datePublished\":\"2014-12-10T00:00:00+00:00\",\"dateModified\":\"2019-11-07T00:54:24+00:00\",\"mainEntityOfPage\":{\"@id\":\"https:\\\/\\\/artsnb.ca\\\/web\\\/2014\\\/12\\\/evenement-lorchestre-baroque-tafelmusik\\\/?lang=fr\"},\"wordCount\":526,\"commentCount\":0,\"publisher\":{\"@id\":\"https:\\\/\\\/artsnb.ca\\\/web\\\/#organization\"},\"image\":{\"@id\":\"https:\\\/\\\/artsnb.ca\\\/web\\\/2014\\\/12\\\/evenement-lorchestre-baroque-tafelmusik\\\/?lang=fr#primaryimage\"},\"thumbnailUrl\":\"https:\\\/\\\/artsnb.ca\\\/web\\\/wp-content\\\/uploads\\\/2019\\\/09\\\/justine-thumbnail.jpg\",\"keywords\":[\"Alison MacKay\",\"artsnb\",\"Baroque\",\"Galil\u00e9e\",\"Tafelmusik\"],\"articleSection\":[\"Blogue\"],\"inLanguage\":\"en-US\",\"potentialAction\":[{\"@type\":\"CommentAction\",\"name\":\"Comment\",\"target\":[\"https:\\\/\\\/artsnb.ca\\\/web\\\/2014\\\/12\\\/evenement-lorchestre-baroque-tafelmusik\\\/?lang=fr#respond\"]}]},{\"@type\":\"WebPage\",\"@id\":\"https:\\\/\\\/artsnb.ca\\\/web\\\/2014\\\/12\\\/evenement-lorchestre-baroque-tafelmusik\\\/?lang=fr\",\"url\":\"https:\\\/\\\/artsnb.ca\\\/web\\\/2014\\\/12\\\/evenement-lorchestre-baroque-tafelmusik\\\/?lang=fr\",\"name\":\"\u00c9v\u00e8nement \u2013 L\u2019orchestre Baroque Tafelmusik - ArtsNB\",\"isPartOf\":{\"@id\":\"https:\\\/\\\/artsnb.ca\\\/web\\\/#website\"},\"primaryImageOfPage\":{\"@id\":\"https:\\\/\\\/artsnb.ca\\\/web\\\/2014\\\/12\\\/evenement-lorchestre-baroque-tafelmusik\\\/?lang=fr#primaryimage\"},\"image\":{\"@id\":\"https:\\\/\\\/artsnb.ca\\\/web\\\/2014\\\/12\\\/evenement-lorchestre-baroque-tafelmusik\\\/?lang=fr#primaryimage\"},\"thumbnailUrl\":\"https:\\\/\\\/artsnb.ca\\\/web\\\/wp-content\\\/uploads\\\/2019\\\/09\\\/justine-thumbnail.jpg\",\"datePublished\":\"2014-12-10T00:00:00+00:00\",\"dateModified\":\"2019-11-07T00:54:24+00:00\",\"breadcrumb\":{\"@id\":\"https:\\\/\\\/artsnb.ca\\\/web\\\/2014\\\/12\\\/evenement-lorchestre-baroque-tafelmusik\\\/?lang=fr#breadcrumb\"},\"inLanguage\":\"en-US\",\"potentialAction\":[{\"@type\":\"ReadAction\",\"target\":[\"https:\\\/\\\/artsnb.ca\\\/web\\\/2014\\\/12\\\/evenement-lorchestre-baroque-tafelmusik\\\/?lang=fr\"]}]},{\"@type\":\"ImageObject\",\"inLanguage\":\"en-US\",\"@id\":\"https:\\\/\\\/artsnb.ca\\\/web\\\/2014\\\/12\\\/evenement-lorchestre-baroque-tafelmusik\\\/?lang=fr#primaryimage\",\"url\":\"https:\\\/\\\/artsnb.ca\\\/web\\\/wp-content\\\/uploads\\\/2019\\\/09\\\/justine-thumbnail.jpg\",\"contentUrl\":\"https:\\\/\\\/artsnb.ca\\\/web\\\/wp-content\\\/uploads\\\/2019\\\/09\\\/justine-thumbnail.jpg\",\"width\":67,\"height\":50},{\"@type\":\"BreadcrumbList\",\"@id\":\"https:\\\/\\\/artsnb.ca\\\/web\\\/2014\\\/12\\\/evenement-lorchestre-baroque-tafelmusik\\\/?lang=fr#breadcrumb\",\"itemListElement\":[{\"@type\":\"ListItem\",\"position\":1,\"name\":\"Home\",\"item\":\"https:\\\/\\\/artsnb.ca\\\/web\\\/\"},{\"@type\":\"ListItem\",\"position\":2,\"name\":\"Blog\",\"item\":\"https:\\\/\\\/artsnb.ca\\\/web\\\/category\\\/blog\\\/\"},{\"@type\":\"ListItem\",\"position\":3,\"name\":\"\u00c9v\u00e8nement \u2013 L\u2019orchestre Baroque Tafelmusik\"}]},{\"@type\":\"WebSite\",\"@id\":\"https:\\\/\\\/artsnb.ca\\\/web\\\/#website\",\"url\":\"https:\\\/\\\/artsnb.ca\\\/web\\\/\",\"name\":\"ArtsNB\",\"description\":\"EXCELLENCE. PROFESSIONALISM. INNOVATION.\",\"publisher\":{\"@id\":\"https:\\\/\\\/artsnb.ca\\\/web\\\/#organization\"},\"potentialAction\":[{\"@type\":\"SearchAction\",\"target\":{\"@type\":\"EntryPoint\",\"urlTemplate\":\"https:\\\/\\\/artsnb.ca\\\/web\\\/?s={search_term_string}\"},\"query-input\":{\"@type\":\"PropertyValueSpecification\",\"valueRequired\":true,\"valueName\":\"search_term_string\"}}],\"inLanguage\":\"en-US\"},{\"@type\":\"Organization\",\"@id\":\"https:\\\/\\\/artsnb.ca\\\/web\\\/#organization\",\"name\":\"ArtsNB\",\"url\":\"https:\\\/\\\/artsnb.ca\\\/web\\\/\",\"logo\":{\"@type\":\"ImageObject\",\"inLanguage\":\"en-US\",\"@id\":\"https:\\\/\\\/artsnb.ca\\\/web\\\/#\\\/schema\\\/logo\\\/image\\\/\",\"url\":\"https:\\\/\\\/artsnb.ca\\\/web\\\/wp-content\\\/uploads\\\/2024\\\/04\\\/cropped-artsnb-PrimaryLogo-vertical-HiRes-2.jpg\",\"contentUrl\":\"https:\\\/\\\/artsnb.ca\\\/web\\\/wp-content\\\/uploads\\\/2024\\\/04\\\/cropped-artsnb-PrimaryLogo-vertical-HiRes-2.jpg\",\"width\":1698,\"height\":1223,\"caption\":\"ArtsNB\"},\"image\":{\"@id\":\"https:\\\/\\\/artsnb.ca\\\/web\\\/#\\\/schema\\\/logo\\\/image\\\/\"},\"sameAs\":[\"https:\\\/\\\/www.facebook.com\\\/artsnb\\\/\",\"https:\\\/\\\/x.com\\\/artsnb\",\"https:\\\/\\\/www.instagram.com\\\/artsnb\\\/\"]},{\"@type\":\"Person\",\"@id\":\"https:\\\/\\\/artsnb.ca\\\/web\\\/#\\\/schema\\\/person\\\/012ecc8a59328615becff4af8bf0c2b9\",\"name\":\"R\u00e9anne Cooper\",\"image\":{\"@type\":\"ImageObject\",\"inLanguage\":\"en-US\",\"@id\":\"https:\\\/\\\/secure.gravatar.com\\\/avatar\\\/1cb05192fe2229166d3916ce0ac0406517d29a24c32e183e81a0a810836dd14b?s=96&d=mm&r=g\",\"url\":\"https:\\\/\\\/secure.gravatar.com\\\/avatar\\\/1cb05192fe2229166d3916ce0ac0406517d29a24c32e183e81a0a810836dd14b?s=96&d=mm&r=g\",\"contentUrl\":\"https:\\\/\\\/secure.gravatar.com\\\/avatar\\\/1cb05192fe2229166d3916ce0ac0406517d29a24c32e183e81a0a810836dd14b?s=96&d=mm&r=g\",\"caption\":\"R\u00e9anne Cooper\"},\"url\":\"https:\\\/\\\/artsnb.ca\\\/web\\\/author\\\/reanne\\\/\"}]}<\/script>\n<!-- \/ Yoast SEO plugin. -->","yoast_head_json":{"title":"\u00c9v\u00e8nement \u2013 L\u2019orchestre Baroque Tafelmusik - ArtsNB","robots":{"index":"index","follow":"follow","max-snippet":"max-snippet:-1","max-image-preview":"max-image-preview:large","max-video-preview":"max-video-preview:-1"},"canonical":"https:\/\/artsnb.ca\/web\/2014\/12\/evenement-lorchestre-baroque-tafelmusik\/","og_locale":"en_US","og_type":"article","og_title":"\u00c9v\u00e8nement \u2013 L\u2019orchestre Baroque Tafelmusik - ArtsNB","og_description":"\u00c9v\u00e8nement \u2013 L\u2019orchestre Baroque Tafelmusik en performance \u00e0 Fredericton Justine Koroscil \u2013 directrice d\u2019administration Le jeudi 27 novembre, j\u2019ai assist\u00e9 \u00e0 la premi\u00e8re r\u00e9union du comit\u00e9 consultatif de la jeunesse au Fredericton Playhouse. Pour tout savoir sur le nouveau comit\u00e9 consultatif de la jeunesse, lisez l\u2019article de notre premi\u00e8re r\u00e9union dans le Grid City Magazine.","og_url":"https:\/\/artsnb.ca\/web\/2014\/12\/evenement-lorchestre-baroque-tafelmusik\/?lang=fr","og_site_name":"ArtsNB","article_publisher":"https:\/\/www.facebook.com\/artsnb\/","article_published_time":"2014-12-10T00:00:00+00:00","article_modified_time":"2019-11-07T00:54:24+00:00","og_image":[{"width":67,"height":50,"url":"https:\/\/artsnb.ca\/web\/wp-content\/uploads\/2019\/09\/justine-thumbnail.jpg","type":"image\/jpeg"}],"author":"R\u00e9anne Cooper","twitter_card":"summary_large_image","twitter_creator":"@artsnb","twitter_site":"@artsnb","twitter_misc":{"Written by":"R\u00e9anne Cooper","Est. reading time":"3 minutes"},"schema":{"@context":"https:\/\/schema.org","@graph":[{"@type":"Article","@id":"https:\/\/artsnb.ca\/web\/2014\/12\/evenement-lorchestre-baroque-tafelmusik\/?lang=fr#article","isPartOf":{"@id":"https:\/\/artsnb.ca\/web\/2014\/12\/evenement-lorchestre-baroque-tafelmusik\/?lang=fr"},"author":{"name":"R\u00e9anne Cooper","@id":"https:\/\/artsnb.ca\/web\/#\/schema\/person\/012ecc8a59328615becff4af8bf0c2b9"},"headline":"\u00c9v\u00e8nement \u2013 L\u2019orchestre Baroque Tafelmusik","datePublished":"2014-12-10T00:00:00+00:00","dateModified":"2019-11-07T00:54:24+00:00","mainEntityOfPage":{"@id":"https:\/\/artsnb.ca\/web\/2014\/12\/evenement-lorchestre-baroque-tafelmusik\/?lang=fr"},"wordCount":526,"commentCount":0,"publisher":{"@id":"https:\/\/artsnb.ca\/web\/#organization"},"image":{"@id":"https:\/\/artsnb.ca\/web\/2014\/12\/evenement-lorchestre-baroque-tafelmusik\/?lang=fr#primaryimage"},"thumbnailUrl":"https:\/\/artsnb.ca\/web\/wp-content\/uploads\/2019\/09\/justine-thumbnail.jpg","keywords":["Alison MacKay","artsnb","Baroque","Galil\u00e9e","Tafelmusik"],"articleSection":["Blogue"],"inLanguage":"en-US","potentialAction":[{"@type":"CommentAction","name":"Comment","target":["https:\/\/artsnb.ca\/web\/2014\/12\/evenement-lorchestre-baroque-tafelmusik\/?lang=fr#respond"]}]},{"@type":"WebPage","@id":"https:\/\/artsnb.ca\/web\/2014\/12\/evenement-lorchestre-baroque-tafelmusik\/?lang=fr","url":"https:\/\/artsnb.ca\/web\/2014\/12\/evenement-lorchestre-baroque-tafelmusik\/?lang=fr","name":"\u00c9v\u00e8nement \u2013 L\u2019orchestre Baroque Tafelmusik - ArtsNB","isPartOf":{"@id":"https:\/\/artsnb.ca\/web\/#website"},"primaryImageOfPage":{"@id":"https:\/\/artsnb.ca\/web\/2014\/12\/evenement-lorchestre-baroque-tafelmusik\/?lang=fr#primaryimage"},"image":{"@id":"https:\/\/artsnb.ca\/web\/2014\/12\/evenement-lorchestre-baroque-tafelmusik\/?lang=fr#primaryimage"},"thumbnailUrl":"https:\/\/artsnb.ca\/web\/wp-content\/uploads\/2019\/09\/justine-thumbnail.jpg","datePublished":"2014-12-10T00:00:00+00:00","dateModified":"2019-11-07T00:54:24+00:00","breadcrumb":{"@id":"https:\/\/artsnb.ca\/web\/2014\/12\/evenement-lorchestre-baroque-tafelmusik\/?lang=fr#breadcrumb"},"inLanguage":"en-US","potentialAction":[{"@type":"ReadAction","target":["https:\/\/artsnb.ca\/web\/2014\/12\/evenement-lorchestre-baroque-tafelmusik\/?lang=fr"]}]},{"@type":"ImageObject","inLanguage":"en-US","@id":"https:\/\/artsnb.ca\/web\/2014\/12\/evenement-lorchestre-baroque-tafelmusik\/?lang=fr#primaryimage","url":"https:\/\/artsnb.ca\/web\/wp-content\/uploads\/2019\/09\/justine-thumbnail.jpg","contentUrl":"https:\/\/artsnb.ca\/web\/wp-content\/uploads\/2019\/09\/justine-thumbnail.jpg","width":67,"height":50},{"@type":"BreadcrumbList","@id":"https:\/\/artsnb.ca\/web\/2014\/12\/evenement-lorchestre-baroque-tafelmusik\/?lang=fr#breadcrumb","itemListElement":[{"@type":"ListItem","position":1,"name":"Home","item":"https:\/\/artsnb.ca\/web\/"},{"@type":"ListItem","position":2,"name":"Blog","item":"https:\/\/artsnb.ca\/web\/category\/blog\/"},{"@type":"ListItem","position":3,"name":"\u00c9v\u00e8nement \u2013 L\u2019orchestre Baroque Tafelmusik"}]},{"@type":"WebSite","@id":"https:\/\/artsnb.ca\/web\/#website","url":"https:\/\/artsnb.ca\/web\/","name":"ArtsNB","description":"EXCELLENCE. PROFESSIONALISM. INNOVATION.","publisher":{"@id":"https:\/\/artsnb.ca\/web\/#organization"},"potentialAction":[{"@type":"SearchAction","target":{"@type":"EntryPoint","urlTemplate":"https:\/\/artsnb.ca\/web\/?s={search_term_string}"},"query-input":{"@type":"PropertyValueSpecification","valueRequired":true,"valueName":"search_term_string"}}],"inLanguage":"en-US"},{"@type":"Organization","@id":"https:\/\/artsnb.ca\/web\/#organization","name":"ArtsNB","url":"https:\/\/artsnb.ca\/web\/","logo":{"@type":"ImageObject","inLanguage":"en-US","@id":"https:\/\/artsnb.ca\/web\/#\/schema\/logo\/image\/","url":"https:\/\/artsnb.ca\/web\/wp-content\/uploads\/2024\/04\/cropped-artsnb-PrimaryLogo-vertical-HiRes-2.jpg","contentUrl":"https:\/\/artsnb.ca\/web\/wp-content\/uploads\/2024\/04\/cropped-artsnb-PrimaryLogo-vertical-HiRes-2.jpg","width":1698,"height":1223,"caption":"ArtsNB"},"image":{"@id":"https:\/\/artsnb.ca\/web\/#\/schema\/logo\/image\/"},"sameAs":["https:\/\/www.facebook.com\/artsnb\/","https:\/\/x.com\/artsnb","https:\/\/www.instagram.com\/artsnb\/"]},{"@type":"Person","@id":"https:\/\/artsnb.ca\/web\/#\/schema\/person\/012ecc8a59328615becff4af8bf0c2b9","name":"R\u00e9anne Cooper","image":{"@type":"ImageObject","inLanguage":"en-US","@id":"https:\/\/secure.gravatar.com\/avatar\/1cb05192fe2229166d3916ce0ac0406517d29a24c32e183e81a0a810836dd14b?s=96&d=mm&r=g","url":"https:\/\/secure.gravatar.com\/avatar\/1cb05192fe2229166d3916ce0ac0406517d29a24c32e183e81a0a810836dd14b?s=96&d=mm&r=g","contentUrl":"https:\/\/secure.gravatar.com\/avatar\/1cb05192fe2229166d3916ce0ac0406517d29a24c32e183e81a0a810836dd14b?s=96&d=mm&r=g","caption":"R\u00e9anne Cooper"},"url":"https:\/\/artsnb.ca\/web\/author\/reanne\/"}]}},"_links":{"self":[{"href":"https:\/\/artsnb.ca\/web\/wp-json\/wp\/v2\/posts\/3629","targetHints":{"allow":["GET"]}}],"collection":[{"href":"https:\/\/artsnb.ca\/web\/wp-json\/wp\/v2\/posts"}],"about":[{"href":"https:\/\/artsnb.ca\/web\/wp-json\/wp\/v2\/types\/post"}],"author":[{"embeddable":true,"href":"https:\/\/artsnb.ca\/web\/wp-json\/wp\/v2\/users\/6"}],"replies":[{"embeddable":true,"href":"https:\/\/artsnb.ca\/web\/wp-json\/wp\/v2\/comments?post=3629"}],"version-history":[{"count":1,"href":"https:\/\/artsnb.ca\/web\/wp-json\/wp\/v2\/posts\/3629\/revisions"}],"predecessor-version":[{"id":4544,"href":"https:\/\/artsnb.ca\/web\/wp-json\/wp\/v2\/posts\/3629\/revisions\/4544"}],"wp:featuredmedia":[{"embeddable":true,"href":"https:\/\/artsnb.ca\/web\/wp-json\/wp\/v2\/media\/2905"}],"wp:attachment":[{"href":"https:\/\/artsnb.ca\/web\/wp-json\/wp\/v2\/media?parent=3629"}],"wp:term":[{"taxonomy":"category","embeddable":true,"href":"https:\/\/artsnb.ca\/web\/wp-json\/wp\/v2\/categories?post=3629"},{"taxonomy":"post_tag","embeddable":true,"href":"https:\/\/artsnb.ca\/web\/wp-json\/wp\/v2\/tags?post=3629"}],"curies":[{"name":"wp","href":"https:\/\/api.w.org\/{rel}","templated":true}]}}