{"id":3634,"date":"2015-02-04T00:00:00","date_gmt":"2015-02-04T00:00:00","guid":{"rendered":"https:\/\/staging-artsnb.weavercrawford.com\/a-la-recherche-de-jeunes-artistes-emergents\/"},"modified":"2019-11-07T00:54:24","modified_gmt":"2019-11-07T00:54:24","slug":"a-la-recherche-de-jeunes-artistes-emergents","status":"publish","type":"post","link":"https:\/\/artsnb.ca\/web\/2015\/02\/a-la-recherche-de-jeunes-artistes-emergents\/?lang=fr","title":{"rendered":"\u00c0 la recherche de jeunes artistes \u00e9mergents!"},"content":{"rendered":"<h3>\u00c0 la recherche de jeunes artistes \u00e9mergents!<\/h3>\n<p><i>Justine Koroscil, <\/i><i>directrice administrative <\/i><\/p>\n<h3><b><span style=\"text-decoration: underline;\">Est-ce que vous \u00eates un jeune<\/span><\/b><b><span style=\"text-decoration: underline;\"> artiste \u00e9mergent d\u00e9sireux de joindre une organisation artistique?<\/span><\/b><\/h3>\n<p>Saviez-vous qu\u2019artsnb a une <a href=\"http:\/\/artsnb.ca\/site\/fr\/a-propos-de-nous\/comites\/\" target=\"_blank\" rel=\"noopener noreferrer\">Commission de la jeunesse<\/a>? Actuellement, le comit\u00e9 est compos\u00e9 de huit jeunes artistes professionnels \u00e2g\u00e9s de 18 \u00e0 35 ans qui ont une pratique d&#8217;art \u00e9tabli. Au sein de ce groupe d&#8217;artistes, il y a une repr\u00e9sentation \u00e9quitable et diversifi\u00e9e bas\u00e9e sur la g\u00e9ographie de la province, la culture et les disciplines artistiques. La commission a \u00e9t\u00e9 cr\u00e9\u00e9e pour\u00a0:<\/p>\n<ul>\n<li>avise le conseil d\u2019administration;<\/li>\n<li>d\u00e9fends des questions de jeunesse;<\/li>\n<li>agir comme ambassadeurs et personnes-ressources pour les jeunes artistes;<\/li>\n<li>relient les artistes \u00e9mergents et \u00e9tablis.<\/li>\n<\/ul>\n<p>L&#8217;ann\u00e9e derni\u00e8re, j\u2019ai eu la chance d&#8217;aller \u00e0 quelques conf\u00e9rences o\u00f9 la question de la jeunesse dans les arts a \u00e9t\u00e9 explor\u00e9e et contest\u00e9e de diff\u00e9rentes mani\u00e8res. Trop souvent, les jeunes artistes sont mal repr\u00e9sent\u00e9s, sous-repr\u00e9sent\u00e9s, ou n\u2019ont pas de repr\u00e9sentation dans de nombreux comit\u00e9s, conseils, organisations et projets gouvernementaux. Certains jeunes artistes expriment les d\u00e9fis avec la connexion \u00e0 leur propre communaut\u00e9. Un des conf\u00e9renciers \u00e0 demander aux jeunes participants de la conf\u00e9rence avec insistance de faire un suivi d\u2019un appel national et de pr\u00e9coniser qu&#8217;il y ait un membre d&#8217;un groupe de jeunes assis sur chaque conseil au Canada. \u00c7a peut prendre un certain temps, mais des comit\u00e9s consultatifs de la jeunesse sont une premi\u00e8re \u00e9tape importante dans la bonne direction. <a href=\"http:\/\/www.gridcitymagazine.com\/fredericton-playhouse-youth\/\" target=\"_blank\" rel=\"noopener noreferrer\">Le Fredericton Playhouse a r\u00e9cemment form\u00e9 un comit\u00e9 de jeunes<\/a> et <b>artsnb<\/b> va bient\u00f4t mettre un accent renouvel\u00e9 sur notre Commission de la jeunesse.<\/p>\n<figure id=\"attachment_3588\" aria-describedby=\"caption-attachment-3588\" style=\"width: 159px\" class=\"wp-caption alignleft\"><a href=\"https:\/\/artsnb.ca\/web\/wp-content\/uploads\/2019\/09\/7fb770f34c796f7501d3cf0f0dc39075_L.jpg\"><img loading=\"lazy\" decoding=\"async\" class=\"size-medium wp-image-3588\" alt=\"7fb770f34c796f7501d3cf0f0dc39075_L\" src=\"https:\/\/artsnb.ca\/web\/wp-content\/uploads\/2019\/09\/7fb770f34c796f7501d3cf0f0dc39075_L.jpg\" width=\"159\" height=\"300\" \/><\/a><figcaption id=\"caption-attachment-3588\" class=\"wp-caption-text\">Saa Andrew<\/figcaption><\/figure>\n<p><b>artsnb <\/b>va revoir sa copie avec notre Commission de jeunesse. Beaucoup de nos membres sont maintenant des artistes professionnels avec une carri\u00e8re d&#8217;art \u00e9tablie (Yay!). Il peut \u00eatre difficile avec les exigences de voyage et le temps consacrer \u00e0 leur pratique ou un emploi pour assurer tout le monde est \u00e0 une r\u00e9union du comit\u00e9. Nous sommes dans le processus de restructuration de la commission et fait appelle de toute personne int\u00e9ress\u00e9e \u00e0 participer. Nous esp\u00e9rons que nous pouvons garder la structure d&#8217;avoir une repr\u00e9sentation \u00e9quitable et diversifi\u00e9e de la g\u00e9ographie de la province et culture tout en restant rentable. Nous sommes ouverts \u00e0 avoir quelques \u00e9tudiants de l&#8217;\u00e9cole secondaire si\u00e8gent au comit\u00e9. Avec l&#8217;aide de notre pr\u00e9sident, <a href=\"http:\/\/www.21inc.ca\/index.php\/en\/programs\/cohorte-2014\/21leaders-nb-2014-15\/item\/303-saa-andrew\">Saa Andrew<\/a>, nous avons de nombreux projets imagin\u00e9s et \u00e0 besoin de votre aide!<\/p>\n<p>Saa Andrew est le directeur g\u00e9n\u00e9ral de Battle of the Arts, \u00e0 Fredericton. Un ancien r\u00e9fugi\u00e9 de Sierra Leone, Saa est dipl\u00f4m\u00e9 de <a href=\"http:\/\/w3.stu.ca\/stu\/default.aspx\">l&#8217;Universit\u00e9 Saint Thomas<\/a>, avec sp\u00e9cialisation en droits de la personne et l&#8217;histoire globale. Il a ensuite obtenu un baccalaur\u00e9at \u00e8s arts. <a href=\"https:\/\/www.facebook.com\/pages\/Battle-of-the-Arts-NB\/205267872816573?fref=nf\">Battle of the Arts<\/a> est devenu \u00e0 l\u2019\u00e9chelle de la province en 2011 et depuis, Saa est tr\u00e8s occup\u00e9. Il est membre de notre <a href=\"http:\/\/artsnb.ca\/site\/en\/about-us\/committees\/\">Commission de la jeunesse<\/a> et son objectif est d&#8217;utiliser les arts pour cr\u00e9er un changement dans la communaut\u00e9 et au-del\u00e0. Il est \u00e9galement le pr\u00e9sident de <a href=\"https:\/\/www.facebook.com\/pages\/New-Brunswick-African-Association\/589393481142533\">l&#8217;Association africaine du Nouveau-Brunswick<\/a>. Nous sommes chanceux d&#8217;avoir son soutien et ses conseils par le biais de notre initiative de la commission de la jeunesse.<\/p>\n<h3><b><span style=\"text-decoration: underline;\">Souhaitez-vous joindre<\/span><\/b><b><span style=\"text-decoration: underline;\"> le comit\u00e9?<\/span><\/b><\/h3>\n<p>Si vous \u00eates un jeune artiste impliqu\u00e9 dans votre communaut\u00e9 ou a un int\u00e9r\u00eat dans <b>artsnb<\/b> s\u2019il vous pla\u00eet n\u2019h\u00e9sitez pas \u00e0 me contacter pour demander \u00e0 \u00eatre inclus dans notre Commission de la jeunesse. Saa et moi sommes impatients de commencer et nous sommes dans le besoin de 12 membres du comit\u00e9.<\/p>\n<p>Vous pouvez me contacter \u00e0 <a href=\"mailto:jkoroscil@artsnb.ca\">jkoroscil@artsnb.ca<\/a> ou Saa au <a href=\"mailto:sagefly@yahoo.ca\">sagefly@yahoo.ca<\/a> avec un CV ou un lien vers des ressources en ligne (votre page web\/blogue\/etc.).<\/p>\n<p>Nous sommes impatients d\u2019entendre de vous!<\/p>\n<p>&nbsp;<\/p>\n","protected":false},"excerpt":{"rendered":"<p>\u00c0 la recherche de jeunes artistes \u00e9mergents! Justine Koroscil, directrice administrative Est-ce que vous \u00eates un jeune artiste \u00e9mergent d\u00e9sireux de joindre une organisation artistique? Saviez-vous qu\u2019artsnb a une Commission de la jeunesse? Actuellement, le comit\u00e9 est compos\u00e9 de huit jeunes artistes professionnels \u00e2g\u00e9s de 18 \u00e0 35 ans qui ont une pratique d&#8217;art \u00e9tabli.<\/p>\n","protected":false},"author":6,"featured_media":2925,"comment_status":"open","ping_status":"open","sticky":false,"template":"","format":"standard","meta":{"_acf_changed":false,"footnotes":""},"categories":[87],"tags":[],"class_list":["post-3634","post","type-post","status-publish","format-standard","has-post-thumbnail","hentry","category-blogue"],"acf":[],"yoast_head":"<!-- This site is optimized with the Yoast SEO plugin v27.5 - https:\/\/yoast.com\/product\/yoast-seo-wordpress\/ -->\n<title>\u00c0 la recherche de jeunes artistes \u00e9mergents! - ArtsNB<\/title>\n<meta name=\"robots\" content=\"index, follow, max-snippet:-1, max-image-preview:large, max-video-preview:-1\" \/>\n<link rel=\"canonical\" href=\"https:\/\/artsnb.ca\/web\/2015\/02\/a-la-recherche-de-jeunes-artistes-emergents\/\" \/>\n<meta property=\"og:locale\" content=\"en_US\" \/>\n<meta property=\"og:type\" content=\"article\" \/>\n<meta property=\"og:title\" content=\"\u00c0 la recherche de jeunes artistes \u00e9mergents! - ArtsNB\" \/>\n<meta property=\"og:description\" content=\"\u00c0 la recherche de jeunes artistes \u00e9mergents! Justine Koroscil, directrice administrative Est-ce que vous \u00eates un jeune artiste \u00e9mergent d\u00e9sireux de joindre une organisation artistique? Saviez-vous qu\u2019artsnb a une Commission de la jeunesse? Actuellement, le comit\u00e9 est compos\u00e9 de huit jeunes artistes professionnels \u00e2g\u00e9s de 18 \u00e0 35 ans qui ont une pratique d&#8217;art \u00e9tabli.\" \/>\n<meta property=\"og:url\" content=\"https:\/\/artsnb.ca\/web\/2015\/02\/a-la-recherche-de-jeunes-artistes-emergents\/?lang=fr\" \/>\n<meta property=\"og:site_name\" content=\"ArtsNB\" \/>\n<meta property=\"article:publisher\" content=\"https:\/\/www.facebook.com\/artsnb\/\" \/>\n<meta property=\"article:published_time\" content=\"2015-02-04T00:00:00+00:00\" \/>\n<meta property=\"article:modified_time\" content=\"2019-11-07T00:54:24+00:00\" \/>\n<meta property=\"og:image\" content=\"https:\/\/artsnb.ca\/web\/wp-content\/uploads\/2019\/09\/Blog-1-thumbnail_1.jpg\" \/>\n\t<meta property=\"og:image:width\" content=\"67\" \/>\n\t<meta property=\"og:image:height\" content=\"50\" \/>\n\t<meta property=\"og:image:type\" content=\"image\/jpeg\" \/>\n<meta name=\"author\" content=\"R\u00e9anne Cooper\" \/>\n<meta name=\"twitter:card\" content=\"summary_large_image\" \/>\n<meta name=\"twitter:creator\" content=\"@artsnb\" \/>\n<meta name=\"twitter:site\" content=\"@artsnb\" \/>\n<meta name=\"twitter:label1\" content=\"Written by\" \/>\n\t<meta name=\"twitter:data1\" content=\"R\u00e9anne Cooper\" \/>\n\t<meta name=\"twitter:label2\" content=\"Est. reading time\" \/>\n\t<meta name=\"twitter:data2\" content=\"3 minutes\" \/>\n<script type=\"application\/ld+json\" class=\"yoast-schema-graph\">{\"@context\":\"https:\\\/\\\/schema.org\",\"@graph\":[{\"@type\":\"Article\",\"@id\":\"https:\\\/\\\/artsnb.ca\\\/web\\\/2015\\\/02\\\/a-la-recherche-de-jeunes-artistes-emergents\\\/?lang=fr#article\",\"isPartOf\":{\"@id\":\"https:\\\/\\\/artsnb.ca\\\/web\\\/2015\\\/02\\\/a-la-recherche-de-jeunes-artistes-emergents\\\/?lang=fr\"},\"author\":{\"name\":\"R\u00e9anne Cooper\",\"@id\":\"https:\\\/\\\/artsnb.ca\\\/web\\\/#\\\/schema\\\/person\\\/012ecc8a59328615becff4af8bf0c2b9\"},\"headline\":\"\u00c0 la recherche de jeunes artistes \u00e9mergents!\",\"datePublished\":\"2015-02-04T00:00:00+00:00\",\"dateModified\":\"2019-11-07T00:54:24+00:00\",\"mainEntityOfPage\":{\"@id\":\"https:\\\/\\\/artsnb.ca\\\/web\\\/2015\\\/02\\\/a-la-recherche-de-jeunes-artistes-emergents\\\/?lang=fr\"},\"wordCount\":677,\"commentCount\":0,\"publisher\":{\"@id\":\"https:\\\/\\\/artsnb.ca\\\/web\\\/#organization\"},\"image\":{\"@id\":\"https:\\\/\\\/artsnb.ca\\\/web\\\/2015\\\/02\\\/a-la-recherche-de-jeunes-artistes-emergents\\\/?lang=fr#primaryimage\"},\"thumbnailUrl\":\"https:\\\/\\\/artsnb.ca\\\/web\\\/wp-content\\\/uploads\\\/2019\\\/09\\\/Blog-1-thumbnail_1.jpg\",\"articleSection\":[\"Blogue\"],\"inLanguage\":\"en-US\",\"potentialAction\":[{\"@type\":\"CommentAction\",\"name\":\"Comment\",\"target\":[\"https:\\\/\\\/artsnb.ca\\\/web\\\/2015\\\/02\\\/a-la-recherche-de-jeunes-artistes-emergents\\\/?lang=fr#respond\"]}]},{\"@type\":\"WebPage\",\"@id\":\"https:\\\/\\\/artsnb.ca\\\/web\\\/2015\\\/02\\\/a-la-recherche-de-jeunes-artistes-emergents\\\/?lang=fr\",\"url\":\"https:\\\/\\\/artsnb.ca\\\/web\\\/2015\\\/02\\\/a-la-recherche-de-jeunes-artistes-emergents\\\/?lang=fr\",\"name\":\"\u00c0 la recherche de jeunes artistes \u00e9mergents! - ArtsNB\",\"isPartOf\":{\"@id\":\"https:\\\/\\\/artsnb.ca\\\/web\\\/#website\"},\"primaryImageOfPage\":{\"@id\":\"https:\\\/\\\/artsnb.ca\\\/web\\\/2015\\\/02\\\/a-la-recherche-de-jeunes-artistes-emergents\\\/?lang=fr#primaryimage\"},\"image\":{\"@id\":\"https:\\\/\\\/artsnb.ca\\\/web\\\/2015\\\/02\\\/a-la-recherche-de-jeunes-artistes-emergents\\\/?lang=fr#primaryimage\"},\"thumbnailUrl\":\"https:\\\/\\\/artsnb.ca\\\/web\\\/wp-content\\\/uploads\\\/2019\\\/09\\\/Blog-1-thumbnail_1.jpg\",\"datePublished\":\"2015-02-04T00:00:00+00:00\",\"dateModified\":\"2019-11-07T00:54:24+00:00\",\"breadcrumb\":{\"@id\":\"https:\\\/\\\/artsnb.ca\\\/web\\\/2015\\\/02\\\/a-la-recherche-de-jeunes-artistes-emergents\\\/?lang=fr#breadcrumb\"},\"inLanguage\":\"en-US\",\"potentialAction\":[{\"@type\":\"ReadAction\",\"target\":[\"https:\\\/\\\/artsnb.ca\\\/web\\\/2015\\\/02\\\/a-la-recherche-de-jeunes-artistes-emergents\\\/?lang=fr\"]}]},{\"@type\":\"ImageObject\",\"inLanguage\":\"en-US\",\"@id\":\"https:\\\/\\\/artsnb.ca\\\/web\\\/2015\\\/02\\\/a-la-recherche-de-jeunes-artistes-emergents\\\/?lang=fr#primaryimage\",\"url\":\"https:\\\/\\\/artsnb.ca\\\/web\\\/wp-content\\\/uploads\\\/2019\\\/09\\\/Blog-1-thumbnail_1.jpg\",\"contentUrl\":\"https:\\\/\\\/artsnb.ca\\\/web\\\/wp-content\\\/uploads\\\/2019\\\/09\\\/Blog-1-thumbnail_1.jpg\",\"width\":67,\"height\":50},{\"@type\":\"BreadcrumbList\",\"@id\":\"https:\\\/\\\/artsnb.ca\\\/web\\\/2015\\\/02\\\/a-la-recherche-de-jeunes-artistes-emergents\\\/?lang=fr#breadcrumb\",\"itemListElement\":[{\"@type\":\"ListItem\",\"position\":1,\"name\":\"Home\",\"item\":\"https:\\\/\\\/artsnb.ca\\\/web\\\/\"},{\"@type\":\"ListItem\",\"position\":2,\"name\":\"Blog\",\"item\":\"https:\\\/\\\/artsnb.ca\\\/web\\\/category\\\/blog\\\/\"},{\"@type\":\"ListItem\",\"position\":3,\"name\":\"\u00c0 la recherche de jeunes artistes \u00e9mergents!\"}]},{\"@type\":\"WebSite\",\"@id\":\"https:\\\/\\\/artsnb.ca\\\/web\\\/#website\",\"url\":\"https:\\\/\\\/artsnb.ca\\\/web\\\/\",\"name\":\"ArtsNB\",\"description\":\"EXCELLENCE. PROFESSIONALISM. INNOVATION.\",\"publisher\":{\"@id\":\"https:\\\/\\\/artsnb.ca\\\/web\\\/#organization\"},\"potentialAction\":[{\"@type\":\"SearchAction\",\"target\":{\"@type\":\"EntryPoint\",\"urlTemplate\":\"https:\\\/\\\/artsnb.ca\\\/web\\\/?s={search_term_string}\"},\"query-input\":{\"@type\":\"PropertyValueSpecification\",\"valueRequired\":true,\"valueName\":\"search_term_string\"}}],\"inLanguage\":\"en-US\"},{\"@type\":\"Organization\",\"@id\":\"https:\\\/\\\/artsnb.ca\\\/web\\\/#organization\",\"name\":\"ArtsNB\",\"url\":\"https:\\\/\\\/artsnb.ca\\\/web\\\/\",\"logo\":{\"@type\":\"ImageObject\",\"inLanguage\":\"en-US\",\"@id\":\"https:\\\/\\\/artsnb.ca\\\/web\\\/#\\\/schema\\\/logo\\\/image\\\/\",\"url\":\"https:\\\/\\\/artsnb.ca\\\/web\\\/wp-content\\\/uploads\\\/2024\\\/04\\\/cropped-artsnb-PrimaryLogo-vertical-HiRes-2.jpg\",\"contentUrl\":\"https:\\\/\\\/artsnb.ca\\\/web\\\/wp-content\\\/uploads\\\/2024\\\/04\\\/cropped-artsnb-PrimaryLogo-vertical-HiRes-2.jpg\",\"width\":1698,\"height\":1223,\"caption\":\"ArtsNB\"},\"image\":{\"@id\":\"https:\\\/\\\/artsnb.ca\\\/web\\\/#\\\/schema\\\/logo\\\/image\\\/\"},\"sameAs\":[\"https:\\\/\\\/www.facebook.com\\\/artsnb\\\/\",\"https:\\\/\\\/x.com\\\/artsnb\",\"https:\\\/\\\/www.instagram.com\\\/artsnb\\\/\"]},{\"@type\":\"Person\",\"@id\":\"https:\\\/\\\/artsnb.ca\\\/web\\\/#\\\/schema\\\/person\\\/012ecc8a59328615becff4af8bf0c2b9\",\"name\":\"R\u00e9anne Cooper\",\"image\":{\"@type\":\"ImageObject\",\"inLanguage\":\"en-US\",\"@id\":\"https:\\\/\\\/secure.gravatar.com\\\/avatar\\\/1cb05192fe2229166d3916ce0ac0406517d29a24c32e183e81a0a810836dd14b?s=96&d=mm&r=g\",\"url\":\"https:\\\/\\\/secure.gravatar.com\\\/avatar\\\/1cb05192fe2229166d3916ce0ac0406517d29a24c32e183e81a0a810836dd14b?s=96&d=mm&r=g\",\"contentUrl\":\"https:\\\/\\\/secure.gravatar.com\\\/avatar\\\/1cb05192fe2229166d3916ce0ac0406517d29a24c32e183e81a0a810836dd14b?s=96&d=mm&r=g\",\"caption\":\"R\u00e9anne Cooper\"},\"url\":\"https:\\\/\\\/artsnb.ca\\\/web\\\/author\\\/reanne\\\/\"}]}<\/script>\n<!-- \/ Yoast SEO plugin. -->","yoast_head_json":{"title":"\u00c0 la recherche de jeunes artistes \u00e9mergents! - ArtsNB","robots":{"index":"index","follow":"follow","max-snippet":"max-snippet:-1","max-image-preview":"max-image-preview:large","max-video-preview":"max-video-preview:-1"},"canonical":"https:\/\/artsnb.ca\/web\/2015\/02\/a-la-recherche-de-jeunes-artistes-emergents\/","og_locale":"en_US","og_type":"article","og_title":"\u00c0 la recherche de jeunes artistes \u00e9mergents! - ArtsNB","og_description":"\u00c0 la recherche de jeunes artistes \u00e9mergents! Justine Koroscil, directrice administrative Est-ce que vous \u00eates un jeune artiste \u00e9mergent d\u00e9sireux de joindre une organisation artistique? Saviez-vous qu\u2019artsnb a une Commission de la jeunesse? Actuellement, le comit\u00e9 est compos\u00e9 de huit jeunes artistes professionnels \u00e2g\u00e9s de 18 \u00e0 35 ans qui ont une pratique d&#8217;art \u00e9tabli.","og_url":"https:\/\/artsnb.ca\/web\/2015\/02\/a-la-recherche-de-jeunes-artistes-emergents\/?lang=fr","og_site_name":"ArtsNB","article_publisher":"https:\/\/www.facebook.com\/artsnb\/","article_published_time":"2015-02-04T00:00:00+00:00","article_modified_time":"2019-11-07T00:54:24+00:00","og_image":[{"width":67,"height":50,"url":"https:\/\/artsnb.ca\/web\/wp-content\/uploads\/2019\/09\/Blog-1-thumbnail_1.jpg","type":"image\/jpeg"}],"author":"R\u00e9anne Cooper","twitter_card":"summary_large_image","twitter_creator":"@artsnb","twitter_site":"@artsnb","twitter_misc":{"Written by":"R\u00e9anne Cooper","Est. reading time":"3 minutes"},"schema":{"@context":"https:\/\/schema.org","@graph":[{"@type":"Article","@id":"https:\/\/artsnb.ca\/web\/2015\/02\/a-la-recherche-de-jeunes-artistes-emergents\/?lang=fr#article","isPartOf":{"@id":"https:\/\/artsnb.ca\/web\/2015\/02\/a-la-recherche-de-jeunes-artistes-emergents\/?lang=fr"},"author":{"name":"R\u00e9anne Cooper","@id":"https:\/\/artsnb.ca\/web\/#\/schema\/person\/012ecc8a59328615becff4af8bf0c2b9"},"headline":"\u00c0 la recherche de jeunes artistes \u00e9mergents!","datePublished":"2015-02-04T00:00:00+00:00","dateModified":"2019-11-07T00:54:24+00:00","mainEntityOfPage":{"@id":"https:\/\/artsnb.ca\/web\/2015\/02\/a-la-recherche-de-jeunes-artistes-emergents\/?lang=fr"},"wordCount":677,"commentCount":0,"publisher":{"@id":"https:\/\/artsnb.ca\/web\/#organization"},"image":{"@id":"https:\/\/artsnb.ca\/web\/2015\/02\/a-la-recherche-de-jeunes-artistes-emergents\/?lang=fr#primaryimage"},"thumbnailUrl":"https:\/\/artsnb.ca\/web\/wp-content\/uploads\/2019\/09\/Blog-1-thumbnail_1.jpg","articleSection":["Blogue"],"inLanguage":"en-US","potentialAction":[{"@type":"CommentAction","name":"Comment","target":["https:\/\/artsnb.ca\/web\/2015\/02\/a-la-recherche-de-jeunes-artistes-emergents\/?lang=fr#respond"]}]},{"@type":"WebPage","@id":"https:\/\/artsnb.ca\/web\/2015\/02\/a-la-recherche-de-jeunes-artistes-emergents\/?lang=fr","url":"https:\/\/artsnb.ca\/web\/2015\/02\/a-la-recherche-de-jeunes-artistes-emergents\/?lang=fr","name":"\u00c0 la recherche de jeunes artistes \u00e9mergents! - ArtsNB","isPartOf":{"@id":"https:\/\/artsnb.ca\/web\/#website"},"primaryImageOfPage":{"@id":"https:\/\/artsnb.ca\/web\/2015\/02\/a-la-recherche-de-jeunes-artistes-emergents\/?lang=fr#primaryimage"},"image":{"@id":"https:\/\/artsnb.ca\/web\/2015\/02\/a-la-recherche-de-jeunes-artistes-emergents\/?lang=fr#primaryimage"},"thumbnailUrl":"https:\/\/artsnb.ca\/web\/wp-content\/uploads\/2019\/09\/Blog-1-thumbnail_1.jpg","datePublished":"2015-02-04T00:00:00+00:00","dateModified":"2019-11-07T00:54:24+00:00","breadcrumb":{"@id":"https:\/\/artsnb.ca\/web\/2015\/02\/a-la-recherche-de-jeunes-artistes-emergents\/?lang=fr#breadcrumb"},"inLanguage":"en-US","potentialAction":[{"@type":"ReadAction","target":["https:\/\/artsnb.ca\/web\/2015\/02\/a-la-recherche-de-jeunes-artistes-emergents\/?lang=fr"]}]},{"@type":"ImageObject","inLanguage":"en-US","@id":"https:\/\/artsnb.ca\/web\/2015\/02\/a-la-recherche-de-jeunes-artistes-emergents\/?lang=fr#primaryimage","url":"https:\/\/artsnb.ca\/web\/wp-content\/uploads\/2019\/09\/Blog-1-thumbnail_1.jpg","contentUrl":"https:\/\/artsnb.ca\/web\/wp-content\/uploads\/2019\/09\/Blog-1-thumbnail_1.jpg","width":67,"height":50},{"@type":"BreadcrumbList","@id":"https:\/\/artsnb.ca\/web\/2015\/02\/a-la-recherche-de-jeunes-artistes-emergents\/?lang=fr#breadcrumb","itemListElement":[{"@type":"ListItem","position":1,"name":"Home","item":"https:\/\/artsnb.ca\/web\/"},{"@type":"ListItem","position":2,"name":"Blog","item":"https:\/\/artsnb.ca\/web\/category\/blog\/"},{"@type":"ListItem","position":3,"name":"\u00c0 la recherche de jeunes artistes \u00e9mergents!"}]},{"@type":"WebSite","@id":"https:\/\/artsnb.ca\/web\/#website","url":"https:\/\/artsnb.ca\/web\/","name":"ArtsNB","description":"EXCELLENCE. PROFESSIONALISM. INNOVATION.","publisher":{"@id":"https:\/\/artsnb.ca\/web\/#organization"},"potentialAction":[{"@type":"SearchAction","target":{"@type":"EntryPoint","urlTemplate":"https:\/\/artsnb.ca\/web\/?s={search_term_string}"},"query-input":{"@type":"PropertyValueSpecification","valueRequired":true,"valueName":"search_term_string"}}],"inLanguage":"en-US"},{"@type":"Organization","@id":"https:\/\/artsnb.ca\/web\/#organization","name":"ArtsNB","url":"https:\/\/artsnb.ca\/web\/","logo":{"@type":"ImageObject","inLanguage":"en-US","@id":"https:\/\/artsnb.ca\/web\/#\/schema\/logo\/image\/","url":"https:\/\/artsnb.ca\/web\/wp-content\/uploads\/2024\/04\/cropped-artsnb-PrimaryLogo-vertical-HiRes-2.jpg","contentUrl":"https:\/\/artsnb.ca\/web\/wp-content\/uploads\/2024\/04\/cropped-artsnb-PrimaryLogo-vertical-HiRes-2.jpg","width":1698,"height":1223,"caption":"ArtsNB"},"image":{"@id":"https:\/\/artsnb.ca\/web\/#\/schema\/logo\/image\/"},"sameAs":["https:\/\/www.facebook.com\/artsnb\/","https:\/\/x.com\/artsnb","https:\/\/www.instagram.com\/artsnb\/"]},{"@type":"Person","@id":"https:\/\/artsnb.ca\/web\/#\/schema\/person\/012ecc8a59328615becff4af8bf0c2b9","name":"R\u00e9anne Cooper","image":{"@type":"ImageObject","inLanguage":"en-US","@id":"https:\/\/secure.gravatar.com\/avatar\/1cb05192fe2229166d3916ce0ac0406517d29a24c32e183e81a0a810836dd14b?s=96&d=mm&r=g","url":"https:\/\/secure.gravatar.com\/avatar\/1cb05192fe2229166d3916ce0ac0406517d29a24c32e183e81a0a810836dd14b?s=96&d=mm&r=g","contentUrl":"https:\/\/secure.gravatar.com\/avatar\/1cb05192fe2229166d3916ce0ac0406517d29a24c32e183e81a0a810836dd14b?s=96&d=mm&r=g","caption":"R\u00e9anne Cooper"},"url":"https:\/\/artsnb.ca\/web\/author\/reanne\/"}]}},"_links":{"self":[{"href":"https:\/\/artsnb.ca\/web\/wp-json\/wp\/v2\/posts\/3634","targetHints":{"allow":["GET"]}}],"collection":[{"href":"https:\/\/artsnb.ca\/web\/wp-json\/wp\/v2\/posts"}],"about":[{"href":"https:\/\/artsnb.ca\/web\/wp-json\/wp\/v2\/types\/post"}],"author":[{"embeddable":true,"href":"https:\/\/artsnb.ca\/web\/wp-json\/wp\/v2\/users\/6"}],"replies":[{"embeddable":true,"href":"https:\/\/artsnb.ca\/web\/wp-json\/wp\/v2\/comments?post=3634"}],"version-history":[{"count":1,"href":"https:\/\/artsnb.ca\/web\/wp-json\/wp\/v2\/posts\/3634\/revisions"}],"predecessor-version":[{"id":4539,"href":"https:\/\/artsnb.ca\/web\/wp-json\/wp\/v2\/posts\/3634\/revisions\/4539"}],"wp:featuredmedia":[{"embeddable":true,"href":"https:\/\/artsnb.ca\/web\/wp-json\/wp\/v2\/media\/2925"}],"wp:attachment":[{"href":"https:\/\/artsnb.ca\/web\/wp-json\/wp\/v2\/media?parent=3634"}],"wp:term":[{"taxonomy":"category","embeddable":true,"href":"https:\/\/artsnb.ca\/web\/wp-json\/wp\/v2\/categories?post=3634"},{"taxonomy":"post_tag","embeddable":true,"href":"https:\/\/artsnb.ca\/web\/wp-json\/wp\/v2\/tags?post=3634"}],"curies":[{"name":"wp","href":"https:\/\/api.w.org\/{rel}","templated":true}]}}