{"id":3637,"date":"2015-02-25T00:00:00","date_gmt":"2015-02-25T00:00:00","guid":{"rendered":"https:\/\/staging-artsnb.weavercrawford.com\/vieillissement-creatif-comprendre-nos-histoires\/"},"modified":"2019-11-07T00:54:23","modified_gmt":"2019-11-07T00:54:23","slug":"vieillissement-creatif-comprendre-nos-histoires","status":"publish","type":"post","link":"https:\/\/artsnb.ca\/web\/2015\/02\/vieillissement-creatif-comprendre-nos-histoires\/?lang=fr","title":{"rendered":"Vieillissement cr\u00e9atif : Comprendre nos histoires"},"content":{"rendered":"<p><b>Vieillissement cr\u00e9atif\u00a0: Comprendre nos histoires<\/b><\/p>\n<p><i>Vanessa Moeller, Deputy Director<\/i><\/p>\n<p><a href=\"https:\/\/artsnb.ca\/web\/wp-content\/uploads\/2019\/09\/IMG_1770-2.jpg\"><img loading=\"lazy\" decoding=\"async\" class=\"alignleft size-thumbnail wp-image-3632\" alt=\"IMG_1770 (2)\" src=\"https:\/\/artsnb.ca\/web\/wp-content\/uploads\/2019\/09\/IMG_1770-2-150x150.jpg\" width=\"150\" height=\"150\" \/><\/a>L&#8217;\u00e9nergie dans la salle \u00e9tait palpable le 21 f\u00e9vrier, avec plus de 40 participants qui se sont r\u00e9unis \u00e0 <a href=\"http:\/\/w3.stu.ca\/stu\/default.aspx\">l&#8217;Universit\u00e9 St Thomas<\/a> pour le premier atelier de la <a href=\"http:\/\/artsnb.ca\/site\/fr\/2015\/pas-simplement-vieillir-en-toute-dignite-le-vieillissement-creatif\/\">s\u00e9rie d&#8217;ateliers de vieillissement cr\u00e9atif<\/a> intitul\u00e9 comprendre nos histoires. Les participants sont arriv\u00e9es pour trouver des cahiers Rhodia et stylos pour eux gr\u00e2ce \u00e0 la g\u00e9n\u00e9reuse commandite de notre centre d\u2019art local <a href=\"http:\/\/www.artstuff.ca\/\">Endeavours<\/a> \u2014 un merci tout sp\u00e9cial \u00e0 Stefan Westner, Luke Randall et tout le personnel pour soutenir cette grande entreprise!<\/p>\n<p>Anim\u00e9 par \u00e9crivaine professionnelle <a href=\"http:\/\/www.deborahcarr.ca\/\">Deborah Carr<\/a>, l&#8217;atelier a dirig\u00e9 les participants \u00e0 travers une s\u00e9rie d&#8217;exercices d&#8217;\u00e9criture pour faire p\u00e9tiller notre cellule de r\u00e9flexion cr\u00e9ative. Nous avons commenc\u00e9 par un <a href=\"http:\/\/fr.wikipedia.org\/wiki\/Acrostiche\">acrostiche<\/a> en utilisant chaque lettre de notre nom comme la premi\u00e8re lettre des mots qui nous d\u00e9crie ou que nous voulions nous d\u00e9crire. Nous avons ensuite demand\u00e9 de <a href=\"https:\/\/artsnb.ca\/web\/wp-content\/uploads\/2019\/09\/DSC009481-2.jpg\"><img loading=\"lazy\" decoding=\"async\" class=\"alignleft size-thumbnail wp-image-3630\" alt=\"DSC00948(1) (2)\" src=\"https:\/\/artsnb.ca\/web\/wp-content\/uploads\/2019\/09\/DSC009481-2-150x150.jpg\" width=\"150\" height=\"150\" \/><\/a>choisir un des mots comme notre \u00ab\u00a0nom\u00a0\u00bb pour la journ\u00e9e.<\/p>\n<p>Apr\u00e8s avoir obtenu nos nouveaux noms, nous avons commenc\u00e9 une s\u00e9rie d&#8217;exercices <a href=\"http:\/\/en.wikipedia.org\/wiki\/Free_writing\">d\u2019\u00e9criture libre<\/a>. Deborah a donn\u00e9 \u00e0 chacun un guide comme \u00ab\u00a0un lieu de confort\u00a0\u00bb ou \u00ab\u00a0mains\u00a0\u00bb comme point de d\u00e9part et a demand\u00e9 aux participants d&#8217;\u00e9crire pendant 10 minutes solides. La cl\u00e9 de ces exercices d\u2019\u00e9criture libre est de garder le stylo sur le papier et de continuer \u00e0 \u00e9crire d&#8217;une mani\u00e8re d\u2019\u00e9criture continue pour le plein temps. Souvent, l\u2019\u00e9criture libre permet \u00e0 l&#8217;esprit de se d\u00e9tendre pour \u00e9tablir des liens int\u00e9ressants et d\u00e9nicher des p\u00e9pites inattendues du subconscient. Je dois admettre que j\u2019ai \u00e9t\u00e9 tr\u00e8s impressionn\u00e9 par les connexions et la cr\u00e9ativit\u00e9 qui ont d\u00e9ferl\u00e9 de ces <a href=\"https:\/\/artsnb.ca\/web\/wp-content\/uploads\/2019\/09\/IMG_1761-2.jpg\" target=\"_blank\" rel=\"noopener noreferrer\"><img loading=\"lazy\" decoding=\"async\" class=\"alignleft size-thumbnail wp-image-3631\" alt=\"IMG_1761 (2)\" src=\"https:\/\/artsnb.ca\/web\/wp-content\/uploads\/2019\/09\/IMG_1761-2-150x150.jpg\" width=\"150\" height=\"150\" \/><\/a>exercices et l&#8217;esprit de g\u00e9n\u00e9rosit\u00e9 des participants. C\u2019\u00e9tait un espace tr\u00e8s s\u00e9curitaire pour partager de r\u00e9flexions et d\u2019exp\u00e9riences. Quelques histoires \u00e9taient incroyablement touchantes et les conversations que j\u2019ai eues pendant la journ\u00e9e avec les participants m\u2019ont enrichi de fa\u00e7on incommensurable.<\/p>\n<p>Apr\u00e8s le d\u00e9jeuner, nous avons commenc\u00e9 des exercices plus structur\u00e9s qui m\u00e8neront aux ateliers suivants. Un exercice comportait la description d\u2019un personnage et d\u2019essayer d&#8217;entrer dans l&#8217;espace de t\u00eate du personnage pour comprendre leurs motivations. Un autre a demand\u00e9 aux participants d&#8217;\u00e9num\u00e9rer tous les r\u00f4les qu&#8217;ils <a href=\"https:\/\/artsnb.ca\/web\/wp-content\/uploads\/2019\/09\/IMG_1762-2.jpg\" target=\"_blank\" rel=\"noopener noreferrer\"><img loading=\"lazy\" decoding=\"async\" class=\"alignleft size-thumbnail wp-image-3633\" alt=\"IMG_1762 (2)\" src=\"https:\/\/artsnb.ca\/web\/wp-content\/uploads\/2019\/09\/IMG_1762-2-150x150.jpg\" width=\"150\" height=\"150\" \/><\/a>jouent dans leurs propres vies. Je vous mets au d\u00e9fi d&#8217;essayer cet exercice parce que je sais que quand j\u2019ai rempli une page avec pr\u00e8s de 75 r\u00f4les diff\u00e9rents que, de po\u00e8te \u00e0 partenaire, de buveur de th\u00e9 \u00e0 lecteur, je me suis senti un peu d\u00e9bord\u00e9 et \u00e9puis\u00e9.<\/p>\n<p>\u00c0 la fin de la journ\u00e9e j\u2019ai eu le sentiment que tout le monde \u00e9tait fatigu\u00e9, mais encourager de continuer. Les dames \u00e0 ma table \u00e9changeaient des num\u00e9ros afin qu&#8217;ils puissent s\u2019appeler pour inciter l&#8217;autre pour continuer \u00e0 \u00e9crire, que j\u2019ai trouv\u00e9 g\u00e9nial. Je suis s\u00fbr que ces ateliers m\u00e8neront \u00e0 des r\u00e9sultats \u00e9tonnants et c\u2019\u00e9tait un privil\u00e8ge d&#8217;\u00eatre l\u00e0 en tant que facilitateur.<\/p>\n<p>Mes remerciements \u00e0 Barbara Burnett et Adam Thornton de <a href=\"http:\/\/aginginstitute.ca\/fr\/\">l&#8217;Institut Atlantique sur le vieillissement<\/a> pour leur soutien ainsi que <a href=\"http:\/\/w3.stu.ca\/stu\/academic\/departments\/gerontology\/faculty\/randall\/\">Bill Randall<\/a> et son \u00e9quipe de recherche incroyable, dont deux chercheurs invit\u00e9s danois. C\u2019\u00e9tait une journ\u00e9e m\u00e9morable!<\/p>\n<p>&nbsp;<\/p>\n","protected":false},"excerpt":{"rendered":"<p>Vieillissement cr\u00e9atif\u00a0: Comprendre nos histoires Vanessa Moeller, Deputy Director L&#8217;\u00e9nergie dans la salle \u00e9tait palpable le 21 f\u00e9vrier, avec plus de 40 participants qui se sont r\u00e9unis \u00e0 l&#8217;Universit\u00e9 St Thomas pour le premier atelier de la s\u00e9rie d&#8217;ateliers de vieillissement cr\u00e9atif intitul\u00e9 comprendre nos histoires. Les participants sont arriv\u00e9es pour trouver des cahiers Rhodia<\/p>\n","protected":false},"author":6,"featured_media":2933,"comment_status":"open","ping_status":"open","sticky":false,"template":"","format":"standard","meta":{"_acf_changed":false,"footnotes":""},"categories":[87],"tags":[],"class_list":["post-3637","post","type-post","status-publish","format-standard","has-post-thumbnail","hentry","category-blogue"],"acf":[],"yoast_head":"<!-- This site is optimized with the Yoast SEO plugin v27.5 - https:\/\/yoast.com\/product\/yoast-seo-wordpress\/ -->\n<title>Vieillissement cr\u00e9atif : Comprendre nos histoires - ArtsNB<\/title>\n<meta name=\"robots\" content=\"index, follow, max-snippet:-1, max-image-preview:large, max-video-preview:-1\" \/>\n<link rel=\"canonical\" href=\"https:\/\/artsnb.ca\/web\/2015\/02\/vieillissement-creatif-comprendre-nos-histoires\/\" \/>\n<meta property=\"og:locale\" content=\"en_US\" \/>\n<meta property=\"og:type\" content=\"article\" \/>\n<meta property=\"og:title\" content=\"Vieillissement cr\u00e9atif : Comprendre nos histoires - ArtsNB\" \/>\n<meta property=\"og:description\" content=\"Vieillissement cr\u00e9atif\u00a0: Comprendre nos histoires Vanessa Moeller, Deputy Director L&#8217;\u00e9nergie dans la salle \u00e9tait palpable le 21 f\u00e9vrier, avec plus de 40 participants qui se sont r\u00e9unis \u00e0 l&#8217;Universit\u00e9 St Thomas pour le premier atelier de la s\u00e9rie d&#8217;ateliers de vieillissement cr\u00e9atif intitul\u00e9 comprendre nos histoires. Les participants sont arriv\u00e9es pour trouver des cahiers Rhodia\" \/>\n<meta property=\"og:url\" content=\"https:\/\/artsnb.ca\/web\/2015\/02\/vieillissement-creatif-comprendre-nos-histoires\/?lang=fr\" \/>\n<meta property=\"og:site_name\" content=\"ArtsNB\" \/>\n<meta property=\"article:publisher\" content=\"https:\/\/www.facebook.com\/artsnb\/\" \/>\n<meta property=\"article:published_time\" content=\"2015-02-25T00:00:00+00:00\" \/>\n<meta property=\"article:modified_time\" content=\"2019-11-07T00:54:23+00:00\" \/>\n<meta property=\"og:image\" content=\"https:\/\/artsnb.ca\/web\/wp-content\/uploads\/2019\/09\/Blog-4-thumbnail.jpg\" \/>\n\t<meta property=\"og:image:width\" content=\"67\" \/>\n\t<meta property=\"og:image:height\" content=\"50\" \/>\n\t<meta property=\"og:image:type\" content=\"image\/jpeg\" \/>\n<meta name=\"author\" content=\"R\u00e9anne Cooper\" \/>\n<meta name=\"twitter:card\" content=\"summary_large_image\" \/>\n<meta name=\"twitter:creator\" content=\"@artsnb\" \/>\n<meta name=\"twitter:site\" content=\"@artsnb\" \/>\n<meta name=\"twitter:label1\" content=\"Written by\" \/>\n\t<meta name=\"twitter:data1\" content=\"R\u00e9anne Cooper\" \/>\n\t<meta name=\"twitter:label2\" content=\"Est. reading time\" \/>\n\t<meta name=\"twitter:data2\" content=\"3 minutes\" \/>\n<script type=\"application\/ld+json\" class=\"yoast-schema-graph\">{\"@context\":\"https:\\\/\\\/schema.org\",\"@graph\":[{\"@type\":\"Article\",\"@id\":\"https:\\\/\\\/artsnb.ca\\\/web\\\/2015\\\/02\\\/vieillissement-creatif-comprendre-nos-histoires\\\/?lang=fr#article\",\"isPartOf\":{\"@id\":\"https:\\\/\\\/artsnb.ca\\\/web\\\/2015\\\/02\\\/vieillissement-creatif-comprendre-nos-histoires\\\/?lang=fr\"},\"author\":{\"name\":\"R\u00e9anne Cooper\",\"@id\":\"https:\\\/\\\/artsnb.ca\\\/web\\\/#\\\/schema\\\/person\\\/012ecc8a59328615becff4af8bf0c2b9\"},\"headline\":\"Vieillissement cr\u00e9atif : Comprendre nos histoires\",\"datePublished\":\"2015-02-25T00:00:00+00:00\",\"dateModified\":\"2019-11-07T00:54:23+00:00\",\"mainEntityOfPage\":{\"@id\":\"https:\\\/\\\/artsnb.ca\\\/web\\\/2015\\\/02\\\/vieillissement-creatif-comprendre-nos-histoires\\\/?lang=fr\"},\"wordCount\":588,\"commentCount\":0,\"publisher\":{\"@id\":\"https:\\\/\\\/artsnb.ca\\\/web\\\/#organization\"},\"image\":{\"@id\":\"https:\\\/\\\/artsnb.ca\\\/web\\\/2015\\\/02\\\/vieillissement-creatif-comprendre-nos-histoires\\\/?lang=fr#primaryimage\"},\"thumbnailUrl\":\"https:\\\/\\\/artsnb.ca\\\/web\\\/wp-content\\\/uploads\\\/2019\\\/09\\\/Blog-4-thumbnail.jpg\",\"articleSection\":[\"Blogue\"],\"inLanguage\":\"en-US\",\"potentialAction\":[{\"@type\":\"CommentAction\",\"name\":\"Comment\",\"target\":[\"https:\\\/\\\/artsnb.ca\\\/web\\\/2015\\\/02\\\/vieillissement-creatif-comprendre-nos-histoires\\\/?lang=fr#respond\"]}]},{\"@type\":\"WebPage\",\"@id\":\"https:\\\/\\\/artsnb.ca\\\/web\\\/2015\\\/02\\\/vieillissement-creatif-comprendre-nos-histoires\\\/?lang=fr\",\"url\":\"https:\\\/\\\/artsnb.ca\\\/web\\\/2015\\\/02\\\/vieillissement-creatif-comprendre-nos-histoires\\\/?lang=fr\",\"name\":\"Vieillissement cr\u00e9atif : Comprendre nos histoires - ArtsNB\",\"isPartOf\":{\"@id\":\"https:\\\/\\\/artsnb.ca\\\/web\\\/#website\"},\"primaryImageOfPage\":{\"@id\":\"https:\\\/\\\/artsnb.ca\\\/web\\\/2015\\\/02\\\/vieillissement-creatif-comprendre-nos-histoires\\\/?lang=fr#primaryimage\"},\"image\":{\"@id\":\"https:\\\/\\\/artsnb.ca\\\/web\\\/2015\\\/02\\\/vieillissement-creatif-comprendre-nos-histoires\\\/?lang=fr#primaryimage\"},\"thumbnailUrl\":\"https:\\\/\\\/artsnb.ca\\\/web\\\/wp-content\\\/uploads\\\/2019\\\/09\\\/Blog-4-thumbnail.jpg\",\"datePublished\":\"2015-02-25T00:00:00+00:00\",\"dateModified\":\"2019-11-07T00:54:23+00:00\",\"breadcrumb\":{\"@id\":\"https:\\\/\\\/artsnb.ca\\\/web\\\/2015\\\/02\\\/vieillissement-creatif-comprendre-nos-histoires\\\/?lang=fr#breadcrumb\"},\"inLanguage\":\"en-US\",\"potentialAction\":[{\"@type\":\"ReadAction\",\"target\":[\"https:\\\/\\\/artsnb.ca\\\/web\\\/2015\\\/02\\\/vieillissement-creatif-comprendre-nos-histoires\\\/?lang=fr\"]}]},{\"@type\":\"ImageObject\",\"inLanguage\":\"en-US\",\"@id\":\"https:\\\/\\\/artsnb.ca\\\/web\\\/2015\\\/02\\\/vieillissement-creatif-comprendre-nos-histoires\\\/?lang=fr#primaryimage\",\"url\":\"https:\\\/\\\/artsnb.ca\\\/web\\\/wp-content\\\/uploads\\\/2019\\\/09\\\/Blog-4-thumbnail.jpg\",\"contentUrl\":\"https:\\\/\\\/artsnb.ca\\\/web\\\/wp-content\\\/uploads\\\/2019\\\/09\\\/Blog-4-thumbnail.jpg\",\"width\":67,\"height\":50},{\"@type\":\"BreadcrumbList\",\"@id\":\"https:\\\/\\\/artsnb.ca\\\/web\\\/2015\\\/02\\\/vieillissement-creatif-comprendre-nos-histoires\\\/?lang=fr#breadcrumb\",\"itemListElement\":[{\"@type\":\"ListItem\",\"position\":1,\"name\":\"Home\",\"item\":\"https:\\\/\\\/artsnb.ca\\\/web\\\/\"},{\"@type\":\"ListItem\",\"position\":2,\"name\":\"Blog\",\"item\":\"https:\\\/\\\/artsnb.ca\\\/web\\\/category\\\/blog\\\/\"},{\"@type\":\"ListItem\",\"position\":3,\"name\":\"Vieillissement cr\u00e9atif : Comprendre nos histoires\"}]},{\"@type\":\"WebSite\",\"@id\":\"https:\\\/\\\/artsnb.ca\\\/web\\\/#website\",\"url\":\"https:\\\/\\\/artsnb.ca\\\/web\\\/\",\"name\":\"ArtsNB\",\"description\":\"EXCELLENCE. PROFESSIONALISM. INNOVATION.\",\"publisher\":{\"@id\":\"https:\\\/\\\/artsnb.ca\\\/web\\\/#organization\"},\"potentialAction\":[{\"@type\":\"SearchAction\",\"target\":{\"@type\":\"EntryPoint\",\"urlTemplate\":\"https:\\\/\\\/artsnb.ca\\\/web\\\/?s={search_term_string}\"},\"query-input\":{\"@type\":\"PropertyValueSpecification\",\"valueRequired\":true,\"valueName\":\"search_term_string\"}}],\"inLanguage\":\"en-US\"},{\"@type\":\"Organization\",\"@id\":\"https:\\\/\\\/artsnb.ca\\\/web\\\/#organization\",\"name\":\"ArtsNB\",\"url\":\"https:\\\/\\\/artsnb.ca\\\/web\\\/\",\"logo\":{\"@type\":\"ImageObject\",\"inLanguage\":\"en-US\",\"@id\":\"https:\\\/\\\/artsnb.ca\\\/web\\\/#\\\/schema\\\/logo\\\/image\\\/\",\"url\":\"https:\\\/\\\/artsnb.ca\\\/web\\\/wp-content\\\/uploads\\\/2024\\\/04\\\/cropped-artsnb-PrimaryLogo-vertical-HiRes-2.jpg\",\"contentUrl\":\"https:\\\/\\\/artsnb.ca\\\/web\\\/wp-content\\\/uploads\\\/2024\\\/04\\\/cropped-artsnb-PrimaryLogo-vertical-HiRes-2.jpg\",\"width\":1698,\"height\":1223,\"caption\":\"ArtsNB\"},\"image\":{\"@id\":\"https:\\\/\\\/artsnb.ca\\\/web\\\/#\\\/schema\\\/logo\\\/image\\\/\"},\"sameAs\":[\"https:\\\/\\\/www.facebook.com\\\/artsnb\\\/\",\"https:\\\/\\\/x.com\\\/artsnb\",\"https:\\\/\\\/www.instagram.com\\\/artsnb\\\/\"]},{\"@type\":\"Person\",\"@id\":\"https:\\\/\\\/artsnb.ca\\\/web\\\/#\\\/schema\\\/person\\\/012ecc8a59328615becff4af8bf0c2b9\",\"name\":\"R\u00e9anne Cooper\",\"image\":{\"@type\":\"ImageObject\",\"inLanguage\":\"en-US\",\"@id\":\"https:\\\/\\\/secure.gravatar.com\\\/avatar\\\/1cb05192fe2229166d3916ce0ac0406517d29a24c32e183e81a0a810836dd14b?s=96&d=mm&r=g\",\"url\":\"https:\\\/\\\/secure.gravatar.com\\\/avatar\\\/1cb05192fe2229166d3916ce0ac0406517d29a24c32e183e81a0a810836dd14b?s=96&d=mm&r=g\",\"contentUrl\":\"https:\\\/\\\/secure.gravatar.com\\\/avatar\\\/1cb05192fe2229166d3916ce0ac0406517d29a24c32e183e81a0a810836dd14b?s=96&d=mm&r=g\",\"caption\":\"R\u00e9anne Cooper\"},\"url\":\"https:\\\/\\\/artsnb.ca\\\/web\\\/author\\\/reanne\\\/\"}]}<\/script>\n<!-- \/ Yoast SEO plugin. -->","yoast_head_json":{"title":"Vieillissement cr\u00e9atif : Comprendre nos histoires - ArtsNB","robots":{"index":"index","follow":"follow","max-snippet":"max-snippet:-1","max-image-preview":"max-image-preview:large","max-video-preview":"max-video-preview:-1"},"canonical":"https:\/\/artsnb.ca\/web\/2015\/02\/vieillissement-creatif-comprendre-nos-histoires\/","og_locale":"en_US","og_type":"article","og_title":"Vieillissement cr\u00e9atif : Comprendre nos histoires - ArtsNB","og_description":"Vieillissement cr\u00e9atif\u00a0: Comprendre nos histoires Vanessa Moeller, Deputy Director L&#8217;\u00e9nergie dans la salle \u00e9tait palpable le 21 f\u00e9vrier, avec plus de 40 participants qui se sont r\u00e9unis \u00e0 l&#8217;Universit\u00e9 St Thomas pour le premier atelier de la s\u00e9rie d&#8217;ateliers de vieillissement cr\u00e9atif intitul\u00e9 comprendre nos histoires. Les participants sont arriv\u00e9es pour trouver des cahiers Rhodia","og_url":"https:\/\/artsnb.ca\/web\/2015\/02\/vieillissement-creatif-comprendre-nos-histoires\/?lang=fr","og_site_name":"ArtsNB","article_publisher":"https:\/\/www.facebook.com\/artsnb\/","article_published_time":"2015-02-25T00:00:00+00:00","article_modified_time":"2019-11-07T00:54:23+00:00","og_image":[{"width":67,"height":50,"url":"https:\/\/artsnb.ca\/web\/wp-content\/uploads\/2019\/09\/Blog-4-thumbnail.jpg","type":"image\/jpeg"}],"author":"R\u00e9anne Cooper","twitter_card":"summary_large_image","twitter_creator":"@artsnb","twitter_site":"@artsnb","twitter_misc":{"Written by":"R\u00e9anne Cooper","Est. reading time":"3 minutes"},"schema":{"@context":"https:\/\/schema.org","@graph":[{"@type":"Article","@id":"https:\/\/artsnb.ca\/web\/2015\/02\/vieillissement-creatif-comprendre-nos-histoires\/?lang=fr#article","isPartOf":{"@id":"https:\/\/artsnb.ca\/web\/2015\/02\/vieillissement-creatif-comprendre-nos-histoires\/?lang=fr"},"author":{"name":"R\u00e9anne Cooper","@id":"https:\/\/artsnb.ca\/web\/#\/schema\/person\/012ecc8a59328615becff4af8bf0c2b9"},"headline":"Vieillissement cr\u00e9atif : Comprendre nos histoires","datePublished":"2015-02-25T00:00:00+00:00","dateModified":"2019-11-07T00:54:23+00:00","mainEntityOfPage":{"@id":"https:\/\/artsnb.ca\/web\/2015\/02\/vieillissement-creatif-comprendre-nos-histoires\/?lang=fr"},"wordCount":588,"commentCount":0,"publisher":{"@id":"https:\/\/artsnb.ca\/web\/#organization"},"image":{"@id":"https:\/\/artsnb.ca\/web\/2015\/02\/vieillissement-creatif-comprendre-nos-histoires\/?lang=fr#primaryimage"},"thumbnailUrl":"https:\/\/artsnb.ca\/web\/wp-content\/uploads\/2019\/09\/Blog-4-thumbnail.jpg","articleSection":["Blogue"],"inLanguage":"en-US","potentialAction":[{"@type":"CommentAction","name":"Comment","target":["https:\/\/artsnb.ca\/web\/2015\/02\/vieillissement-creatif-comprendre-nos-histoires\/?lang=fr#respond"]}]},{"@type":"WebPage","@id":"https:\/\/artsnb.ca\/web\/2015\/02\/vieillissement-creatif-comprendre-nos-histoires\/?lang=fr","url":"https:\/\/artsnb.ca\/web\/2015\/02\/vieillissement-creatif-comprendre-nos-histoires\/?lang=fr","name":"Vieillissement cr\u00e9atif : Comprendre nos histoires - ArtsNB","isPartOf":{"@id":"https:\/\/artsnb.ca\/web\/#website"},"primaryImageOfPage":{"@id":"https:\/\/artsnb.ca\/web\/2015\/02\/vieillissement-creatif-comprendre-nos-histoires\/?lang=fr#primaryimage"},"image":{"@id":"https:\/\/artsnb.ca\/web\/2015\/02\/vieillissement-creatif-comprendre-nos-histoires\/?lang=fr#primaryimage"},"thumbnailUrl":"https:\/\/artsnb.ca\/web\/wp-content\/uploads\/2019\/09\/Blog-4-thumbnail.jpg","datePublished":"2015-02-25T00:00:00+00:00","dateModified":"2019-11-07T00:54:23+00:00","breadcrumb":{"@id":"https:\/\/artsnb.ca\/web\/2015\/02\/vieillissement-creatif-comprendre-nos-histoires\/?lang=fr#breadcrumb"},"inLanguage":"en-US","potentialAction":[{"@type":"ReadAction","target":["https:\/\/artsnb.ca\/web\/2015\/02\/vieillissement-creatif-comprendre-nos-histoires\/?lang=fr"]}]},{"@type":"ImageObject","inLanguage":"en-US","@id":"https:\/\/artsnb.ca\/web\/2015\/02\/vieillissement-creatif-comprendre-nos-histoires\/?lang=fr#primaryimage","url":"https:\/\/artsnb.ca\/web\/wp-content\/uploads\/2019\/09\/Blog-4-thumbnail.jpg","contentUrl":"https:\/\/artsnb.ca\/web\/wp-content\/uploads\/2019\/09\/Blog-4-thumbnail.jpg","width":67,"height":50},{"@type":"BreadcrumbList","@id":"https:\/\/artsnb.ca\/web\/2015\/02\/vieillissement-creatif-comprendre-nos-histoires\/?lang=fr#breadcrumb","itemListElement":[{"@type":"ListItem","position":1,"name":"Home","item":"https:\/\/artsnb.ca\/web\/"},{"@type":"ListItem","position":2,"name":"Blog","item":"https:\/\/artsnb.ca\/web\/category\/blog\/"},{"@type":"ListItem","position":3,"name":"Vieillissement cr\u00e9atif : Comprendre nos histoires"}]},{"@type":"WebSite","@id":"https:\/\/artsnb.ca\/web\/#website","url":"https:\/\/artsnb.ca\/web\/","name":"ArtsNB","description":"EXCELLENCE. PROFESSIONALISM. INNOVATION.","publisher":{"@id":"https:\/\/artsnb.ca\/web\/#organization"},"potentialAction":[{"@type":"SearchAction","target":{"@type":"EntryPoint","urlTemplate":"https:\/\/artsnb.ca\/web\/?s={search_term_string}"},"query-input":{"@type":"PropertyValueSpecification","valueRequired":true,"valueName":"search_term_string"}}],"inLanguage":"en-US"},{"@type":"Organization","@id":"https:\/\/artsnb.ca\/web\/#organization","name":"ArtsNB","url":"https:\/\/artsnb.ca\/web\/","logo":{"@type":"ImageObject","inLanguage":"en-US","@id":"https:\/\/artsnb.ca\/web\/#\/schema\/logo\/image\/","url":"https:\/\/artsnb.ca\/web\/wp-content\/uploads\/2024\/04\/cropped-artsnb-PrimaryLogo-vertical-HiRes-2.jpg","contentUrl":"https:\/\/artsnb.ca\/web\/wp-content\/uploads\/2024\/04\/cropped-artsnb-PrimaryLogo-vertical-HiRes-2.jpg","width":1698,"height":1223,"caption":"ArtsNB"},"image":{"@id":"https:\/\/artsnb.ca\/web\/#\/schema\/logo\/image\/"},"sameAs":["https:\/\/www.facebook.com\/artsnb\/","https:\/\/x.com\/artsnb","https:\/\/www.instagram.com\/artsnb\/"]},{"@type":"Person","@id":"https:\/\/artsnb.ca\/web\/#\/schema\/person\/012ecc8a59328615becff4af8bf0c2b9","name":"R\u00e9anne Cooper","image":{"@type":"ImageObject","inLanguage":"en-US","@id":"https:\/\/secure.gravatar.com\/avatar\/1cb05192fe2229166d3916ce0ac0406517d29a24c32e183e81a0a810836dd14b?s=96&d=mm&r=g","url":"https:\/\/secure.gravatar.com\/avatar\/1cb05192fe2229166d3916ce0ac0406517d29a24c32e183e81a0a810836dd14b?s=96&d=mm&r=g","contentUrl":"https:\/\/secure.gravatar.com\/avatar\/1cb05192fe2229166d3916ce0ac0406517d29a24c32e183e81a0a810836dd14b?s=96&d=mm&r=g","caption":"R\u00e9anne Cooper"},"url":"https:\/\/artsnb.ca\/web\/author\/reanne\/"}]}},"_links":{"self":[{"href":"https:\/\/artsnb.ca\/web\/wp-json\/wp\/v2\/posts\/3637","targetHints":{"allow":["GET"]}}],"collection":[{"href":"https:\/\/artsnb.ca\/web\/wp-json\/wp\/v2\/posts"}],"about":[{"href":"https:\/\/artsnb.ca\/web\/wp-json\/wp\/v2\/types\/post"}],"author":[{"embeddable":true,"href":"https:\/\/artsnb.ca\/web\/wp-json\/wp\/v2\/users\/6"}],"replies":[{"embeddable":true,"href":"https:\/\/artsnb.ca\/web\/wp-json\/wp\/v2\/comments?post=3637"}],"version-history":[{"count":1,"href":"https:\/\/artsnb.ca\/web\/wp-json\/wp\/v2\/posts\/3637\/revisions"}],"predecessor-version":[{"id":4536,"href":"https:\/\/artsnb.ca\/web\/wp-json\/wp\/v2\/posts\/3637\/revisions\/4536"}],"wp:featuredmedia":[{"embeddable":true,"href":"https:\/\/artsnb.ca\/web\/wp-json\/wp\/v2\/media\/2933"}],"wp:attachment":[{"href":"https:\/\/artsnb.ca\/web\/wp-json\/wp\/v2\/media?parent=3637"}],"wp:term":[{"taxonomy":"category","embeddable":true,"href":"https:\/\/artsnb.ca\/web\/wp-json\/wp\/v2\/categories?post=3637"},{"taxonomy":"post_tag","embeddable":true,"href":"https:\/\/artsnb.ca\/web\/wp-json\/wp\/v2\/tags?post=3637"}],"curies":[{"name":"wp","href":"https:\/\/api.w.org\/{rel}","templated":true}]}}