{"id":3643,"date":"2015-04-14T00:00:00","date_gmt":"2015-04-14T00:00:00","guid":{"rendered":"https:\/\/staging-artsnb.weavercrawford.com\/promouvoir-les-arts-la-responsabilite-de-lartiste\/"},"modified":"2019-11-07T00:54:23","modified_gmt":"2019-11-07T00:54:23","slug":"promouvoir-les-arts-la-responsabilite-de-lartiste","status":"publish","type":"post","link":"https:\/\/artsnb.ca\/web\/2015\/04\/promouvoir-les-arts-la-responsabilite-de-lartiste\/?lang=fr","title":{"rendered":"Promouvoir les arts : la responsabilit\u00e9 de l&#8217;artiste"},"content":{"rendered":"<h3><strong>Promouvoir les<\/strong><strong> arts\u00a0: la responsabilit\u00e9 de l&#8217;artiste<\/strong><\/h3>\n<p><em>Nathalie Rayne, directrice de communications, marketing &amp; traduction<\/em><\/p>\n<p>Comme une organisation qui encourage la cr\u00e9ation d&#8217;art par le financement des artistes professionnels, le personnel d\u2019<strong>artsnb<\/strong> passe d&#8217;innombrables heures \u00e0 l&#8217;avancement de la carri\u00e8re de nos artistes et le soutient de l&#8217;excellence artistique et culturelle du Nouveau-Brunswick gr\u00e2ce \u00e0\u00a0:<\/p>\n<ul>\n<li>Le renforcement des capacit\u00e9s gr\u00e2ce au financement direct et des innovations de programmation. Des exemples de tels projets financ\u00e9s peuvent \u00eatre trouv\u00e9s dans notre <a href=\"http:\/\/artsnb.ca\/site\/fr\/files\/2014\/10\/15-08_artsnb_ar_FRN_ePDF_SPREADS_s.pdf\">rapport annuel<\/a> et nos gagnants r\u00e9cents des PLG peuvent \u00eatre trouv\u00e9s<a href=\"http:\/\/artsnb.ca\/site\/fr\/prix\/laureats-des-prix-du-lieutenant-gouverneur-2014\/\"> ici<\/a>;<\/li>\n<li>L\u2019engagement \u00e0 travers des r\u00e9unions sp\u00e9cifiques \u00e0 chaque discipline, des r\u00e9unions tripartites, des partenariats avec les minist\u00e8res et les m\u00e9dias sociaux. Actuellement, nous travaillions avec notre commission de la jeunesse pour organiser des activit\u00e9s de la <a href=\"http:\/\/www.youthartsweek.ca\/fr\/\">Semaine nationale jeunesse-arts<\/a>;<\/li>\n<li>Et des partenariats avec d&#8217;autres organisations pour nous aider \u00e0 aller de l&#8217;avant avec notre <a href=\"http:\/\/artsnb.ca\/site\/fr\/a-propos-de-nous\/plan-strategique\/\">plan strat\u00e9gique.<\/a><\/li>\n<\/ul>\n<p><a href=\"https:\/\/artsnb.ca\/web\/wp-content\/uploads\/2019\/09\/Tagging_FR.jpg\"><img loading=\"lazy\" decoding=\"async\" class=\"alignright size-medium wp-image-3998\" src=\"https:\/\/artsnb.ca\/web\/wp-content\/uploads\/2019\/09\/Tagging_FR-300x205.jpg\" alt=\"artsnb social media tagging\" width=\"300\" height=\"205\" \/><\/a>La <a href=\"http:\/\/artsnb.ca\/site\/fr\/a-propos-de-nous\/mandat\/\">sensibilisation des arts<\/a> pour nous consiste \u00e0 promouvoir et faciliter la cr\u00e9ation artistique, de faciliter l\u2019appr\u00e9ciation et la compr\u00e9hension des arts, ainsi que de conseiller le gouvernement quant aux politiques \u00e0 l\u2019\u00e9gard des arts. En tant que partenaires dans la remise des fonds publics pour les arts, nous prenons notre travail au s\u00e9rieux.<\/p>\n<p>Mais le travail de sensibilisation ne se termine pas avec les organisations artistiques. C\u2019est aussi la responsabilit\u00e9 de chaque artiste \u00e0 promouvoir l&#8217;art dans la province du Nouveau-Brunswick et au-del\u00e0. Parle de nos programmes avec d&#8217;autres artistes et faites-les savoir comment ils ont aid\u00e9 dans votre carri\u00e8re. Soyez un d\u00e9fenseur pour les organisations telles qu\u2019 <a href=\"http:\/\/artslinknb.com\/\">Artslink NB<\/a> et <a href=\"http:\/\/www.aaapnb.ca\/\">AAAPNB<\/a> qui organisent plusieurs ateliers tout au long de l&#8217;ann\u00e9e qui profitent les artistes dans leur d\u00e9veloppement de carri\u00e8re. Ils appuient \u00e9galement les artistes dans les deux langues et travailler \u00e0 l&#8217;unification des artistes au Nouveau-Brunswick avec leurs propres efforts de promotion des arts.<\/p>\n<p>Les m\u00e9dias sociaux sont un bon (et le plus souvent gratuit) moyen que les artistes peuvent utiliser pour la promotion de leurs \u00e9v\u00e9nements et expositions. Avez-vous re\u00e7u un financement d\u2019<strong>artsnb<\/strong> et par cons\u00e9quent vous allez montrer vos \u0153uvres? Avez-vous obtenu un financement pour une opportunit\u00e9 de d\u00e9veloppement de carri\u00e8re et avez voyag\u00e9 \u00e0 un atelier, ou pour assister \u00e0 un festival? Prenez une photo de votre travail ou vous-m\u00eame, liez-nous sur les m\u00e9dias sociaux (@artsnb sur <a href=\"https:\/\/www.facebook.com\/artsnb?ref=hl\">Facebook<\/a>, <a href=\"https:\/\/twitter.com\/artsnb\">Twitter<\/a>, <a href=\"https:\/\/plus.google.com\/u\/0\/b\/101180514021630957970\/+ArtsnbCa\/posts\">Google +<\/a> et<a href=\"https:\/\/instagram.com\/artsnb\/\"> Instagram<\/a>) et utiliser le mot-clic <a href=\"https:\/\/twitter.com\/search?q=%23artsnb&amp;src=typd\">#artsnb<\/a>.<\/p>\n<p>Utiliser nos adeptes des m\u00e9dias sociaux pour promouvoir votre travail! C\u2019est un moyen rapide et facile de commencer la croissance de votre communaut\u00e9 artistique et il contribuera \u00e0 la reconnaissance aux artistes pour leurs contributions au d\u00e9veloppement de la soci\u00e9t\u00e9 dans la province.<\/p>\n","protected":false},"excerpt":{"rendered":"<p>Promouvoir les arts\u00a0: la responsabilit\u00e9 de l&#8217;artiste Nathalie Rayne, directrice de communications, marketing &amp; traduction Comme une organisation qui encourage la cr\u00e9ation d&#8217;art par le financement des artistes professionnels, le personnel d\u2019artsnb passe d&#8217;innombrables heures \u00e0 l&#8217;avancement de la carri\u00e8re de nos artistes et le soutient de l&#8217;excellence artistique et culturelle du Nouveau-Brunswick gr\u00e2ce \u00e0\u00a0:<\/p>\n","protected":false},"author":6,"featured_media":2963,"comment_status":"open","ping_status":"open","sticky":false,"template":"","format":"standard","meta":{"_acf_changed":false,"footnotes":""},"categories":[87],"tags":[],"class_list":["post-3643","post","type-post","status-publish","format-standard","has-post-thumbnail","hentry","category-blogue"],"acf":[],"yoast_head":"<!-- This site is optimized with the Yoast SEO plugin v27.5 - https:\/\/yoast.com\/product\/yoast-seo-wordpress\/ -->\n<title>Promouvoir les arts : la responsabilit\u00e9 de l&#039;artiste - ArtsNB<\/title>\n<meta name=\"robots\" content=\"index, follow, max-snippet:-1, max-image-preview:large, max-video-preview:-1\" \/>\n<link rel=\"canonical\" href=\"https:\/\/artsnb.ca\/web\/2015\/04\/promouvoir-les-arts-la-responsabilite-de-lartiste\/\" \/>\n<meta property=\"og:locale\" content=\"en_US\" \/>\n<meta property=\"og:type\" content=\"article\" \/>\n<meta property=\"og:title\" content=\"Promouvoir les arts : la responsabilit\u00e9 de l&#039;artiste - ArtsNB\" \/>\n<meta property=\"og:description\" content=\"Promouvoir les arts\u00a0: la responsabilit\u00e9 de l&#8217;artiste Nathalie Rayne, directrice de communications, marketing &amp; traduction Comme une organisation qui encourage la cr\u00e9ation d&#8217;art par le financement des artistes professionnels, le personnel d\u2019artsnb passe d&#8217;innombrables heures \u00e0 l&#8217;avancement de la carri\u00e8re de nos artistes et le soutient de l&#8217;excellence artistique et culturelle du Nouveau-Brunswick gr\u00e2ce \u00e0\u00a0:\" \/>\n<meta property=\"og:url\" content=\"https:\/\/artsnb.ca\/web\/2015\/04\/promouvoir-les-arts-la-responsabilite-de-lartiste\/?lang=fr\" \/>\n<meta property=\"og:site_name\" content=\"ArtsNB\" \/>\n<meta property=\"article:publisher\" content=\"https:\/\/www.facebook.com\/artsnb\/\" \/>\n<meta property=\"article:published_time\" content=\"2015-04-14T00:00:00+00:00\" \/>\n<meta property=\"article:modified_time\" content=\"2019-11-07T00:54:23+00:00\" \/>\n<meta property=\"og:image\" content=\"https:\/\/artsnb.ca\/web\/wp-content\/uploads\/2019\/09\/thumbnail_FR1.jpg\" \/>\n\t<meta property=\"og:image:width\" content=\"67\" \/>\n\t<meta property=\"og:image:height\" content=\"50\" \/>\n\t<meta property=\"og:image:type\" content=\"image\/jpeg\" \/>\n<meta name=\"author\" content=\"R\u00e9anne Cooper\" \/>\n<meta name=\"twitter:card\" content=\"summary_large_image\" \/>\n<meta name=\"twitter:creator\" content=\"@artsnb\" \/>\n<meta name=\"twitter:site\" content=\"@artsnb\" \/>\n<meta name=\"twitter:label1\" content=\"Written by\" \/>\n\t<meta name=\"twitter:data1\" content=\"R\u00e9anne Cooper\" \/>\n\t<meta name=\"twitter:label2\" content=\"Est. reading time\" \/>\n\t<meta name=\"twitter:data2\" content=\"2 minutes\" \/>\n<script type=\"application\/ld+json\" class=\"yoast-schema-graph\">{\"@context\":\"https:\\\/\\\/schema.org\",\"@graph\":[{\"@type\":\"Article\",\"@id\":\"https:\\\/\\\/artsnb.ca\\\/web\\\/2015\\\/04\\\/promouvoir-les-arts-la-responsabilite-de-lartiste\\\/?lang=fr#article\",\"isPartOf\":{\"@id\":\"https:\\\/\\\/artsnb.ca\\\/web\\\/2015\\\/04\\\/promouvoir-les-arts-la-responsabilite-de-lartiste\\\/?lang=fr\"},\"author\":{\"name\":\"R\u00e9anne Cooper\",\"@id\":\"https:\\\/\\\/artsnb.ca\\\/web\\\/#\\\/schema\\\/person\\\/012ecc8a59328615becff4af8bf0c2b9\"},\"headline\":\"Promouvoir les arts : la responsabilit\u00e9 de l&#8217;artiste\",\"datePublished\":\"2015-04-14T00:00:00+00:00\",\"dateModified\":\"2019-11-07T00:54:23+00:00\",\"mainEntityOfPage\":{\"@id\":\"https:\\\/\\\/artsnb.ca\\\/web\\\/2015\\\/04\\\/promouvoir-les-arts-la-responsabilite-de-lartiste\\\/?lang=fr\"},\"wordCount\":482,\"commentCount\":0,\"publisher\":{\"@id\":\"https:\\\/\\\/artsnb.ca\\\/web\\\/#organization\"},\"image\":{\"@id\":\"https:\\\/\\\/artsnb.ca\\\/web\\\/2015\\\/04\\\/promouvoir-les-arts-la-responsabilite-de-lartiste\\\/?lang=fr#primaryimage\"},\"thumbnailUrl\":\"https:\\\/\\\/artsnb.ca\\\/web\\\/wp-content\\\/uploads\\\/2019\\\/09\\\/thumbnail_FR1.jpg\",\"articleSection\":[\"Blogue\"],\"inLanguage\":\"en-US\",\"potentialAction\":[{\"@type\":\"CommentAction\",\"name\":\"Comment\",\"target\":[\"https:\\\/\\\/artsnb.ca\\\/web\\\/2015\\\/04\\\/promouvoir-les-arts-la-responsabilite-de-lartiste\\\/?lang=fr#respond\"]}]},{\"@type\":\"WebPage\",\"@id\":\"https:\\\/\\\/artsnb.ca\\\/web\\\/2015\\\/04\\\/promouvoir-les-arts-la-responsabilite-de-lartiste\\\/?lang=fr\",\"url\":\"https:\\\/\\\/artsnb.ca\\\/web\\\/2015\\\/04\\\/promouvoir-les-arts-la-responsabilite-de-lartiste\\\/?lang=fr\",\"name\":\"Promouvoir les arts : la responsabilit\u00e9 de l'artiste - ArtsNB\",\"isPartOf\":{\"@id\":\"https:\\\/\\\/artsnb.ca\\\/web\\\/#website\"},\"primaryImageOfPage\":{\"@id\":\"https:\\\/\\\/artsnb.ca\\\/web\\\/2015\\\/04\\\/promouvoir-les-arts-la-responsabilite-de-lartiste\\\/?lang=fr#primaryimage\"},\"image\":{\"@id\":\"https:\\\/\\\/artsnb.ca\\\/web\\\/2015\\\/04\\\/promouvoir-les-arts-la-responsabilite-de-lartiste\\\/?lang=fr#primaryimage\"},\"thumbnailUrl\":\"https:\\\/\\\/artsnb.ca\\\/web\\\/wp-content\\\/uploads\\\/2019\\\/09\\\/thumbnail_FR1.jpg\",\"datePublished\":\"2015-04-14T00:00:00+00:00\",\"dateModified\":\"2019-11-07T00:54:23+00:00\",\"breadcrumb\":{\"@id\":\"https:\\\/\\\/artsnb.ca\\\/web\\\/2015\\\/04\\\/promouvoir-les-arts-la-responsabilite-de-lartiste\\\/?lang=fr#breadcrumb\"},\"inLanguage\":\"en-US\",\"potentialAction\":[{\"@type\":\"ReadAction\",\"target\":[\"https:\\\/\\\/artsnb.ca\\\/web\\\/2015\\\/04\\\/promouvoir-les-arts-la-responsabilite-de-lartiste\\\/?lang=fr\"]}]},{\"@type\":\"ImageObject\",\"inLanguage\":\"en-US\",\"@id\":\"https:\\\/\\\/artsnb.ca\\\/web\\\/2015\\\/04\\\/promouvoir-les-arts-la-responsabilite-de-lartiste\\\/?lang=fr#primaryimage\",\"url\":\"https:\\\/\\\/artsnb.ca\\\/web\\\/wp-content\\\/uploads\\\/2019\\\/09\\\/thumbnail_FR1.jpg\",\"contentUrl\":\"https:\\\/\\\/artsnb.ca\\\/web\\\/wp-content\\\/uploads\\\/2019\\\/09\\\/thumbnail_FR1.jpg\",\"width\":67,\"height\":50},{\"@type\":\"BreadcrumbList\",\"@id\":\"https:\\\/\\\/artsnb.ca\\\/web\\\/2015\\\/04\\\/promouvoir-les-arts-la-responsabilite-de-lartiste\\\/?lang=fr#breadcrumb\",\"itemListElement\":[{\"@type\":\"ListItem\",\"position\":1,\"name\":\"Home\",\"item\":\"https:\\\/\\\/artsnb.ca\\\/web\\\/\"},{\"@type\":\"ListItem\",\"position\":2,\"name\":\"Blog\",\"item\":\"https:\\\/\\\/artsnb.ca\\\/web\\\/category\\\/blog\\\/\"},{\"@type\":\"ListItem\",\"position\":3,\"name\":\"Promouvoir les arts : la responsabilit\u00e9 de l&rsquo;artiste\"}]},{\"@type\":\"WebSite\",\"@id\":\"https:\\\/\\\/artsnb.ca\\\/web\\\/#website\",\"url\":\"https:\\\/\\\/artsnb.ca\\\/web\\\/\",\"name\":\"ArtsNB\",\"description\":\"EXCELLENCE. PROFESSIONALISM. INNOVATION.\",\"publisher\":{\"@id\":\"https:\\\/\\\/artsnb.ca\\\/web\\\/#organization\"},\"potentialAction\":[{\"@type\":\"SearchAction\",\"target\":{\"@type\":\"EntryPoint\",\"urlTemplate\":\"https:\\\/\\\/artsnb.ca\\\/web\\\/?s={search_term_string}\"},\"query-input\":{\"@type\":\"PropertyValueSpecification\",\"valueRequired\":true,\"valueName\":\"search_term_string\"}}],\"inLanguage\":\"en-US\"},{\"@type\":\"Organization\",\"@id\":\"https:\\\/\\\/artsnb.ca\\\/web\\\/#organization\",\"name\":\"ArtsNB\",\"url\":\"https:\\\/\\\/artsnb.ca\\\/web\\\/\",\"logo\":{\"@type\":\"ImageObject\",\"inLanguage\":\"en-US\",\"@id\":\"https:\\\/\\\/artsnb.ca\\\/web\\\/#\\\/schema\\\/logo\\\/image\\\/\",\"url\":\"https:\\\/\\\/artsnb.ca\\\/web\\\/wp-content\\\/uploads\\\/2024\\\/04\\\/cropped-artsnb-PrimaryLogo-vertical-HiRes-2.jpg\",\"contentUrl\":\"https:\\\/\\\/artsnb.ca\\\/web\\\/wp-content\\\/uploads\\\/2024\\\/04\\\/cropped-artsnb-PrimaryLogo-vertical-HiRes-2.jpg\",\"width\":1698,\"height\":1223,\"caption\":\"ArtsNB\"},\"image\":{\"@id\":\"https:\\\/\\\/artsnb.ca\\\/web\\\/#\\\/schema\\\/logo\\\/image\\\/\"},\"sameAs\":[\"https:\\\/\\\/www.facebook.com\\\/artsnb\\\/\",\"https:\\\/\\\/x.com\\\/artsnb\",\"https:\\\/\\\/www.instagram.com\\\/artsnb\\\/\"]},{\"@type\":\"Person\",\"@id\":\"https:\\\/\\\/artsnb.ca\\\/web\\\/#\\\/schema\\\/person\\\/012ecc8a59328615becff4af8bf0c2b9\",\"name\":\"R\u00e9anne Cooper\",\"image\":{\"@type\":\"ImageObject\",\"inLanguage\":\"en-US\",\"@id\":\"https:\\\/\\\/secure.gravatar.com\\\/avatar\\\/1cb05192fe2229166d3916ce0ac0406517d29a24c32e183e81a0a810836dd14b?s=96&d=mm&r=g\",\"url\":\"https:\\\/\\\/secure.gravatar.com\\\/avatar\\\/1cb05192fe2229166d3916ce0ac0406517d29a24c32e183e81a0a810836dd14b?s=96&d=mm&r=g\",\"contentUrl\":\"https:\\\/\\\/secure.gravatar.com\\\/avatar\\\/1cb05192fe2229166d3916ce0ac0406517d29a24c32e183e81a0a810836dd14b?s=96&d=mm&r=g\",\"caption\":\"R\u00e9anne Cooper\"},\"url\":\"https:\\\/\\\/artsnb.ca\\\/web\\\/author\\\/reanne\\\/\"}]}<\/script>\n<!-- \/ Yoast SEO plugin. -->","yoast_head_json":{"title":"Promouvoir les arts : la responsabilit\u00e9 de l'artiste - ArtsNB","robots":{"index":"index","follow":"follow","max-snippet":"max-snippet:-1","max-image-preview":"max-image-preview:large","max-video-preview":"max-video-preview:-1"},"canonical":"https:\/\/artsnb.ca\/web\/2015\/04\/promouvoir-les-arts-la-responsabilite-de-lartiste\/","og_locale":"en_US","og_type":"article","og_title":"Promouvoir les arts : la responsabilit\u00e9 de l'artiste - ArtsNB","og_description":"Promouvoir les arts\u00a0: la responsabilit\u00e9 de l&#8217;artiste Nathalie Rayne, directrice de communications, marketing &amp; traduction Comme une organisation qui encourage la cr\u00e9ation d&#8217;art par le financement des artistes professionnels, le personnel d\u2019artsnb passe d&#8217;innombrables heures \u00e0 l&#8217;avancement de la carri\u00e8re de nos artistes et le soutient de l&#8217;excellence artistique et culturelle du Nouveau-Brunswick gr\u00e2ce \u00e0\u00a0:","og_url":"https:\/\/artsnb.ca\/web\/2015\/04\/promouvoir-les-arts-la-responsabilite-de-lartiste\/?lang=fr","og_site_name":"ArtsNB","article_publisher":"https:\/\/www.facebook.com\/artsnb\/","article_published_time":"2015-04-14T00:00:00+00:00","article_modified_time":"2019-11-07T00:54:23+00:00","og_image":[{"width":67,"height":50,"url":"https:\/\/artsnb.ca\/web\/wp-content\/uploads\/2019\/09\/thumbnail_FR1.jpg","type":"image\/jpeg"}],"author":"R\u00e9anne Cooper","twitter_card":"summary_large_image","twitter_creator":"@artsnb","twitter_site":"@artsnb","twitter_misc":{"Written by":"R\u00e9anne Cooper","Est. reading time":"2 minutes"},"schema":{"@context":"https:\/\/schema.org","@graph":[{"@type":"Article","@id":"https:\/\/artsnb.ca\/web\/2015\/04\/promouvoir-les-arts-la-responsabilite-de-lartiste\/?lang=fr#article","isPartOf":{"@id":"https:\/\/artsnb.ca\/web\/2015\/04\/promouvoir-les-arts-la-responsabilite-de-lartiste\/?lang=fr"},"author":{"name":"R\u00e9anne Cooper","@id":"https:\/\/artsnb.ca\/web\/#\/schema\/person\/012ecc8a59328615becff4af8bf0c2b9"},"headline":"Promouvoir les arts : la responsabilit\u00e9 de l&#8217;artiste","datePublished":"2015-04-14T00:00:00+00:00","dateModified":"2019-11-07T00:54:23+00:00","mainEntityOfPage":{"@id":"https:\/\/artsnb.ca\/web\/2015\/04\/promouvoir-les-arts-la-responsabilite-de-lartiste\/?lang=fr"},"wordCount":482,"commentCount":0,"publisher":{"@id":"https:\/\/artsnb.ca\/web\/#organization"},"image":{"@id":"https:\/\/artsnb.ca\/web\/2015\/04\/promouvoir-les-arts-la-responsabilite-de-lartiste\/?lang=fr#primaryimage"},"thumbnailUrl":"https:\/\/artsnb.ca\/web\/wp-content\/uploads\/2019\/09\/thumbnail_FR1.jpg","articleSection":["Blogue"],"inLanguage":"en-US","potentialAction":[{"@type":"CommentAction","name":"Comment","target":["https:\/\/artsnb.ca\/web\/2015\/04\/promouvoir-les-arts-la-responsabilite-de-lartiste\/?lang=fr#respond"]}]},{"@type":"WebPage","@id":"https:\/\/artsnb.ca\/web\/2015\/04\/promouvoir-les-arts-la-responsabilite-de-lartiste\/?lang=fr","url":"https:\/\/artsnb.ca\/web\/2015\/04\/promouvoir-les-arts-la-responsabilite-de-lartiste\/?lang=fr","name":"Promouvoir les arts : la responsabilit\u00e9 de l'artiste - ArtsNB","isPartOf":{"@id":"https:\/\/artsnb.ca\/web\/#website"},"primaryImageOfPage":{"@id":"https:\/\/artsnb.ca\/web\/2015\/04\/promouvoir-les-arts-la-responsabilite-de-lartiste\/?lang=fr#primaryimage"},"image":{"@id":"https:\/\/artsnb.ca\/web\/2015\/04\/promouvoir-les-arts-la-responsabilite-de-lartiste\/?lang=fr#primaryimage"},"thumbnailUrl":"https:\/\/artsnb.ca\/web\/wp-content\/uploads\/2019\/09\/thumbnail_FR1.jpg","datePublished":"2015-04-14T00:00:00+00:00","dateModified":"2019-11-07T00:54:23+00:00","breadcrumb":{"@id":"https:\/\/artsnb.ca\/web\/2015\/04\/promouvoir-les-arts-la-responsabilite-de-lartiste\/?lang=fr#breadcrumb"},"inLanguage":"en-US","potentialAction":[{"@type":"ReadAction","target":["https:\/\/artsnb.ca\/web\/2015\/04\/promouvoir-les-arts-la-responsabilite-de-lartiste\/?lang=fr"]}]},{"@type":"ImageObject","inLanguage":"en-US","@id":"https:\/\/artsnb.ca\/web\/2015\/04\/promouvoir-les-arts-la-responsabilite-de-lartiste\/?lang=fr#primaryimage","url":"https:\/\/artsnb.ca\/web\/wp-content\/uploads\/2019\/09\/thumbnail_FR1.jpg","contentUrl":"https:\/\/artsnb.ca\/web\/wp-content\/uploads\/2019\/09\/thumbnail_FR1.jpg","width":67,"height":50},{"@type":"BreadcrumbList","@id":"https:\/\/artsnb.ca\/web\/2015\/04\/promouvoir-les-arts-la-responsabilite-de-lartiste\/?lang=fr#breadcrumb","itemListElement":[{"@type":"ListItem","position":1,"name":"Home","item":"https:\/\/artsnb.ca\/web\/"},{"@type":"ListItem","position":2,"name":"Blog","item":"https:\/\/artsnb.ca\/web\/category\/blog\/"},{"@type":"ListItem","position":3,"name":"Promouvoir les arts : la responsabilit\u00e9 de l&rsquo;artiste"}]},{"@type":"WebSite","@id":"https:\/\/artsnb.ca\/web\/#website","url":"https:\/\/artsnb.ca\/web\/","name":"ArtsNB","description":"EXCELLENCE. PROFESSIONALISM. INNOVATION.","publisher":{"@id":"https:\/\/artsnb.ca\/web\/#organization"},"potentialAction":[{"@type":"SearchAction","target":{"@type":"EntryPoint","urlTemplate":"https:\/\/artsnb.ca\/web\/?s={search_term_string}"},"query-input":{"@type":"PropertyValueSpecification","valueRequired":true,"valueName":"search_term_string"}}],"inLanguage":"en-US"},{"@type":"Organization","@id":"https:\/\/artsnb.ca\/web\/#organization","name":"ArtsNB","url":"https:\/\/artsnb.ca\/web\/","logo":{"@type":"ImageObject","inLanguage":"en-US","@id":"https:\/\/artsnb.ca\/web\/#\/schema\/logo\/image\/","url":"https:\/\/artsnb.ca\/web\/wp-content\/uploads\/2024\/04\/cropped-artsnb-PrimaryLogo-vertical-HiRes-2.jpg","contentUrl":"https:\/\/artsnb.ca\/web\/wp-content\/uploads\/2024\/04\/cropped-artsnb-PrimaryLogo-vertical-HiRes-2.jpg","width":1698,"height":1223,"caption":"ArtsNB"},"image":{"@id":"https:\/\/artsnb.ca\/web\/#\/schema\/logo\/image\/"},"sameAs":["https:\/\/www.facebook.com\/artsnb\/","https:\/\/x.com\/artsnb","https:\/\/www.instagram.com\/artsnb\/"]},{"@type":"Person","@id":"https:\/\/artsnb.ca\/web\/#\/schema\/person\/012ecc8a59328615becff4af8bf0c2b9","name":"R\u00e9anne Cooper","image":{"@type":"ImageObject","inLanguage":"en-US","@id":"https:\/\/secure.gravatar.com\/avatar\/1cb05192fe2229166d3916ce0ac0406517d29a24c32e183e81a0a810836dd14b?s=96&d=mm&r=g","url":"https:\/\/secure.gravatar.com\/avatar\/1cb05192fe2229166d3916ce0ac0406517d29a24c32e183e81a0a810836dd14b?s=96&d=mm&r=g","contentUrl":"https:\/\/secure.gravatar.com\/avatar\/1cb05192fe2229166d3916ce0ac0406517d29a24c32e183e81a0a810836dd14b?s=96&d=mm&r=g","caption":"R\u00e9anne Cooper"},"url":"https:\/\/artsnb.ca\/web\/author\/reanne\/"}]}},"_links":{"self":[{"href":"https:\/\/artsnb.ca\/web\/wp-json\/wp\/v2\/posts\/3643","targetHints":{"allow":["GET"]}}],"collection":[{"href":"https:\/\/artsnb.ca\/web\/wp-json\/wp\/v2\/posts"}],"about":[{"href":"https:\/\/artsnb.ca\/web\/wp-json\/wp\/v2\/types\/post"}],"author":[{"embeddable":true,"href":"https:\/\/artsnb.ca\/web\/wp-json\/wp\/v2\/users\/6"}],"replies":[{"embeddable":true,"href":"https:\/\/artsnb.ca\/web\/wp-json\/wp\/v2\/comments?post=3643"}],"version-history":[{"count":1,"href":"https:\/\/artsnb.ca\/web\/wp-json\/wp\/v2\/posts\/3643\/revisions"}],"predecessor-version":[{"id":4531,"href":"https:\/\/artsnb.ca\/web\/wp-json\/wp\/v2\/posts\/3643\/revisions\/4531"}],"wp:featuredmedia":[{"embeddable":true,"href":"https:\/\/artsnb.ca\/web\/wp-json\/wp\/v2\/media\/2963"}],"wp:attachment":[{"href":"https:\/\/artsnb.ca\/web\/wp-json\/wp\/v2\/media?parent=3643"}],"wp:term":[{"taxonomy":"category","embeddable":true,"href":"https:\/\/artsnb.ca\/web\/wp-json\/wp\/v2\/categories?post=3643"},{"taxonomy":"post_tag","embeddable":true,"href":"https:\/\/artsnb.ca\/web\/wp-json\/wp\/v2\/tags?post=3643"}],"curies":[{"name":"wp","href":"https:\/\/api.w.org\/{rel}","templated":true}]}}