{"id":3645,"date":"2015-04-28T00:00:00","date_gmt":"2015-04-28T00:00:00","guid":{"rendered":"https:\/\/staging-artsnb.weavercrawford.com\/reflexions-dune-foire-dart-a-toronto\/"},"modified":"2019-11-04T19:36:35","modified_gmt":"2019-11-04T19:36:35","slug":"reflexions-dune-foire-dart-a-toronto","status":"publish","type":"post","link":"https:\/\/artsnb.ca\/web\/2015\/04\/reflexions-dune-foire-dart-a-toronto\/?lang=fr","title":{"rendered":"R\u00e9flexions d\u2019une foire d&#8217;art \u00e0 Toronto"},"content":{"rendered":"<h3><strong>R\u00e9flexions d\u2019une<\/strong> <strong>foire d&#8217;art<\/strong> <strong>\u00e0 Toronto<\/strong><\/h3>\n<p><em><a href=\"http:\/\/www.jonesgallery.ca\/\">Sarah Jones<\/a>, artiste visuelle<\/em><\/p>\n<p><a href=\"https:\/\/artsnb.ca\/web\/wp-content\/uploads\/2019\/09\/artsnb-guest-blog-photo-1.jpeg\" target=\"_blank\" rel=\"noopener noreferrer\"><img loading=\"lazy\" decoding=\"async\" class=\" size-medium wp-image-3814 alignright\" src=\"https:\/\/artsnb.ca\/web\/wp-content\/uploads\/2019\/09\/artsnb-guest-blog-photo-1-300x169.jpeg\" alt=\"\" width=\"300\" height=\"169\" \/><\/a>J\u2019ai r\u00e9cemment particip\u00e9 au <a href=\"http:\/\/www.theartistproject.com\/\">projet d\u2019artiste<\/a>, une foire d&#8217;art contemporain tenue au Centre Better Living \u00e0 Toronto, le 19 au 22 f\u00e9vrier 2015. Ce fut ma premi\u00e8re incursion dans le monde de foire d&#8217;art, et aussi dans le monde d&#8217;art \u00e0 Toronto. Une entreprise troublante de cr\u00e9ation de produits, de marketing et de logistique co\u00fbteuse et compliqu\u00e9e pour moi comme artiste \u00e9mergent. Le projet d\u2019artiste, maintenant dans sa huiti\u00e8me ann\u00e9e, a promis des milliers de visiteurs, des centaines de coll\u00e8gues-artistes, un quatre jours mouvement\u00e9 d\u2019interactions anim\u00e9es, et une r\u00e9ception d&#8217;ouverture chic (\u00ab\u00a0Est-ce que j\u2019ai des chaussures appropri\u00e9es pour un \u00e9v\u00e9nement de ce type??\u00a0\u00bb est la pens\u00e9e inepte qui me harcelait des nuits avant l&#8217;ouverture).<\/p>\n<figure id=\"attachment_3815\" aria-describedby=\"caption-attachment-3815\" style=\"width: 300px\" class=\"wp-caption alignleft\"><a href=\"https:\/\/artsnb.ca\/web\/wp-content\/uploads\/2019\/09\/artsnb-guest-blog-photo-2.jpg\" target=\"_blank\" rel=\"noopener noreferrer\"><img loading=\"lazy\" decoding=\"async\" class=\"wp-image-3815 size-medium\" src=\"https:\/\/artsnb.ca\/web\/wp-content\/uploads\/2019\/09\/artsnb-guest-blog-photo-2-300x233.jpg\" alt=\"The Common, S. Jones, technique mixte sur toile commune, 36 &quot;x48&quot;, 2015\" width=\"300\" height=\"233\" \/><\/a><figcaption id=\"caption-attachment-3815\" class=\"wp-caption-text\">The Common, S. Jones, technique mixte <br \/> sur toile commune, 36 &#8220;x 48&#8221;, 2015<\/figcaption><\/figure>\n<p>J\u2019ai fait la demande pour le projet d\u2019artiste \u00e0 l&#8217;automne dernier avec mon travail non figuratif, un concept bas\u00e9 sur les cartes de ville planim\u00e9triques et des vues a\u00e9riennes d\u2019espaces urbains. Ce travail, comme mes projets non figuratifs ant\u00e9rieurs, d\u00e9crit la ville comme une s\u00e9rie de couches et de patrons avec inspiration des graffitis et des murs blanchis \u00e0 la chaux, de b\u00e2timents ras\u00e9s et de nouveaux chantiers de construction, des cartes d&#8217;urbanisme et les sch\u00e9mas de routes. Chaque pi\u00e8ce est cr\u00e9\u00e9e par la superposition de divers m\u00e9dias sur la toile, comme le cuivre, le carton et le papier, suivie par de nombreuses couches de peinture \u00e0 l&#8217;huile et d\u2019\u00e9maux. J\u2019ai apport\u00e9 environ quinze \u0153uvres avec moi \u00e0 la foire, d&#8217;une taille allant de 12&#8243;x12&#8243; \u00e0 4&#8217;x8&#8242;.<\/p>\n<figure id=\"attachment_3816\" aria-describedby=\"caption-attachment-3816\" style=\"width: 300px\" class=\"wp-caption alignright\"><a href=\"https:\/\/artsnb.ca\/web\/wp-content\/uploads\/2019\/09\/artsnb-guest-blog-photo-3.jpeg\" target=\"_blank\" rel=\"noopener noreferrer\"><img loading=\"lazy\" decoding=\"async\" class=\"size-medium wp-image-3816\" src=\"https:\/\/artsnb.ca\/web\/wp-content\/uploads\/2019\/09\/artsnb-guest-blog-photo-3-300x225.jpeg\" alt=\"The Common, S. Jones, technique mixte sur toile commune, 36 &quot;x48&quot;, 2015; d\u00e9tail\" width=\"300\" height=\"225\" \/><\/a><figcaption id=\"caption-attachment-3816\" class=\"wp-caption-text\">The Common, S. Jones, technique mixte<br \/>sur toile commune, 36 &#8220;x48&#8221;, 2015; d\u00e9tail<\/figcaption><\/figure>\n<p>Mes objectifs pour assister \u00e0 la foire \u00e9taient le r\u00e9seautage avec d&#8217;autres artistes, rassembler quelques nouveaux clients dans la r\u00e9gion de Toronto, se connecter avec des galeries, et, id\u00e9alement, faire quelques ventes. En prenant mes objectifs en compte, je des conclusions mixtes sur le projet d&#8217;artiste et de son utilit\u00e9 pour les artistes \u00e9mergents. Dans une certaine mesure, chacun de ces objectifs a \u00e9t\u00e9 atteint. Le r\u00e9seautage d&#8217;artiste a \u00e9t\u00e9 inestimable \u2013 j\u2019ai maintenant une liste de nouveaux amis artistes que je peux appeler si j\u2019ai des questions sur le march\u00e9 d&#8217;art de Toronto. Je suis en contact avec des galeries, et certains mon approch\u00e9 pendant la foire. J\u2019ai \u00e9galement re\u00e7u de l\u2019exposition par Novella, un magazine de haute gamme de mode et d&#8217;art \u00e0 Toronto, dont les r\u00e9dacteurs ont vu mon travail au projet d&#8217;artiste et m&#8217;ont offert une place dans leur num\u00e9ro du printemps\u00a02015.<\/p>\n<p><a href=\"https:\/\/artsnb.ca\/web\/wp-content\/uploads\/2019\/09\/artsnb-guest-blog-photo-5.jpg\" target=\"_blank\" rel=\"noopener noreferrer\"><img loading=\"lazy\" decoding=\"async\" class=\"alignleft wp-image-3818 size-medium\" src=\"https:\/\/artsnb.ca\/web\/wp-content\/uploads\/2019\/09\/artsnb-guest-blog-photo-5-259x300.jpg\" alt=\"artsnb guest blog photo 5\" width=\"259\" height=\"300\" \/><\/a>MAIS. Je doute participer une deuxi\u00e8me fois. Il y a quelques d\u00e9fauts avec le projet d\u2019artiste. Le frais de kiosque est assez prohibitif, compte tenu de la courte dur\u00e9e de la foire. Ils ont aussi un probl\u00e8me avec la conservation et l\u2019\u00e9valuation (par exemple, ils ne semblent pas le faire). Il y avait aussi beaucoup trop d\u2019exposants \u2014 250 kiosques d&#8217;art visuel sont au-del\u00e0 de la capacit\u00e9 de l&#8217;auditoire \u00e0 voir et \u00e0 absorber. Finalement, notre travail est devenu un mur blanc de bruit visuel pour les participants. Le calibre de la foire et de l\u2019ensemble de ses artistes participants \u00e9tait faible. Je crois comprendre que d&#8217;autres artistes ont trouv\u00e9 la m\u00eame chose les ann\u00e9es pr\u00e9c\u00e9dentes et ils se sont orient\u00e9 \u00e0 de foires plus professionnelles, comme <a href=\"http:\/\/www.loveartfair.com\/toronto\/\">Love Art Toronto<\/a> ou le <a href=\"http:\/\/www.tiafair.com\/\">Toronto International Art Fair<\/a> (pour de plus amples discussions et les avis d&#8217;artistes sur le projet d&#8217;artiste, jetez un coup d\u2019oeil \u00e0 <a href=\"http:\/\/www.pinpointto.com\/artist-project\/\">Pinpoint<\/a>).<\/p>\n<figure id=\"attachment_3819\" aria-describedby=\"caption-attachment-3819\" style=\"width: 196px\" class=\"wp-caption alignright\"><a href=\"https:\/\/artsnb.ca\/web\/wp-content\/uploads\/2019\/09\/artsnb-guest-blog-photo-6.jpg\" target=\"_blank\" rel=\"noopener noreferrer\"><img loading=\"lazy\" decoding=\"async\" class=\"size-medium wp-image-3819\" src=\"https:\/\/artsnb.ca\/web\/wp-content\/uploads\/2019\/09\/artsnb-guest-blog-photo-6-196x300.jpg\" alt=\"Sarah and Caleb Jones\" width=\"196\" height=\"300\" \/><\/a><figcaption id=\"caption-attachment-3819\" class=\"wp-caption-text\">Sarah and Caleb Jones<\/figcaption><\/figure>\n<p>Cela dit, je ne voudrais pas d\u00e9courager les autres artistes du Nouveau-Brunswick de participer. Ce fut une exp\u00e9rience de construction de carri\u00e8re, et je suis heureux que je me sois engag\u00e9. Pour les futurs candidats, voici quelques choses que j\u2019ai apprises\u00a0:<\/p>\n<ol>\n<li><strong>Apportez un larbin.<\/strong> J\u2019ai apport\u00e9 mon fr\u00e8re \u00e0 Toronto dans le r\u00f4le de larbin de foire d&#8217;art\/assistant de sorte que j\u2019ai eu quelqu&#8217;un pour envoyer sur des missions de r\u00e9cup\u00e9ration de th\u00e9, de d\u00e9chargement de caisse, ou de travail de remonter les manches. Le travail familial non r\u00e9mun\u00e9r\u00e9, heh. Les jours de foire \u00e9taient longs et \u00e9puisants. Je recommande fortement d&#8217;avoir quelqu&#8217;un pour vous soulager pour une pause.<\/li>\n<li><strong>Moins est plus. <\/strong>Au milieu de la mer de bruit visuel, j\u2019ai trouv\u00e9 que les kiosques les plus efficaces sont ceux qui ont \u00e9t\u00e9 soigneusement organis\u00e9s, pas entass\u00e9s du sol au plafond avec des \u0153uvres.<\/li>\n<li><strong>Apportez votre propre nourriture.<\/strong> La nourriture disponible \u00e0 la foire est absurdement ch\u00e8re. Mon fr\u00e8re et moi avons s\u00e9journ\u00e9 dans un Airbnb \u00e0 proximit\u00e9 et nous avons pr\u00e9par\u00e9 la plupart de nos repas \u00e0 l&#8217;avance. Aussi, ne buvez pas le th\u00e9 de fournisseur. C\u2019est horrible.<\/li>\n<li><strong>Lettrage de vinyle<\/strong>. Le lettrage de vinyle sur le mur est un aspect professionnel de tr\u00e8s grande valeur.<\/li>\n<li><strong><a href=\"https:\/\/artsnb.ca\/web\/wp-content\/uploads\/2019\/09\/artsnb-guest-blog-photo-8.jpg\" target=\"_blank\" rel=\"noopener noreferrer\"><img loading=\"lazy\" decoding=\"async\" class=\"alignright size-medium wp-image-3821\" src=\"https:\/\/artsnb.ca\/web\/wp-content\/uploads\/2019\/09\/artsnb-guest-blog-photo-8-300x225.jpg\" alt=\"artsnb guest blog photo 8\" width=\"300\" height=\"225\" \/><\/a><\/strong><strong>Incluez <\/strong><strong>votre num\u00e9ro de kiosque sur votre mat\u00e9riel promotionnel.<\/strong> Je ne l\u2019ai pas fait. J\u2019aurais bien aim\u00e9 l\u2019avoir fait. Avec plus de 250 kiosques, les clients ne se souviendra jamais votre num\u00e9ro ou sur quelle all\u00e9e vous \u00eates placer.<\/li>\n<li><strong>Faites-vous des amis<\/strong><\/li>\n<\/ol>\n<p>Contactez <a href=\"mailto:sarah@jonesgallery.ca\">Sarah<\/a> avec vos questions, elle serait heureuse de vous parler \u00e0 ce sujet!<\/p>\n","protected":false},"excerpt":{"rendered":"<p>R\u00e9flexions d\u2019une foire d&#8217;art \u00e0 Toronto Sarah Jones, artiste visuelle J\u2019ai r\u00e9cemment particip\u00e9 au projet d\u2019artiste, une foire d&#8217;art contemporain tenue au Centre Better Living \u00e0 Toronto, le 19 au 22 f\u00e9vrier 2015. Ce fut ma premi\u00e8re incursion dans le monde de foire d&#8217;art, et aussi dans le monde d&#8217;art \u00e0 Toronto. Une entreprise troublante<\/p>\n","protected":false},"author":6,"featured_media":2975,"comment_status":"open","ping_status":"open","sticky":false,"template":"","format":"standard","meta":{"_acf_changed":false,"footnotes":""},"categories":[53],"tags":[],"class_list":["post-3645","post","type-post","status-publish","format-standard","has-post-thumbnail","hentry","category-nouvelles"],"acf":[],"yoast_head":"<!-- This site is optimized with the Yoast SEO plugin v27.5 - https:\/\/yoast.com\/product\/yoast-seo-wordpress\/ -->\n<title>R\u00e9flexions d\u2019une foire d&#039;art \u00e0 Toronto - ArtsNB<\/title>\n<meta name=\"robots\" content=\"index, follow, max-snippet:-1, max-image-preview:large, max-video-preview:-1\" \/>\n<link rel=\"canonical\" href=\"https:\/\/artsnb.ca\/web\/2015\/04\/reflexions-dune-foire-dart-a-toronto\/\" \/>\n<meta property=\"og:locale\" content=\"en_US\" \/>\n<meta property=\"og:type\" content=\"article\" \/>\n<meta property=\"og:title\" content=\"R\u00e9flexions d\u2019une foire d&#039;art \u00e0 Toronto - ArtsNB\" \/>\n<meta property=\"og:description\" content=\"R\u00e9flexions d\u2019une foire d&#8217;art \u00e0 Toronto Sarah Jones, artiste visuelle J\u2019ai r\u00e9cemment particip\u00e9 au projet d\u2019artiste, une foire d&#8217;art contemporain tenue au Centre Better Living \u00e0 Toronto, le 19 au 22 f\u00e9vrier 2015. Ce fut ma premi\u00e8re incursion dans le monde de foire d&#8217;art, et aussi dans le monde d&#8217;art \u00e0 Toronto. Une entreprise troublante\" \/>\n<meta property=\"og:url\" content=\"https:\/\/artsnb.ca\/web\/2015\/04\/reflexions-dune-foire-dart-a-toronto\/?lang=fr\" \/>\n<meta property=\"og:site_name\" content=\"ArtsNB\" \/>\n<meta property=\"article:publisher\" content=\"https:\/\/www.facebook.com\/artsnb\/\" \/>\n<meta property=\"article:published_time\" content=\"2015-04-28T00:00:00+00:00\" \/>\n<meta property=\"article:modified_time\" content=\"2019-11-04T19:36:35+00:00\" \/>\n<meta property=\"og:image\" content=\"https:\/\/artsnb.ca\/web\/wp-content\/uploads\/2019\/09\/thumbnail2.jpg\" \/>\n\t<meta property=\"og:image:width\" content=\"67\" \/>\n\t<meta property=\"og:image:height\" content=\"50\" \/>\n\t<meta property=\"og:image:type\" content=\"image\/jpeg\" \/>\n<meta name=\"author\" content=\"R\u00e9anne Cooper\" \/>\n<meta name=\"twitter:card\" content=\"summary_large_image\" \/>\n<meta name=\"twitter:creator\" content=\"@artsnb\" \/>\n<meta name=\"twitter:site\" content=\"@artsnb\" \/>\n<meta name=\"twitter:label1\" content=\"Written by\" \/>\n\t<meta name=\"twitter:data1\" content=\"R\u00e9anne Cooper\" \/>\n\t<meta name=\"twitter:label2\" content=\"Est. reading time\" \/>\n\t<meta name=\"twitter:data2\" content=\"5 minutes\" \/>\n<script type=\"application\/ld+json\" class=\"yoast-schema-graph\">{\"@context\":\"https:\\\/\\\/schema.org\",\"@graph\":[{\"@type\":\"Article\",\"@id\":\"https:\\\/\\\/artsnb.ca\\\/web\\\/2015\\\/04\\\/reflexions-dune-foire-dart-a-toronto\\\/?lang=fr#article\",\"isPartOf\":{\"@id\":\"https:\\\/\\\/artsnb.ca\\\/web\\\/2015\\\/04\\\/reflexions-dune-foire-dart-a-toronto\\\/?lang=fr\"},\"author\":{\"name\":\"R\u00e9anne Cooper\",\"@id\":\"https:\\\/\\\/artsnb.ca\\\/web\\\/#\\\/schema\\\/person\\\/012ecc8a59328615becff4af8bf0c2b9\"},\"headline\":\"R\u00e9flexions d\u2019une foire d&#8217;art \u00e0 Toronto\",\"datePublished\":\"2015-04-28T00:00:00+00:00\",\"dateModified\":\"2019-11-04T19:36:35+00:00\",\"mainEntityOfPage\":{\"@id\":\"https:\\\/\\\/artsnb.ca\\\/web\\\/2015\\\/04\\\/reflexions-dune-foire-dart-a-toronto\\\/?lang=fr\"},\"wordCount\":961,\"commentCount\":0,\"publisher\":{\"@id\":\"https:\\\/\\\/artsnb.ca\\\/web\\\/#organization\"},\"image\":{\"@id\":\"https:\\\/\\\/artsnb.ca\\\/web\\\/2015\\\/04\\\/reflexions-dune-foire-dart-a-toronto\\\/?lang=fr#primaryimage\"},\"thumbnailUrl\":\"https:\\\/\\\/artsnb.ca\\\/web\\\/wp-content\\\/uploads\\\/2019\\\/09\\\/thumbnail2.jpg\",\"articleSection\":[\"Toutes les Nouvelles\"],\"inLanguage\":\"en-US\",\"potentialAction\":[{\"@type\":\"CommentAction\",\"name\":\"Comment\",\"target\":[\"https:\\\/\\\/artsnb.ca\\\/web\\\/2015\\\/04\\\/reflexions-dune-foire-dart-a-toronto\\\/?lang=fr#respond\"]}]},{\"@type\":\"WebPage\",\"@id\":\"https:\\\/\\\/artsnb.ca\\\/web\\\/2015\\\/04\\\/reflexions-dune-foire-dart-a-toronto\\\/?lang=fr\",\"url\":\"https:\\\/\\\/artsnb.ca\\\/web\\\/2015\\\/04\\\/reflexions-dune-foire-dart-a-toronto\\\/?lang=fr\",\"name\":\"R\u00e9flexions d\u2019une foire d'art \u00e0 Toronto - ArtsNB\",\"isPartOf\":{\"@id\":\"https:\\\/\\\/artsnb.ca\\\/web\\\/#website\"},\"primaryImageOfPage\":{\"@id\":\"https:\\\/\\\/artsnb.ca\\\/web\\\/2015\\\/04\\\/reflexions-dune-foire-dart-a-toronto\\\/?lang=fr#primaryimage\"},\"image\":{\"@id\":\"https:\\\/\\\/artsnb.ca\\\/web\\\/2015\\\/04\\\/reflexions-dune-foire-dart-a-toronto\\\/?lang=fr#primaryimage\"},\"thumbnailUrl\":\"https:\\\/\\\/artsnb.ca\\\/web\\\/wp-content\\\/uploads\\\/2019\\\/09\\\/thumbnail2.jpg\",\"datePublished\":\"2015-04-28T00:00:00+00:00\",\"dateModified\":\"2019-11-04T19:36:35+00:00\",\"breadcrumb\":{\"@id\":\"https:\\\/\\\/artsnb.ca\\\/web\\\/2015\\\/04\\\/reflexions-dune-foire-dart-a-toronto\\\/?lang=fr#breadcrumb\"},\"inLanguage\":\"en-US\",\"potentialAction\":[{\"@type\":\"ReadAction\",\"target\":[\"https:\\\/\\\/artsnb.ca\\\/web\\\/2015\\\/04\\\/reflexions-dune-foire-dart-a-toronto\\\/?lang=fr\"]}]},{\"@type\":\"ImageObject\",\"inLanguage\":\"en-US\",\"@id\":\"https:\\\/\\\/artsnb.ca\\\/web\\\/2015\\\/04\\\/reflexions-dune-foire-dart-a-toronto\\\/?lang=fr#primaryimage\",\"url\":\"https:\\\/\\\/artsnb.ca\\\/web\\\/wp-content\\\/uploads\\\/2019\\\/09\\\/thumbnail2.jpg\",\"contentUrl\":\"https:\\\/\\\/artsnb.ca\\\/web\\\/wp-content\\\/uploads\\\/2019\\\/09\\\/thumbnail2.jpg\",\"width\":67,\"height\":50},{\"@type\":\"BreadcrumbList\",\"@id\":\"https:\\\/\\\/artsnb.ca\\\/web\\\/2015\\\/04\\\/reflexions-dune-foire-dart-a-toronto\\\/?lang=fr#breadcrumb\",\"itemListElement\":[{\"@type\":\"ListItem\",\"position\":1,\"name\":\"Home\",\"item\":\"https:\\\/\\\/artsnb.ca\\\/web\\\/\"},{\"@type\":\"ListItem\",\"position\":2,\"name\":\"All News\",\"item\":\"https:\\\/\\\/artsnb.ca\\\/web\\\/category\\\/news\\\/\"},{\"@type\":\"ListItem\",\"position\":3,\"name\":\"R\u00e9flexions d\u2019une foire d&rsquo;art \u00e0 Toronto\"}]},{\"@type\":\"WebSite\",\"@id\":\"https:\\\/\\\/artsnb.ca\\\/web\\\/#website\",\"url\":\"https:\\\/\\\/artsnb.ca\\\/web\\\/\",\"name\":\"ArtsNB\",\"description\":\"EXCELLENCE. PROFESSIONALISM. INNOVATION.\",\"publisher\":{\"@id\":\"https:\\\/\\\/artsnb.ca\\\/web\\\/#organization\"},\"potentialAction\":[{\"@type\":\"SearchAction\",\"target\":{\"@type\":\"EntryPoint\",\"urlTemplate\":\"https:\\\/\\\/artsnb.ca\\\/web\\\/?s={search_term_string}\"},\"query-input\":{\"@type\":\"PropertyValueSpecification\",\"valueRequired\":true,\"valueName\":\"search_term_string\"}}],\"inLanguage\":\"en-US\"},{\"@type\":\"Organization\",\"@id\":\"https:\\\/\\\/artsnb.ca\\\/web\\\/#organization\",\"name\":\"ArtsNB\",\"url\":\"https:\\\/\\\/artsnb.ca\\\/web\\\/\",\"logo\":{\"@type\":\"ImageObject\",\"inLanguage\":\"en-US\",\"@id\":\"https:\\\/\\\/artsnb.ca\\\/web\\\/#\\\/schema\\\/logo\\\/image\\\/\",\"url\":\"https:\\\/\\\/artsnb.ca\\\/web\\\/wp-content\\\/uploads\\\/2024\\\/04\\\/cropped-artsnb-PrimaryLogo-vertical-HiRes-2.jpg\",\"contentUrl\":\"https:\\\/\\\/artsnb.ca\\\/web\\\/wp-content\\\/uploads\\\/2024\\\/04\\\/cropped-artsnb-PrimaryLogo-vertical-HiRes-2.jpg\",\"width\":1698,\"height\":1223,\"caption\":\"ArtsNB\"},\"image\":{\"@id\":\"https:\\\/\\\/artsnb.ca\\\/web\\\/#\\\/schema\\\/logo\\\/image\\\/\"},\"sameAs\":[\"https:\\\/\\\/www.facebook.com\\\/artsnb\\\/\",\"https:\\\/\\\/x.com\\\/artsnb\",\"https:\\\/\\\/www.instagram.com\\\/artsnb\\\/\"]},{\"@type\":\"Person\",\"@id\":\"https:\\\/\\\/artsnb.ca\\\/web\\\/#\\\/schema\\\/person\\\/012ecc8a59328615becff4af8bf0c2b9\",\"name\":\"R\u00e9anne Cooper\",\"image\":{\"@type\":\"ImageObject\",\"inLanguage\":\"en-US\",\"@id\":\"https:\\\/\\\/secure.gravatar.com\\\/avatar\\\/1cb05192fe2229166d3916ce0ac0406517d29a24c32e183e81a0a810836dd14b?s=96&d=mm&r=g\",\"url\":\"https:\\\/\\\/secure.gravatar.com\\\/avatar\\\/1cb05192fe2229166d3916ce0ac0406517d29a24c32e183e81a0a810836dd14b?s=96&d=mm&r=g\",\"contentUrl\":\"https:\\\/\\\/secure.gravatar.com\\\/avatar\\\/1cb05192fe2229166d3916ce0ac0406517d29a24c32e183e81a0a810836dd14b?s=96&d=mm&r=g\",\"caption\":\"R\u00e9anne Cooper\"},\"url\":\"https:\\\/\\\/artsnb.ca\\\/web\\\/author\\\/reanne\\\/\"}]}<\/script>\n<!-- \/ Yoast SEO plugin. -->","yoast_head_json":{"title":"R\u00e9flexions d\u2019une foire d'art \u00e0 Toronto - ArtsNB","robots":{"index":"index","follow":"follow","max-snippet":"max-snippet:-1","max-image-preview":"max-image-preview:large","max-video-preview":"max-video-preview:-1"},"canonical":"https:\/\/artsnb.ca\/web\/2015\/04\/reflexions-dune-foire-dart-a-toronto\/","og_locale":"en_US","og_type":"article","og_title":"R\u00e9flexions d\u2019une foire d'art \u00e0 Toronto - ArtsNB","og_description":"R\u00e9flexions d\u2019une foire d&#8217;art \u00e0 Toronto Sarah Jones, artiste visuelle J\u2019ai r\u00e9cemment particip\u00e9 au projet d\u2019artiste, une foire d&#8217;art contemporain tenue au Centre Better Living \u00e0 Toronto, le 19 au 22 f\u00e9vrier 2015. Ce fut ma premi\u00e8re incursion dans le monde de foire d&#8217;art, et aussi dans le monde d&#8217;art \u00e0 Toronto. Une entreprise troublante","og_url":"https:\/\/artsnb.ca\/web\/2015\/04\/reflexions-dune-foire-dart-a-toronto\/?lang=fr","og_site_name":"ArtsNB","article_publisher":"https:\/\/www.facebook.com\/artsnb\/","article_published_time":"2015-04-28T00:00:00+00:00","article_modified_time":"2019-11-04T19:36:35+00:00","og_image":[{"width":67,"height":50,"url":"https:\/\/artsnb.ca\/web\/wp-content\/uploads\/2019\/09\/thumbnail2.jpg","type":"image\/jpeg"}],"author":"R\u00e9anne Cooper","twitter_card":"summary_large_image","twitter_creator":"@artsnb","twitter_site":"@artsnb","twitter_misc":{"Written by":"R\u00e9anne Cooper","Est. reading time":"5 minutes"},"schema":{"@context":"https:\/\/schema.org","@graph":[{"@type":"Article","@id":"https:\/\/artsnb.ca\/web\/2015\/04\/reflexions-dune-foire-dart-a-toronto\/?lang=fr#article","isPartOf":{"@id":"https:\/\/artsnb.ca\/web\/2015\/04\/reflexions-dune-foire-dart-a-toronto\/?lang=fr"},"author":{"name":"R\u00e9anne Cooper","@id":"https:\/\/artsnb.ca\/web\/#\/schema\/person\/012ecc8a59328615becff4af8bf0c2b9"},"headline":"R\u00e9flexions d\u2019une foire d&#8217;art \u00e0 Toronto","datePublished":"2015-04-28T00:00:00+00:00","dateModified":"2019-11-04T19:36:35+00:00","mainEntityOfPage":{"@id":"https:\/\/artsnb.ca\/web\/2015\/04\/reflexions-dune-foire-dart-a-toronto\/?lang=fr"},"wordCount":961,"commentCount":0,"publisher":{"@id":"https:\/\/artsnb.ca\/web\/#organization"},"image":{"@id":"https:\/\/artsnb.ca\/web\/2015\/04\/reflexions-dune-foire-dart-a-toronto\/?lang=fr#primaryimage"},"thumbnailUrl":"https:\/\/artsnb.ca\/web\/wp-content\/uploads\/2019\/09\/thumbnail2.jpg","articleSection":["Toutes les Nouvelles"],"inLanguage":"en-US","potentialAction":[{"@type":"CommentAction","name":"Comment","target":["https:\/\/artsnb.ca\/web\/2015\/04\/reflexions-dune-foire-dart-a-toronto\/?lang=fr#respond"]}]},{"@type":"WebPage","@id":"https:\/\/artsnb.ca\/web\/2015\/04\/reflexions-dune-foire-dart-a-toronto\/?lang=fr","url":"https:\/\/artsnb.ca\/web\/2015\/04\/reflexions-dune-foire-dart-a-toronto\/?lang=fr","name":"R\u00e9flexions d\u2019une foire d'art \u00e0 Toronto - ArtsNB","isPartOf":{"@id":"https:\/\/artsnb.ca\/web\/#website"},"primaryImageOfPage":{"@id":"https:\/\/artsnb.ca\/web\/2015\/04\/reflexions-dune-foire-dart-a-toronto\/?lang=fr#primaryimage"},"image":{"@id":"https:\/\/artsnb.ca\/web\/2015\/04\/reflexions-dune-foire-dart-a-toronto\/?lang=fr#primaryimage"},"thumbnailUrl":"https:\/\/artsnb.ca\/web\/wp-content\/uploads\/2019\/09\/thumbnail2.jpg","datePublished":"2015-04-28T00:00:00+00:00","dateModified":"2019-11-04T19:36:35+00:00","breadcrumb":{"@id":"https:\/\/artsnb.ca\/web\/2015\/04\/reflexions-dune-foire-dart-a-toronto\/?lang=fr#breadcrumb"},"inLanguage":"en-US","potentialAction":[{"@type":"ReadAction","target":["https:\/\/artsnb.ca\/web\/2015\/04\/reflexions-dune-foire-dart-a-toronto\/?lang=fr"]}]},{"@type":"ImageObject","inLanguage":"en-US","@id":"https:\/\/artsnb.ca\/web\/2015\/04\/reflexions-dune-foire-dart-a-toronto\/?lang=fr#primaryimage","url":"https:\/\/artsnb.ca\/web\/wp-content\/uploads\/2019\/09\/thumbnail2.jpg","contentUrl":"https:\/\/artsnb.ca\/web\/wp-content\/uploads\/2019\/09\/thumbnail2.jpg","width":67,"height":50},{"@type":"BreadcrumbList","@id":"https:\/\/artsnb.ca\/web\/2015\/04\/reflexions-dune-foire-dart-a-toronto\/?lang=fr#breadcrumb","itemListElement":[{"@type":"ListItem","position":1,"name":"Home","item":"https:\/\/artsnb.ca\/web\/"},{"@type":"ListItem","position":2,"name":"All News","item":"https:\/\/artsnb.ca\/web\/category\/news\/"},{"@type":"ListItem","position":3,"name":"R\u00e9flexions d\u2019une foire d&rsquo;art \u00e0 Toronto"}]},{"@type":"WebSite","@id":"https:\/\/artsnb.ca\/web\/#website","url":"https:\/\/artsnb.ca\/web\/","name":"ArtsNB","description":"EXCELLENCE. PROFESSIONALISM. INNOVATION.","publisher":{"@id":"https:\/\/artsnb.ca\/web\/#organization"},"potentialAction":[{"@type":"SearchAction","target":{"@type":"EntryPoint","urlTemplate":"https:\/\/artsnb.ca\/web\/?s={search_term_string}"},"query-input":{"@type":"PropertyValueSpecification","valueRequired":true,"valueName":"search_term_string"}}],"inLanguage":"en-US"},{"@type":"Organization","@id":"https:\/\/artsnb.ca\/web\/#organization","name":"ArtsNB","url":"https:\/\/artsnb.ca\/web\/","logo":{"@type":"ImageObject","inLanguage":"en-US","@id":"https:\/\/artsnb.ca\/web\/#\/schema\/logo\/image\/","url":"https:\/\/artsnb.ca\/web\/wp-content\/uploads\/2024\/04\/cropped-artsnb-PrimaryLogo-vertical-HiRes-2.jpg","contentUrl":"https:\/\/artsnb.ca\/web\/wp-content\/uploads\/2024\/04\/cropped-artsnb-PrimaryLogo-vertical-HiRes-2.jpg","width":1698,"height":1223,"caption":"ArtsNB"},"image":{"@id":"https:\/\/artsnb.ca\/web\/#\/schema\/logo\/image\/"},"sameAs":["https:\/\/www.facebook.com\/artsnb\/","https:\/\/x.com\/artsnb","https:\/\/www.instagram.com\/artsnb\/"]},{"@type":"Person","@id":"https:\/\/artsnb.ca\/web\/#\/schema\/person\/012ecc8a59328615becff4af8bf0c2b9","name":"R\u00e9anne Cooper","image":{"@type":"ImageObject","inLanguage":"en-US","@id":"https:\/\/secure.gravatar.com\/avatar\/1cb05192fe2229166d3916ce0ac0406517d29a24c32e183e81a0a810836dd14b?s=96&d=mm&r=g","url":"https:\/\/secure.gravatar.com\/avatar\/1cb05192fe2229166d3916ce0ac0406517d29a24c32e183e81a0a810836dd14b?s=96&d=mm&r=g","contentUrl":"https:\/\/secure.gravatar.com\/avatar\/1cb05192fe2229166d3916ce0ac0406517d29a24c32e183e81a0a810836dd14b?s=96&d=mm&r=g","caption":"R\u00e9anne Cooper"},"url":"https:\/\/artsnb.ca\/web\/author\/reanne\/"}]}},"_links":{"self":[{"href":"https:\/\/artsnb.ca\/web\/wp-json\/wp\/v2\/posts\/3645","targetHints":{"allow":["GET"]}}],"collection":[{"href":"https:\/\/artsnb.ca\/web\/wp-json\/wp\/v2\/posts"}],"about":[{"href":"https:\/\/artsnb.ca\/web\/wp-json\/wp\/v2\/types\/post"}],"author":[{"embeddable":true,"href":"https:\/\/artsnb.ca\/web\/wp-json\/wp\/v2\/users\/6"}],"replies":[{"embeddable":true,"href":"https:\/\/artsnb.ca\/web\/wp-json\/wp\/v2\/comments?post=3645"}],"version-history":[{"count":1,"href":"https:\/\/artsnb.ca\/web\/wp-json\/wp\/v2\/posts\/3645\/revisions"}],"predecessor-version":[{"id":4411,"href":"https:\/\/artsnb.ca\/web\/wp-json\/wp\/v2\/posts\/3645\/revisions\/4411"}],"wp:featuredmedia":[{"embeddable":true,"href":"https:\/\/artsnb.ca\/web\/wp-json\/wp\/v2\/media\/2975"}],"wp:attachment":[{"href":"https:\/\/artsnb.ca\/web\/wp-json\/wp\/v2\/media?parent=3645"}],"wp:term":[{"taxonomy":"category","embeddable":true,"href":"https:\/\/artsnb.ca\/web\/wp-json\/wp\/v2\/categories?post=3645"},{"taxonomy":"post_tag","embeddable":true,"href":"https:\/\/artsnb.ca\/web\/wp-json\/wp\/v2\/tags?post=3645"}],"curies":[{"name":"wp","href":"https:\/\/api.w.org\/{rel}","templated":true}]}}