{"id":3655,"date":"2015-07-13T00:00:00","date_gmt":"2015-07-13T00:00:00","guid":{"rendered":"https:\/\/staging-artsnb.weavercrawford.com\/contextheatral-2015-lart-enflamme-les-rencontres\/"},"modified":"2019-11-07T00:54:21","modified_gmt":"2019-11-07T00:54:21","slug":"contextheatral-2015-lart-enflamme-les-rencontres","status":"publish","type":"post","link":"https:\/\/artsnb.ca\/web\/2015\/07\/contextheatral-2015-lart-enflamme-les-rencontres\/?lang=fr","title":{"rendered":"Contexth\u00e9\u00e2tral 2015: L\u2019art enflamme les rencontres"},"content":{"rendered":"<h6>Initialement publi\u00e9 sur le site ATFC: <a href=\"http:\/\/us8.campaign-archive1.com\/?u=0a76f434c21b97f5cafd6cddd&amp;id=b87b6907ce&amp;e=6971ae8eb3\">http:\/\/us8.campaign-archive1.com\/?u=0a76f434c21b97f5cafd6cddd&amp;id=b87b6907ce&amp;e=6971ae8eb3<\/a><\/h6>\n<h3><strong>Contexth\u00e9\u00e2tral<\/strong> <strong>2015:<\/strong> <strong>L\u2019art enflamme les rencontres<\/strong><\/h3>\n<p><em>M\u00e9lanie L\u00e9ger<\/em><\/p>\n<figure id=\"attachment_4061\" aria-describedby=\"caption-attachment-4061\" style=\"width: 300px\" class=\"wp-caption alignright\"><a href=\"http:\/\/artsnb.ca\/site\/fr\/files\/2015\/07\/Conf\u00e9rence-de-presse-pour-le-lancement-de-Contexth\u00e9\u00e2tral-\u00e0-Yaound\u00e9-au-Cameroun..jpg\"><img loading=\"lazy\" decoding=\"async\" class=\"size-medium wp-image-4061\" src=\"http:\/\/artsnb.ca\/site\/fr\/files\/2015\/07\/Conf\u00e9rence-de-presse-pour-le-lancement-de-Contexth\u00e9\u00e2tral-\u00e0-Yaound\u00e9-au-Cameroun.-300x225.jpg\" alt=\"Conf\u00e9rence de presse pour le lancement de Contexth\u00e9\u00e2tral, \u00e0 Yaound\u00e9 au Cameroun.\" width=\"300\" height=\"225\" \/><\/a><figcaption id=\"caption-attachment-4061\" class=\"wp-caption-text\">Conf\u00e9rence de presse pour le lancement de<br \/>Contexth\u00e9\u00e2tral, \u00e0 Yaound\u00e9 au Cameroun.<\/figcaption><\/figure>\n<p>Coinc\u00e9e dans un bruyant embouteillage, une voiture prend feu. C\u2019est une arriv\u00e9e presque explosive \u00e0 Yaound\u00e9, capitale du Cameroun.<\/p>\n<p>Retour en arri\u00e8re. Mai 2014, je me rends au Festival TransAm\u00e9rique (FTA) gr\u00e2ce au soutien de l\u2019Association des th\u00e9\u00e2tres francophones du Canada. C\u2019est une initiative g\u00e9niale et tr\u00e8s stimulante! Je participe aux Rencontres internationales des jeunes cr\u00e9ateurs et critiques des arts de la sc\u00e8ne et pendant 10 jours je vis au rythme du festival avec 25 compagnons. Entre nous, la magie op\u00e8re. On repart inspir\u00e9s et curieux. Cette rencontre \u00e9tait trop courte et nous avons soif de nous\u00a0retrouver\u2026<\/p>\n<p>\u00c9douard, un Camerounais \u00ab\u00a0rencontr\u00e9\u00a0\u00bb au FTA, m\u2019\u00e9crit sur Facebook et m\u2019invite \u00e0 participer \u00e0 la deuxi\u00e8me \u00e9dition de son projet Contexth\u00e9\u00e2tral. Il s\u2019agit d\u2019un mois de r\u00e9sidence o\u00f9 des auteurs sont invit\u00e9s \u00e0 venir travailler un texte d\u00e9j\u00e0 bien en chantier. \u00c9douard a aim\u00e9 l\u2019extrait d\u2019un vieux texte de fond de tiroir que j\u2019avais pr\u00e9sent\u00e9 au groupe du festival, \u00ab\u00a0Laura de Montr\u00e9al\u00a0\u00bb. Pendant le s\u00e9jour, il y aura des discussions, un laboratoire avec des acteurs, des rencontres avec un comit\u00e9 d\u2019\u00e9tudiants qui liront nos textes, des p\u00e9riodes d\u2019\u00e9critures et toutes sortes d\u2019autres activit\u00e9s! Je dis oui imm\u00e9diatement!<\/p>\n<figure id=\"attachment_4062\" aria-describedby=\"caption-attachment-4062\" style=\"width: 300px\" class=\"wp-caption alignleft\"><a href=\"http:\/\/artsnb.ca\/site\/fr\/files\/2015\/07\/Locaux-de-lOTHNI-Laboratoire-de-Th\u00e9\u00e2tre-de-Yaound\u00e9.jpg\"><img loading=\"lazy\" decoding=\"async\" class=\"size-medium wp-image-4062\" src=\"http:\/\/artsnb.ca\/site\/fr\/files\/2015\/07\/Locaux-de-lOTHNI-Laboratoire-de-Th\u00e9\u00e2tre-de-Yaound\u00e9-300x225.jpg\" alt=\"Locaux de l'OTHNI-Laboratoire  de Th\u00e9\u00e2tre de Yaound\u00e9\" width=\"300\" height=\"225\" \/><\/a><figcaption id=\"caption-attachment-4062\" class=\"wp-caption-text\">Locaux de l&#8217;OTHNI-Laboratoire<br \/>de Th\u00e9\u00e2tre de Yaound\u00e9<\/figcaption><\/figure>\n<p>Dans l\u2019avion, j\u2019ai relu mon texte\u2026 Et j\u2019ai eu peur.<\/p>\n<p>Qu\u2019est-ce qu\u2019une histoire d\u2019assimilation et de dominance culturelle, bourr\u00e9e de r\u00e9gionalistes, allait bien dire \u00e0 des Camerounais\u2026? Quelle grave erreur\u2026<\/p>\n<p>J\u2019avais oubli\u00e9 le diction\u00a0: raconte bien ton village, tu deviendras universel.<\/p>\n<p>Yaound\u00e9 a peu en commun avec \u00ab\u00a0mon village\u00a0\u00bb, Sh\u00e9diac au Nouveau-Brunswick. Ni avec Montr\u00e9al o\u00f9 j\u2019ai situ\u00e9 mon texte\u2026 Yaound\u00e9 est au c\u0153ur du Cameroun, entre le vert de la jungle, le rouge de la terre et le jaune des taxis bruyants\u2026 Marcher la rue principale du quartier de Titi-Garage demande \u00e9norm\u00e9ment de concentration et du courage au moment de traverser. Il faut s\u2019adapter au rythme de cette ville pour d\u00e9couvrir peu \u00e0 peu ses bijoux. L\u2019une de ses pierres pr\u00e9cieuses est OTHNI (Objet th\u00e9\u00e2tral non identifi\u00e9): un centre d\u2019artistes o\u00f9 on trouve des chambres pour des r\u00e9sidents et de nombreux espaces de cr\u00e9ation et\/ou de repr\u00e9sentation. C\u2019\u00e9tait notre chez-nous. Le lieu existe depuis 5 ans par la volont\u00e9 et le courage de son propri\u00e9taire, lui-m\u00eame artiste de th\u00e9\u00e2tre, et ses collaborateurs. Ils ne re\u00e7oivent aucune subvention et assument la location, l\u2019entretien, etc.<\/p>\n<figure id=\"attachment_4063\" aria-describedby=\"caption-attachment-4063\" style=\"width: 300px\" class=\"wp-caption alignright\"><a href=\"http:\/\/artsnb.ca\/site\/fr\/files\/2015\/07\/Sur-la-photo-de-gauche-\u00e0-droite-Guillaume-Oyono-Mbia-consid\u00e9r\u00e9-comme-le-premier-auteur-dramatique-camerounais-avec-Edouard-Elvis-Bvouma.jpg\"><img loading=\"lazy\" decoding=\"async\" class=\"size-medium wp-image-4063\" src=\"http:\/\/artsnb.ca\/site\/fr\/files\/2015\/07\/Sur-la-photo-de-gauche-\u00e0-droite-Guillaume-Oyono-Mbia-consid\u00e9r\u00e9-comme-le-premier-auteur-dramatique-camerounais-avec-Edouard-Elvis-Bvouma-300x225.jpg\" alt=\"Sur la photo, de gauche \u00e0 droite  Guillaume Oyono Mbia, consid\u00e9r\u00e9 comme le  premier auteur dramatique camerounais,  avec Edouard Elvis Bvouma\" width=\"300\" height=\"225\" \/><\/a><figcaption id=\"caption-attachment-4063\" class=\"wp-caption-text\">Sur la photo, de gauche \u00e0 droite<br \/>Guillaume Oyono Mbia, consid\u00e9r\u00e9 comme le<br \/>premier auteur dramatique camerounais,<br \/>avec Edouard Elvis Bvouma<\/figcaption><\/figure>\n<p>Comme le dit si bien mon ami le plasticien Alioum Moussa, le combat de plusieurs artistes camerounais consiste \u00e0 \u00ab\u00a0bannir le pourquoi pour imposer le comment\u00a0\u00bb. Cr\u00e9er dans l\u2019absence de politique culturelle devient un acte politique vis-\u00e0-vis de soi-m\u00eame. \u00ab Ici ou ailleurs\u00a0\u00bb est une question qui s\u2019impose pour plusieurs. D\u2019ailleurs, chaque artiste \u00e0 qui j\u2019ai parl\u00e9 a \u00ab\u00a0une histoire d\u2019horreur\u00a0\u00bb avec le minist\u00e8re de la Culture du Cameroun. Dossier \u00ab\u00a0perdu\u00a0\u00bb, attente d\u2019un financement promis depuis trois ans et j\u2019en passe\u2026 On te raconte en rigolant, parce que c\u2019est tout simplement absurde! \u00c7a m\u2019a fait appr\u00e9cier les organismes que je connais, tel l\u2019Association des th\u00e9\u00e2tres francophones du Canada, qui joue un r\u00f4le v\u00e9ritable aupr\u00e8s des artistes et incarne une vision.<\/p>\n<figure id=\"attachment_4064\" aria-describedby=\"caption-attachment-4064\" style=\"width: 300px\" class=\"wp-caption alignleft\"><a href=\"http:\/\/artsnb.ca\/site\/fr\/files\/2015\/07\/Groupe-dauteurs-pr\u00e9sents-\u00e0-latelier-d\u00e9criture-que-M\u00e9lanie-a-eu-la-chance-danimer-durant-son-s\u00e9jour-\u00e0-Yaound\u00e9.jpg\"><img loading=\"lazy\" decoding=\"async\" class=\"size-medium wp-image-4064\" src=\"http:\/\/artsnb.ca\/site\/fr\/files\/2015\/07\/Groupe-dauteurs-pr\u00e9sents-\u00e0-latelier-d\u00e9criture-que-M\u00e9lanie-a-eu-la-chance-danimer-durant-son-s\u00e9jour-\u00e0-Yaound\u00e9-300x225.jpg\" alt=\"Groupe d'auteurs pr\u00e9sents \u00e0 l'atelier  d'\u00e9criture que M\u00e9lanie a eu la chance d'animer  durant son s\u00e9jour \u00e0 Yaound\u00e9\" width=\"300\" height=\"225\" \/><\/a><figcaption id=\"caption-attachment-4064\" class=\"wp-caption-text\">Groupe d&#8217;auteurs pr\u00e9sents \u00e0 l&#8217;atelier<br \/>d&#8217;\u00e9criture que M\u00e9lanie a eu la chance d&#8217;animer<br \/>durant son s\u00e9jour \u00e0 Yaound\u00e9<\/figcaption><\/figure>\n<p>Autour d\u2019une table, un Camerounais, un Espagnol Burkinab\u00e9, une Fran\u00e7aise, un Togolais et une Canadienne, lisent un texte en chiac et imaginent, chacun avec ses r\u00e9f\u00e9rences, un tintamarre acadien. La discussion est tellement importante pour essayer de se rejoindre et assouvir la curiosit\u00e9. Dans une rencontre avec un comit\u00e9 de jeunes lecteurs camerounais, un adolescent me met en garde contre le\u00a0chiac qui appauvrit la belle langue fran\u00e7aise et pourrait avoir des effets n\u00e9fastes sur la jeunesse; un peu comme le camfranglais chez lui. Un autre me demande si un fricot est une sorcellerie? L\u2019Acadie prend d\u2019autres noms\u2026 Celui de r\u00e9gions o\u00f9 des minorit\u00e9s sont repouss\u00e9es \u00e0 cause de leurs langues ou des duels entre groupes culturels\u2026 Oui, nous connaissons tous ces forces invisibles de domination, \u00e0 la fois absurdes et tragiques, qui s\u2019articulent dans les moindres recoins de la vie quotidienne partout dans le monde. On \u00e9chappe difficilement \u00e0 la comparaison. Mais aussi on se reconna\u00eet dans le kongosa\u00a0(potinage) des personnages de Laura et Catherine et leur r\u00eave de devenir com\u00e9diennes \u00e0 tout prix.<\/p>\n<figure id=\"attachment_4065\" aria-describedby=\"caption-attachment-4065\" style=\"width: 300px\" class=\"wp-caption alignright\"><a href=\"https:\/\/artsnb.ca\/web\/wp-content\/uploads\/2019\/09\/Travail-de-plateau-avec-les-acteurs.jpg\"><img loading=\"lazy\" decoding=\"async\" class=\"size-medium wp-image-4065\" src=\"https:\/\/artsnb.ca\/web\/wp-content\/uploads\/2019\/09\/Travail-de-plateau-avec-les-acteurs-300x225.jpg\" alt=\"Travail de plateau avec les acteurs\" width=\"300\" height=\"225\" \/><\/a><figcaption id=\"caption-attachment-4065\" class=\"wp-caption-text\">Travail de plateau avec les acteurs<\/figcaption><\/figure>\n<p>\u00c9douard nous a concoct\u00e9 un intense programme d\u2019activit\u00e9s et les jours passent trop vite. Des rencontres artistiques naissent des amiti\u00e9s et des solidarit\u00e9s. J\u2019apprends au sujet des chauves-souris, de l\u2019amour et de la litt\u00e9rature africaine. J\u2019apprends sur moi-m\u00eame et ma capacit\u00e9 d\u2019adaptation. Finalement, ma crainte dans l\u2019avion se dissipe; je ne serai peut-\u00eatre pas comprise, mais prenons le risque; essayons de comprendre ceux qui ne comprendront pas. \u00a0Tout \u00e0 coup, \u00eatre artiste, \u00ab\u00a0ce que je fais comme travail\u00a0\u00bb, et ce que je suis comme humaine, est m\u00e9lang\u00e9 dans une m\u00eame bouillie.<\/p>\n<figure id=\"attachment_4066\" aria-describedby=\"caption-attachment-4066\" style=\"width: 300px\" class=\"wp-caption alignleft\"><a href=\"https:\/\/artsnb.ca\/web\/wp-content\/uploads\/2019\/09\/Dernier-film.jpg\"><img loading=\"lazy\" decoding=\"async\" class=\"size-medium wp-image-4066\" src=\"https:\/\/artsnb.ca\/web\/wp-content\/uploads\/2019\/09\/Dernier-film-300x225.jpg\" alt=\"Dernier film\" width=\"300\" height=\"225\" \/><\/a><figcaption id=\"caption-attachment-4066\" class=\"wp-caption-text\">Dernier film<\/figcaption><\/figure>\n<p>Ce fut un cadeau de participer \u00e0 Contexth\u00e9\u00e2tral. Le travail que nous avons fait ensemble est une graine plant\u00e9e dans une terre m\u00e9tiss\u00e9e. Une terre qu\u2019on a mi dans une bouteille pour la jeter \u00e0 la mer. Je remercie particuli\u00e8rement notre grand rassembleur, l\u2019artiste passionn\u00e9 et engag\u00e9 qu\u2019est \u00c9douard Elvis Bvouma, ainsi que toute son \u00e9quipe (particuli\u00e8rement Charlotte). Je remercie mes compagnons auteurs (Ana\u00efs, Guy, Kokouvi, Luis) et nos chers amis \u00e0 OTHNI. Merci aux partenaires qui ont facilit\u00e9 ma participation: l&#8217;ATFC, le Conseil des arts du Nouveau-Brunswick et aux autres organismes partenaires de l&#8217;\u00e9v\u00e8nement notamment la CITF (Commission internationale du th\u00e9\u00e2tre francophone). Je reviens le coeur plein de riches exp\u00e9riences humaines et professionnelles et la t\u00eate remplie de projets! Les artistes tentent de cr\u00e9er un monde meilleur pour tous et toutes. Ce sont des occasions de r\u00e9sidence comme celle-ci qui donne espoir que tout est possible<\/p>\n<p>J\u2019ai rencontr\u00e9 des artistes qui se livrent avec une grande g\u00e9n\u00e9rosit\u00e9 et se lancent vers toi sans h\u00e9siter. Ce furent de grandes le\u00e7ons d\u2019humilit\u00e9 o\u00f9, \u00e0 travers le parcours de ces artistes, j\u2019ai mieux senti \u00e0 quoi ressemble l\u2019engagement et le risque en art.<\/p>\n<p>Le risque le plus important, pour moi, pour la plupart d\u2019entre nous au Canada, c\u2019est celui de rater la rencontre. Et \u00e7a nous arrive de la rater; de ne pas r\u00e9ussir \u00e0 se rejoindre. Mais nous continuons d\u2019essayer.<\/p>\n<p>Parce que c\u2019est \u00e0 travers la rencontre que tout arrive, que tout existe.<\/p>\n<p>&nbsp;<\/p>\n","protected":false},"excerpt":{"rendered":"<p>Initialement publi\u00e9 sur le site ATFC: http:\/\/us8.campaign-archive1.com\/?u=0a76f434c21b97f5cafd6cddd&amp;id=b87b6907ce&amp;e=6971ae8eb3 Contexth\u00e9\u00e2tral 2015: L\u2019art enflamme les rencontres M\u00e9lanie L\u00e9ger Coinc\u00e9e dans un bruyant embouteillage, une voiture prend feu. C\u2019est une arriv\u00e9e presque explosive \u00e0 Yaound\u00e9, capitale du Cameroun. Retour en arri\u00e8re. Mai 2014, je me rends au Festival TransAm\u00e9rique (FTA) gr\u00e2ce au soutien de l\u2019Association des th\u00e9\u00e2tres francophones du<\/p>\n","protected":false},"author":6,"featured_media":2958,"comment_status":"open","ping_status":"open","sticky":false,"template":"","format":"standard","meta":{"_acf_changed":false,"footnotes":""},"categories":[87],"tags":[],"class_list":["post-3655","post","type-post","status-publish","format-standard","has-post-thumbnail","hentry","category-blogue"],"acf":[],"yoast_head":"<!-- This site is optimized with the Yoast SEO plugin v27.5 - https:\/\/yoast.com\/product\/yoast-seo-wordpress\/ -->\n<title>Contexth\u00e9\u00e2tral 2015: L\u2019art enflamme les rencontres - ArtsNB<\/title>\n<meta name=\"robots\" content=\"index, follow, max-snippet:-1, max-image-preview:large, max-video-preview:-1\" \/>\n<link rel=\"canonical\" href=\"https:\/\/artsnb.ca\/web\/2015\/07\/contextheatral-2015-lart-enflamme-les-rencontres\/\" \/>\n<meta property=\"og:locale\" content=\"en_US\" \/>\n<meta property=\"og:type\" content=\"article\" \/>\n<meta property=\"og:title\" content=\"Contexth\u00e9\u00e2tral 2015: L\u2019art enflamme les rencontres - ArtsNB\" \/>\n<meta property=\"og:description\" content=\"Initialement publi\u00e9 sur le site ATFC: http:\/\/us8.campaign-archive1.com\/?u=0a76f434c21b97f5cafd6cddd&amp;id=b87b6907ce&amp;e=6971ae8eb3 Contexth\u00e9\u00e2tral 2015: L\u2019art enflamme les rencontres M\u00e9lanie L\u00e9ger Coinc\u00e9e dans un bruyant embouteillage, une voiture prend feu. C\u2019est une arriv\u00e9e presque explosive \u00e0 Yaound\u00e9, capitale du Cameroun. Retour en arri\u00e8re. Mai 2014, je me rends au Festival TransAm\u00e9rique (FTA) gr\u00e2ce au soutien de l\u2019Association des th\u00e9\u00e2tres francophones du\" \/>\n<meta property=\"og:url\" content=\"https:\/\/artsnb.ca\/web\/2015\/07\/contextheatral-2015-lart-enflamme-les-rencontres\/?lang=fr\" \/>\n<meta property=\"og:site_name\" content=\"ArtsNB\" \/>\n<meta property=\"article:publisher\" content=\"https:\/\/www.facebook.com\/artsnb\/\" \/>\n<meta property=\"article:published_time\" content=\"2015-07-13T00:00:00+00:00\" \/>\n<meta property=\"article:modified_time\" content=\"2019-11-07T00:54:21+00:00\" \/>\n<meta property=\"og:image\" content=\"https:\/\/artsnb.ca\/web\/wp-content\/uploads\/2019\/09\/thumbnail.jpg\" \/>\n\t<meta property=\"og:image:width\" content=\"67\" \/>\n\t<meta property=\"og:image:height\" content=\"50\" \/>\n\t<meta property=\"og:image:type\" content=\"image\/jpeg\" \/>\n<meta name=\"author\" content=\"R\u00e9anne Cooper\" \/>\n<meta name=\"twitter:card\" content=\"summary_large_image\" \/>\n<meta name=\"twitter:creator\" content=\"@artsnb\" \/>\n<meta name=\"twitter:site\" content=\"@artsnb\" \/>\n<meta name=\"twitter:label1\" content=\"Written by\" \/>\n\t<meta name=\"twitter:data1\" content=\"R\u00e9anne Cooper\" \/>\n\t<meta name=\"twitter:label2\" content=\"Est. reading time\" \/>\n\t<meta name=\"twitter:data2\" content=\"6 minutes\" \/>\n<script type=\"application\/ld+json\" class=\"yoast-schema-graph\">{\"@context\":\"https:\\\/\\\/schema.org\",\"@graph\":[{\"@type\":\"Article\",\"@id\":\"https:\\\/\\\/artsnb.ca\\\/web\\\/2015\\\/07\\\/contextheatral-2015-lart-enflamme-les-rencontres\\\/?lang=fr#article\",\"isPartOf\":{\"@id\":\"https:\\\/\\\/artsnb.ca\\\/web\\\/2015\\\/07\\\/contextheatral-2015-lart-enflamme-les-rencontres\\\/?lang=fr\"},\"author\":{\"name\":\"R\u00e9anne Cooper\",\"@id\":\"https:\\\/\\\/artsnb.ca\\\/web\\\/#\\\/schema\\\/person\\\/012ecc8a59328615becff4af8bf0c2b9\"},\"headline\":\"Contexth\u00e9\u00e2tral 2015: L\u2019art enflamme les rencontres\",\"datePublished\":\"2015-07-13T00:00:00+00:00\",\"dateModified\":\"2019-11-07T00:54:21+00:00\",\"mainEntityOfPage\":{\"@id\":\"https:\\\/\\\/artsnb.ca\\\/web\\\/2015\\\/07\\\/contextheatral-2015-lart-enflamme-les-rencontres\\\/?lang=fr\"},\"wordCount\":1284,\"commentCount\":0,\"publisher\":{\"@id\":\"https:\\\/\\\/artsnb.ca\\\/web\\\/#organization\"},\"image\":{\"@id\":\"https:\\\/\\\/artsnb.ca\\\/web\\\/2015\\\/07\\\/contextheatral-2015-lart-enflamme-les-rencontres\\\/?lang=fr#primaryimage\"},\"thumbnailUrl\":\"https:\\\/\\\/artsnb.ca\\\/web\\\/wp-content\\\/uploads\\\/2019\\\/09\\\/thumbnail.jpg\",\"articleSection\":[\"Blogue\"],\"inLanguage\":\"en-US\",\"potentialAction\":[{\"@type\":\"CommentAction\",\"name\":\"Comment\",\"target\":[\"https:\\\/\\\/artsnb.ca\\\/web\\\/2015\\\/07\\\/contextheatral-2015-lart-enflamme-les-rencontres\\\/?lang=fr#respond\"]}]},{\"@type\":\"WebPage\",\"@id\":\"https:\\\/\\\/artsnb.ca\\\/web\\\/2015\\\/07\\\/contextheatral-2015-lart-enflamme-les-rencontres\\\/?lang=fr\",\"url\":\"https:\\\/\\\/artsnb.ca\\\/web\\\/2015\\\/07\\\/contextheatral-2015-lart-enflamme-les-rencontres\\\/?lang=fr\",\"name\":\"Contexth\u00e9\u00e2tral 2015: L\u2019art enflamme les rencontres - ArtsNB\",\"isPartOf\":{\"@id\":\"https:\\\/\\\/artsnb.ca\\\/web\\\/#website\"},\"primaryImageOfPage\":{\"@id\":\"https:\\\/\\\/artsnb.ca\\\/web\\\/2015\\\/07\\\/contextheatral-2015-lart-enflamme-les-rencontres\\\/?lang=fr#primaryimage\"},\"image\":{\"@id\":\"https:\\\/\\\/artsnb.ca\\\/web\\\/2015\\\/07\\\/contextheatral-2015-lart-enflamme-les-rencontres\\\/?lang=fr#primaryimage\"},\"thumbnailUrl\":\"https:\\\/\\\/artsnb.ca\\\/web\\\/wp-content\\\/uploads\\\/2019\\\/09\\\/thumbnail.jpg\",\"datePublished\":\"2015-07-13T00:00:00+00:00\",\"dateModified\":\"2019-11-07T00:54:21+00:00\",\"breadcrumb\":{\"@id\":\"https:\\\/\\\/artsnb.ca\\\/web\\\/2015\\\/07\\\/contextheatral-2015-lart-enflamme-les-rencontres\\\/?lang=fr#breadcrumb\"},\"inLanguage\":\"en-US\",\"potentialAction\":[{\"@type\":\"ReadAction\",\"target\":[\"https:\\\/\\\/artsnb.ca\\\/web\\\/2015\\\/07\\\/contextheatral-2015-lart-enflamme-les-rencontres\\\/?lang=fr\"]}]},{\"@type\":\"ImageObject\",\"inLanguage\":\"en-US\",\"@id\":\"https:\\\/\\\/artsnb.ca\\\/web\\\/2015\\\/07\\\/contextheatral-2015-lart-enflamme-les-rencontres\\\/?lang=fr#primaryimage\",\"url\":\"https:\\\/\\\/artsnb.ca\\\/web\\\/wp-content\\\/uploads\\\/2019\\\/09\\\/thumbnail.jpg\",\"contentUrl\":\"https:\\\/\\\/artsnb.ca\\\/web\\\/wp-content\\\/uploads\\\/2019\\\/09\\\/thumbnail.jpg\",\"width\":67,\"height\":50},{\"@type\":\"BreadcrumbList\",\"@id\":\"https:\\\/\\\/artsnb.ca\\\/web\\\/2015\\\/07\\\/contextheatral-2015-lart-enflamme-les-rencontres\\\/?lang=fr#breadcrumb\",\"itemListElement\":[{\"@type\":\"ListItem\",\"position\":1,\"name\":\"Home\",\"item\":\"https:\\\/\\\/artsnb.ca\\\/web\\\/\"},{\"@type\":\"ListItem\",\"position\":2,\"name\":\"Blog\",\"item\":\"https:\\\/\\\/artsnb.ca\\\/web\\\/category\\\/blog\\\/\"},{\"@type\":\"ListItem\",\"position\":3,\"name\":\"Contexth\u00e9\u00e2tral 2015: L\u2019art enflamme les rencontres\"}]},{\"@type\":\"WebSite\",\"@id\":\"https:\\\/\\\/artsnb.ca\\\/web\\\/#website\",\"url\":\"https:\\\/\\\/artsnb.ca\\\/web\\\/\",\"name\":\"ArtsNB\",\"description\":\"EXCELLENCE. PROFESSIONALISM. INNOVATION.\",\"publisher\":{\"@id\":\"https:\\\/\\\/artsnb.ca\\\/web\\\/#organization\"},\"potentialAction\":[{\"@type\":\"SearchAction\",\"target\":{\"@type\":\"EntryPoint\",\"urlTemplate\":\"https:\\\/\\\/artsnb.ca\\\/web\\\/?s={search_term_string}\"},\"query-input\":{\"@type\":\"PropertyValueSpecification\",\"valueRequired\":true,\"valueName\":\"search_term_string\"}}],\"inLanguage\":\"en-US\"},{\"@type\":\"Organization\",\"@id\":\"https:\\\/\\\/artsnb.ca\\\/web\\\/#organization\",\"name\":\"ArtsNB\",\"url\":\"https:\\\/\\\/artsnb.ca\\\/web\\\/\",\"logo\":{\"@type\":\"ImageObject\",\"inLanguage\":\"en-US\",\"@id\":\"https:\\\/\\\/artsnb.ca\\\/web\\\/#\\\/schema\\\/logo\\\/image\\\/\",\"url\":\"https:\\\/\\\/artsnb.ca\\\/web\\\/wp-content\\\/uploads\\\/2024\\\/04\\\/cropped-artsnb-PrimaryLogo-vertical-HiRes-2.jpg\",\"contentUrl\":\"https:\\\/\\\/artsnb.ca\\\/web\\\/wp-content\\\/uploads\\\/2024\\\/04\\\/cropped-artsnb-PrimaryLogo-vertical-HiRes-2.jpg\",\"width\":1698,\"height\":1223,\"caption\":\"ArtsNB\"},\"image\":{\"@id\":\"https:\\\/\\\/artsnb.ca\\\/web\\\/#\\\/schema\\\/logo\\\/image\\\/\"},\"sameAs\":[\"https:\\\/\\\/www.facebook.com\\\/artsnb\\\/\",\"https:\\\/\\\/x.com\\\/artsnb\",\"https:\\\/\\\/www.instagram.com\\\/artsnb\\\/\"]},{\"@type\":\"Person\",\"@id\":\"https:\\\/\\\/artsnb.ca\\\/web\\\/#\\\/schema\\\/person\\\/012ecc8a59328615becff4af8bf0c2b9\",\"name\":\"R\u00e9anne Cooper\",\"image\":{\"@type\":\"ImageObject\",\"inLanguage\":\"en-US\",\"@id\":\"https:\\\/\\\/secure.gravatar.com\\\/avatar\\\/1cb05192fe2229166d3916ce0ac0406517d29a24c32e183e81a0a810836dd14b?s=96&d=mm&r=g\",\"url\":\"https:\\\/\\\/secure.gravatar.com\\\/avatar\\\/1cb05192fe2229166d3916ce0ac0406517d29a24c32e183e81a0a810836dd14b?s=96&d=mm&r=g\",\"contentUrl\":\"https:\\\/\\\/secure.gravatar.com\\\/avatar\\\/1cb05192fe2229166d3916ce0ac0406517d29a24c32e183e81a0a810836dd14b?s=96&d=mm&r=g\",\"caption\":\"R\u00e9anne Cooper\"},\"url\":\"https:\\\/\\\/artsnb.ca\\\/web\\\/author\\\/reanne\\\/\"}]}<\/script>\n<!-- \/ Yoast SEO plugin. -->","yoast_head_json":{"title":"Contexth\u00e9\u00e2tral 2015: L\u2019art enflamme les rencontres - ArtsNB","robots":{"index":"index","follow":"follow","max-snippet":"max-snippet:-1","max-image-preview":"max-image-preview:large","max-video-preview":"max-video-preview:-1"},"canonical":"https:\/\/artsnb.ca\/web\/2015\/07\/contextheatral-2015-lart-enflamme-les-rencontres\/","og_locale":"en_US","og_type":"article","og_title":"Contexth\u00e9\u00e2tral 2015: L\u2019art enflamme les rencontres - ArtsNB","og_description":"Initialement publi\u00e9 sur le site ATFC: http:\/\/us8.campaign-archive1.com\/?u=0a76f434c21b97f5cafd6cddd&amp;id=b87b6907ce&amp;e=6971ae8eb3 Contexth\u00e9\u00e2tral 2015: L\u2019art enflamme les rencontres M\u00e9lanie L\u00e9ger Coinc\u00e9e dans un bruyant embouteillage, une voiture prend feu. C\u2019est une arriv\u00e9e presque explosive \u00e0 Yaound\u00e9, capitale du Cameroun. Retour en arri\u00e8re. Mai 2014, je me rends au Festival TransAm\u00e9rique (FTA) gr\u00e2ce au soutien de l\u2019Association des th\u00e9\u00e2tres francophones du","og_url":"https:\/\/artsnb.ca\/web\/2015\/07\/contextheatral-2015-lart-enflamme-les-rencontres\/?lang=fr","og_site_name":"ArtsNB","article_publisher":"https:\/\/www.facebook.com\/artsnb\/","article_published_time":"2015-07-13T00:00:00+00:00","article_modified_time":"2019-11-07T00:54:21+00:00","og_image":[{"width":67,"height":50,"url":"https:\/\/artsnb.ca\/web\/wp-content\/uploads\/2019\/09\/thumbnail.jpg","type":"image\/jpeg"}],"author":"R\u00e9anne Cooper","twitter_card":"summary_large_image","twitter_creator":"@artsnb","twitter_site":"@artsnb","twitter_misc":{"Written by":"R\u00e9anne Cooper","Est. reading time":"6 minutes"},"schema":{"@context":"https:\/\/schema.org","@graph":[{"@type":"Article","@id":"https:\/\/artsnb.ca\/web\/2015\/07\/contextheatral-2015-lart-enflamme-les-rencontres\/?lang=fr#article","isPartOf":{"@id":"https:\/\/artsnb.ca\/web\/2015\/07\/contextheatral-2015-lart-enflamme-les-rencontres\/?lang=fr"},"author":{"name":"R\u00e9anne Cooper","@id":"https:\/\/artsnb.ca\/web\/#\/schema\/person\/012ecc8a59328615becff4af8bf0c2b9"},"headline":"Contexth\u00e9\u00e2tral 2015: L\u2019art enflamme les rencontres","datePublished":"2015-07-13T00:00:00+00:00","dateModified":"2019-11-07T00:54:21+00:00","mainEntityOfPage":{"@id":"https:\/\/artsnb.ca\/web\/2015\/07\/contextheatral-2015-lart-enflamme-les-rencontres\/?lang=fr"},"wordCount":1284,"commentCount":0,"publisher":{"@id":"https:\/\/artsnb.ca\/web\/#organization"},"image":{"@id":"https:\/\/artsnb.ca\/web\/2015\/07\/contextheatral-2015-lart-enflamme-les-rencontres\/?lang=fr#primaryimage"},"thumbnailUrl":"https:\/\/artsnb.ca\/web\/wp-content\/uploads\/2019\/09\/thumbnail.jpg","articleSection":["Blogue"],"inLanguage":"en-US","potentialAction":[{"@type":"CommentAction","name":"Comment","target":["https:\/\/artsnb.ca\/web\/2015\/07\/contextheatral-2015-lart-enflamme-les-rencontres\/?lang=fr#respond"]}]},{"@type":"WebPage","@id":"https:\/\/artsnb.ca\/web\/2015\/07\/contextheatral-2015-lart-enflamme-les-rencontres\/?lang=fr","url":"https:\/\/artsnb.ca\/web\/2015\/07\/contextheatral-2015-lart-enflamme-les-rencontres\/?lang=fr","name":"Contexth\u00e9\u00e2tral 2015: L\u2019art enflamme les rencontres - ArtsNB","isPartOf":{"@id":"https:\/\/artsnb.ca\/web\/#website"},"primaryImageOfPage":{"@id":"https:\/\/artsnb.ca\/web\/2015\/07\/contextheatral-2015-lart-enflamme-les-rencontres\/?lang=fr#primaryimage"},"image":{"@id":"https:\/\/artsnb.ca\/web\/2015\/07\/contextheatral-2015-lart-enflamme-les-rencontres\/?lang=fr#primaryimage"},"thumbnailUrl":"https:\/\/artsnb.ca\/web\/wp-content\/uploads\/2019\/09\/thumbnail.jpg","datePublished":"2015-07-13T00:00:00+00:00","dateModified":"2019-11-07T00:54:21+00:00","breadcrumb":{"@id":"https:\/\/artsnb.ca\/web\/2015\/07\/contextheatral-2015-lart-enflamme-les-rencontres\/?lang=fr#breadcrumb"},"inLanguage":"en-US","potentialAction":[{"@type":"ReadAction","target":["https:\/\/artsnb.ca\/web\/2015\/07\/contextheatral-2015-lart-enflamme-les-rencontres\/?lang=fr"]}]},{"@type":"ImageObject","inLanguage":"en-US","@id":"https:\/\/artsnb.ca\/web\/2015\/07\/contextheatral-2015-lart-enflamme-les-rencontres\/?lang=fr#primaryimage","url":"https:\/\/artsnb.ca\/web\/wp-content\/uploads\/2019\/09\/thumbnail.jpg","contentUrl":"https:\/\/artsnb.ca\/web\/wp-content\/uploads\/2019\/09\/thumbnail.jpg","width":67,"height":50},{"@type":"BreadcrumbList","@id":"https:\/\/artsnb.ca\/web\/2015\/07\/contextheatral-2015-lart-enflamme-les-rencontres\/?lang=fr#breadcrumb","itemListElement":[{"@type":"ListItem","position":1,"name":"Home","item":"https:\/\/artsnb.ca\/web\/"},{"@type":"ListItem","position":2,"name":"Blog","item":"https:\/\/artsnb.ca\/web\/category\/blog\/"},{"@type":"ListItem","position":3,"name":"Contexth\u00e9\u00e2tral 2015: L\u2019art enflamme les rencontres"}]},{"@type":"WebSite","@id":"https:\/\/artsnb.ca\/web\/#website","url":"https:\/\/artsnb.ca\/web\/","name":"ArtsNB","description":"EXCELLENCE. PROFESSIONALISM. INNOVATION.","publisher":{"@id":"https:\/\/artsnb.ca\/web\/#organization"},"potentialAction":[{"@type":"SearchAction","target":{"@type":"EntryPoint","urlTemplate":"https:\/\/artsnb.ca\/web\/?s={search_term_string}"},"query-input":{"@type":"PropertyValueSpecification","valueRequired":true,"valueName":"search_term_string"}}],"inLanguage":"en-US"},{"@type":"Organization","@id":"https:\/\/artsnb.ca\/web\/#organization","name":"ArtsNB","url":"https:\/\/artsnb.ca\/web\/","logo":{"@type":"ImageObject","inLanguage":"en-US","@id":"https:\/\/artsnb.ca\/web\/#\/schema\/logo\/image\/","url":"https:\/\/artsnb.ca\/web\/wp-content\/uploads\/2024\/04\/cropped-artsnb-PrimaryLogo-vertical-HiRes-2.jpg","contentUrl":"https:\/\/artsnb.ca\/web\/wp-content\/uploads\/2024\/04\/cropped-artsnb-PrimaryLogo-vertical-HiRes-2.jpg","width":1698,"height":1223,"caption":"ArtsNB"},"image":{"@id":"https:\/\/artsnb.ca\/web\/#\/schema\/logo\/image\/"},"sameAs":["https:\/\/www.facebook.com\/artsnb\/","https:\/\/x.com\/artsnb","https:\/\/www.instagram.com\/artsnb\/"]},{"@type":"Person","@id":"https:\/\/artsnb.ca\/web\/#\/schema\/person\/012ecc8a59328615becff4af8bf0c2b9","name":"R\u00e9anne Cooper","image":{"@type":"ImageObject","inLanguage":"en-US","@id":"https:\/\/secure.gravatar.com\/avatar\/1cb05192fe2229166d3916ce0ac0406517d29a24c32e183e81a0a810836dd14b?s=96&d=mm&r=g","url":"https:\/\/secure.gravatar.com\/avatar\/1cb05192fe2229166d3916ce0ac0406517d29a24c32e183e81a0a810836dd14b?s=96&d=mm&r=g","contentUrl":"https:\/\/secure.gravatar.com\/avatar\/1cb05192fe2229166d3916ce0ac0406517d29a24c32e183e81a0a810836dd14b?s=96&d=mm&r=g","caption":"R\u00e9anne Cooper"},"url":"https:\/\/artsnb.ca\/web\/author\/reanne\/"}]}},"_links":{"self":[{"href":"https:\/\/artsnb.ca\/web\/wp-json\/wp\/v2\/posts\/3655","targetHints":{"allow":["GET"]}}],"collection":[{"href":"https:\/\/artsnb.ca\/web\/wp-json\/wp\/v2\/posts"}],"about":[{"href":"https:\/\/artsnb.ca\/web\/wp-json\/wp\/v2\/types\/post"}],"author":[{"embeddable":true,"href":"https:\/\/artsnb.ca\/web\/wp-json\/wp\/v2\/users\/6"}],"replies":[{"embeddable":true,"href":"https:\/\/artsnb.ca\/web\/wp-json\/wp\/v2\/comments?post=3655"}],"version-history":[{"count":1,"href":"https:\/\/artsnb.ca\/web\/wp-json\/wp\/v2\/posts\/3655\/revisions"}],"predecessor-version":[{"id":4522,"href":"https:\/\/artsnb.ca\/web\/wp-json\/wp\/v2\/posts\/3655\/revisions\/4522"}],"wp:featuredmedia":[{"embeddable":true,"href":"https:\/\/artsnb.ca\/web\/wp-json\/wp\/v2\/media\/2958"}],"wp:attachment":[{"href":"https:\/\/artsnb.ca\/web\/wp-json\/wp\/v2\/media?parent=3655"}],"wp:term":[{"taxonomy":"category","embeddable":true,"href":"https:\/\/artsnb.ca\/web\/wp-json\/wp\/v2\/categories?post=3655"},{"taxonomy":"post_tag","embeddable":true,"href":"https:\/\/artsnb.ca\/web\/wp-json\/wp\/v2\/tags?post=3655"}],"curies":[{"name":"wp","href":"https:\/\/api.w.org\/{rel}","templated":true}]}}