{"id":3656,"date":"2015-08-13T00:00:00","date_gmt":"2015-08-13T00:00:00","guid":{"rendered":"https:\/\/staging-artsnb.weavercrawford.com\/ateliers-a-venir-pour-artistes-autochtones\/"},"modified":"2019-11-07T00:54:21","modified_gmt":"2019-11-07T00:54:21","slug":"ateliers-a-venir-pour-artistes-autochtones","status":"publish","type":"post","link":"https:\/\/artsnb.ca\/web\/2015\/08\/ateliers-a-venir-pour-artistes-autochtones\/?lang=fr","title":{"rendered":"Ateliers \u00e0 venir pour artistes autochtones!"},"content":{"rendered":"<h2>Ateliers \u00e0 venir pour artistes autochtones!<\/h2>\n<p><em>Natalie Sappier<\/em><\/p>\n<p>Cette ann\u00e9e pass\u00e9e nous avons voyag\u00e9s \u00e0 la Premi\u00e8re Nation de Tobique pour un atelier sur la documentation des arts avec Mark Hemmings; nous avons aussi eu la chance de visiter Metepenagiag et St Mary\u2019s avec <a href=\"http:\/\/www.aaapnb.ca\/\">AAAPNB<\/a> et <a href=\"http:\/\/artslinknb.com\/\">Artslink<\/a> o\u00f9 \u00a0nous nous sommes regroup\u00e9s dans un cercle pour partager et discuter leur voyage, leurs difficult\u00e9s, et leurs objectifs dans cette carri\u00e8re des arts. Ces rassemblements nous ont aid\u00e9s \u00e0 identifier certains types de conseils dont les artistes sont \u00e0 la recherche pour leur cheminement de carri\u00e8re, ce qui a conduit au d\u00e9veloppement de nos ateliers sur le r\u00e9seautage, les comp\u00e9tences de base en affaires, et en commercialisation avec l\u2019aide et support de partenariats formidables; <a href=\"http:\/\/www.jedinb.ca\/main.html\">JEDI<\/a>, <a href=\"http:\/\/ignitefredericton.com\/fr\/\">Allumez<\/a>, CMW (<a href=\"http:\/\/www.unb.ca\/fredericton\/education\/mmi\/\">Centre Mi\u2019kmaq-Wolastoqey<\/a>), <a href=\"http:\/\/www.stmarysfirstnation.com\/\">Premi\u00e8re Nation St. Mary\u2019s<\/a> et le <a href=\"http:\/\/www.metpark.ca\/fr\/\">Parc d\u2019H\u00e9ritage Metepenagiag<\/a>. Merci \u00e0 tous nos partenaires pour votre soutien continu des arts. Artistes, nous sommes impatients de vous voir en Automne et \u00e0 entendre parler de vos \u00e9t\u00e9s merveilleux! L\u2019inscription Eventbrite sera diffus\u00e9e bient\u00f4t par courriel \u00e9lectronique et par m\u00e9dias sociaux; veuillez me contacter pour n\u2019importe quelles autres questions.<\/p>\n<p>Natalie Sappier<br \/>\n<a href=\"mailto:nsappier@artsnb.ca\">nsappier@artsnb.ca<\/a><br \/>\n478-3751<\/p>\n<p><strong>COMP\u00c9TENCES DE R\u00c9SEAUTAGE POUR ARTISTES<a href=\"https:\/\/artsnb.ca\/web\/wp-content\/uploads\/2019\/09\/St-Marys-Pow-wow.jpg\"><img loading=\"lazy\" decoding=\"async\" class=\" size-medium wp-image-4107 alignright\" src=\"https:\/\/artsnb.ca\/web\/wp-content\/uploads\/2019\/09\/St-Marys-Pow-wow-225x300.jpg\" alt=\"St Mary's Pow-wow\" width=\"225\" height=\"300\" \/><\/a><\/strong><\/p>\n<p>Date\u00a0: 22 octobre, 2015<\/p>\n<p>\u00c0 : Fredericton<\/p>\n<p>Lieu\u00a0: B\u00e2timent Marshall D\u2019Avray (UNB) Salle 143, Auditorium Dugald Blue<\/p>\n<p>Un groupe d\u2019experts de diverses disciplines artistiques donneront chacun un bref expos\u00e9 sur la fa\u00e7on dont ils se connectent avec les autres avec leur travail, vendent leurs \u0153uvres et comment pr\u00e9senter leurs \u0153uvres. Aussi \u00e0 discuter les outils qu\u2019ils ont besoin en faisant le premier contact ou pour fixer une r\u00e9union.<\/p>\n<p><strong>BASE D\u2019AFFAIRES POUR ARTISTES<\/strong><\/p>\n<p>Date\u00a0: le 6 Novembre, 2015<\/p>\n<p>\u00c0\u00a0: Premi\u00e8re nation de St. Mary<\/p>\n<p>Lieu\u00a0: Centre Culturel de St Mary<\/p>\n<p>Facturation, les budgets, la tenue de dossiers, et un plan d\u2019affaires.<img loading=\"lazy\" decoding=\"async\" class=\" size-medium wp-image-4108 alignright\" src=\"https:\/\/artsnb.ca\/web\/wp-content\/uploads\/2019\/09\/The-Eighth-Fire-300x300.jpg\" alt=\"The Eighth Fire\" width=\"300\" height=\"300\" \/><\/p>\n<p><strong>COMMERCIALISATION POUR LES ARTISTES<\/strong><\/p>\n<p>Date\u00a0: 5 F\u00e9vrier, 2016<\/p>\n<p>\u00c0\u00a0: Metepenagiag<\/p>\n<p>Lieu\u00a0: Parc du Patrimoine Metepenagiag<\/p>\n<p>Bilan\u00a0: identifier qui vous \u00eates, ce que vous avez \u00e0 offrir, qui est la comp\u00e9tition (qui est similaire, comment \u00eates-vous diff\u00e9rent) au niveau local, national et international. Identifier les outils de marketing\u00a0: examiner vos concurrents. Quels sont les outils de marketing qu\u2019ils utilisent? Comment sont-ils efficaces? Y-a-t\u2019il des occasions qu\u2019ils manquent ou dont ils sont ignorants? Et comment \u00e9tablir une marque!<\/p>\n<p>&nbsp;<\/p>\n<p><strong>N\u2019OUBLIEZ PAS! La date limite pour la subvention du programme de renforcement des capacit\u00e9s des arts autochtones est le 15 Novembre, 2015!<\/strong><\/p>\n<p><a href=\"http:\/\/artsnb.ca\/site\/fr\/programmes\/programme-de-renforcement-des-capacites-des-arts-autochtones\/\">http:\/\/artsnb.ca\/site\/fr\/programmes\/programme-de-renforcement-des-capacites-des-arts-autochtones\/<\/a><\/p>\n","protected":false},"excerpt":{"rendered":"<p>Ateliers \u00e0 venir pour artistes autochtones! Natalie Sappier Cette ann\u00e9e pass\u00e9e nous avons voyag\u00e9s \u00e0 la Premi\u00e8re Nation de Tobique pour un atelier sur la documentation des arts avec Mark Hemmings; nous avons aussi eu la chance de visiter Metepenagiag et St Mary\u2019s avec AAAPNB et Artslink o\u00f9 \u00a0nous nous sommes regroup\u00e9s dans un cercle<\/p>\n","protected":false},"author":6,"featured_media":3020,"comment_status":"open","ping_status":"open","sticky":false,"template":"","format":"standard","meta":{"_acf_changed":false,"footnotes":""},"categories":[53],"tags":[],"class_list":["post-3656","post","type-post","status-publish","format-standard","has-post-thumbnail","hentry","category-nouvelles"],"acf":[],"yoast_head":"<!-- This site is optimized with the Yoast SEO plugin v27.5 - https:\/\/yoast.com\/product\/yoast-seo-wordpress\/ -->\n<title>Ateliers \u00e0 venir pour artistes autochtones! - ArtsNB<\/title>\n<meta name=\"robots\" content=\"index, follow, max-snippet:-1, max-image-preview:large, max-video-preview:-1\" \/>\n<link rel=\"canonical\" href=\"https:\/\/artsnb.ca\/web\/2015\/08\/ateliers-a-venir-pour-artistes-autochtones\/\" \/>\n<meta property=\"og:locale\" content=\"en_US\" \/>\n<meta property=\"og:type\" content=\"article\" \/>\n<meta property=\"og:title\" content=\"Ateliers \u00e0 venir pour artistes autochtones! - ArtsNB\" \/>\n<meta property=\"og:description\" content=\"Ateliers \u00e0 venir pour artistes autochtones! Natalie Sappier Cette ann\u00e9e pass\u00e9e nous avons voyag\u00e9s \u00e0 la Premi\u00e8re Nation de Tobique pour un atelier sur la documentation des arts avec Mark Hemmings; nous avons aussi eu la chance de visiter Metepenagiag et St Mary\u2019s avec AAAPNB et Artslink o\u00f9 \u00a0nous nous sommes regroup\u00e9s dans un cercle\" \/>\n<meta property=\"og:url\" content=\"https:\/\/artsnb.ca\/web\/2015\/08\/ateliers-a-venir-pour-artistes-autochtones\/?lang=fr\" \/>\n<meta property=\"og:site_name\" content=\"ArtsNB\" \/>\n<meta property=\"article:publisher\" content=\"https:\/\/www.facebook.com\/artsnb\/\" \/>\n<meta property=\"article:published_time\" content=\"2015-08-13T00:00:00+00:00\" \/>\n<meta property=\"article:modified_time\" content=\"2019-11-07T00:54:21+00:00\" \/>\n<meta property=\"og:image\" content=\"https:\/\/artsnb.ca\/web\/wp-content\/uploads\/2019\/09\/The-Eighth-Fire1-e1440422939406.jpg\" \/>\n\t<meta property=\"og:image:width\" content=\"60\" \/>\n\t<meta property=\"og:image:height\" content=\"60\" \/>\n\t<meta property=\"og:image:type\" content=\"image\/jpeg\" \/>\n<meta name=\"author\" content=\"R\u00e9anne Cooper\" \/>\n<meta name=\"twitter:card\" content=\"summary_large_image\" \/>\n<meta name=\"twitter:creator\" content=\"@artsnb\" \/>\n<meta name=\"twitter:site\" content=\"@artsnb\" \/>\n<meta name=\"twitter:label1\" content=\"Written by\" \/>\n\t<meta name=\"twitter:data1\" content=\"R\u00e9anne Cooper\" \/>\n\t<meta name=\"twitter:label2\" content=\"Est. reading time\" \/>\n\t<meta name=\"twitter:data2\" content=\"2 minutes\" \/>\n<script type=\"application\/ld+json\" class=\"yoast-schema-graph\">{\"@context\":\"https:\\\/\\\/schema.org\",\"@graph\":[{\"@type\":\"Article\",\"@id\":\"https:\\\/\\\/artsnb.ca\\\/web\\\/2015\\\/08\\\/ateliers-a-venir-pour-artistes-autochtones\\\/?lang=fr#article\",\"isPartOf\":{\"@id\":\"https:\\\/\\\/artsnb.ca\\\/web\\\/2015\\\/08\\\/ateliers-a-venir-pour-artistes-autochtones\\\/?lang=fr\"},\"author\":{\"name\":\"R\u00e9anne Cooper\",\"@id\":\"https:\\\/\\\/artsnb.ca\\\/web\\\/#\\\/schema\\\/person\\\/012ecc8a59328615becff4af8bf0c2b9\"},\"headline\":\"Ateliers \u00e0 venir pour artistes autochtones!\",\"datePublished\":\"2015-08-13T00:00:00+00:00\",\"dateModified\":\"2019-11-07T00:54:21+00:00\",\"mainEntityOfPage\":{\"@id\":\"https:\\\/\\\/artsnb.ca\\\/web\\\/2015\\\/08\\\/ateliers-a-venir-pour-artistes-autochtones\\\/?lang=fr\"},\"wordCount\":430,\"commentCount\":0,\"publisher\":{\"@id\":\"https:\\\/\\\/artsnb.ca\\\/web\\\/#organization\"},\"image\":{\"@id\":\"https:\\\/\\\/artsnb.ca\\\/web\\\/2015\\\/08\\\/ateliers-a-venir-pour-artistes-autochtones\\\/?lang=fr#primaryimage\"},\"thumbnailUrl\":\"https:\\\/\\\/artsnb.ca\\\/web\\\/wp-content\\\/uploads\\\/2019\\\/09\\\/The-Eighth-Fire1-e1440422939406.jpg\",\"articleSection\":[\"Toutes les Nouvelles\"],\"inLanguage\":\"en-US\",\"potentialAction\":[{\"@type\":\"CommentAction\",\"name\":\"Comment\",\"target\":[\"https:\\\/\\\/artsnb.ca\\\/web\\\/2015\\\/08\\\/ateliers-a-venir-pour-artistes-autochtones\\\/?lang=fr#respond\"]}]},{\"@type\":\"WebPage\",\"@id\":\"https:\\\/\\\/artsnb.ca\\\/web\\\/2015\\\/08\\\/ateliers-a-venir-pour-artistes-autochtones\\\/?lang=fr\",\"url\":\"https:\\\/\\\/artsnb.ca\\\/web\\\/2015\\\/08\\\/ateliers-a-venir-pour-artistes-autochtones\\\/?lang=fr\",\"name\":\"Ateliers \u00e0 venir pour artistes autochtones! - ArtsNB\",\"isPartOf\":{\"@id\":\"https:\\\/\\\/artsnb.ca\\\/web\\\/#website\"},\"primaryImageOfPage\":{\"@id\":\"https:\\\/\\\/artsnb.ca\\\/web\\\/2015\\\/08\\\/ateliers-a-venir-pour-artistes-autochtones\\\/?lang=fr#primaryimage\"},\"image\":{\"@id\":\"https:\\\/\\\/artsnb.ca\\\/web\\\/2015\\\/08\\\/ateliers-a-venir-pour-artistes-autochtones\\\/?lang=fr#primaryimage\"},\"thumbnailUrl\":\"https:\\\/\\\/artsnb.ca\\\/web\\\/wp-content\\\/uploads\\\/2019\\\/09\\\/The-Eighth-Fire1-e1440422939406.jpg\",\"datePublished\":\"2015-08-13T00:00:00+00:00\",\"dateModified\":\"2019-11-07T00:54:21+00:00\",\"breadcrumb\":{\"@id\":\"https:\\\/\\\/artsnb.ca\\\/web\\\/2015\\\/08\\\/ateliers-a-venir-pour-artistes-autochtones\\\/?lang=fr#breadcrumb\"},\"inLanguage\":\"en-US\",\"potentialAction\":[{\"@type\":\"ReadAction\",\"target\":[\"https:\\\/\\\/artsnb.ca\\\/web\\\/2015\\\/08\\\/ateliers-a-venir-pour-artistes-autochtones\\\/?lang=fr\"]}]},{\"@type\":\"ImageObject\",\"inLanguage\":\"en-US\",\"@id\":\"https:\\\/\\\/artsnb.ca\\\/web\\\/2015\\\/08\\\/ateliers-a-venir-pour-artistes-autochtones\\\/?lang=fr#primaryimage\",\"url\":\"https:\\\/\\\/artsnb.ca\\\/web\\\/wp-content\\\/uploads\\\/2019\\\/09\\\/The-Eighth-Fire1-e1440422939406.jpg\",\"contentUrl\":\"https:\\\/\\\/artsnb.ca\\\/web\\\/wp-content\\\/uploads\\\/2019\\\/09\\\/The-Eighth-Fire1-e1440422939406.jpg\",\"width\":60,\"height\":60},{\"@type\":\"BreadcrumbList\",\"@id\":\"https:\\\/\\\/artsnb.ca\\\/web\\\/2015\\\/08\\\/ateliers-a-venir-pour-artistes-autochtones\\\/?lang=fr#breadcrumb\",\"itemListElement\":[{\"@type\":\"ListItem\",\"position\":1,\"name\":\"Home\",\"item\":\"https:\\\/\\\/artsnb.ca\\\/web\\\/\"},{\"@type\":\"ListItem\",\"position\":2,\"name\":\"All News\",\"item\":\"https:\\\/\\\/artsnb.ca\\\/web\\\/category\\\/news\\\/\"},{\"@type\":\"ListItem\",\"position\":3,\"name\":\"Ateliers \u00e0 venir pour artistes autochtones!\"}]},{\"@type\":\"WebSite\",\"@id\":\"https:\\\/\\\/artsnb.ca\\\/web\\\/#website\",\"url\":\"https:\\\/\\\/artsnb.ca\\\/web\\\/\",\"name\":\"ArtsNB\",\"description\":\"EXCELLENCE. PROFESSIONALISM. INNOVATION.\",\"publisher\":{\"@id\":\"https:\\\/\\\/artsnb.ca\\\/web\\\/#organization\"},\"potentialAction\":[{\"@type\":\"SearchAction\",\"target\":{\"@type\":\"EntryPoint\",\"urlTemplate\":\"https:\\\/\\\/artsnb.ca\\\/web\\\/?s={search_term_string}\"},\"query-input\":{\"@type\":\"PropertyValueSpecification\",\"valueRequired\":true,\"valueName\":\"search_term_string\"}}],\"inLanguage\":\"en-US\"},{\"@type\":\"Organization\",\"@id\":\"https:\\\/\\\/artsnb.ca\\\/web\\\/#organization\",\"name\":\"ArtsNB\",\"url\":\"https:\\\/\\\/artsnb.ca\\\/web\\\/\",\"logo\":{\"@type\":\"ImageObject\",\"inLanguage\":\"en-US\",\"@id\":\"https:\\\/\\\/artsnb.ca\\\/web\\\/#\\\/schema\\\/logo\\\/image\\\/\",\"url\":\"https:\\\/\\\/artsnb.ca\\\/web\\\/wp-content\\\/uploads\\\/2024\\\/04\\\/cropped-artsnb-PrimaryLogo-vertical-HiRes-2.jpg\",\"contentUrl\":\"https:\\\/\\\/artsnb.ca\\\/web\\\/wp-content\\\/uploads\\\/2024\\\/04\\\/cropped-artsnb-PrimaryLogo-vertical-HiRes-2.jpg\",\"width\":1698,\"height\":1223,\"caption\":\"ArtsNB\"},\"image\":{\"@id\":\"https:\\\/\\\/artsnb.ca\\\/web\\\/#\\\/schema\\\/logo\\\/image\\\/\"},\"sameAs\":[\"https:\\\/\\\/www.facebook.com\\\/artsnb\\\/\",\"https:\\\/\\\/x.com\\\/artsnb\",\"https:\\\/\\\/www.instagram.com\\\/artsnb\\\/\"]},{\"@type\":\"Person\",\"@id\":\"https:\\\/\\\/artsnb.ca\\\/web\\\/#\\\/schema\\\/person\\\/012ecc8a59328615becff4af8bf0c2b9\",\"name\":\"R\u00e9anne Cooper\",\"image\":{\"@type\":\"ImageObject\",\"inLanguage\":\"en-US\",\"@id\":\"https:\\\/\\\/secure.gravatar.com\\\/avatar\\\/1cb05192fe2229166d3916ce0ac0406517d29a24c32e183e81a0a810836dd14b?s=96&d=mm&r=g\",\"url\":\"https:\\\/\\\/secure.gravatar.com\\\/avatar\\\/1cb05192fe2229166d3916ce0ac0406517d29a24c32e183e81a0a810836dd14b?s=96&d=mm&r=g\",\"contentUrl\":\"https:\\\/\\\/secure.gravatar.com\\\/avatar\\\/1cb05192fe2229166d3916ce0ac0406517d29a24c32e183e81a0a810836dd14b?s=96&d=mm&r=g\",\"caption\":\"R\u00e9anne Cooper\"},\"url\":\"https:\\\/\\\/artsnb.ca\\\/web\\\/author\\\/reanne\\\/\"}]}<\/script>\n<!-- \/ Yoast SEO plugin. -->","yoast_head_json":{"title":"Ateliers \u00e0 venir pour artistes autochtones! - ArtsNB","robots":{"index":"index","follow":"follow","max-snippet":"max-snippet:-1","max-image-preview":"max-image-preview:large","max-video-preview":"max-video-preview:-1"},"canonical":"https:\/\/artsnb.ca\/web\/2015\/08\/ateliers-a-venir-pour-artistes-autochtones\/","og_locale":"en_US","og_type":"article","og_title":"Ateliers \u00e0 venir pour artistes autochtones! - ArtsNB","og_description":"Ateliers \u00e0 venir pour artistes autochtones! Natalie Sappier Cette ann\u00e9e pass\u00e9e nous avons voyag\u00e9s \u00e0 la Premi\u00e8re Nation de Tobique pour un atelier sur la documentation des arts avec Mark Hemmings; nous avons aussi eu la chance de visiter Metepenagiag et St Mary\u2019s avec AAAPNB et Artslink o\u00f9 \u00a0nous nous sommes regroup\u00e9s dans un cercle","og_url":"https:\/\/artsnb.ca\/web\/2015\/08\/ateliers-a-venir-pour-artistes-autochtones\/?lang=fr","og_site_name":"ArtsNB","article_publisher":"https:\/\/www.facebook.com\/artsnb\/","article_published_time":"2015-08-13T00:00:00+00:00","article_modified_time":"2019-11-07T00:54:21+00:00","og_image":[{"width":60,"height":60,"url":"https:\/\/artsnb.ca\/web\/wp-content\/uploads\/2019\/09\/The-Eighth-Fire1-e1440422939406.jpg","type":"image\/jpeg"}],"author":"R\u00e9anne Cooper","twitter_card":"summary_large_image","twitter_creator":"@artsnb","twitter_site":"@artsnb","twitter_misc":{"Written by":"R\u00e9anne Cooper","Est. reading time":"2 minutes"},"schema":{"@context":"https:\/\/schema.org","@graph":[{"@type":"Article","@id":"https:\/\/artsnb.ca\/web\/2015\/08\/ateliers-a-venir-pour-artistes-autochtones\/?lang=fr#article","isPartOf":{"@id":"https:\/\/artsnb.ca\/web\/2015\/08\/ateliers-a-venir-pour-artistes-autochtones\/?lang=fr"},"author":{"name":"R\u00e9anne Cooper","@id":"https:\/\/artsnb.ca\/web\/#\/schema\/person\/012ecc8a59328615becff4af8bf0c2b9"},"headline":"Ateliers \u00e0 venir pour artistes autochtones!","datePublished":"2015-08-13T00:00:00+00:00","dateModified":"2019-11-07T00:54:21+00:00","mainEntityOfPage":{"@id":"https:\/\/artsnb.ca\/web\/2015\/08\/ateliers-a-venir-pour-artistes-autochtones\/?lang=fr"},"wordCount":430,"commentCount":0,"publisher":{"@id":"https:\/\/artsnb.ca\/web\/#organization"},"image":{"@id":"https:\/\/artsnb.ca\/web\/2015\/08\/ateliers-a-venir-pour-artistes-autochtones\/?lang=fr#primaryimage"},"thumbnailUrl":"https:\/\/artsnb.ca\/web\/wp-content\/uploads\/2019\/09\/The-Eighth-Fire1-e1440422939406.jpg","articleSection":["Toutes les Nouvelles"],"inLanguage":"en-US","potentialAction":[{"@type":"CommentAction","name":"Comment","target":["https:\/\/artsnb.ca\/web\/2015\/08\/ateliers-a-venir-pour-artistes-autochtones\/?lang=fr#respond"]}]},{"@type":"WebPage","@id":"https:\/\/artsnb.ca\/web\/2015\/08\/ateliers-a-venir-pour-artistes-autochtones\/?lang=fr","url":"https:\/\/artsnb.ca\/web\/2015\/08\/ateliers-a-venir-pour-artistes-autochtones\/?lang=fr","name":"Ateliers \u00e0 venir pour artistes autochtones! - ArtsNB","isPartOf":{"@id":"https:\/\/artsnb.ca\/web\/#website"},"primaryImageOfPage":{"@id":"https:\/\/artsnb.ca\/web\/2015\/08\/ateliers-a-venir-pour-artistes-autochtones\/?lang=fr#primaryimage"},"image":{"@id":"https:\/\/artsnb.ca\/web\/2015\/08\/ateliers-a-venir-pour-artistes-autochtones\/?lang=fr#primaryimage"},"thumbnailUrl":"https:\/\/artsnb.ca\/web\/wp-content\/uploads\/2019\/09\/The-Eighth-Fire1-e1440422939406.jpg","datePublished":"2015-08-13T00:00:00+00:00","dateModified":"2019-11-07T00:54:21+00:00","breadcrumb":{"@id":"https:\/\/artsnb.ca\/web\/2015\/08\/ateliers-a-venir-pour-artistes-autochtones\/?lang=fr#breadcrumb"},"inLanguage":"en-US","potentialAction":[{"@type":"ReadAction","target":["https:\/\/artsnb.ca\/web\/2015\/08\/ateliers-a-venir-pour-artistes-autochtones\/?lang=fr"]}]},{"@type":"ImageObject","inLanguage":"en-US","@id":"https:\/\/artsnb.ca\/web\/2015\/08\/ateliers-a-venir-pour-artistes-autochtones\/?lang=fr#primaryimage","url":"https:\/\/artsnb.ca\/web\/wp-content\/uploads\/2019\/09\/The-Eighth-Fire1-e1440422939406.jpg","contentUrl":"https:\/\/artsnb.ca\/web\/wp-content\/uploads\/2019\/09\/The-Eighth-Fire1-e1440422939406.jpg","width":60,"height":60},{"@type":"BreadcrumbList","@id":"https:\/\/artsnb.ca\/web\/2015\/08\/ateliers-a-venir-pour-artistes-autochtones\/?lang=fr#breadcrumb","itemListElement":[{"@type":"ListItem","position":1,"name":"Home","item":"https:\/\/artsnb.ca\/web\/"},{"@type":"ListItem","position":2,"name":"All News","item":"https:\/\/artsnb.ca\/web\/category\/news\/"},{"@type":"ListItem","position":3,"name":"Ateliers \u00e0 venir pour artistes autochtones!"}]},{"@type":"WebSite","@id":"https:\/\/artsnb.ca\/web\/#website","url":"https:\/\/artsnb.ca\/web\/","name":"ArtsNB","description":"EXCELLENCE. PROFESSIONALISM. INNOVATION.","publisher":{"@id":"https:\/\/artsnb.ca\/web\/#organization"},"potentialAction":[{"@type":"SearchAction","target":{"@type":"EntryPoint","urlTemplate":"https:\/\/artsnb.ca\/web\/?s={search_term_string}"},"query-input":{"@type":"PropertyValueSpecification","valueRequired":true,"valueName":"search_term_string"}}],"inLanguage":"en-US"},{"@type":"Organization","@id":"https:\/\/artsnb.ca\/web\/#organization","name":"ArtsNB","url":"https:\/\/artsnb.ca\/web\/","logo":{"@type":"ImageObject","inLanguage":"en-US","@id":"https:\/\/artsnb.ca\/web\/#\/schema\/logo\/image\/","url":"https:\/\/artsnb.ca\/web\/wp-content\/uploads\/2024\/04\/cropped-artsnb-PrimaryLogo-vertical-HiRes-2.jpg","contentUrl":"https:\/\/artsnb.ca\/web\/wp-content\/uploads\/2024\/04\/cropped-artsnb-PrimaryLogo-vertical-HiRes-2.jpg","width":1698,"height":1223,"caption":"ArtsNB"},"image":{"@id":"https:\/\/artsnb.ca\/web\/#\/schema\/logo\/image\/"},"sameAs":["https:\/\/www.facebook.com\/artsnb\/","https:\/\/x.com\/artsnb","https:\/\/www.instagram.com\/artsnb\/"]},{"@type":"Person","@id":"https:\/\/artsnb.ca\/web\/#\/schema\/person\/012ecc8a59328615becff4af8bf0c2b9","name":"R\u00e9anne Cooper","image":{"@type":"ImageObject","inLanguage":"en-US","@id":"https:\/\/secure.gravatar.com\/avatar\/1cb05192fe2229166d3916ce0ac0406517d29a24c32e183e81a0a810836dd14b?s=96&d=mm&r=g","url":"https:\/\/secure.gravatar.com\/avatar\/1cb05192fe2229166d3916ce0ac0406517d29a24c32e183e81a0a810836dd14b?s=96&d=mm&r=g","contentUrl":"https:\/\/secure.gravatar.com\/avatar\/1cb05192fe2229166d3916ce0ac0406517d29a24c32e183e81a0a810836dd14b?s=96&d=mm&r=g","caption":"R\u00e9anne Cooper"},"url":"https:\/\/artsnb.ca\/web\/author\/reanne\/"}]}},"_links":{"self":[{"href":"https:\/\/artsnb.ca\/web\/wp-json\/wp\/v2\/posts\/3656","targetHints":{"allow":["GET"]}}],"collection":[{"href":"https:\/\/artsnb.ca\/web\/wp-json\/wp\/v2\/posts"}],"about":[{"href":"https:\/\/artsnb.ca\/web\/wp-json\/wp\/v2\/types\/post"}],"author":[{"embeddable":true,"href":"https:\/\/artsnb.ca\/web\/wp-json\/wp\/v2\/users\/6"}],"replies":[{"embeddable":true,"href":"https:\/\/artsnb.ca\/web\/wp-json\/wp\/v2\/comments?post=3656"}],"version-history":[{"count":1,"href":"https:\/\/artsnb.ca\/web\/wp-json\/wp\/v2\/posts\/3656\/revisions"}],"predecessor-version":[{"id":4519,"href":"https:\/\/artsnb.ca\/web\/wp-json\/wp\/v2\/posts\/3656\/revisions\/4519"}],"wp:featuredmedia":[{"embeddable":true,"href":"https:\/\/artsnb.ca\/web\/wp-json\/wp\/v2\/media\/3020"}],"wp:attachment":[{"href":"https:\/\/artsnb.ca\/web\/wp-json\/wp\/v2\/media?parent=3656"}],"wp:term":[{"taxonomy":"category","embeddable":true,"href":"https:\/\/artsnb.ca\/web\/wp-json\/wp\/v2\/categories?post=3656"},{"taxonomy":"post_tag","embeddable":true,"href":"https:\/\/artsnb.ca\/web\/wp-json\/wp\/v2\/tags?post=3656"}],"curies":[{"name":"wp","href":"https:\/\/api.w.org\/{rel}","templated":true}]}}