{"id":3662,"date":"2015-09-30T00:00:00","date_gmt":"2015-09-30T00:00:00","guid":{"rendered":"https:\/\/staging-artsnb.weavercrawford.com\/artiste-en-residence-sackville-accueille-cleo-palacio-quintin\/"},"modified":"2019-11-07T00:54:20","modified_gmt":"2019-11-07T00:54:20","slug":"artiste-en-residence-sackville-accueille-cleo-palacio-quintin","status":"publish","type":"post","link":"https:\/\/artsnb.ca\/web\/2015\/09\/artiste-en-residence-sackville-accueille-cleo-palacio-quintin\/?lang=fr","title":{"rendered":"Artiste en r\u00e9sidence \u2013 Sackville accueille Cl\u00e9o Palacio-Quintin"},"content":{"rendered":"<p><strong>Artiste en r\u00e9sidence \u2013 Sackville accueille Cl\u00e9o Palacio-Quintin<\/strong><\/p>\n<p><em>Par Karin Aurell<\/em><\/p>\n<p>Cet \u00e9t\u00e9 pass\u00e9 nous avions eu le plaisir d\u2019accueillir \u00e0 Sackville pour un mois entier l&#8217;interpr\u00e8te, compositrice, et experte en improvisation Cl\u00e9o Palacio-Quintin, gr\u00e2ce \u00e0 une bourse d\u2019artsnb et le CALQ. Je suis une organisatrice des \u00e9v\u00e9nements musicaux pour le festival OK.Quoi?! et Cl\u00e9o \u00e9tait notre artiste en r\u00e9sidence pour le festival, nous offrant deux concerts et un atelier de discussion pendant le festival de 5 jours. Avant cela, Cl\u00e9o faisait beaucoup de programmation informatique \u2013 elle travaille avec l\u2019\u00e9lectronique en temps r\u00e9el qui est d\u00e9clench\u00e9e par ses propres mouvements ou des sons de sa fl\u00fbte; c\u2019est \u00e9tonnant. Elle collectionnait aussi des sons enregistr\u00e9s et des photos que nous avions utilis\u00e9s dans notre concert final. Mais demeurant avec moi comme souvenir imp\u00e9rissable de son temps \u00e0 Sackville \u00a0sont les s\u00e9ances hebdomadaires d\u2019improvisation libre qu\u2019elle a dirig\u00e9e pendant qu\u2019elle \u00e9tait \u00e0 ici.<\/p>\n<figure id=\"attachment_4211\" aria-describedby=\"caption-attachment-4211\" style=\"width: 300px\" class=\"wp-caption alignright\"><a href=\"https:\/\/artsnb.ca\/web\/wp-content\/uploads\/2019\/09\/strutts.jpg\"><img loading=\"lazy\" decoding=\"async\" class=\"size-medium wp-image-4211\" src=\"https:\/\/artsnb.ca\/web\/wp-content\/uploads\/2019\/09\/strutts-300x225.jpg\" alt=\"Galerie Struts\" width=\"300\" height=\"225\" \/><\/a><figcaption id=\"caption-attachment-4211\" class=\"wp-caption-text\">Galerie Struts<\/figcaption><\/figure>\n<p>Pour cinq mardis cons\u00e9cutifs, Cl\u00e9o nous a dirig\u00e9 \u00e0 travers un large \u00e9ventail d\u2019exercices visant \u00e0 nous faire de meilleurs improvisateurs. Elle nous a pos\u00e9 le d\u00e9fi de penser \u00e0 des mots descriptifs et de les donner vie avec nos instruments. Un de mes exercices pr\u00e9f\u00e9r\u00e9s nous trouva \u00e0 concentrer sur le mot \u00ab\u00a0froid\u00a0\u00bb lors d\u2019une soir\u00e9e particuli\u00e8rement chaude! Elle avait une large collection de photos qu\u2019elle a projet\u00e9es et que nous avons aussi utilis\u00e9es pour inspirer nos improvisations de groupe. Elle nous lan\u00e7a le d\u00e9fi de faire des improvisations individuelles de 30-secondes et de 1 minute de dur\u00e9e. Nous avons aussi travaill\u00e9 sur de l\u2019impro structur\u00e9e, utilisant une vari\u00e9t\u00e9 de partitions al\u00e9atoires qu\u2019elle nous a apport\u00e9.<\/p>\n<p>Les sessions \u00e9taient ouvertes \u00e0 toutes personnes de tous niveaux, et nul n\u2019\u00e9tait oblig\u00e9 de participer \u00e0 plusieurs reprises. Au cours de cinq semaines, nous avons accueillis deux chanteurs, cinq fl\u00fbtistes, deux joueurs de clarinette, une trompette, une vari\u00e9t\u00e9 d\u2019instruments \u00e0 cordes et un artiste visuel. Cependant, ils n\u2019\u00e9taient jamais tous pr\u00e9sents en m\u00eame temps, ce qui \u00e9tait probablement bien car l\u2019improvisation dans un gros groupe peut \u00eatre tr\u00e8s difficile.<\/p>\n<p>Pour nos trois premi\u00e8res sessions, nous avons employ\u00e9 une salle au conservatoire de musique \u00e0 Mount Allison. Ma session pr\u00e9f\u00e9r\u00e9e, par contre, \u00e9tait la quatri\u00e8me, qui prit place dans notre espace lou\u00e9 au 25 rue Lorne, un grand espace de vitrine d\u00e9labr\u00e9 o\u00f9 nous avons tenu tous les \u00e9v\u00e9nements musicaux pendant OK.Quoi?! On y \u00e9tait seulement trois ce jour-l\u00e0, et \u00e0 mon avis nous avons r\u00e9ussi \u00e0 cr\u00e9er de la musique v\u00e9ritablement belle. J\u2019ai fait beaucoup d\u2019improvisation dans ma carri\u00e8re musicale, mais c\u2019\u00e9tait une des premi\u00e8res fois que j\u2019\u00e9tais v\u00e9ritablement contente du r\u00e9sultat.<\/p>\n<p>Les sessions s\u2019achev\u00e8rent avec un concert le 31 juillet, la derni\u00e8re journ\u00e9e du festival OK.Quoi?! et aussi le d\u00e9but du magnifique festival genre \u00ab\u00a0indie-rock\u00a0\u00bb de Sackville, Sappy Fest. Encore, nous avons cr\u00e9\u00e9 de tr\u00e8s belles compositions, et ce f\u00fbt une exp\u00e9rience superbe pour tous les participants autant que pour le public.<\/p>\n<p>Je suis tellement contente que la bourse d\u2019artsnb\/CALQ a rendu ce temps \u00e0 Sackville possible pour Cl\u00e9o. Merci \u00e0 tout le monde \u00e0 artsnb!<\/p>\n<p><a href=\"https:\/\/artsnb.ca\/web\/wp-content\/uploads\/2019\/09\/OKQUIO_Web_2015_2.jpg\"><img loading=\"lazy\" decoding=\"async\" class=\"size-medium wp-image-4212 aligncenter\" src=\"https:\/\/artsnb.ca\/web\/wp-content\/uploads\/2019\/09\/OKQUIO_Web_2015_2-300x300.jpg\" alt=\"OKQUIO_Web_2015_2\" width=\"300\" height=\"300\" \/><\/a><\/p>\n","protected":false},"excerpt":{"rendered":"<p>Artiste en r\u00e9sidence \u2013 Sackville accueille Cl\u00e9o Palacio-Quintin Par Karin Aurell Cet \u00e9t\u00e9 pass\u00e9 nous avions eu le plaisir d\u2019accueillir \u00e0 Sackville pour un mois entier l&#8217;interpr\u00e8te, compositrice, et experte en improvisation Cl\u00e9o Palacio-Quintin, gr\u00e2ce \u00e0 une bourse d\u2019artsnb et le CALQ. Je suis une organisatrice des \u00e9v\u00e9nements musicaux pour le festival OK.Quoi?! et Cl\u00e9o<\/p>\n","protected":false},"author":6,"featured_media":3074,"comment_status":"open","ping_status":"open","sticky":false,"template":"","format":"standard","meta":{"_acf_changed":false,"footnotes":""},"categories":[87],"tags":[],"class_list":["post-3662","post","type-post","status-publish","format-standard","has-post-thumbnail","hentry","category-blogue"],"acf":[],"yoast_head":"<!-- This site is optimized with the Yoast SEO plugin v27.5 - https:\/\/yoast.com\/product\/yoast-seo-wordpress\/ -->\n<title>Artiste en r\u00e9sidence \u2013 Sackville accueille Cl\u00e9o Palacio-Quintin - ArtsNB<\/title>\n<meta name=\"robots\" content=\"index, follow, max-snippet:-1, max-image-preview:large, max-video-preview:-1\" \/>\n<link rel=\"canonical\" href=\"https:\/\/artsnb.ca\/web\/2015\/09\/artiste-en-residence-sackville-accueille-cleo-palacio-quintin\/\" \/>\n<meta property=\"og:locale\" content=\"en_US\" \/>\n<meta property=\"og:type\" content=\"article\" \/>\n<meta property=\"og:title\" content=\"Artiste en r\u00e9sidence \u2013 Sackville accueille Cl\u00e9o Palacio-Quintin - ArtsNB\" \/>\n<meta property=\"og:description\" content=\"Artiste en r\u00e9sidence \u2013 Sackville accueille Cl\u00e9o Palacio-Quintin Par Karin Aurell Cet \u00e9t\u00e9 pass\u00e9 nous avions eu le plaisir d\u2019accueillir \u00e0 Sackville pour un mois entier l&#8217;interpr\u00e8te, compositrice, et experte en improvisation Cl\u00e9o Palacio-Quintin, gr\u00e2ce \u00e0 une bourse d\u2019artsnb et le CALQ. Je suis une organisatrice des \u00e9v\u00e9nements musicaux pour le festival OK.Quoi?! et Cl\u00e9o\" \/>\n<meta property=\"og:url\" content=\"https:\/\/artsnb.ca\/web\/2015\/09\/artiste-en-residence-sackville-accueille-cleo-palacio-quintin\/?lang=fr\" \/>\n<meta property=\"og:site_name\" content=\"ArtsNB\" \/>\n<meta property=\"article:publisher\" content=\"https:\/\/www.facebook.com\/artsnb\/\" \/>\n<meta property=\"article:published_time\" content=\"2015-09-30T00:00:00+00:00\" \/>\n<meta property=\"article:modified_time\" content=\"2019-11-07T00:54:20+00:00\" \/>\n<meta property=\"og:image\" content=\"https:\/\/artsnb.ca\/web\/wp-content\/uploads\/2019\/09\/strutts-e1443554849742.jpg\" \/>\n\t<meta property=\"og:image:width\" content=\"65\" \/>\n\t<meta property=\"og:image:height\" content=\"49\" \/>\n\t<meta property=\"og:image:type\" content=\"image\/jpeg\" \/>\n<meta name=\"author\" content=\"R\u00e9anne Cooper\" \/>\n<meta name=\"twitter:card\" content=\"summary_large_image\" \/>\n<meta name=\"twitter:creator\" content=\"@artsnb\" \/>\n<meta name=\"twitter:site\" content=\"@artsnb\" \/>\n<meta name=\"twitter:label1\" content=\"Written by\" \/>\n\t<meta name=\"twitter:data1\" content=\"R\u00e9anne Cooper\" \/>\n\t<meta name=\"twitter:label2\" content=\"Est. reading time\" \/>\n\t<meta name=\"twitter:data2\" content=\"3 minutes\" \/>\n<script type=\"application\/ld+json\" class=\"yoast-schema-graph\">{\"@context\":\"https:\\\/\\\/schema.org\",\"@graph\":[{\"@type\":\"Article\",\"@id\":\"https:\\\/\\\/artsnb.ca\\\/web\\\/2015\\\/09\\\/artiste-en-residence-sackville-accueille-cleo-palacio-quintin\\\/?lang=fr#article\",\"isPartOf\":{\"@id\":\"https:\\\/\\\/artsnb.ca\\\/web\\\/2015\\\/09\\\/artiste-en-residence-sackville-accueille-cleo-palacio-quintin\\\/?lang=fr\"},\"author\":{\"name\":\"R\u00e9anne Cooper\",\"@id\":\"https:\\\/\\\/artsnb.ca\\\/web\\\/#\\\/schema\\\/person\\\/012ecc8a59328615becff4af8bf0c2b9\"},\"headline\":\"Artiste en r\u00e9sidence \u2013 Sackville accueille Cl\u00e9o Palacio-Quintin\",\"datePublished\":\"2015-09-30T00:00:00+00:00\",\"dateModified\":\"2019-11-07T00:54:20+00:00\",\"mainEntityOfPage\":{\"@id\":\"https:\\\/\\\/artsnb.ca\\\/web\\\/2015\\\/09\\\/artiste-en-residence-sackville-accueille-cleo-palacio-quintin\\\/?lang=fr\"},\"wordCount\":590,\"commentCount\":0,\"publisher\":{\"@id\":\"https:\\\/\\\/artsnb.ca\\\/web\\\/#organization\"},\"image\":{\"@id\":\"https:\\\/\\\/artsnb.ca\\\/web\\\/2015\\\/09\\\/artiste-en-residence-sackville-accueille-cleo-palacio-quintin\\\/?lang=fr#primaryimage\"},\"thumbnailUrl\":\"https:\\\/\\\/artsnb.ca\\\/web\\\/wp-content\\\/uploads\\\/2019\\\/09\\\/strutts-e1443554849742.jpg\",\"articleSection\":[\"Blogue\"],\"inLanguage\":\"en-US\",\"potentialAction\":[{\"@type\":\"CommentAction\",\"name\":\"Comment\",\"target\":[\"https:\\\/\\\/artsnb.ca\\\/web\\\/2015\\\/09\\\/artiste-en-residence-sackville-accueille-cleo-palacio-quintin\\\/?lang=fr#respond\"]}]},{\"@type\":\"WebPage\",\"@id\":\"https:\\\/\\\/artsnb.ca\\\/web\\\/2015\\\/09\\\/artiste-en-residence-sackville-accueille-cleo-palacio-quintin\\\/?lang=fr\",\"url\":\"https:\\\/\\\/artsnb.ca\\\/web\\\/2015\\\/09\\\/artiste-en-residence-sackville-accueille-cleo-palacio-quintin\\\/?lang=fr\",\"name\":\"Artiste en r\u00e9sidence \u2013 Sackville accueille Cl\u00e9o Palacio-Quintin - ArtsNB\",\"isPartOf\":{\"@id\":\"https:\\\/\\\/artsnb.ca\\\/web\\\/#website\"},\"primaryImageOfPage\":{\"@id\":\"https:\\\/\\\/artsnb.ca\\\/web\\\/2015\\\/09\\\/artiste-en-residence-sackville-accueille-cleo-palacio-quintin\\\/?lang=fr#primaryimage\"},\"image\":{\"@id\":\"https:\\\/\\\/artsnb.ca\\\/web\\\/2015\\\/09\\\/artiste-en-residence-sackville-accueille-cleo-palacio-quintin\\\/?lang=fr#primaryimage\"},\"thumbnailUrl\":\"https:\\\/\\\/artsnb.ca\\\/web\\\/wp-content\\\/uploads\\\/2019\\\/09\\\/strutts-e1443554849742.jpg\",\"datePublished\":\"2015-09-30T00:00:00+00:00\",\"dateModified\":\"2019-11-07T00:54:20+00:00\",\"breadcrumb\":{\"@id\":\"https:\\\/\\\/artsnb.ca\\\/web\\\/2015\\\/09\\\/artiste-en-residence-sackville-accueille-cleo-palacio-quintin\\\/?lang=fr#breadcrumb\"},\"inLanguage\":\"en-US\",\"potentialAction\":[{\"@type\":\"ReadAction\",\"target\":[\"https:\\\/\\\/artsnb.ca\\\/web\\\/2015\\\/09\\\/artiste-en-residence-sackville-accueille-cleo-palacio-quintin\\\/?lang=fr\"]}]},{\"@type\":\"ImageObject\",\"inLanguage\":\"en-US\",\"@id\":\"https:\\\/\\\/artsnb.ca\\\/web\\\/2015\\\/09\\\/artiste-en-residence-sackville-accueille-cleo-palacio-quintin\\\/?lang=fr#primaryimage\",\"url\":\"https:\\\/\\\/artsnb.ca\\\/web\\\/wp-content\\\/uploads\\\/2019\\\/09\\\/strutts-e1443554849742.jpg\",\"contentUrl\":\"https:\\\/\\\/artsnb.ca\\\/web\\\/wp-content\\\/uploads\\\/2019\\\/09\\\/strutts-e1443554849742.jpg\",\"width\":65,\"height\":49,\"caption\":\"Galerie Struts\"},{\"@type\":\"BreadcrumbList\",\"@id\":\"https:\\\/\\\/artsnb.ca\\\/web\\\/2015\\\/09\\\/artiste-en-residence-sackville-accueille-cleo-palacio-quintin\\\/?lang=fr#breadcrumb\",\"itemListElement\":[{\"@type\":\"ListItem\",\"position\":1,\"name\":\"Home\",\"item\":\"https:\\\/\\\/artsnb.ca\\\/web\\\/\"},{\"@type\":\"ListItem\",\"position\":2,\"name\":\"Blog\",\"item\":\"https:\\\/\\\/artsnb.ca\\\/web\\\/category\\\/blog\\\/\"},{\"@type\":\"ListItem\",\"position\":3,\"name\":\"Artiste en r\u00e9sidence \u2013 Sackville accueille Cl\u00e9o Palacio-Quintin\"}]},{\"@type\":\"WebSite\",\"@id\":\"https:\\\/\\\/artsnb.ca\\\/web\\\/#website\",\"url\":\"https:\\\/\\\/artsnb.ca\\\/web\\\/\",\"name\":\"ArtsNB\",\"description\":\"EXCELLENCE. PROFESSIONALISM. INNOVATION.\",\"publisher\":{\"@id\":\"https:\\\/\\\/artsnb.ca\\\/web\\\/#organization\"},\"potentialAction\":[{\"@type\":\"SearchAction\",\"target\":{\"@type\":\"EntryPoint\",\"urlTemplate\":\"https:\\\/\\\/artsnb.ca\\\/web\\\/?s={search_term_string}\"},\"query-input\":{\"@type\":\"PropertyValueSpecification\",\"valueRequired\":true,\"valueName\":\"search_term_string\"}}],\"inLanguage\":\"en-US\"},{\"@type\":\"Organization\",\"@id\":\"https:\\\/\\\/artsnb.ca\\\/web\\\/#organization\",\"name\":\"ArtsNB\",\"url\":\"https:\\\/\\\/artsnb.ca\\\/web\\\/\",\"logo\":{\"@type\":\"ImageObject\",\"inLanguage\":\"en-US\",\"@id\":\"https:\\\/\\\/artsnb.ca\\\/web\\\/#\\\/schema\\\/logo\\\/image\\\/\",\"url\":\"https:\\\/\\\/artsnb.ca\\\/web\\\/wp-content\\\/uploads\\\/2024\\\/04\\\/cropped-artsnb-PrimaryLogo-vertical-HiRes-2.jpg\",\"contentUrl\":\"https:\\\/\\\/artsnb.ca\\\/web\\\/wp-content\\\/uploads\\\/2024\\\/04\\\/cropped-artsnb-PrimaryLogo-vertical-HiRes-2.jpg\",\"width\":1698,\"height\":1223,\"caption\":\"ArtsNB\"},\"image\":{\"@id\":\"https:\\\/\\\/artsnb.ca\\\/web\\\/#\\\/schema\\\/logo\\\/image\\\/\"},\"sameAs\":[\"https:\\\/\\\/www.facebook.com\\\/artsnb\\\/\",\"https:\\\/\\\/x.com\\\/artsnb\",\"https:\\\/\\\/www.instagram.com\\\/artsnb\\\/\"]},{\"@type\":\"Person\",\"@id\":\"https:\\\/\\\/artsnb.ca\\\/web\\\/#\\\/schema\\\/person\\\/012ecc8a59328615becff4af8bf0c2b9\",\"name\":\"R\u00e9anne Cooper\",\"image\":{\"@type\":\"ImageObject\",\"inLanguage\":\"en-US\",\"@id\":\"https:\\\/\\\/secure.gravatar.com\\\/avatar\\\/1cb05192fe2229166d3916ce0ac0406517d29a24c32e183e81a0a810836dd14b?s=96&d=mm&r=g\",\"url\":\"https:\\\/\\\/secure.gravatar.com\\\/avatar\\\/1cb05192fe2229166d3916ce0ac0406517d29a24c32e183e81a0a810836dd14b?s=96&d=mm&r=g\",\"contentUrl\":\"https:\\\/\\\/secure.gravatar.com\\\/avatar\\\/1cb05192fe2229166d3916ce0ac0406517d29a24c32e183e81a0a810836dd14b?s=96&d=mm&r=g\",\"caption\":\"R\u00e9anne Cooper\"},\"url\":\"https:\\\/\\\/artsnb.ca\\\/web\\\/author\\\/reanne\\\/\"}]}<\/script>\n<!-- \/ Yoast SEO plugin. -->","yoast_head_json":{"title":"Artiste en r\u00e9sidence \u2013 Sackville accueille Cl\u00e9o Palacio-Quintin - ArtsNB","robots":{"index":"index","follow":"follow","max-snippet":"max-snippet:-1","max-image-preview":"max-image-preview:large","max-video-preview":"max-video-preview:-1"},"canonical":"https:\/\/artsnb.ca\/web\/2015\/09\/artiste-en-residence-sackville-accueille-cleo-palacio-quintin\/","og_locale":"en_US","og_type":"article","og_title":"Artiste en r\u00e9sidence \u2013 Sackville accueille Cl\u00e9o Palacio-Quintin - ArtsNB","og_description":"Artiste en r\u00e9sidence \u2013 Sackville accueille Cl\u00e9o Palacio-Quintin Par Karin Aurell Cet \u00e9t\u00e9 pass\u00e9 nous avions eu le plaisir d\u2019accueillir \u00e0 Sackville pour un mois entier l&#8217;interpr\u00e8te, compositrice, et experte en improvisation Cl\u00e9o Palacio-Quintin, gr\u00e2ce \u00e0 une bourse d\u2019artsnb et le CALQ. Je suis une organisatrice des \u00e9v\u00e9nements musicaux pour le festival OK.Quoi?! et Cl\u00e9o","og_url":"https:\/\/artsnb.ca\/web\/2015\/09\/artiste-en-residence-sackville-accueille-cleo-palacio-quintin\/?lang=fr","og_site_name":"ArtsNB","article_publisher":"https:\/\/www.facebook.com\/artsnb\/","article_published_time":"2015-09-30T00:00:00+00:00","article_modified_time":"2019-11-07T00:54:20+00:00","og_image":[{"width":65,"height":49,"url":"https:\/\/artsnb.ca\/web\/wp-content\/uploads\/2019\/09\/strutts-e1443554849742.jpg","type":"image\/jpeg"}],"author":"R\u00e9anne Cooper","twitter_card":"summary_large_image","twitter_creator":"@artsnb","twitter_site":"@artsnb","twitter_misc":{"Written by":"R\u00e9anne Cooper","Est. reading time":"3 minutes"},"schema":{"@context":"https:\/\/schema.org","@graph":[{"@type":"Article","@id":"https:\/\/artsnb.ca\/web\/2015\/09\/artiste-en-residence-sackville-accueille-cleo-palacio-quintin\/?lang=fr#article","isPartOf":{"@id":"https:\/\/artsnb.ca\/web\/2015\/09\/artiste-en-residence-sackville-accueille-cleo-palacio-quintin\/?lang=fr"},"author":{"name":"R\u00e9anne Cooper","@id":"https:\/\/artsnb.ca\/web\/#\/schema\/person\/012ecc8a59328615becff4af8bf0c2b9"},"headline":"Artiste en r\u00e9sidence \u2013 Sackville accueille Cl\u00e9o Palacio-Quintin","datePublished":"2015-09-30T00:00:00+00:00","dateModified":"2019-11-07T00:54:20+00:00","mainEntityOfPage":{"@id":"https:\/\/artsnb.ca\/web\/2015\/09\/artiste-en-residence-sackville-accueille-cleo-palacio-quintin\/?lang=fr"},"wordCount":590,"commentCount":0,"publisher":{"@id":"https:\/\/artsnb.ca\/web\/#organization"},"image":{"@id":"https:\/\/artsnb.ca\/web\/2015\/09\/artiste-en-residence-sackville-accueille-cleo-palacio-quintin\/?lang=fr#primaryimage"},"thumbnailUrl":"https:\/\/artsnb.ca\/web\/wp-content\/uploads\/2019\/09\/strutts-e1443554849742.jpg","articleSection":["Blogue"],"inLanguage":"en-US","potentialAction":[{"@type":"CommentAction","name":"Comment","target":["https:\/\/artsnb.ca\/web\/2015\/09\/artiste-en-residence-sackville-accueille-cleo-palacio-quintin\/?lang=fr#respond"]}]},{"@type":"WebPage","@id":"https:\/\/artsnb.ca\/web\/2015\/09\/artiste-en-residence-sackville-accueille-cleo-palacio-quintin\/?lang=fr","url":"https:\/\/artsnb.ca\/web\/2015\/09\/artiste-en-residence-sackville-accueille-cleo-palacio-quintin\/?lang=fr","name":"Artiste en r\u00e9sidence \u2013 Sackville accueille Cl\u00e9o Palacio-Quintin - ArtsNB","isPartOf":{"@id":"https:\/\/artsnb.ca\/web\/#website"},"primaryImageOfPage":{"@id":"https:\/\/artsnb.ca\/web\/2015\/09\/artiste-en-residence-sackville-accueille-cleo-palacio-quintin\/?lang=fr#primaryimage"},"image":{"@id":"https:\/\/artsnb.ca\/web\/2015\/09\/artiste-en-residence-sackville-accueille-cleo-palacio-quintin\/?lang=fr#primaryimage"},"thumbnailUrl":"https:\/\/artsnb.ca\/web\/wp-content\/uploads\/2019\/09\/strutts-e1443554849742.jpg","datePublished":"2015-09-30T00:00:00+00:00","dateModified":"2019-11-07T00:54:20+00:00","breadcrumb":{"@id":"https:\/\/artsnb.ca\/web\/2015\/09\/artiste-en-residence-sackville-accueille-cleo-palacio-quintin\/?lang=fr#breadcrumb"},"inLanguage":"en-US","potentialAction":[{"@type":"ReadAction","target":["https:\/\/artsnb.ca\/web\/2015\/09\/artiste-en-residence-sackville-accueille-cleo-palacio-quintin\/?lang=fr"]}]},{"@type":"ImageObject","inLanguage":"en-US","@id":"https:\/\/artsnb.ca\/web\/2015\/09\/artiste-en-residence-sackville-accueille-cleo-palacio-quintin\/?lang=fr#primaryimage","url":"https:\/\/artsnb.ca\/web\/wp-content\/uploads\/2019\/09\/strutts-e1443554849742.jpg","contentUrl":"https:\/\/artsnb.ca\/web\/wp-content\/uploads\/2019\/09\/strutts-e1443554849742.jpg","width":65,"height":49,"caption":"Galerie Struts"},{"@type":"BreadcrumbList","@id":"https:\/\/artsnb.ca\/web\/2015\/09\/artiste-en-residence-sackville-accueille-cleo-palacio-quintin\/?lang=fr#breadcrumb","itemListElement":[{"@type":"ListItem","position":1,"name":"Home","item":"https:\/\/artsnb.ca\/web\/"},{"@type":"ListItem","position":2,"name":"Blog","item":"https:\/\/artsnb.ca\/web\/category\/blog\/"},{"@type":"ListItem","position":3,"name":"Artiste en r\u00e9sidence \u2013 Sackville accueille Cl\u00e9o Palacio-Quintin"}]},{"@type":"WebSite","@id":"https:\/\/artsnb.ca\/web\/#website","url":"https:\/\/artsnb.ca\/web\/","name":"ArtsNB","description":"EXCELLENCE. PROFESSIONALISM. INNOVATION.","publisher":{"@id":"https:\/\/artsnb.ca\/web\/#organization"},"potentialAction":[{"@type":"SearchAction","target":{"@type":"EntryPoint","urlTemplate":"https:\/\/artsnb.ca\/web\/?s={search_term_string}"},"query-input":{"@type":"PropertyValueSpecification","valueRequired":true,"valueName":"search_term_string"}}],"inLanguage":"en-US"},{"@type":"Organization","@id":"https:\/\/artsnb.ca\/web\/#organization","name":"ArtsNB","url":"https:\/\/artsnb.ca\/web\/","logo":{"@type":"ImageObject","inLanguage":"en-US","@id":"https:\/\/artsnb.ca\/web\/#\/schema\/logo\/image\/","url":"https:\/\/artsnb.ca\/web\/wp-content\/uploads\/2024\/04\/cropped-artsnb-PrimaryLogo-vertical-HiRes-2.jpg","contentUrl":"https:\/\/artsnb.ca\/web\/wp-content\/uploads\/2024\/04\/cropped-artsnb-PrimaryLogo-vertical-HiRes-2.jpg","width":1698,"height":1223,"caption":"ArtsNB"},"image":{"@id":"https:\/\/artsnb.ca\/web\/#\/schema\/logo\/image\/"},"sameAs":["https:\/\/www.facebook.com\/artsnb\/","https:\/\/x.com\/artsnb","https:\/\/www.instagram.com\/artsnb\/"]},{"@type":"Person","@id":"https:\/\/artsnb.ca\/web\/#\/schema\/person\/012ecc8a59328615becff4af8bf0c2b9","name":"R\u00e9anne Cooper","image":{"@type":"ImageObject","inLanguage":"en-US","@id":"https:\/\/secure.gravatar.com\/avatar\/1cb05192fe2229166d3916ce0ac0406517d29a24c32e183e81a0a810836dd14b?s=96&d=mm&r=g","url":"https:\/\/secure.gravatar.com\/avatar\/1cb05192fe2229166d3916ce0ac0406517d29a24c32e183e81a0a810836dd14b?s=96&d=mm&r=g","contentUrl":"https:\/\/secure.gravatar.com\/avatar\/1cb05192fe2229166d3916ce0ac0406517d29a24c32e183e81a0a810836dd14b?s=96&d=mm&r=g","caption":"R\u00e9anne Cooper"},"url":"https:\/\/artsnb.ca\/web\/author\/reanne\/"}]}},"_links":{"self":[{"href":"https:\/\/artsnb.ca\/web\/wp-json\/wp\/v2\/posts\/3662","targetHints":{"allow":["GET"]}}],"collection":[{"href":"https:\/\/artsnb.ca\/web\/wp-json\/wp\/v2\/posts"}],"about":[{"href":"https:\/\/artsnb.ca\/web\/wp-json\/wp\/v2\/types\/post"}],"author":[{"embeddable":true,"href":"https:\/\/artsnb.ca\/web\/wp-json\/wp\/v2\/users\/6"}],"replies":[{"embeddable":true,"href":"https:\/\/artsnb.ca\/web\/wp-json\/wp\/v2\/comments?post=3662"}],"version-history":[{"count":1,"href":"https:\/\/artsnb.ca\/web\/wp-json\/wp\/v2\/posts\/3662\/revisions"}],"predecessor-version":[{"id":4513,"href":"https:\/\/artsnb.ca\/web\/wp-json\/wp\/v2\/posts\/3662\/revisions\/4513"}],"wp:featuredmedia":[{"embeddable":true,"href":"https:\/\/artsnb.ca\/web\/wp-json\/wp\/v2\/media\/3074"}],"wp:attachment":[{"href":"https:\/\/artsnb.ca\/web\/wp-json\/wp\/v2\/media?parent=3662"}],"wp:term":[{"taxonomy":"category","embeddable":true,"href":"https:\/\/artsnb.ca\/web\/wp-json\/wp\/v2\/categories?post=3662"},{"taxonomy":"post_tag","embeddable":true,"href":"https:\/\/artsnb.ca\/web\/wp-json\/wp\/v2\/tags?post=3662"}],"curies":[{"name":"wp","href":"https:\/\/api.w.org\/{rel}","templated":true}]}}