{"id":3686,"date":"2016-07-04T00:00:00","date_gmt":"2016-07-04T00:00:00","guid":{"rendered":"https:\/\/staging-artsnb.weavercrawford.com\/5-choses-quil-faut-savoir-a-propos-du-festival-506\/"},"modified":"2019-11-07T00:54:19","modified_gmt":"2019-11-07T00:54:19","slug":"5-choses-quil-faut-savoir-a-propos-du-festival-506","status":"publish","type":"post","link":"https:\/\/artsnb.ca\/web\/2016\/07\/5-choses-quil-faut-savoir-a-propos-du-festival-506\/?lang=fr","title":{"rendered":"5 choses qu\u2019il faut savoir \u00e0 propos du Festival (506)"},"content":{"rendered":"<p><strong>5 choses qu\u2019il faut savoir \u00e0 propos du Festival (506)<a href=\"https:\/\/www.musicnb.org\/fr\/festival-506\/au-sujet-du-festival-506\" target=\"_blank\" rel=\"noopener noreferrer\"><img loading=\"lazy\" decoding=\"async\" width=\"212\" height=\"300\" class=\"alignright wp-image-4800 size-medium\" src=\"https:\/\/artsnb.ca\/web\/wp-content\/uploads\/2019\/09\/Festival-506-Poster-212x300.png\"><\/a><\/strong><\/p>\n<ol>\n<li>La premi\u00e8re \u00e9dition a eu lieu \u00e0 Moncton en 2004, sous le titre peu excitant \u00ab&nbsp;La semaine MNB&nbsp;\u00bb. Il n\u2019y avait pas un festival en 2005, ce qui signifie que l\u2019\u00e9dition de cette ann\u00e9e \u00e0 Miramichi est le 10i\u00e8me anniversaire de la nouvelle marque, le <strong>Festival (506)<\/strong>. Malgr\u00e9 l\u2019introduction imminente du nouveau code r\u00e9gional (428) au Nouveau-Brunswick, le festival n\u2019est pas susceptible de changer son titre dans l\u2019avenir proche. Ce nouveau code pr\u00eatera peut-\u00eatre son nom \u00e0 la Sc\u00e8ne des artistes \u00e9mergents?<\/li>\n<li>Le titre d\u2019appel du <strong>Festival (506)<\/strong> est \u00ab Quatre jours de spectacles, de conf\u00e9rences, et de prix. \u00bb L\u2019aspect du spectacle est assez intuitif. Trente-sept artistes de partout au Nouveau-Brunswick se rassembleront \u00e0 Miramichi pour participer dans de nombreux concerts. Pendant qu\u2019ils sont en ville, nous esp\u00e9rons qu\u2019ils exploiteront l\u2019opportunit\u00e9 d\u2019assister aux conf\u00e9rences et aux s\u00e9ances informatives organis\u00e9es par <a href=\"https:\/\/www.musicnb.org\/fr\" target=\"_blank\" rel=\"noopener noreferrer\"><span style=\"color: #000080;\"><strong>Music\u2022Musique NB<\/strong><\/span><\/a>. Ces programmes se concentreront sur divers domaines du d\u00e9veloppement professionnel, y compris l\u2019\u00e9dition musicale, le marketing, le marquage, les sources de revenu et la tourn\u00e9e. Les conf\u00e9rences offrent aussi plusieurs opportunit\u00e9s de r\u00e9seautage parmi les artistes et les professionnels de l\u2019industrie de partout au pays.<\/li>\n<li>Les prix font partie du titre d\u2019appel depuis six ans. Les <a href=\"https:\/\/www.musicnb.org\/fr\/festival-506\/prix-mnb\" target=\"_blank\" rel=\"noopener noreferrer\"><span style=\"color: #000080;\"><strong>Prix MNB Awards<\/strong><\/span><\/a> sont remis chaque ann\u00e9e pour souligner le talent incroyable des musiciens ici au Nouveau-Brunswick, ainsi que le soutien indispensable des professionnels de l\u2019industrie. Parmi les gagnants pr\u00e9c\u00e9dents, on retrouve des noms aussi prestigieux que Lisa LeBlanc, David Myles, Pascal Lejeune, Andy Brown et Les Hay Babies. Une fois que les noms des candidats de 2016 seront annonc\u00e9s, le public aura l\u2019opportunit\u00e9 de voter dans certaines cat\u00e9gories, y compris le Choix des fans, ce qui leur permettra de d\u00e9terminer les artistes qui m\u00e9ritent les prix.<\/li>\n<li>Le <strong>Festival (506)<\/strong> est aussi pour les fans de musique! Que les membres du personnel vous connaissent par nom \u00e0 votre salle de musique locale (et ils connaissent m\u00eame les anniversaires de vos enfants\u2026) ou que vous n\u2019ayez pas assist\u00e9 \u00e0 un concert depuis vos ann\u00e9es d\u2019universit\u00e9, le <strong>Festival (506)<\/strong> est la meilleure place pour entendre et d\u00e9couvrir de la nouvelle musique. \u00c7a ne co\u00fbte pas cher et vous pourrez vous vanter en disant \u00ab&nbsp;Je les ai entendus avant qu\u2019ils deviennent des stars!&nbsp;\u00bb Les billets individuels sont moins co\u00fbteux qu\u2019un triple, venti, moitie sucre, lait de soya, macchiato au caramel, et un Passeport de festival est \u00e0 peu pr\u00e8s le m\u00eame prix qu\u2019une soir\u00e9e au cin\u00e9ma avec ma\u00efs souffle et breuvage.<\/li>\n<li>Un autre but du <strong>Festival (506)<\/strong> est la culture des futurs musiciens et professionnels de l\u2019industrie ici au Nouveau-Brunswick. Le \u00ab&nbsp;Programme dB&nbsp;\u00bb (\u00ab&nbsp;dB&nbsp;\u00bb signifie \u00e0 la fois d\u00e9but et d\u00e9cibel) offre le mentorat et les occasions de spectacle aux jeunes artistes \u00e2g\u00e9s de 13 \u00e0 18 ans. Des participants s\u00e9lectionn\u00e9s apprendront les rudiments de l\u2019industrie sous la direction des musiciens \u00e9tablis, participeront dans une v\u00e9rification du son et du volume guid\u00e9e, et se produiront quelques chansons sur une sc\u00e8ne durant un concert gratuit et de tous \u00e2ges.<\/li>\n<\/ol>\n<p>Le <strong>Festival (506)<\/strong> aura lieu \u00e0 Miramichi du 13 au 16 octobre 2016. Les Passeports de festival, qui vous donnent acc\u00e8s \u00e0 tous les spectacles, seront en vente bient\u00f4t.<\/p>\n<p>Pour plus d\u2019informations, veuillez visiter <span style=\"color: #000080;\"><strong><a style=\"color: #000080;\" href=\"http:\/\/www.festival506.ca\">www.festival506.ca<\/a><\/strong><span style=\"color: #333333;\">.<\/span><\/span><\/p>\n","protected":false},"excerpt":{"rendered":"<p>5 choses qu\u2019il faut savoir \u00e0 propos du Festival (506) La premi\u00e8re \u00e9dition a eu lieu \u00e0 Moncton en 2004, sous le titre peu excitant \u00ab&nbsp;La semaine MNB&nbsp;\u00bb. Il n\u2019y avait pas un festival en 2005, ce qui signifie que l\u2019\u00e9dition de cette ann\u00e9e \u00e0 Miramichi est le 10i\u00e8me anniversaire de la nouvelle marque, le<\/p>\n","protected":false},"author":6,"featured_media":199,"comment_status":"open","ping_status":"open","sticky":false,"template":"","format":"standard","meta":{"_acf_changed":false,"footnotes":""},"categories":[53],"tags":[],"class_list":["post-3686","post","type-post","status-publish","format-standard","has-post-thumbnail","hentry","category-nouvelles"],"acf":[],"yoast_head":"<!-- This site is optimized with the Yoast SEO plugin v27.5 - https:\/\/yoast.com\/product\/yoast-seo-wordpress\/ -->\n<title>5 choses qu\u2019il faut savoir \u00e0 propos du Festival (506) - ArtsNB<\/title>\n<meta name=\"robots\" content=\"index, follow, max-snippet:-1, max-image-preview:large, max-video-preview:-1\" \/>\n<link rel=\"canonical\" href=\"https:\/\/artsnb.ca\/web\/2016\/07\/5-choses-quil-faut-savoir-a-propos-du-festival-506\/\" \/>\n<meta property=\"og:locale\" content=\"en_US\" \/>\n<meta property=\"og:type\" content=\"article\" \/>\n<meta property=\"og:title\" content=\"5 choses qu\u2019il faut savoir \u00e0 propos du Festival (506) - ArtsNB\" \/>\n<meta property=\"og:description\" content=\"5 choses qu\u2019il faut savoir \u00e0 propos du Festival (506) La premi\u00e8re \u00e9dition a eu lieu \u00e0 Moncton en 2004, sous le titre peu excitant \u00ab&nbsp;La semaine MNB&nbsp;\u00bb. Il n\u2019y avait pas un festival en 2005, ce qui signifie que l\u2019\u00e9dition de cette ann\u00e9e \u00e0 Miramichi est le 10i\u00e8me anniversaire de la nouvelle marque, le\" \/>\n<meta property=\"og:url\" content=\"https:\/\/artsnb.ca\/web\/2016\/07\/5-choses-quil-faut-savoir-a-propos-du-festival-506\/?lang=fr\" \/>\n<meta property=\"og:site_name\" content=\"ArtsNB\" \/>\n<meta property=\"article:publisher\" content=\"https:\/\/www.facebook.com\/artsnb\/\" \/>\n<meta property=\"article:published_time\" content=\"2016-07-04T00:00:00+00:00\" \/>\n<meta property=\"article:modified_time\" content=\"2019-11-07T00:54:19+00:00\" \/>\n<meta property=\"og:image\" content=\"https:\/\/artsnb.ca\/web\/wp-content\/uploads\/2019\/07\/artsnb-logo-vertical-web-01.png\" \/>\n\t<meta property=\"og:image:width\" content=\"452\" \/>\n\t<meta property=\"og:image:height\" content=\"326\" \/>\n\t<meta property=\"og:image:type\" content=\"image\/png\" \/>\n<meta name=\"author\" content=\"R\u00e9anne Cooper\" \/>\n<meta name=\"twitter:card\" content=\"summary_large_image\" \/>\n<meta name=\"twitter:creator\" content=\"@artsnb\" \/>\n<meta name=\"twitter:site\" content=\"@artsnb\" \/>\n<meta name=\"twitter:label1\" content=\"Written by\" \/>\n\t<meta name=\"twitter:data1\" content=\"R\u00e9anne Cooper\" \/>\n\t<meta name=\"twitter:label2\" content=\"Est. reading time\" \/>\n\t<meta name=\"twitter:data2\" content=\"3 minutes\" \/>\n<script type=\"application\/ld+json\" class=\"yoast-schema-graph\">{\"@context\":\"https:\\\/\\\/schema.org\",\"@graph\":[{\"@type\":\"Article\",\"@id\":\"https:\\\/\\\/artsnb.ca\\\/web\\\/2016\\\/07\\\/5-choses-quil-faut-savoir-a-propos-du-festival-506\\\/?lang=fr#article\",\"isPartOf\":{\"@id\":\"https:\\\/\\\/artsnb.ca\\\/web\\\/2016\\\/07\\\/5-choses-quil-faut-savoir-a-propos-du-festival-506\\\/?lang=fr\"},\"author\":{\"name\":\"R\u00e9anne Cooper\",\"@id\":\"https:\\\/\\\/artsnb.ca\\\/web\\\/#\\\/schema\\\/person\\\/012ecc8a59328615becff4af8bf0c2b9\"},\"headline\":\"5 choses qu\u2019il faut savoir \u00e0 propos du Festival (506)\",\"datePublished\":\"2016-07-04T00:00:00+00:00\",\"dateModified\":\"2019-11-07T00:54:19+00:00\",\"mainEntityOfPage\":{\"@id\":\"https:\\\/\\\/artsnb.ca\\\/web\\\/2016\\\/07\\\/5-choses-quil-faut-savoir-a-propos-du-festival-506\\\/?lang=fr\"},\"wordCount\":596,\"commentCount\":0,\"publisher\":{\"@id\":\"https:\\\/\\\/artsnb.ca\\\/web\\\/#organization\"},\"image\":{\"@id\":\"https:\\\/\\\/artsnb.ca\\\/web\\\/2016\\\/07\\\/5-choses-quil-faut-savoir-a-propos-du-festival-506\\\/?lang=fr#primaryimage\"},\"thumbnailUrl\":\"https:\\\/\\\/artsnb.ca\\\/web\\\/wp-content\\\/uploads\\\/2019\\\/07\\\/artsnb-logo-vertical-web-01.png\",\"articleSection\":[\"Toutes les Nouvelles\"],\"inLanguage\":\"en-US\",\"potentialAction\":[{\"@type\":\"CommentAction\",\"name\":\"Comment\",\"target\":[\"https:\\\/\\\/artsnb.ca\\\/web\\\/2016\\\/07\\\/5-choses-quil-faut-savoir-a-propos-du-festival-506\\\/?lang=fr#respond\"]}]},{\"@type\":\"WebPage\",\"@id\":\"https:\\\/\\\/artsnb.ca\\\/web\\\/2016\\\/07\\\/5-choses-quil-faut-savoir-a-propos-du-festival-506\\\/?lang=fr\",\"url\":\"https:\\\/\\\/artsnb.ca\\\/web\\\/2016\\\/07\\\/5-choses-quil-faut-savoir-a-propos-du-festival-506\\\/?lang=fr\",\"name\":\"5 choses qu\u2019il faut savoir \u00e0 propos du Festival (506) - ArtsNB\",\"isPartOf\":{\"@id\":\"https:\\\/\\\/artsnb.ca\\\/web\\\/#website\"},\"primaryImageOfPage\":{\"@id\":\"https:\\\/\\\/artsnb.ca\\\/web\\\/2016\\\/07\\\/5-choses-quil-faut-savoir-a-propos-du-festival-506\\\/?lang=fr#primaryimage\"},\"image\":{\"@id\":\"https:\\\/\\\/artsnb.ca\\\/web\\\/2016\\\/07\\\/5-choses-quil-faut-savoir-a-propos-du-festival-506\\\/?lang=fr#primaryimage\"},\"thumbnailUrl\":\"https:\\\/\\\/artsnb.ca\\\/web\\\/wp-content\\\/uploads\\\/2019\\\/07\\\/artsnb-logo-vertical-web-01.png\",\"datePublished\":\"2016-07-04T00:00:00+00:00\",\"dateModified\":\"2019-11-07T00:54:19+00:00\",\"breadcrumb\":{\"@id\":\"https:\\\/\\\/artsnb.ca\\\/web\\\/2016\\\/07\\\/5-choses-quil-faut-savoir-a-propos-du-festival-506\\\/?lang=fr#breadcrumb\"},\"inLanguage\":\"en-US\",\"potentialAction\":[{\"@type\":\"ReadAction\",\"target\":[\"https:\\\/\\\/artsnb.ca\\\/web\\\/2016\\\/07\\\/5-choses-quil-faut-savoir-a-propos-du-festival-506\\\/?lang=fr\"]}]},{\"@type\":\"ImageObject\",\"inLanguage\":\"en-US\",\"@id\":\"https:\\\/\\\/artsnb.ca\\\/web\\\/2016\\\/07\\\/5-choses-quil-faut-savoir-a-propos-du-festival-506\\\/?lang=fr#primaryimage\",\"url\":\"https:\\\/\\\/artsnb.ca\\\/web\\\/wp-content\\\/uploads\\\/2019\\\/07\\\/artsnb-logo-vertical-web-01.png\",\"contentUrl\":\"https:\\\/\\\/artsnb.ca\\\/web\\\/wp-content\\\/uploads\\\/2019\\\/07\\\/artsnb-logo-vertical-web-01.png\",\"width\":452,\"height\":326},{\"@type\":\"BreadcrumbList\",\"@id\":\"https:\\\/\\\/artsnb.ca\\\/web\\\/2016\\\/07\\\/5-choses-quil-faut-savoir-a-propos-du-festival-506\\\/?lang=fr#breadcrumb\",\"itemListElement\":[{\"@type\":\"ListItem\",\"position\":1,\"name\":\"Home\",\"item\":\"https:\\\/\\\/artsnb.ca\\\/web\\\/\"},{\"@type\":\"ListItem\",\"position\":2,\"name\":\"All News\",\"item\":\"https:\\\/\\\/artsnb.ca\\\/web\\\/category\\\/news\\\/\"},{\"@type\":\"ListItem\",\"position\":3,\"name\":\"5 choses qu\u2019il faut savoir \u00e0 propos du Festival (506)\"}]},{\"@type\":\"WebSite\",\"@id\":\"https:\\\/\\\/artsnb.ca\\\/web\\\/#website\",\"url\":\"https:\\\/\\\/artsnb.ca\\\/web\\\/\",\"name\":\"ArtsNB\",\"description\":\"EXCELLENCE. PROFESSIONALISM. INNOVATION.\",\"publisher\":{\"@id\":\"https:\\\/\\\/artsnb.ca\\\/web\\\/#organization\"},\"potentialAction\":[{\"@type\":\"SearchAction\",\"target\":{\"@type\":\"EntryPoint\",\"urlTemplate\":\"https:\\\/\\\/artsnb.ca\\\/web\\\/?s={search_term_string}\"},\"query-input\":{\"@type\":\"PropertyValueSpecification\",\"valueRequired\":true,\"valueName\":\"search_term_string\"}}],\"inLanguage\":\"en-US\"},{\"@type\":\"Organization\",\"@id\":\"https:\\\/\\\/artsnb.ca\\\/web\\\/#organization\",\"name\":\"ArtsNB\",\"url\":\"https:\\\/\\\/artsnb.ca\\\/web\\\/\",\"logo\":{\"@type\":\"ImageObject\",\"inLanguage\":\"en-US\",\"@id\":\"https:\\\/\\\/artsnb.ca\\\/web\\\/#\\\/schema\\\/logo\\\/image\\\/\",\"url\":\"https:\\\/\\\/artsnb.ca\\\/web\\\/wp-content\\\/uploads\\\/2024\\\/04\\\/cropped-artsnb-PrimaryLogo-vertical-HiRes-2.jpg\",\"contentUrl\":\"https:\\\/\\\/artsnb.ca\\\/web\\\/wp-content\\\/uploads\\\/2024\\\/04\\\/cropped-artsnb-PrimaryLogo-vertical-HiRes-2.jpg\",\"width\":1698,\"height\":1223,\"caption\":\"ArtsNB\"},\"image\":{\"@id\":\"https:\\\/\\\/artsnb.ca\\\/web\\\/#\\\/schema\\\/logo\\\/image\\\/\"},\"sameAs\":[\"https:\\\/\\\/www.facebook.com\\\/artsnb\\\/\",\"https:\\\/\\\/x.com\\\/artsnb\",\"https:\\\/\\\/www.instagram.com\\\/artsnb\\\/\"]},{\"@type\":\"Person\",\"@id\":\"https:\\\/\\\/artsnb.ca\\\/web\\\/#\\\/schema\\\/person\\\/012ecc8a59328615becff4af8bf0c2b9\",\"name\":\"R\u00e9anne Cooper\",\"image\":{\"@type\":\"ImageObject\",\"inLanguage\":\"en-US\",\"@id\":\"https:\\\/\\\/secure.gravatar.com\\\/avatar\\\/1cb05192fe2229166d3916ce0ac0406517d29a24c32e183e81a0a810836dd14b?s=96&d=mm&r=g\",\"url\":\"https:\\\/\\\/secure.gravatar.com\\\/avatar\\\/1cb05192fe2229166d3916ce0ac0406517d29a24c32e183e81a0a810836dd14b?s=96&d=mm&r=g\",\"contentUrl\":\"https:\\\/\\\/secure.gravatar.com\\\/avatar\\\/1cb05192fe2229166d3916ce0ac0406517d29a24c32e183e81a0a810836dd14b?s=96&d=mm&r=g\",\"caption\":\"R\u00e9anne Cooper\"},\"url\":\"https:\\\/\\\/artsnb.ca\\\/web\\\/author\\\/reanne\\\/\"}]}<\/script>\n<!-- \/ Yoast SEO plugin. -->","yoast_head_json":{"title":"5 choses qu\u2019il faut savoir \u00e0 propos du Festival (506) - ArtsNB","robots":{"index":"index","follow":"follow","max-snippet":"max-snippet:-1","max-image-preview":"max-image-preview:large","max-video-preview":"max-video-preview:-1"},"canonical":"https:\/\/artsnb.ca\/web\/2016\/07\/5-choses-quil-faut-savoir-a-propos-du-festival-506\/","og_locale":"en_US","og_type":"article","og_title":"5 choses qu\u2019il faut savoir \u00e0 propos du Festival (506) - ArtsNB","og_description":"5 choses qu\u2019il faut savoir \u00e0 propos du Festival (506) La premi\u00e8re \u00e9dition a eu lieu \u00e0 Moncton en 2004, sous le titre peu excitant \u00ab&nbsp;La semaine MNB&nbsp;\u00bb. Il n\u2019y avait pas un festival en 2005, ce qui signifie que l\u2019\u00e9dition de cette ann\u00e9e \u00e0 Miramichi est le 10i\u00e8me anniversaire de la nouvelle marque, le","og_url":"https:\/\/artsnb.ca\/web\/2016\/07\/5-choses-quil-faut-savoir-a-propos-du-festival-506\/?lang=fr","og_site_name":"ArtsNB","article_publisher":"https:\/\/www.facebook.com\/artsnb\/","article_published_time":"2016-07-04T00:00:00+00:00","article_modified_time":"2019-11-07T00:54:19+00:00","og_image":[{"width":452,"height":326,"url":"https:\/\/artsnb.ca\/web\/wp-content\/uploads\/2019\/07\/artsnb-logo-vertical-web-01.png","type":"image\/png"}],"author":"R\u00e9anne Cooper","twitter_card":"summary_large_image","twitter_creator":"@artsnb","twitter_site":"@artsnb","twitter_misc":{"Written by":"R\u00e9anne Cooper","Est. reading time":"3 minutes"},"schema":{"@context":"https:\/\/schema.org","@graph":[{"@type":"Article","@id":"https:\/\/artsnb.ca\/web\/2016\/07\/5-choses-quil-faut-savoir-a-propos-du-festival-506\/?lang=fr#article","isPartOf":{"@id":"https:\/\/artsnb.ca\/web\/2016\/07\/5-choses-quil-faut-savoir-a-propos-du-festival-506\/?lang=fr"},"author":{"name":"R\u00e9anne Cooper","@id":"https:\/\/artsnb.ca\/web\/#\/schema\/person\/012ecc8a59328615becff4af8bf0c2b9"},"headline":"5 choses qu\u2019il faut savoir \u00e0 propos du Festival (506)","datePublished":"2016-07-04T00:00:00+00:00","dateModified":"2019-11-07T00:54:19+00:00","mainEntityOfPage":{"@id":"https:\/\/artsnb.ca\/web\/2016\/07\/5-choses-quil-faut-savoir-a-propos-du-festival-506\/?lang=fr"},"wordCount":596,"commentCount":0,"publisher":{"@id":"https:\/\/artsnb.ca\/web\/#organization"},"image":{"@id":"https:\/\/artsnb.ca\/web\/2016\/07\/5-choses-quil-faut-savoir-a-propos-du-festival-506\/?lang=fr#primaryimage"},"thumbnailUrl":"https:\/\/artsnb.ca\/web\/wp-content\/uploads\/2019\/07\/artsnb-logo-vertical-web-01.png","articleSection":["Toutes les Nouvelles"],"inLanguage":"en-US","potentialAction":[{"@type":"CommentAction","name":"Comment","target":["https:\/\/artsnb.ca\/web\/2016\/07\/5-choses-quil-faut-savoir-a-propos-du-festival-506\/?lang=fr#respond"]}]},{"@type":"WebPage","@id":"https:\/\/artsnb.ca\/web\/2016\/07\/5-choses-quil-faut-savoir-a-propos-du-festival-506\/?lang=fr","url":"https:\/\/artsnb.ca\/web\/2016\/07\/5-choses-quil-faut-savoir-a-propos-du-festival-506\/?lang=fr","name":"5 choses qu\u2019il faut savoir \u00e0 propos du Festival (506) - ArtsNB","isPartOf":{"@id":"https:\/\/artsnb.ca\/web\/#website"},"primaryImageOfPage":{"@id":"https:\/\/artsnb.ca\/web\/2016\/07\/5-choses-quil-faut-savoir-a-propos-du-festival-506\/?lang=fr#primaryimage"},"image":{"@id":"https:\/\/artsnb.ca\/web\/2016\/07\/5-choses-quil-faut-savoir-a-propos-du-festival-506\/?lang=fr#primaryimage"},"thumbnailUrl":"https:\/\/artsnb.ca\/web\/wp-content\/uploads\/2019\/07\/artsnb-logo-vertical-web-01.png","datePublished":"2016-07-04T00:00:00+00:00","dateModified":"2019-11-07T00:54:19+00:00","breadcrumb":{"@id":"https:\/\/artsnb.ca\/web\/2016\/07\/5-choses-quil-faut-savoir-a-propos-du-festival-506\/?lang=fr#breadcrumb"},"inLanguage":"en-US","potentialAction":[{"@type":"ReadAction","target":["https:\/\/artsnb.ca\/web\/2016\/07\/5-choses-quil-faut-savoir-a-propos-du-festival-506\/?lang=fr"]}]},{"@type":"ImageObject","inLanguage":"en-US","@id":"https:\/\/artsnb.ca\/web\/2016\/07\/5-choses-quil-faut-savoir-a-propos-du-festival-506\/?lang=fr#primaryimage","url":"https:\/\/artsnb.ca\/web\/wp-content\/uploads\/2019\/07\/artsnb-logo-vertical-web-01.png","contentUrl":"https:\/\/artsnb.ca\/web\/wp-content\/uploads\/2019\/07\/artsnb-logo-vertical-web-01.png","width":452,"height":326},{"@type":"BreadcrumbList","@id":"https:\/\/artsnb.ca\/web\/2016\/07\/5-choses-quil-faut-savoir-a-propos-du-festival-506\/?lang=fr#breadcrumb","itemListElement":[{"@type":"ListItem","position":1,"name":"Home","item":"https:\/\/artsnb.ca\/web\/"},{"@type":"ListItem","position":2,"name":"All News","item":"https:\/\/artsnb.ca\/web\/category\/news\/"},{"@type":"ListItem","position":3,"name":"5 choses qu\u2019il faut savoir \u00e0 propos du Festival (506)"}]},{"@type":"WebSite","@id":"https:\/\/artsnb.ca\/web\/#website","url":"https:\/\/artsnb.ca\/web\/","name":"ArtsNB","description":"EXCELLENCE. PROFESSIONALISM. INNOVATION.","publisher":{"@id":"https:\/\/artsnb.ca\/web\/#organization"},"potentialAction":[{"@type":"SearchAction","target":{"@type":"EntryPoint","urlTemplate":"https:\/\/artsnb.ca\/web\/?s={search_term_string}"},"query-input":{"@type":"PropertyValueSpecification","valueRequired":true,"valueName":"search_term_string"}}],"inLanguage":"en-US"},{"@type":"Organization","@id":"https:\/\/artsnb.ca\/web\/#organization","name":"ArtsNB","url":"https:\/\/artsnb.ca\/web\/","logo":{"@type":"ImageObject","inLanguage":"en-US","@id":"https:\/\/artsnb.ca\/web\/#\/schema\/logo\/image\/","url":"https:\/\/artsnb.ca\/web\/wp-content\/uploads\/2024\/04\/cropped-artsnb-PrimaryLogo-vertical-HiRes-2.jpg","contentUrl":"https:\/\/artsnb.ca\/web\/wp-content\/uploads\/2024\/04\/cropped-artsnb-PrimaryLogo-vertical-HiRes-2.jpg","width":1698,"height":1223,"caption":"ArtsNB"},"image":{"@id":"https:\/\/artsnb.ca\/web\/#\/schema\/logo\/image\/"},"sameAs":["https:\/\/www.facebook.com\/artsnb\/","https:\/\/x.com\/artsnb","https:\/\/www.instagram.com\/artsnb\/"]},{"@type":"Person","@id":"https:\/\/artsnb.ca\/web\/#\/schema\/person\/012ecc8a59328615becff4af8bf0c2b9","name":"R\u00e9anne Cooper","image":{"@type":"ImageObject","inLanguage":"en-US","@id":"https:\/\/secure.gravatar.com\/avatar\/1cb05192fe2229166d3916ce0ac0406517d29a24c32e183e81a0a810836dd14b?s=96&d=mm&r=g","url":"https:\/\/secure.gravatar.com\/avatar\/1cb05192fe2229166d3916ce0ac0406517d29a24c32e183e81a0a810836dd14b?s=96&d=mm&r=g","contentUrl":"https:\/\/secure.gravatar.com\/avatar\/1cb05192fe2229166d3916ce0ac0406517d29a24c32e183e81a0a810836dd14b?s=96&d=mm&r=g","caption":"R\u00e9anne Cooper"},"url":"https:\/\/artsnb.ca\/web\/author\/reanne\/"}]}},"_links":{"self":[{"href":"https:\/\/artsnb.ca\/web\/wp-json\/wp\/v2\/posts\/3686","targetHints":{"allow":["GET"]}}],"collection":[{"href":"https:\/\/artsnb.ca\/web\/wp-json\/wp\/v2\/posts"}],"about":[{"href":"https:\/\/artsnb.ca\/web\/wp-json\/wp\/v2\/types\/post"}],"author":[{"embeddable":true,"href":"https:\/\/artsnb.ca\/web\/wp-json\/wp\/v2\/users\/6"}],"replies":[{"embeddable":true,"href":"https:\/\/artsnb.ca\/web\/wp-json\/wp\/v2\/comments?post=3686"}],"version-history":[{"count":1,"href":"https:\/\/artsnb.ca\/web\/wp-json\/wp\/v2\/posts\/3686\/revisions"}],"predecessor-version":[{"id":4366,"href":"https:\/\/artsnb.ca\/web\/wp-json\/wp\/v2\/posts\/3686\/revisions\/4366"}],"wp:featuredmedia":[{"embeddable":true,"href":"https:\/\/artsnb.ca\/web\/wp-json\/wp\/v2\/media\/199"}],"wp:attachment":[{"href":"https:\/\/artsnb.ca\/web\/wp-json\/wp\/v2\/media?parent=3686"}],"wp:term":[{"taxonomy":"category","embeddable":true,"href":"https:\/\/artsnb.ca\/web\/wp-json\/wp\/v2\/categories?post=3686"},{"taxonomy":"post_tag","embeddable":true,"href":"https:\/\/artsnb.ca\/web\/wp-json\/wp\/v2\/tags?post=3686"}],"curies":[{"name":"wp","href":"https:\/\/api.w.org\/{rel}","templated":true}]}}