{"id":3687,"date":"2016-07-12T00:00:00","date_gmt":"2016-07-12T00:00:00","guid":{"rendered":"https:\/\/staging-artsnb.weavercrawford.com\/une-reflexion-sur-la-reunion-opsac\/"},"modified":"2019-11-07T00:54:19","modified_gmt":"2019-11-07T00:54:19","slug":"une-reflexion-sur-la-reunion-opsac","status":"publish","type":"post","link":"https:\/\/artsnb.ca\/web\/2016\/07\/une-reflexion-sur-la-reunion-opsac\/?lang=fr","title":{"rendered":"Une r\u00e9flexion sur la r\u00e9union OPSAC"},"content":{"rendered":"<p style=\"text-align: center;\"><strong>Une r\u00e9flexion sur la r\u00e9union OPSAC<\/strong><\/p>\n<p style=\"text-align: center;\">Par Mariah Sockabasin<\/p>\n<p style=\"text-align: center;\"><img loading=\"lazy\" decoding=\"async\" width=\"300\" height=\"225\" class=\"wp-image-4809 size-medium alignleft\" src=\"https:\/\/artsnb.ca\/web\/wp-content\/uploads\/2019\/09\/IMG_20160705_120930-300x225.jpg\"><img loading=\"lazy\" decoding=\"async\" width=\"300\" height=\"225\" class=\"alignright wp-image-4808 size-medium\" src=\"https:\/\/artsnb.ca\/web\/wp-content\/uploads\/2019\/09\/IMG_20160629_214331-300x225.jpg\"><\/p>\n<p>&nbsp;<\/p>\n<p>&nbsp;<\/p>\n<p>&nbsp;<\/p>\n<p>&nbsp;<\/p>\n<p>&nbsp;<\/p>\n<p>&nbsp;<\/p>\n<p>&nbsp;<\/p>\n<p>&nbsp;<\/p>\n<p>J\u2019ai eu le plaisir de repr\u00e9senter <strong>artsnb<\/strong> \u00e0 la r\u00e9union des Organismes publics de soutien aux arts du Canada (OPSAC) \u00e0 Ottawa la semaine derni\u00e8re. Le sujet principal de la r\u00e9union \u00e9tait le suivant&nbsp;: \u00ab&nbsp;Les arts autochtones et la r\u00e9conciliation&nbsp;\u00bb. Nous avons discut\u00e9 notre r\u00f4le comme organismes publics de soutien aux arts dans le mandat \u00ab&nbsp;<em>La v\u00e9rit\u00e9 et la r\u00e9conciliation&nbsp;: les appels \u00e0 l\u2019action<\/em>&nbsp;\u00bb. &nbsp;Les discussions ont port\u00e9 sur ce que nous faisons pour mettre en \u0153uvre ce mandat&nbsp;et ce que nous pourrions faire de plus. Lorsque j\u2019ai appris que je voyagerais \u00e0 Ottawa pour repr\u00e9senter <strong>arstnb<\/strong>, j\u2019\u00e9tais \u00e0 la fois nerveuse et enthousiaste. J\u2019\u00e9tais inqui\u00e8te parce que je n\u2019\u00e9tais pas certaine que j\u2019\u00e9tais pr\u00eate \u00e0 accepter un r\u00f4le de telle importance, et aussi parce que le sujet dont nous discuterions me touche de pr\u00e8s. D\u2019autre part, j\u2019\u00e9tais enthousiaste parce que je savais que la r\u00e9union serait une excellente opportunit\u00e9 pour apprendre et grandir comme individu, et que j\u2019aurais l\u2019occasion de ramener mes nouvelles connaissances au Nouveau-Brunswick, au Conseil des arts et au-del\u00e0.<\/p>\n<p>J\u2019ai eu l\u2019honneur d\u2019\u00e9couter les conf\u00e9renciers invit\u00e9s suivants&nbsp;: Ellen Gabriel, Dr. Niigaanwewidam Sinclair et Ryan McMahon. Chacun a apport\u00e9 ses propres perspectifs et a aid\u00e9 \u00e0 donner le ton pour les deux jours suivants. Leurs paroles m\u2019ont inspir\u00e9es; je les ai \u00e9cout\u00e9es mot \u00e0 mot, toujours esp\u00e9rant retenir les connaissances que ces gens tellement \u00e9duqu\u00e9s et respect\u00e9s \u00e9taient en train de partager.<\/p>\n<p>J\u2019ai appris que chacune et chacun d\u2019entre nous a un r\u00f4le \u00e0 jouer dans le processus de r\u00e9conciliation. C\u2019est \u00e0 nous tous, non seulement comme nation mais comme individus, de cr\u00e9er un Canada renouvel\u00e9. Il faut se demander&nbsp;: que faites-<u>vous<\/u> pour r\u00e9concilier notre pays? Les changements commencent avec nous autres, au niveau individuel. Partagez vos connaissances, sans l\u2019ignorance ni la discrimination. Nous pouvons enseigner nos enfants d\u2019une mani\u00e8re diff\u00e9rente; nous pouvons les enseigner l\u2019amour et l\u2019acceptation. Nous serons v\u00e9ritablement r\u00e9concili\u00e9s seulement par ces efforts \u2013 par nos enfants et par leurs enfants.<\/p>\n<p>Je suis reconnaissante de cette exp\u00e9rience, et je suis fi\u00e8re d\u2019affirmer qu\u2019<strong>artsnb<\/strong> est d\u00e9j\u00e0 en bonne voie d\u2019atteindre une relation renouvel\u00e9e avec ses communaut\u00e9s autochtones. Nous faisons d\u00e9j\u00e0 beaucoup ici pour les artistes autochtones et nous sommes toujours ouverts aux suggestions pour am\u00e9liorer nos programmes de financement des arts. C\u2019est la raison que nous utilisons maintenant la D\u00e9claration des Nations Unies sur les droits des peuples autochtones comme outil pour assurer le financement propre et respectueux dans nos programmes et nos projets propos\u00e9s qui impliquent la culture autochtone. Nous comprenons que certaines choses sont consid\u00e9r\u00e9es sacr\u00e9es et nous voulons prendre des pr\u00e9cautions pour assurer que nous ne finan\u00e7ons pas les projets qui sont peut-\u00eatre culturellement inappropri\u00e9s sans le savoir.<\/p>\n<p>Dans le pass\u00e9 je me sentais tellement impuissante, sans aucune id\u00e9e de ce que je pouvais faire pour aider avec le processus de r\u00e9conciliation. Je sais maintenant que nous avons tous le pouvoir de changer le monde, pourvu que nous ayons le courage. Nous pouvons donner l\u2019exemple avec la bont\u00e9; nous pouvons \u00e9couter attentivement; nous pouvons r\u00e9fl\u00e9chir avant de parler; nous pouvons enseigner ceux qui n\u2019ont pas les m\u00eames connaissances; et nous pouvons nous montrer patients et compr\u00e9hensifs, m\u00eame quand \u00e7a nous semble impossible.<\/p>\n<p style=\"text-align: center;\">Woliwon. Thank you. Merci.<\/p>\n<p>&nbsp;<\/p>\n","protected":false},"excerpt":{"rendered":"<p>Une r\u00e9flexion sur la r\u00e9union OPSAC Par Mariah Sockabasin &nbsp; &nbsp; &nbsp; &nbsp; &nbsp; &nbsp; &nbsp; &nbsp; J\u2019ai eu le plaisir de repr\u00e9senter artsnb \u00e0 la r\u00e9union des Organismes publics de soutien aux arts du Canada (OPSAC) \u00e0 Ottawa la semaine derni\u00e8re. Le sujet principal de la r\u00e9union \u00e9tait le suivant&nbsp;: \u00ab&nbsp;Les arts autochtones et<\/p>\n","protected":false},"author":6,"featured_media":4318,"comment_status":"open","ping_status":"open","sticky":false,"template":"","format":"standard","meta":{"_acf_changed":false,"footnotes":""},"categories":[53],"tags":[],"class_list":["post-3687","post","type-post","status-publish","format-standard","has-post-thumbnail","hentry","category-nouvelles"],"acf":[],"yoast_head":"<!-- This site is optimized with the Yoast SEO plugin v27.5 - https:\/\/yoast.com\/product\/yoast-seo-wordpress\/ -->\n<title>Une r\u00e9flexion sur la r\u00e9union OPSAC - ArtsNB<\/title>\n<meta name=\"robots\" content=\"index, follow, max-snippet:-1, max-image-preview:large, max-video-preview:-1\" \/>\n<link rel=\"canonical\" href=\"https:\/\/artsnb.ca\/web\/2016\/07\/une-reflexion-sur-la-reunion-opsac\/\" \/>\n<meta property=\"og:locale\" content=\"en_US\" \/>\n<meta property=\"og:type\" content=\"article\" \/>\n<meta property=\"og:title\" content=\"Une r\u00e9flexion sur la r\u00e9union OPSAC - ArtsNB\" \/>\n<meta property=\"og:description\" content=\"Une r\u00e9flexion sur la r\u00e9union OPSAC Par Mariah Sockabasin &nbsp; &nbsp; &nbsp; &nbsp; &nbsp; &nbsp; &nbsp; &nbsp; J\u2019ai eu le plaisir de repr\u00e9senter artsnb \u00e0 la r\u00e9union des Organismes publics de soutien aux arts du Canada (OPSAC) \u00e0 Ottawa la semaine derni\u00e8re. Le sujet principal de la r\u00e9union \u00e9tait le suivant&nbsp;: \u00ab&nbsp;Les arts autochtones et\" \/>\n<meta property=\"og:url\" content=\"https:\/\/artsnb.ca\/web\/2016\/07\/une-reflexion-sur-la-reunion-opsac\/?lang=fr\" \/>\n<meta property=\"og:site_name\" content=\"ArtsNB\" \/>\n<meta property=\"article:publisher\" content=\"https:\/\/www.facebook.com\/artsnb\/\" \/>\n<meta property=\"article:published_time\" content=\"2016-07-12T00:00:00+00:00\" \/>\n<meta property=\"article:modified_time\" content=\"2019-11-07T00:54:19+00:00\" \/>\n<meta property=\"og:image\" content=\"https:\/\/artsnb.ca\/web\/wp-content\/uploads\/2019\/10\/vertical-red-logo_copy2.jpg\" \/>\n\t<meta property=\"og:image:width\" content=\"705\" \/>\n\t<meta property=\"og:image:height\" content=\"565\" \/>\n\t<meta property=\"og:image:type\" content=\"image\/jpeg\" \/>\n<meta name=\"author\" content=\"R\u00e9anne Cooper\" \/>\n<meta name=\"twitter:card\" content=\"summary_large_image\" \/>\n<meta name=\"twitter:creator\" content=\"@artsnb\" \/>\n<meta name=\"twitter:site\" content=\"@artsnb\" \/>\n<meta name=\"twitter:label1\" content=\"Written by\" \/>\n\t<meta name=\"twitter:data1\" content=\"R\u00e9anne Cooper\" \/>\n\t<meta name=\"twitter:label2\" content=\"Est. reading time\" \/>\n\t<meta name=\"twitter:data2\" content=\"3 minutes\" \/>\n<script type=\"application\/ld+json\" class=\"yoast-schema-graph\">{\"@context\":\"https:\\\/\\\/schema.org\",\"@graph\":[{\"@type\":\"Article\",\"@id\":\"https:\\\/\\\/artsnb.ca\\\/web\\\/2016\\\/07\\\/une-reflexion-sur-la-reunion-opsac\\\/?lang=fr#article\",\"isPartOf\":{\"@id\":\"https:\\\/\\\/artsnb.ca\\\/web\\\/2016\\\/07\\\/une-reflexion-sur-la-reunion-opsac\\\/?lang=fr\"},\"author\":{\"name\":\"R\u00e9anne Cooper\",\"@id\":\"https:\\\/\\\/artsnb.ca\\\/web\\\/#\\\/schema\\\/person\\\/012ecc8a59328615becff4af8bf0c2b9\"},\"headline\":\"Une r\u00e9flexion sur la r\u00e9union OPSAC\",\"datePublished\":\"2016-07-12T00:00:00+00:00\",\"dateModified\":\"2019-11-07T00:54:19+00:00\",\"mainEntityOfPage\":{\"@id\":\"https:\\\/\\\/artsnb.ca\\\/web\\\/2016\\\/07\\\/une-reflexion-sur-la-reunion-opsac\\\/?lang=fr\"},\"wordCount\":643,\"commentCount\":0,\"publisher\":{\"@id\":\"https:\\\/\\\/artsnb.ca\\\/web\\\/#organization\"},\"image\":{\"@id\":\"https:\\\/\\\/artsnb.ca\\\/web\\\/2016\\\/07\\\/une-reflexion-sur-la-reunion-opsac\\\/?lang=fr#primaryimage\"},\"thumbnailUrl\":\"https:\\\/\\\/artsnb.ca\\\/web\\\/wp-content\\\/uploads\\\/2019\\\/10\\\/vertical-red-logo_copy2.jpg\",\"articleSection\":[\"Toutes les Nouvelles\"],\"inLanguage\":\"en-US\",\"potentialAction\":[{\"@type\":\"CommentAction\",\"name\":\"Comment\",\"target\":[\"https:\\\/\\\/artsnb.ca\\\/web\\\/2016\\\/07\\\/une-reflexion-sur-la-reunion-opsac\\\/?lang=fr#respond\"]}]},{\"@type\":\"WebPage\",\"@id\":\"https:\\\/\\\/artsnb.ca\\\/web\\\/2016\\\/07\\\/une-reflexion-sur-la-reunion-opsac\\\/?lang=fr\",\"url\":\"https:\\\/\\\/artsnb.ca\\\/web\\\/2016\\\/07\\\/une-reflexion-sur-la-reunion-opsac\\\/?lang=fr\",\"name\":\"Une r\u00e9flexion sur la r\u00e9union OPSAC - ArtsNB\",\"isPartOf\":{\"@id\":\"https:\\\/\\\/artsnb.ca\\\/web\\\/#website\"},\"primaryImageOfPage\":{\"@id\":\"https:\\\/\\\/artsnb.ca\\\/web\\\/2016\\\/07\\\/une-reflexion-sur-la-reunion-opsac\\\/?lang=fr#primaryimage\"},\"image\":{\"@id\":\"https:\\\/\\\/artsnb.ca\\\/web\\\/2016\\\/07\\\/une-reflexion-sur-la-reunion-opsac\\\/?lang=fr#primaryimage\"},\"thumbnailUrl\":\"https:\\\/\\\/artsnb.ca\\\/web\\\/wp-content\\\/uploads\\\/2019\\\/10\\\/vertical-red-logo_copy2.jpg\",\"datePublished\":\"2016-07-12T00:00:00+00:00\",\"dateModified\":\"2019-11-07T00:54:19+00:00\",\"breadcrumb\":{\"@id\":\"https:\\\/\\\/artsnb.ca\\\/web\\\/2016\\\/07\\\/une-reflexion-sur-la-reunion-opsac\\\/?lang=fr#breadcrumb\"},\"inLanguage\":\"en-US\",\"potentialAction\":[{\"@type\":\"ReadAction\",\"target\":[\"https:\\\/\\\/artsnb.ca\\\/web\\\/2016\\\/07\\\/une-reflexion-sur-la-reunion-opsac\\\/?lang=fr\"]}]},{\"@type\":\"ImageObject\",\"inLanguage\":\"en-US\",\"@id\":\"https:\\\/\\\/artsnb.ca\\\/web\\\/2016\\\/07\\\/une-reflexion-sur-la-reunion-opsac\\\/?lang=fr#primaryimage\",\"url\":\"https:\\\/\\\/artsnb.ca\\\/web\\\/wp-content\\\/uploads\\\/2019\\\/10\\\/vertical-red-logo_copy2.jpg\",\"contentUrl\":\"https:\\\/\\\/artsnb.ca\\\/web\\\/wp-content\\\/uploads\\\/2019\\\/10\\\/vertical-red-logo_copy2.jpg\",\"width\":705,\"height\":565},{\"@type\":\"BreadcrumbList\",\"@id\":\"https:\\\/\\\/artsnb.ca\\\/web\\\/2016\\\/07\\\/une-reflexion-sur-la-reunion-opsac\\\/?lang=fr#breadcrumb\",\"itemListElement\":[{\"@type\":\"ListItem\",\"position\":1,\"name\":\"Home\",\"item\":\"https:\\\/\\\/artsnb.ca\\\/web\\\/\"},{\"@type\":\"ListItem\",\"position\":2,\"name\":\"All News\",\"item\":\"https:\\\/\\\/artsnb.ca\\\/web\\\/category\\\/news\\\/\"},{\"@type\":\"ListItem\",\"position\":3,\"name\":\"Une r\u00e9flexion sur la r\u00e9union OPSAC\"}]},{\"@type\":\"WebSite\",\"@id\":\"https:\\\/\\\/artsnb.ca\\\/web\\\/#website\",\"url\":\"https:\\\/\\\/artsnb.ca\\\/web\\\/\",\"name\":\"ArtsNB\",\"description\":\"EXCELLENCE. PROFESSIONALISM. INNOVATION.\",\"publisher\":{\"@id\":\"https:\\\/\\\/artsnb.ca\\\/web\\\/#organization\"},\"potentialAction\":[{\"@type\":\"SearchAction\",\"target\":{\"@type\":\"EntryPoint\",\"urlTemplate\":\"https:\\\/\\\/artsnb.ca\\\/web\\\/?s={search_term_string}\"},\"query-input\":{\"@type\":\"PropertyValueSpecification\",\"valueRequired\":true,\"valueName\":\"search_term_string\"}}],\"inLanguage\":\"en-US\"},{\"@type\":\"Organization\",\"@id\":\"https:\\\/\\\/artsnb.ca\\\/web\\\/#organization\",\"name\":\"ArtsNB\",\"url\":\"https:\\\/\\\/artsnb.ca\\\/web\\\/\",\"logo\":{\"@type\":\"ImageObject\",\"inLanguage\":\"en-US\",\"@id\":\"https:\\\/\\\/artsnb.ca\\\/web\\\/#\\\/schema\\\/logo\\\/image\\\/\",\"url\":\"https:\\\/\\\/artsnb.ca\\\/web\\\/wp-content\\\/uploads\\\/2024\\\/04\\\/cropped-artsnb-PrimaryLogo-vertical-HiRes-2.jpg\",\"contentUrl\":\"https:\\\/\\\/artsnb.ca\\\/web\\\/wp-content\\\/uploads\\\/2024\\\/04\\\/cropped-artsnb-PrimaryLogo-vertical-HiRes-2.jpg\",\"width\":1698,\"height\":1223,\"caption\":\"ArtsNB\"},\"image\":{\"@id\":\"https:\\\/\\\/artsnb.ca\\\/web\\\/#\\\/schema\\\/logo\\\/image\\\/\"},\"sameAs\":[\"https:\\\/\\\/www.facebook.com\\\/artsnb\\\/\",\"https:\\\/\\\/x.com\\\/artsnb\",\"https:\\\/\\\/www.instagram.com\\\/artsnb\\\/\"]},{\"@type\":\"Person\",\"@id\":\"https:\\\/\\\/artsnb.ca\\\/web\\\/#\\\/schema\\\/person\\\/012ecc8a59328615becff4af8bf0c2b9\",\"name\":\"R\u00e9anne Cooper\",\"image\":{\"@type\":\"ImageObject\",\"inLanguage\":\"en-US\",\"@id\":\"https:\\\/\\\/secure.gravatar.com\\\/avatar\\\/1cb05192fe2229166d3916ce0ac0406517d29a24c32e183e81a0a810836dd14b?s=96&d=mm&r=g\",\"url\":\"https:\\\/\\\/secure.gravatar.com\\\/avatar\\\/1cb05192fe2229166d3916ce0ac0406517d29a24c32e183e81a0a810836dd14b?s=96&d=mm&r=g\",\"contentUrl\":\"https:\\\/\\\/secure.gravatar.com\\\/avatar\\\/1cb05192fe2229166d3916ce0ac0406517d29a24c32e183e81a0a810836dd14b?s=96&d=mm&r=g\",\"caption\":\"R\u00e9anne Cooper\"},\"url\":\"https:\\\/\\\/artsnb.ca\\\/web\\\/author\\\/reanne\\\/\"}]}<\/script>\n<!-- \/ Yoast SEO plugin. -->","yoast_head_json":{"title":"Une r\u00e9flexion sur la r\u00e9union OPSAC - ArtsNB","robots":{"index":"index","follow":"follow","max-snippet":"max-snippet:-1","max-image-preview":"max-image-preview:large","max-video-preview":"max-video-preview:-1"},"canonical":"https:\/\/artsnb.ca\/web\/2016\/07\/une-reflexion-sur-la-reunion-opsac\/","og_locale":"en_US","og_type":"article","og_title":"Une r\u00e9flexion sur la r\u00e9union OPSAC - ArtsNB","og_description":"Une r\u00e9flexion sur la r\u00e9union OPSAC Par Mariah Sockabasin &nbsp; &nbsp; &nbsp; &nbsp; &nbsp; &nbsp; &nbsp; &nbsp; J\u2019ai eu le plaisir de repr\u00e9senter artsnb \u00e0 la r\u00e9union des Organismes publics de soutien aux arts du Canada (OPSAC) \u00e0 Ottawa la semaine derni\u00e8re. Le sujet principal de la r\u00e9union \u00e9tait le suivant&nbsp;: \u00ab&nbsp;Les arts autochtones et","og_url":"https:\/\/artsnb.ca\/web\/2016\/07\/une-reflexion-sur-la-reunion-opsac\/?lang=fr","og_site_name":"ArtsNB","article_publisher":"https:\/\/www.facebook.com\/artsnb\/","article_published_time":"2016-07-12T00:00:00+00:00","article_modified_time":"2019-11-07T00:54:19+00:00","og_image":[{"width":705,"height":565,"url":"https:\/\/artsnb.ca\/web\/wp-content\/uploads\/2019\/10\/vertical-red-logo_copy2.jpg","type":"image\/jpeg"}],"author":"R\u00e9anne Cooper","twitter_card":"summary_large_image","twitter_creator":"@artsnb","twitter_site":"@artsnb","twitter_misc":{"Written by":"R\u00e9anne Cooper","Est. reading time":"3 minutes"},"schema":{"@context":"https:\/\/schema.org","@graph":[{"@type":"Article","@id":"https:\/\/artsnb.ca\/web\/2016\/07\/une-reflexion-sur-la-reunion-opsac\/?lang=fr#article","isPartOf":{"@id":"https:\/\/artsnb.ca\/web\/2016\/07\/une-reflexion-sur-la-reunion-opsac\/?lang=fr"},"author":{"name":"R\u00e9anne Cooper","@id":"https:\/\/artsnb.ca\/web\/#\/schema\/person\/012ecc8a59328615becff4af8bf0c2b9"},"headline":"Une r\u00e9flexion sur la r\u00e9union OPSAC","datePublished":"2016-07-12T00:00:00+00:00","dateModified":"2019-11-07T00:54:19+00:00","mainEntityOfPage":{"@id":"https:\/\/artsnb.ca\/web\/2016\/07\/une-reflexion-sur-la-reunion-opsac\/?lang=fr"},"wordCount":643,"commentCount":0,"publisher":{"@id":"https:\/\/artsnb.ca\/web\/#organization"},"image":{"@id":"https:\/\/artsnb.ca\/web\/2016\/07\/une-reflexion-sur-la-reunion-opsac\/?lang=fr#primaryimage"},"thumbnailUrl":"https:\/\/artsnb.ca\/web\/wp-content\/uploads\/2019\/10\/vertical-red-logo_copy2.jpg","articleSection":["Toutes les Nouvelles"],"inLanguage":"en-US","potentialAction":[{"@type":"CommentAction","name":"Comment","target":["https:\/\/artsnb.ca\/web\/2016\/07\/une-reflexion-sur-la-reunion-opsac\/?lang=fr#respond"]}]},{"@type":"WebPage","@id":"https:\/\/artsnb.ca\/web\/2016\/07\/une-reflexion-sur-la-reunion-opsac\/?lang=fr","url":"https:\/\/artsnb.ca\/web\/2016\/07\/une-reflexion-sur-la-reunion-opsac\/?lang=fr","name":"Une r\u00e9flexion sur la r\u00e9union OPSAC - ArtsNB","isPartOf":{"@id":"https:\/\/artsnb.ca\/web\/#website"},"primaryImageOfPage":{"@id":"https:\/\/artsnb.ca\/web\/2016\/07\/une-reflexion-sur-la-reunion-opsac\/?lang=fr#primaryimage"},"image":{"@id":"https:\/\/artsnb.ca\/web\/2016\/07\/une-reflexion-sur-la-reunion-opsac\/?lang=fr#primaryimage"},"thumbnailUrl":"https:\/\/artsnb.ca\/web\/wp-content\/uploads\/2019\/10\/vertical-red-logo_copy2.jpg","datePublished":"2016-07-12T00:00:00+00:00","dateModified":"2019-11-07T00:54:19+00:00","breadcrumb":{"@id":"https:\/\/artsnb.ca\/web\/2016\/07\/une-reflexion-sur-la-reunion-opsac\/?lang=fr#breadcrumb"},"inLanguage":"en-US","potentialAction":[{"@type":"ReadAction","target":["https:\/\/artsnb.ca\/web\/2016\/07\/une-reflexion-sur-la-reunion-opsac\/?lang=fr"]}]},{"@type":"ImageObject","inLanguage":"en-US","@id":"https:\/\/artsnb.ca\/web\/2016\/07\/une-reflexion-sur-la-reunion-opsac\/?lang=fr#primaryimage","url":"https:\/\/artsnb.ca\/web\/wp-content\/uploads\/2019\/10\/vertical-red-logo_copy2.jpg","contentUrl":"https:\/\/artsnb.ca\/web\/wp-content\/uploads\/2019\/10\/vertical-red-logo_copy2.jpg","width":705,"height":565},{"@type":"BreadcrumbList","@id":"https:\/\/artsnb.ca\/web\/2016\/07\/une-reflexion-sur-la-reunion-opsac\/?lang=fr#breadcrumb","itemListElement":[{"@type":"ListItem","position":1,"name":"Home","item":"https:\/\/artsnb.ca\/web\/"},{"@type":"ListItem","position":2,"name":"All News","item":"https:\/\/artsnb.ca\/web\/category\/news\/"},{"@type":"ListItem","position":3,"name":"Une r\u00e9flexion sur la r\u00e9union OPSAC"}]},{"@type":"WebSite","@id":"https:\/\/artsnb.ca\/web\/#website","url":"https:\/\/artsnb.ca\/web\/","name":"ArtsNB","description":"EXCELLENCE. PROFESSIONALISM. INNOVATION.","publisher":{"@id":"https:\/\/artsnb.ca\/web\/#organization"},"potentialAction":[{"@type":"SearchAction","target":{"@type":"EntryPoint","urlTemplate":"https:\/\/artsnb.ca\/web\/?s={search_term_string}"},"query-input":{"@type":"PropertyValueSpecification","valueRequired":true,"valueName":"search_term_string"}}],"inLanguage":"en-US"},{"@type":"Organization","@id":"https:\/\/artsnb.ca\/web\/#organization","name":"ArtsNB","url":"https:\/\/artsnb.ca\/web\/","logo":{"@type":"ImageObject","inLanguage":"en-US","@id":"https:\/\/artsnb.ca\/web\/#\/schema\/logo\/image\/","url":"https:\/\/artsnb.ca\/web\/wp-content\/uploads\/2024\/04\/cropped-artsnb-PrimaryLogo-vertical-HiRes-2.jpg","contentUrl":"https:\/\/artsnb.ca\/web\/wp-content\/uploads\/2024\/04\/cropped-artsnb-PrimaryLogo-vertical-HiRes-2.jpg","width":1698,"height":1223,"caption":"ArtsNB"},"image":{"@id":"https:\/\/artsnb.ca\/web\/#\/schema\/logo\/image\/"},"sameAs":["https:\/\/www.facebook.com\/artsnb\/","https:\/\/x.com\/artsnb","https:\/\/www.instagram.com\/artsnb\/"]},{"@type":"Person","@id":"https:\/\/artsnb.ca\/web\/#\/schema\/person\/012ecc8a59328615becff4af8bf0c2b9","name":"R\u00e9anne Cooper","image":{"@type":"ImageObject","inLanguage":"en-US","@id":"https:\/\/secure.gravatar.com\/avatar\/1cb05192fe2229166d3916ce0ac0406517d29a24c32e183e81a0a810836dd14b?s=96&d=mm&r=g","url":"https:\/\/secure.gravatar.com\/avatar\/1cb05192fe2229166d3916ce0ac0406517d29a24c32e183e81a0a810836dd14b?s=96&d=mm&r=g","contentUrl":"https:\/\/secure.gravatar.com\/avatar\/1cb05192fe2229166d3916ce0ac0406517d29a24c32e183e81a0a810836dd14b?s=96&d=mm&r=g","caption":"R\u00e9anne Cooper"},"url":"https:\/\/artsnb.ca\/web\/author\/reanne\/"}]}},"_links":{"self":[{"href":"https:\/\/artsnb.ca\/web\/wp-json\/wp\/v2\/posts\/3687","targetHints":{"allow":["GET"]}}],"collection":[{"href":"https:\/\/artsnb.ca\/web\/wp-json\/wp\/v2\/posts"}],"about":[{"href":"https:\/\/artsnb.ca\/web\/wp-json\/wp\/v2\/types\/post"}],"author":[{"embeddable":true,"href":"https:\/\/artsnb.ca\/web\/wp-json\/wp\/v2\/users\/6"}],"replies":[{"embeddable":true,"href":"https:\/\/artsnb.ca\/web\/wp-json\/wp\/v2\/comments?post=3687"}],"version-history":[{"count":1,"href":"https:\/\/artsnb.ca\/web\/wp-json\/wp\/v2\/posts\/3687\/revisions"}],"predecessor-version":[{"id":4365,"href":"https:\/\/artsnb.ca\/web\/wp-json\/wp\/v2\/posts\/3687\/revisions\/4365"}],"wp:featuredmedia":[{"embeddable":true,"href":"https:\/\/artsnb.ca\/web\/wp-json\/wp\/v2\/media\/4318"}],"wp:attachment":[{"href":"https:\/\/artsnb.ca\/web\/wp-json\/wp\/v2\/media?parent=3687"}],"wp:term":[{"taxonomy":"category","embeddable":true,"href":"https:\/\/artsnb.ca\/web\/wp-json\/wp\/v2\/categories?post=3687"},{"taxonomy":"post_tag","embeddable":true,"href":"https:\/\/artsnb.ca\/web\/wp-json\/wp\/v2\/tags?post=3687"}],"curies":[{"name":"wp","href":"https:\/\/api.w.org\/{rel}","templated":true}]}}