{"id":3690,"date":"2016-09-26T00:00:00","date_gmt":"2016-09-26T00:00:00","guid":{"rendered":"https:\/\/staging-artsnb.weavercrawford.com\/equinoxe-changements-au-programme-de-renforcement-des-capacites-des-arts-autochtones\/"},"modified":"2019-11-04T19:22:12","modified_gmt":"2019-11-04T19:22:12","slug":"equinoxe-changements-au-programme-de-renforcement-des-capacites-des-arts-autochtones","status":"publish","type":"post","link":"https:\/\/artsnb.ca\/web\/2016\/09\/equinoxe-changements-au-programme-de-renforcement-des-capacites-des-arts-autochtones\/?lang=fr","title":{"rendered":"\u00c9quinoxe: Changements au Programme de renforcement des capacit\u00e9s des arts autochtones"},"content":{"rendered":"<h2>\u00c9quinoxe: Changements au Programme de renforcement des capacit\u00e9s des arts autochtones<\/h2>\n<h3>Par Claire Shiplett, Agente de programmes<\/h3>\n<p>En collaboration avec notre Cercle des a\u00een\u00e9s, <strong>artsnb<\/strong> a modifi\u00e9 le Programme de renforcement des capacit\u00e9s des arts autochtones, maintenant intitul\u00e9 \u201c<strong>\u00c9quinoxe<\/strong>\u201d. Le <span style=\"color: #0000ff;\"><a style=\"color: #0000ff;\" href=\"http:\/\/artsnb.ca\/site\/fr\/programmes\/programme-de-renforcement-des-capacites-des-arts-autochtones\/\" target=\"_blank\" rel=\"noopener noreferrer\">Programme&nbsp;\u00c9quinoxe<\/a><\/span>&nbsp;offre un soutien strat\u00e9gique&nbsp;\u00e0 des groupes&nbsp;artistiques, collectifs et organismes autochtones. Nous sommes heureux d\u2019annoncer que <strong>tous requ\u00e9rants peuvent maintenant soumettre une pr\u00e9sentation orale sur vid\u00e9o d\u2019une minute d\u00e9crivant le projet pour lequel le financement est sollicit\u00e9<\/strong>. Cette option est plus inclusive et assure que tous les requ\u00e9rants peuvent avoir un acc\u00e8s \u00e9gal \u00e0 nos programmes et ressources disponibles. Pour simplifier le processus et pour aider les artistes mieux saisir les objectifs de ce programme, <strong>il existe maintenant trois cat\u00e9gories de subventions<\/strong> (voir les d\u00e9tails ci-dessous): la recherche et le d\u00e9veloppement, la cr\u00e9ation des nouvelles \u0153uvres, et les connections. Notez que <strong>la prochaine date limite est le 15 novembre&nbsp;2016.<\/strong><\/p>\n<p>&nbsp;<\/p>\n<p><strong><img loading=\"lazy\" decoding=\"async\" width=\"300\" height=\"200\" class=\"alignleft size-medium wp-image-4901\" alt=\"leaves\" src=\"https:\/\/artsnb.ca\/web\/wp-content\/uploads\/2019\/09\/leaves-300x200.jpg\">CAT\u00c9GORIE 1 \u2013 La recherche et le d\u00e9veloppement :<\/strong> Cette cat\u00e9gorie du programme \u00c9quinoxe offre aux artistes individuels, curateurs\/curatrices et groupes ad hoc la possibilit\u00e9 de faire des recherches et d&#8217;avancer leur pratique artistique. Les activit\u00e9s admissibles comprennent les ateliers, les mentorats et les r\u00e9sidences. Les fonds peuvent \u00eatre utilis\u00e9s pour couvrir tous les frais et\/ou d\u00e9penses de voyage n\u00e9cessaires jusqu&#8217;au maximum permis. Cette cat\u00e9gorie est ouverte aux artistes et curateurs\/curatrices \u00e9mergent(e)s, en mi-carri\u00e8re, ou \u00e9tabli(e)s qui travaillent dans n\u2019importe quelle discipline artistique.<\/p>\n<p>&nbsp;<\/p>\n<p><strong>CAT\u00c9GORIE 2 \u2013 La cr\u00e9ation des nouvelles \u0153uvres :<\/strong> Cette cat\u00e9gorie du programme \u00c9quinoxe offre du financement pour la cr\u00e9ation de nouvelles \u0153uvres aux artistes individuels, curateurs\/curatrices et groupes ad hoc. La pr\u00e9f\u00e9rence est donn\u00e9e aux projets qui comportent des dialogues culturellement adapt\u00e9s. Les projets seront \u00e9valu\u00e9s selon leur valeur culturelle ainsi que leur m\u00e9rite artistique. Cette cat\u00e9gorie est ouverte aux artistes et curateurs\/curatrices \u00e9mergent(e)s, en mi-carri\u00e8re, ou \u00e9tabli(e)s qui travaillent dans n\u2019importe quelle discipline artistique.<\/p>\n<p>&nbsp;<\/p>\n<p><strong>CAT\u00c9GORIE 3 \u2013 Les connections :<\/strong> Cette cat\u00e9gorie du programme \u00c9quinoxe offre des fonds aux artistes individuels, curateurs\/curatrices et groupes qui entreprennent des projets qui rassemblent les artistes par l&#8217;entremise de conf\u00e9rences, ateliers, rencontres et autres activit\u00e9s qui favorisent les relations, connexions et partenariats renfor\u00e7ant les communaut\u00e9s artistiques autochtones.<\/p>\n<p>&nbsp;<\/p>\n<p><strong><em>Notez que les candidats ne peuvent soumettre leur demande que dans une seule cat\u00e9gorie, et qu&#8217;ils\/elles ne peuvent recevoir qu\u2019une subvention \u00c9quinoxe par ann\u00e9e. <\/em><\/strong><\/p>\n<p><em>&nbsp;<\/em><\/p>\n<p>Pour plus de renseignements sur le Programme \u00c9quinoxe, s\u2019il vous plait visitez <span style=\"color: #0000ff;\"><a style=\"color: #0000ff;\" href=\"http:\/\/artsnb.ca\/site\/fr\/programmes\">http:\/\/artsnb.ca\/site\/fr\/programmes<\/a><\/span> ou<strong> contactez notre Agente de programme, Claire Shiplett, au 506-440-0037 ou <span style=\"color: #0000ff;\"><a style=\"color: #0000ff;\" href=\"mailto:claire@artsnb.ca\" target=\"_blank\" rel=\"noopener noreferrer\">claire@artsnb.ca<\/a><\/span>.<\/strong><\/p>\n","protected":false},"excerpt":{"rendered":"<p>\u00c9quinoxe: Changements au Programme de renforcement des capacit\u00e9s des arts autochtones Par Claire Shiplett, Agente de programmes En collaboration avec notre Cercle des a\u00een\u00e9s, artsnb a modifi\u00e9 le Programme de renforcement des capacit\u00e9s des arts autochtones, maintenant intitul\u00e9 \u201c\u00c9quinoxe\u201d. Le Programme&nbsp;\u00c9quinoxe&nbsp;offre un soutien strat\u00e9gique&nbsp;\u00e0 des groupes&nbsp;artistiques, collectifs et organismes autochtones. Nous sommes heureux d\u2019annoncer que<\/p>\n","protected":false},"author":6,"featured_media":4318,"comment_status":"open","ping_status":"open","sticky":false,"template":"","format":"standard","meta":{"_acf_changed":false,"footnotes":""},"categories":[60,53],"tags":[],"class_list":["post-3690","post","type-post","status-publish","format-standard","has-post-thumbnail","hentry","category-communiques-de-presse","category-nouvelles"],"acf":[],"yoast_head":"<!-- This site is optimized with the Yoast SEO plugin v27.5 - https:\/\/yoast.com\/product\/yoast-seo-wordpress\/ -->\n<title>\u00c9quinoxe: Changements au Programme de renforcement des capacit\u00e9s des arts autochtones - ArtsNB<\/title>\n<meta name=\"robots\" content=\"index, follow, max-snippet:-1, max-image-preview:large, max-video-preview:-1\" \/>\n<link rel=\"canonical\" href=\"https:\/\/artsnb.ca\/web\/2016\/09\/equinoxe-changements-au-programme-de-renforcement-des-capacites-des-arts-autochtones\/\" \/>\n<meta property=\"og:locale\" content=\"en_US\" \/>\n<meta property=\"og:type\" content=\"article\" \/>\n<meta property=\"og:title\" content=\"\u00c9quinoxe: Changements au Programme de renforcement des capacit\u00e9s des arts autochtones - ArtsNB\" \/>\n<meta property=\"og:description\" content=\"\u00c9quinoxe: Changements au Programme de renforcement des capacit\u00e9s des arts autochtones Par Claire Shiplett, Agente de programmes En collaboration avec notre Cercle des a\u00een\u00e9s, artsnb a modifi\u00e9 le Programme de renforcement des capacit\u00e9s des arts autochtones, maintenant intitul\u00e9 \u201c\u00c9quinoxe\u201d. Le Programme&nbsp;\u00c9quinoxe&nbsp;offre un soutien strat\u00e9gique&nbsp;\u00e0 des groupes&nbsp;artistiques, collectifs et organismes autochtones. Nous sommes heureux d\u2019annoncer que\" \/>\n<meta property=\"og:url\" content=\"https:\/\/artsnb.ca\/web\/2016\/09\/equinoxe-changements-au-programme-de-renforcement-des-capacites-des-arts-autochtones\/?lang=fr\" \/>\n<meta property=\"og:site_name\" content=\"ArtsNB\" \/>\n<meta property=\"article:publisher\" content=\"https:\/\/www.facebook.com\/artsnb\/\" \/>\n<meta property=\"article:published_time\" content=\"2016-09-26T00:00:00+00:00\" \/>\n<meta property=\"article:modified_time\" content=\"2019-11-04T19:22:12+00:00\" \/>\n<meta property=\"og:image\" content=\"https:\/\/artsnb.ca\/web\/wp-content\/uploads\/2019\/10\/vertical-red-logo_copy2.jpg\" \/>\n\t<meta property=\"og:image:width\" content=\"705\" \/>\n\t<meta property=\"og:image:height\" content=\"565\" \/>\n\t<meta property=\"og:image:type\" content=\"image\/jpeg\" \/>\n<meta name=\"author\" content=\"R\u00e9anne Cooper\" \/>\n<meta name=\"twitter:card\" content=\"summary_large_image\" \/>\n<meta name=\"twitter:creator\" content=\"@artsnb\" \/>\n<meta name=\"twitter:site\" content=\"@artsnb\" \/>\n<meta name=\"twitter:label1\" content=\"Written by\" \/>\n\t<meta name=\"twitter:data1\" content=\"R\u00e9anne Cooper\" \/>\n\t<meta name=\"twitter:label2\" content=\"Est. reading time\" \/>\n\t<meta name=\"twitter:data2\" content=\"2 minutes\" \/>\n<script type=\"application\/ld+json\" class=\"yoast-schema-graph\">{\"@context\":\"https:\\\/\\\/schema.org\",\"@graph\":[{\"@type\":\"Article\",\"@id\":\"https:\\\/\\\/artsnb.ca\\\/web\\\/2016\\\/09\\\/equinoxe-changements-au-programme-de-renforcement-des-capacites-des-arts-autochtones\\\/?lang=fr#article\",\"isPartOf\":{\"@id\":\"https:\\\/\\\/artsnb.ca\\\/web\\\/2016\\\/09\\\/equinoxe-changements-au-programme-de-renforcement-des-capacites-des-arts-autochtones\\\/?lang=fr\"},\"author\":{\"name\":\"R\u00e9anne Cooper\",\"@id\":\"https:\\\/\\\/artsnb.ca\\\/web\\\/#\\\/schema\\\/person\\\/012ecc8a59328615becff4af8bf0c2b9\"},\"headline\":\"\u00c9quinoxe: Changements au Programme de renforcement des capacit\u00e9s des arts autochtones\",\"datePublished\":\"2016-09-26T00:00:00+00:00\",\"dateModified\":\"2019-11-04T19:22:12+00:00\",\"mainEntityOfPage\":{\"@id\":\"https:\\\/\\\/artsnb.ca\\\/web\\\/2016\\\/09\\\/equinoxe-changements-au-programme-de-renforcement-des-capacites-des-arts-autochtones\\\/?lang=fr\"},\"wordCount\":497,\"commentCount\":0,\"publisher\":{\"@id\":\"https:\\\/\\\/artsnb.ca\\\/web\\\/#organization\"},\"image\":{\"@id\":\"https:\\\/\\\/artsnb.ca\\\/web\\\/2016\\\/09\\\/equinoxe-changements-au-programme-de-renforcement-des-capacites-des-arts-autochtones\\\/?lang=fr#primaryimage\"},\"thumbnailUrl\":\"https:\\\/\\\/artsnb.ca\\\/web\\\/wp-content\\\/uploads\\\/2019\\\/10\\\/vertical-red-logo_copy2.jpg\",\"articleSection\":[\"Communiqu\u00e9s de presse\",\"Toutes les Nouvelles\"],\"inLanguage\":\"en-US\",\"potentialAction\":[{\"@type\":\"CommentAction\",\"name\":\"Comment\",\"target\":[\"https:\\\/\\\/artsnb.ca\\\/web\\\/2016\\\/09\\\/equinoxe-changements-au-programme-de-renforcement-des-capacites-des-arts-autochtones\\\/?lang=fr#respond\"]}]},{\"@type\":\"WebPage\",\"@id\":\"https:\\\/\\\/artsnb.ca\\\/web\\\/2016\\\/09\\\/equinoxe-changements-au-programme-de-renforcement-des-capacites-des-arts-autochtones\\\/?lang=fr\",\"url\":\"https:\\\/\\\/artsnb.ca\\\/web\\\/2016\\\/09\\\/equinoxe-changements-au-programme-de-renforcement-des-capacites-des-arts-autochtones\\\/?lang=fr\",\"name\":\"\u00c9quinoxe: Changements au Programme de renforcement des capacit\u00e9s des arts autochtones - ArtsNB\",\"isPartOf\":{\"@id\":\"https:\\\/\\\/artsnb.ca\\\/web\\\/#website\"},\"primaryImageOfPage\":{\"@id\":\"https:\\\/\\\/artsnb.ca\\\/web\\\/2016\\\/09\\\/equinoxe-changements-au-programme-de-renforcement-des-capacites-des-arts-autochtones\\\/?lang=fr#primaryimage\"},\"image\":{\"@id\":\"https:\\\/\\\/artsnb.ca\\\/web\\\/2016\\\/09\\\/equinoxe-changements-au-programme-de-renforcement-des-capacites-des-arts-autochtones\\\/?lang=fr#primaryimage\"},\"thumbnailUrl\":\"https:\\\/\\\/artsnb.ca\\\/web\\\/wp-content\\\/uploads\\\/2019\\\/10\\\/vertical-red-logo_copy2.jpg\",\"datePublished\":\"2016-09-26T00:00:00+00:00\",\"dateModified\":\"2019-11-04T19:22:12+00:00\",\"breadcrumb\":{\"@id\":\"https:\\\/\\\/artsnb.ca\\\/web\\\/2016\\\/09\\\/equinoxe-changements-au-programme-de-renforcement-des-capacites-des-arts-autochtones\\\/?lang=fr#breadcrumb\"},\"inLanguage\":\"en-US\",\"potentialAction\":[{\"@type\":\"ReadAction\",\"target\":[\"https:\\\/\\\/artsnb.ca\\\/web\\\/2016\\\/09\\\/equinoxe-changements-au-programme-de-renforcement-des-capacites-des-arts-autochtones\\\/?lang=fr\"]}]},{\"@type\":\"ImageObject\",\"inLanguage\":\"en-US\",\"@id\":\"https:\\\/\\\/artsnb.ca\\\/web\\\/2016\\\/09\\\/equinoxe-changements-au-programme-de-renforcement-des-capacites-des-arts-autochtones\\\/?lang=fr#primaryimage\",\"url\":\"https:\\\/\\\/artsnb.ca\\\/web\\\/wp-content\\\/uploads\\\/2019\\\/10\\\/vertical-red-logo_copy2.jpg\",\"contentUrl\":\"https:\\\/\\\/artsnb.ca\\\/web\\\/wp-content\\\/uploads\\\/2019\\\/10\\\/vertical-red-logo_copy2.jpg\",\"width\":705,\"height\":565},{\"@type\":\"BreadcrumbList\",\"@id\":\"https:\\\/\\\/artsnb.ca\\\/web\\\/2016\\\/09\\\/equinoxe-changements-au-programme-de-renforcement-des-capacites-des-arts-autochtones\\\/?lang=fr#breadcrumb\",\"itemListElement\":[{\"@type\":\"ListItem\",\"position\":1,\"name\":\"Home\",\"item\":\"https:\\\/\\\/artsnb.ca\\\/web\\\/\"},{\"@type\":\"ListItem\",\"position\":2,\"name\":\"Press Releases\",\"item\":\"https:\\\/\\\/artsnb.ca\\\/web\\\/category\\\/press-releases\\\/\"},{\"@type\":\"ListItem\",\"position\":3,\"name\":\"\u00c9quinoxe: Changements au Programme de renforcement des capacit\u00e9s des arts autochtones\"}]},{\"@type\":\"WebSite\",\"@id\":\"https:\\\/\\\/artsnb.ca\\\/web\\\/#website\",\"url\":\"https:\\\/\\\/artsnb.ca\\\/web\\\/\",\"name\":\"ArtsNB\",\"description\":\"EXCELLENCE. PROFESSIONALISM. INNOVATION.\",\"publisher\":{\"@id\":\"https:\\\/\\\/artsnb.ca\\\/web\\\/#organization\"},\"potentialAction\":[{\"@type\":\"SearchAction\",\"target\":{\"@type\":\"EntryPoint\",\"urlTemplate\":\"https:\\\/\\\/artsnb.ca\\\/web\\\/?s={search_term_string}\"},\"query-input\":{\"@type\":\"PropertyValueSpecification\",\"valueRequired\":true,\"valueName\":\"search_term_string\"}}],\"inLanguage\":\"en-US\"},{\"@type\":\"Organization\",\"@id\":\"https:\\\/\\\/artsnb.ca\\\/web\\\/#organization\",\"name\":\"ArtsNB\",\"url\":\"https:\\\/\\\/artsnb.ca\\\/web\\\/\",\"logo\":{\"@type\":\"ImageObject\",\"inLanguage\":\"en-US\",\"@id\":\"https:\\\/\\\/artsnb.ca\\\/web\\\/#\\\/schema\\\/logo\\\/image\\\/\",\"url\":\"https:\\\/\\\/artsnb.ca\\\/web\\\/wp-content\\\/uploads\\\/2024\\\/04\\\/cropped-artsnb-PrimaryLogo-vertical-HiRes-2.jpg\",\"contentUrl\":\"https:\\\/\\\/artsnb.ca\\\/web\\\/wp-content\\\/uploads\\\/2024\\\/04\\\/cropped-artsnb-PrimaryLogo-vertical-HiRes-2.jpg\",\"width\":1698,\"height\":1223,\"caption\":\"ArtsNB\"},\"image\":{\"@id\":\"https:\\\/\\\/artsnb.ca\\\/web\\\/#\\\/schema\\\/logo\\\/image\\\/\"},\"sameAs\":[\"https:\\\/\\\/www.facebook.com\\\/artsnb\\\/\",\"https:\\\/\\\/x.com\\\/artsnb\",\"https:\\\/\\\/www.instagram.com\\\/artsnb\\\/\"]},{\"@type\":\"Person\",\"@id\":\"https:\\\/\\\/artsnb.ca\\\/web\\\/#\\\/schema\\\/person\\\/012ecc8a59328615becff4af8bf0c2b9\",\"name\":\"R\u00e9anne Cooper\",\"image\":{\"@type\":\"ImageObject\",\"inLanguage\":\"en-US\",\"@id\":\"https:\\\/\\\/secure.gravatar.com\\\/avatar\\\/1cb05192fe2229166d3916ce0ac0406517d29a24c32e183e81a0a810836dd14b?s=96&d=mm&r=g\",\"url\":\"https:\\\/\\\/secure.gravatar.com\\\/avatar\\\/1cb05192fe2229166d3916ce0ac0406517d29a24c32e183e81a0a810836dd14b?s=96&d=mm&r=g\",\"contentUrl\":\"https:\\\/\\\/secure.gravatar.com\\\/avatar\\\/1cb05192fe2229166d3916ce0ac0406517d29a24c32e183e81a0a810836dd14b?s=96&d=mm&r=g\",\"caption\":\"R\u00e9anne Cooper\"},\"url\":\"https:\\\/\\\/artsnb.ca\\\/web\\\/author\\\/reanne\\\/\"}]}<\/script>\n<!-- \/ Yoast SEO plugin. -->","yoast_head_json":{"title":"\u00c9quinoxe: Changements au Programme de renforcement des capacit\u00e9s des arts autochtones - ArtsNB","robots":{"index":"index","follow":"follow","max-snippet":"max-snippet:-1","max-image-preview":"max-image-preview:large","max-video-preview":"max-video-preview:-1"},"canonical":"https:\/\/artsnb.ca\/web\/2016\/09\/equinoxe-changements-au-programme-de-renforcement-des-capacites-des-arts-autochtones\/","og_locale":"en_US","og_type":"article","og_title":"\u00c9quinoxe: Changements au Programme de renforcement des capacit\u00e9s des arts autochtones - ArtsNB","og_description":"\u00c9quinoxe: Changements au Programme de renforcement des capacit\u00e9s des arts autochtones Par Claire Shiplett, Agente de programmes En collaboration avec notre Cercle des a\u00een\u00e9s, artsnb a modifi\u00e9 le Programme de renforcement des capacit\u00e9s des arts autochtones, maintenant intitul\u00e9 \u201c\u00c9quinoxe\u201d. Le Programme&nbsp;\u00c9quinoxe&nbsp;offre un soutien strat\u00e9gique&nbsp;\u00e0 des groupes&nbsp;artistiques, collectifs et organismes autochtones. Nous sommes heureux d\u2019annoncer que","og_url":"https:\/\/artsnb.ca\/web\/2016\/09\/equinoxe-changements-au-programme-de-renforcement-des-capacites-des-arts-autochtones\/?lang=fr","og_site_name":"ArtsNB","article_publisher":"https:\/\/www.facebook.com\/artsnb\/","article_published_time":"2016-09-26T00:00:00+00:00","article_modified_time":"2019-11-04T19:22:12+00:00","og_image":[{"width":705,"height":565,"url":"https:\/\/artsnb.ca\/web\/wp-content\/uploads\/2019\/10\/vertical-red-logo_copy2.jpg","type":"image\/jpeg"}],"author":"R\u00e9anne Cooper","twitter_card":"summary_large_image","twitter_creator":"@artsnb","twitter_site":"@artsnb","twitter_misc":{"Written by":"R\u00e9anne Cooper","Est. reading time":"2 minutes"},"schema":{"@context":"https:\/\/schema.org","@graph":[{"@type":"Article","@id":"https:\/\/artsnb.ca\/web\/2016\/09\/equinoxe-changements-au-programme-de-renforcement-des-capacites-des-arts-autochtones\/?lang=fr#article","isPartOf":{"@id":"https:\/\/artsnb.ca\/web\/2016\/09\/equinoxe-changements-au-programme-de-renforcement-des-capacites-des-arts-autochtones\/?lang=fr"},"author":{"name":"R\u00e9anne Cooper","@id":"https:\/\/artsnb.ca\/web\/#\/schema\/person\/012ecc8a59328615becff4af8bf0c2b9"},"headline":"\u00c9quinoxe: Changements au Programme de renforcement des capacit\u00e9s des arts autochtones","datePublished":"2016-09-26T00:00:00+00:00","dateModified":"2019-11-04T19:22:12+00:00","mainEntityOfPage":{"@id":"https:\/\/artsnb.ca\/web\/2016\/09\/equinoxe-changements-au-programme-de-renforcement-des-capacites-des-arts-autochtones\/?lang=fr"},"wordCount":497,"commentCount":0,"publisher":{"@id":"https:\/\/artsnb.ca\/web\/#organization"},"image":{"@id":"https:\/\/artsnb.ca\/web\/2016\/09\/equinoxe-changements-au-programme-de-renforcement-des-capacites-des-arts-autochtones\/?lang=fr#primaryimage"},"thumbnailUrl":"https:\/\/artsnb.ca\/web\/wp-content\/uploads\/2019\/10\/vertical-red-logo_copy2.jpg","articleSection":["Communiqu\u00e9s de presse","Toutes les Nouvelles"],"inLanguage":"en-US","potentialAction":[{"@type":"CommentAction","name":"Comment","target":["https:\/\/artsnb.ca\/web\/2016\/09\/equinoxe-changements-au-programme-de-renforcement-des-capacites-des-arts-autochtones\/?lang=fr#respond"]}]},{"@type":"WebPage","@id":"https:\/\/artsnb.ca\/web\/2016\/09\/equinoxe-changements-au-programme-de-renforcement-des-capacites-des-arts-autochtones\/?lang=fr","url":"https:\/\/artsnb.ca\/web\/2016\/09\/equinoxe-changements-au-programme-de-renforcement-des-capacites-des-arts-autochtones\/?lang=fr","name":"\u00c9quinoxe: Changements au Programme de renforcement des capacit\u00e9s des arts autochtones - ArtsNB","isPartOf":{"@id":"https:\/\/artsnb.ca\/web\/#website"},"primaryImageOfPage":{"@id":"https:\/\/artsnb.ca\/web\/2016\/09\/equinoxe-changements-au-programme-de-renforcement-des-capacites-des-arts-autochtones\/?lang=fr#primaryimage"},"image":{"@id":"https:\/\/artsnb.ca\/web\/2016\/09\/equinoxe-changements-au-programme-de-renforcement-des-capacites-des-arts-autochtones\/?lang=fr#primaryimage"},"thumbnailUrl":"https:\/\/artsnb.ca\/web\/wp-content\/uploads\/2019\/10\/vertical-red-logo_copy2.jpg","datePublished":"2016-09-26T00:00:00+00:00","dateModified":"2019-11-04T19:22:12+00:00","breadcrumb":{"@id":"https:\/\/artsnb.ca\/web\/2016\/09\/equinoxe-changements-au-programme-de-renforcement-des-capacites-des-arts-autochtones\/?lang=fr#breadcrumb"},"inLanguage":"en-US","potentialAction":[{"@type":"ReadAction","target":["https:\/\/artsnb.ca\/web\/2016\/09\/equinoxe-changements-au-programme-de-renforcement-des-capacites-des-arts-autochtones\/?lang=fr"]}]},{"@type":"ImageObject","inLanguage":"en-US","@id":"https:\/\/artsnb.ca\/web\/2016\/09\/equinoxe-changements-au-programme-de-renforcement-des-capacites-des-arts-autochtones\/?lang=fr#primaryimage","url":"https:\/\/artsnb.ca\/web\/wp-content\/uploads\/2019\/10\/vertical-red-logo_copy2.jpg","contentUrl":"https:\/\/artsnb.ca\/web\/wp-content\/uploads\/2019\/10\/vertical-red-logo_copy2.jpg","width":705,"height":565},{"@type":"BreadcrumbList","@id":"https:\/\/artsnb.ca\/web\/2016\/09\/equinoxe-changements-au-programme-de-renforcement-des-capacites-des-arts-autochtones\/?lang=fr#breadcrumb","itemListElement":[{"@type":"ListItem","position":1,"name":"Home","item":"https:\/\/artsnb.ca\/web\/"},{"@type":"ListItem","position":2,"name":"Press Releases","item":"https:\/\/artsnb.ca\/web\/category\/press-releases\/"},{"@type":"ListItem","position":3,"name":"\u00c9quinoxe: Changements au Programme de renforcement des capacit\u00e9s des arts autochtones"}]},{"@type":"WebSite","@id":"https:\/\/artsnb.ca\/web\/#website","url":"https:\/\/artsnb.ca\/web\/","name":"ArtsNB","description":"EXCELLENCE. PROFESSIONALISM. INNOVATION.","publisher":{"@id":"https:\/\/artsnb.ca\/web\/#organization"},"potentialAction":[{"@type":"SearchAction","target":{"@type":"EntryPoint","urlTemplate":"https:\/\/artsnb.ca\/web\/?s={search_term_string}"},"query-input":{"@type":"PropertyValueSpecification","valueRequired":true,"valueName":"search_term_string"}}],"inLanguage":"en-US"},{"@type":"Organization","@id":"https:\/\/artsnb.ca\/web\/#organization","name":"ArtsNB","url":"https:\/\/artsnb.ca\/web\/","logo":{"@type":"ImageObject","inLanguage":"en-US","@id":"https:\/\/artsnb.ca\/web\/#\/schema\/logo\/image\/","url":"https:\/\/artsnb.ca\/web\/wp-content\/uploads\/2024\/04\/cropped-artsnb-PrimaryLogo-vertical-HiRes-2.jpg","contentUrl":"https:\/\/artsnb.ca\/web\/wp-content\/uploads\/2024\/04\/cropped-artsnb-PrimaryLogo-vertical-HiRes-2.jpg","width":1698,"height":1223,"caption":"ArtsNB"},"image":{"@id":"https:\/\/artsnb.ca\/web\/#\/schema\/logo\/image\/"},"sameAs":["https:\/\/www.facebook.com\/artsnb\/","https:\/\/x.com\/artsnb","https:\/\/www.instagram.com\/artsnb\/"]},{"@type":"Person","@id":"https:\/\/artsnb.ca\/web\/#\/schema\/person\/012ecc8a59328615becff4af8bf0c2b9","name":"R\u00e9anne Cooper","image":{"@type":"ImageObject","inLanguage":"en-US","@id":"https:\/\/secure.gravatar.com\/avatar\/1cb05192fe2229166d3916ce0ac0406517d29a24c32e183e81a0a810836dd14b?s=96&d=mm&r=g","url":"https:\/\/secure.gravatar.com\/avatar\/1cb05192fe2229166d3916ce0ac0406517d29a24c32e183e81a0a810836dd14b?s=96&d=mm&r=g","contentUrl":"https:\/\/secure.gravatar.com\/avatar\/1cb05192fe2229166d3916ce0ac0406517d29a24c32e183e81a0a810836dd14b?s=96&d=mm&r=g","caption":"R\u00e9anne Cooper"},"url":"https:\/\/artsnb.ca\/web\/author\/reanne\/"}]}},"_links":{"self":[{"href":"https:\/\/artsnb.ca\/web\/wp-json\/wp\/v2\/posts\/3690","targetHints":{"allow":["GET"]}}],"collection":[{"href":"https:\/\/artsnb.ca\/web\/wp-json\/wp\/v2\/posts"}],"about":[{"href":"https:\/\/artsnb.ca\/web\/wp-json\/wp\/v2\/types\/post"}],"author":[{"embeddable":true,"href":"https:\/\/artsnb.ca\/web\/wp-json\/wp\/v2\/users\/6"}],"replies":[{"embeddable":true,"href":"https:\/\/artsnb.ca\/web\/wp-json\/wp\/v2\/comments?post=3690"}],"version-history":[{"count":1,"href":"https:\/\/artsnb.ca\/web\/wp-json\/wp\/v2\/posts\/3690\/revisions"}],"predecessor-version":[{"id":4362,"href":"https:\/\/artsnb.ca\/web\/wp-json\/wp\/v2\/posts\/3690\/revisions\/4362"}],"wp:featuredmedia":[{"embeddable":true,"href":"https:\/\/artsnb.ca\/web\/wp-json\/wp\/v2\/media\/4318"}],"wp:attachment":[{"href":"https:\/\/artsnb.ca\/web\/wp-json\/wp\/v2\/media?parent=3690"}],"wp:term":[{"taxonomy":"category","embeddable":true,"href":"https:\/\/artsnb.ca\/web\/wp-json\/wp\/v2\/categories?post=3690"},{"taxonomy":"post_tag","embeddable":true,"href":"https:\/\/artsnb.ca\/web\/wp-json\/wp\/v2\/tags?post=3690"}],"curies":[{"name":"wp","href":"https:\/\/api.w.org\/{rel}","templated":true}]}}