{"id":3696,"date":"2017-05-30T00:00:00","date_gmt":"2017-05-30T00:00:00","guid":{"rendered":"https:\/\/staging-artsnb.weavercrawford.com\/jesse-mea\/"},"modified":"2019-12-18T12:43:09","modified_gmt":"2019-12-18T12:43:09","slug":"jesse-mea","status":"publish","type":"post","link":"https:\/\/artsnb.ca\/web\/2017\/05\/jesse-mea\/?lang=fr","title":{"rendered":"R\u00e9sidence au CNIMA J. Mornet &#8211; Jesse Mea"},"content":{"rendered":"<p style=\"text-align: center;\"><img loading=\"lazy\" decoding=\"async\" width=\"720\" height=\"180\" class=\"aligncenter size-full wp-image-6235\" alt=\"\" src=\"https:\/\/artsnb.ca\/web\/wp-content\/uploads\/2019\/09\/Jesse-Mea-Banner-FR.png\"><\/p>\n<p style=\"text-align: left;\"><u>La d\u00e9couverte<\/u><\/p>\n<p class=\"alignnone\" style=\"text-align: justify;\">Je ne sais pas ce qui m\u2019a attir\u00e9, mais je me suis achet\u00e9 un accord\u00e9on pour la premi\u00e8re fois il y a presque vingt ans.<!--more--> J\u2019ai achet\u00e9 un accord\u00e9on usag\u00e9 en me disant que j\u2019avais enfin un piano portatif et acoustique. Le piano \u00e9tait d\u00e9j\u00e0 mon instrument principal depuis longtemps, et pour moi l\u2019accord\u00e9on devenait un instrument facile \u00e0 apporter \u00e0 des soir\u00e9es d\u2019improvisation, des \u2018jams\u2019.<\/p>\n<p style=\"text-align: justify;\">Mais l\u00e0 je ne m\u2019attendais jamais \u00e0 ce qu\u2019un instrument m\u2019enchante autant. Dans ma vie j\u2019ai touch\u00e9 \u00e0 d\u2019autres instruments, mais le piano demeurait mon instrument de pr\u00e9dilection. Et alors, avec une dimension de souffle qui r\u00e9sonnait contre mon corps, du coup j\u2019\u00e9tais envo\u00fbt\u00e9&nbsp;! Sous peu je mettais autant de temps de d\u00e9couverte et de pratique sur l\u2019accord\u00e9on que sur le piano. J\u2019ai officiellement adopt\u00e9 un deuxi\u00e8me instrument principal.<\/p>\n<p style=\"text-align: center;\"><img loading=\"lazy\" decoding=\"async\" width=\"500\" height=\"250\" class=\"aligncenter wp-image-5463 size-full\" alt=\"Jesse Mea\" src=\"https:\/\/artsnb.ca\/web\/wp-content\/uploads\/2019\/09\/Jesse-blogue-ArtsNB-image-1-small.jpg\"><\/p>\n<p style=\"text-align: justify;\">Mon m\u00e9dium de cr\u00e9ation musicale est le jazz et la musique du monde. Chez les disquaires, maintenant je cherchais des r\u00e9f\u00e9rences dans ces styles musicaux pour l\u2019accord\u00e9on. Pas \u00e9vident. D\u2019abord je trouvais des disques du grand Astor Piazolla. Et dans les grandes villes, et surtout lors de mes tourn\u00e9es en France, j\u2019en d\u00e9couvrais davantage&nbsp;: Richard Galliano, Daniel Mille, et les accord\u00e9onistes \u00e9voluant avec le contrebassiste Renaud Garcia-Fons&nbsp;: Jean-Louis Matinier et David Venitucci. \u00c0 partir de l\u00e0, les d\u00e9couvertes et ma collection n\u2019ont cess\u00e9 de s\u2019agrandir.<\/p>\n<p style=\"text-align: justify;\">Il reste que sur l\u2019accord\u00e9on je suis autodidacte. J\u2019ai essay\u00e9 d\u2019\u00e9muler mes r\u00e9f\u00e9rences. Mais que l\u2019accord\u00e9on est compliqu\u00e9&nbsp;! Le fameux c\u00f4t\u00e9 gauche de l\u2019instrument est un syst\u00e8me unique, combinant touches de notes basses et touches qui jouent diff\u00e9rents types d\u2019accords. Et en plus c\u2019est ce c\u00f4t\u00e9 qui g\u00e8re le soufflet. L\u2019instrument offre la richesse de jouer une m\u00e9lodie, ainsi de s\u2019accompagner en m\u00eame temps. Mais tous ces \u00e9l\u00e9ments partagent un seul souffle&nbsp;&#8211; tout un d\u00e9fi lorsqu\u2019on cherche \u00e0 faire ressortir une m\u00e9lodie et phraser ses \u00e9motions.<\/p>\n<p style=\"text-align: justify;\">Je d\u00e9sirais tant de me faire \u2018coacher\u2019 sur cet instrument. En tourn\u00e9e j\u2019ai fait l\u2019heureuse rencontre de Norbert Pignol, un accord\u00e9oniste diatonique fran\u00e7ais. Nous avons eu la chance de se croiser \u00e0 quelques reprises. Il est devenu un bon ami, et sera toujours un mentor pour moi. Mais quoiqu\u2019il y ait des similarit\u00e9s techniques entre l\u2019accord\u00e9on diatonique et le chromatique, le type que je joue, il existe quand m\u00eame bien des diff\u00e9rences au niveau du jeu et de l\u2019\u00e9quilibre. En d\u00e9couvrant Jelena Milojevic lors de sa tourn\u00e9e Jeunesses Musicales en atlantique, je me suis pay\u00e9 mon premier cours d\u2019accord\u00e9on. Pendant deux heures Jelena a analys\u00e9 mon jeu et m\u2019a fait d\u00e9couvrir plein de choses, la grande plupart requ\u00e9rant des r\u00e9visions majeures de ma technique. Et l\u00e0 j\u2019ai r\u00e9alis\u00e9 que j\u2019avais tant \u00e0 apprendre pour mieux jouer mon instrument.<\/p>\n<p style=\"text-align: justify;\"><u>La r\u00e9sidence, ou d\u00e9couverte 2<\/u><\/p>\n<p style=\"text-align: justify;\"><a href=\"https:\/\/artsnb.ca\/web\/wp-content\/uploads\/2019\/09\/Jesse-blogue-ArtsNB-image-3.jpg\"><img loading=\"lazy\" decoding=\"async\" width=\"300\" height=\"211\" class=\"size-medium wp-image-5458 alignright\" alt=\"\" src=\"https:\/\/artsnb.ca\/web\/wp-content\/uploads\/2019\/09\/Jesse-blogue-ArtsNB-image-3-300x211.jpg\"><\/a>Voil\u00e0 qu\u2019en 2014 j\u2019ai d\u00e9couvert sur le web&nbsp;une \u00e9cole en France, le CNIMA Jacques-Mornet, que pour l\u2019accord\u00e9on. Une \u00e9cole r\u00e9put\u00e9e internationalement o\u00f9 \u00e9voluait des accord\u00e9onistes de tous genres et calibres. Pour cadrer leur philosophie unique de p\u00e9dagogie, leur curriculum offrait cinq cours d\u2019instrument un \u00e0 un, avec quatre profs diff\u00e9rents, <u>par semaine<\/u>&nbsp;! En plus l\u2019enseignement est taill\u00e9 sur mesure selon le niveau et les besoins de l\u2019\u00e9tudiant. Rien de mieux pour un temps d\u2019apprentissage tr\u00e8s efficace. Enfin, quand j\u2019ai d\u00e9couvert un accord\u00e9oniste jazzman fran\u00e7ais sur le web qui, en entretien a cit\u00e9 son temps au CNIMA comme un point tournant pour lui, j\u2019\u00e9tais conquis.<\/p>\n<p style=\"text-align: justify;\">\u00c0 partir de ce moment-l\u00e0, j\u2019ai commenc\u00e9 \u00e0 \u00e9changer avec le CNIMA. J\u2019ai propos\u00e9 de composer et arranger des pi\u00e8ces pour leurs \u00e9tudiants. Un projet qui m\u2019apprendrait \u00e0 \u00e9crire correctement pour accord\u00e9on, exploiter ses effets et sonorit\u00e9s diverses, ainsi qu\u2019explorer la combinaison sonore qu\u2019offre un ensemble d\u2019accord\u00e9ons. L\u2019\u00e9cole a accept\u00e9 ma proposition, et nous avons&nbsp;\u00e9tabli les lignes directrices d\u2019une r\u00e9sidence claire et pr\u00e9cise. Mais LE grand coup d\u2019envoi de ce projet, \u00e7a a \u00e9t\u00e9 l\u2019aide financi\u00e8re d\u2019<strong>artsnb<\/strong>. J\u2019ai appliqu\u00e9 pour deux demandes de subvention dans le volet de d\u00e9veloppement professionnel&nbsp;: une pour une r\u00e9sidence cat\u00e9gorie B, et une autre pour des \u00e9tudes \u00e0 temps partiel. Mes deux demandes ont \u00e9t\u00e9 accept\u00e9es.<\/p>\n<p class=\"alignnone\" style=\"text-align: justify;\"><a href=\"https:\/\/artsnb.ca\/web\/wp-content\/uploads\/2019\/09\/Jesse-blogue-ArtsNB-image-2.jpg\"><img loading=\"lazy\" decoding=\"async\" width=\"225\" height=\"300\" class=\"size-medium wp-image-5457 alignleft\" alt=\"\" src=\"https:\/\/artsnb.ca\/web\/wp-content\/uploads\/2019\/09\/Jesse-blogue-ArtsNB-image-2-225x300.jpg\"><\/a>Alors voil\u00e0 qu\u2019en janvier 2015, pour une p\u00e9riode de quatre mois, mon exp\u00e9rience a d\u00e9but\u00e9. Destination&nbsp;: le CNIMA Jacques-Mornet \u00e0 Saint-Sauves d\u2019Auvergne, France. Un endroit campagnard, bien en pente, \u00e0 1000 m\u00e8tres d\u2019altitude au c\u0153ur du parc naturel r\u00e9gional des volcans d\u2019Auvergne. Un endroit magnifique pour marcher en plein-air si un jour vous y rendez&nbsp;! Au CNIMA, tout se passe dans un seul \u00e9difice. C\u2019est l\u00e0 o\u00f9 on r\u00e9side, mange et assiste aux cours. Une vraie immersion puisqu\u2019on \u00e9change non seulement avec une \u00e9quipe de professeurs, mais avec une trentaine d\u2019\u00e9tudiants-accord\u00e9onistes. Ma r\u00e9sidence s\u2019intitulait le Souffle de l\u2019Acadie, et consistait de monter un concert de pi\u00e8ces acadiennes en faisant participer des \u00e9tudiants et des professeurs de l\u2019\u00e9cole. Le concert avait comme but d\u2019\u00e9clairer sur le peuple acadien \u2013 un peuple encore m\u00e9connu \u00e0 l\u2019\u00e9tranger, je crois surtout au fait que c\u2019est un peuple \u00e0 g\u00e9ographie non-fixe. Incroyable comment certaines choses sont plus facilement d\u00e9finissables par des fronti\u00e8res\u2026. Pour le concert j\u2019ai \u00e9crit des arrangements de pi\u00e8ces d\u2019Ang\u00e8le Arsenault, Zachary Richard et de pi\u00e8ces traditionnelles. Et j\u2019ai aussi pr\u00e9sent\u00e9 des compositions personnelles inspir\u00e9es durant la r\u00e9sidence. Toutes les pi\u00e8ces ont \u00e9t\u00e9 \u00e9crites durant mon s\u00e9jour l\u00e0-bas.<\/p>\n<p style=\"text-align: justify;\">Mes quatre mois l\u00e0-bas ont \u00e9t\u00e9 bien remplis, avec comme premi\u00e8re phase la d\u00e9couverte de mon environnement&nbsp;: rythme des cours pour m\u2019int\u00e9grer et mieux conna\u00eetre les professeurs et \u00e9tudiants. Au bout de deux semaines j\u2019ai commenc\u00e9 \u00e0 visualiser le concert, pondre des collaborations et savoir qui et quoi viser avec mes arrangements. Ce qui a parti la deuxi\u00e8me phase, l\u2019\u00e9criture, que j\u2019int\u00e9grais avec un horaire partiel de cours. La troisi\u00e8me phase, environ un mois et demi plus tard, a \u00e9t\u00e9 celle o\u00f9 les pi\u00e8ces ont \u00e9t\u00e9 majoritairement compl\u00e9t\u00e9es, et que les \u00e9tudiants et profs participants montaient ces pi\u00e8ces pour le concert. Que j\u2019ai eu un plaisir \u00e0 \u00e9crire toutes ces pi\u00e8ces pour des accord\u00e9ons en solo, duo, quatuor, m\u00eame en octuor&nbsp;! Il y a eu des beaux d\u00e9fis. Une des consignes que j\u2019ai eue de l\u2019\u00e9cole a \u00e9t\u00e9 d\u2019int\u00e9grer des \u00e9tudiants de tous les niveaux, m\u00eame les d\u00e9butants.<a href=\"https:\/\/artsnb.ca\/web\/wp-content\/uploads\/2019\/09\/Jesse-blogue-ArtsNB-image-4.jpg\"><img loading=\"lazy\" decoding=\"async\" width=\"300\" height=\"223\" class=\"wp-image-5459 size-medium alignright\" src=\"https:\/\/artsnb.ca\/web\/wp-content\/uploads\/2019\/09\/Jesse-blogue-ArtsNB-image-4-300x223.jpg\"><\/a> L\u2019octuor f\u00fbt \u00e9crit pour eux&nbsp;; chaque partition individuelle \u00e9tait plus facile, mais le tout \u00e9tait de toute beaut\u00e9. C\u2019\u00e9tait comme une section de cordes.<\/p>\n<p style=\"text-align: justify;\">Enfin la r\u00e9sidence a termin\u00e9 avec le concert, qui a eu lieu \u00e0 la salle de la mairie du Mont-Dore le 16 avril 2015. Une journ\u00e9e magique o\u00f9 tous mettaient la main dans la p\u00e2te, le sourire aux l\u00e8vres. Une soir\u00e9e o\u00f9 il y eut un beau partage avec le public, tant de la sc\u00e8ne qu\u2019apr\u00e8s le concert avec de vives discussions. Un super moment qui a condens\u00e9 un petit quatre mois. Mais quel beau s\u00e9jour&nbsp;! La chance de m\u2019immerger, m\u2019inspirer et apprendre dans un milieu dynamique. En plus, comment ne pas vouloir d\u00e9buter ses journ\u00e9es quand le soleil me r\u00e9veillait chaudement en per\u00e7ant le seuil des volcans entre 6h30 et 7h&nbsp;?!<\/p>\n<p style=\"text-align: justify;\"><u>Aujourd\u2019hui<\/u><\/p>\n<p style=\"text-align: justify;\">Aujourd\u2019hui, je retiens beaucoup de mon passage au CNIMA Jacques-Mornet. La r\u00e9sidence m\u2019a permis de merveilleux \u00e9changes. J\u2019ai appris \u00e0 mieux \u00e9crire pour l\u2019accord\u00e9on en l\u2019explorant davantage, tant au niveau jeu que possibilit\u00e9s de combinaisons sonores. Et mes cours m\u2019ont permis de casser mes mauvaises habitudes techniques pour mieux les reb\u00e2tir. Depuis mon retour, \u00e0 travailler par moi-m\u00eame, je r\u00e9alise que je progresse toujours. Les outils appris l\u00e0-bas sont rest\u00e9s avec moi. La cons\u00e9quence de ceci est que je peux tant mieux m\u2019exprimer \u00e0 l\u2019accord\u00e9on. Ce que j\u2019entends dans ma t\u00eate, je r\u00e9ussis \u00e0 mieux le sortir. Et alors je m\u2019exprime. J\u2019\u00e9cris plus que jamais pour l\u2019accord\u00e9on. Je me nourris d\u2019\u00e9changes musicaux, pr\u00e9sentement avec Roland Bourgeois et autres, comme v\u00e9hicules de mon \u00e9criture. Et la roue continue de tourner. <strong>artsnb<\/strong> m\u2019aide pr\u00e9sentement avec une subvention de cr\u00e9ation. J\u2019\u00e9largis mon r\u00e9seau en participant \u00e0 des \u00e9v\u00e8nements d\u2019envergure&nbsp;: le Carrefour Mondial de l\u2019Accord\u00e9on de Montmagny en septembre dernier, le Victoria International Accordion Festival cet \u00e9t\u00e9 (avec l\u2019aide d\u2019une subvention de voyage du Conseil des Arts du Canada), et d\u2019autres \u00e0 venir.<\/p>\n<p style=\"text-align: justify;\">Je tiens \u00e0 remercier sinc\u00e8rement le CNIMA Jacques-Mornet, et particuli\u00e8rement <strong>artsnb&nbsp;<\/strong>: les artistes ont besoin de vous. Et artistes, <strong>artsnb<\/strong> a autant besoin de nous&nbsp;! Restons actifs avec nos projets, poussons-nous et prenons le temps de contacter les associations artistiques pour comprendre de quelles fa\u00e7ons elles peuvent nous soutenir.<\/p>\n<p style=\"text-align: center;\"><iframe loading=\"lazy\" width=\"100%\" height=\"166\" src=\"https:\/\/w.soundcloud.com\/player\/?url=https%3A\/\/api.soundcloud.com\/tracks\/325221484&amp;color=ff5500&amp;auto_play=false&amp;hide_related=false&amp;show_comments=true&amp;show_user=true&amp;show_reposts=false\" frameborder=\"no\" scrolling=\"no\"><\/iframe><\/p>\n<p style=\"text-align: justify;\"><em><img loading=\"lazy\" decoding=\"async\" width=\"200\" height=\"300\" class=\"alignleft size-full wp-image-7352\" alt=\"Jesse Mea - Bio\" src=\"https:\/\/artsnb.ca\/web\/wp-content\/uploads\/2019\/09\/Bio-Jesse-Mea.jpg\"><em>Pianiste, clavi\u00e9riste et accord\u00e9oniste, Jesse foule les sc\u00e8nes du Canada, de la France, la Belgique et la Suisse. En plus de ses projets personnels de cr\u00e9ation \u00e0 l&#8217;accord\u00e9on, Il accompagne plusieurs artistes surtout francophones. Amant de rencontres musicales et de travail d&#8217;\u00e9quipe, il aime voyager, partager, d\u00e9couvrir, et rire. En dehors de la sc\u00e8ne, il applique sagement sa sensibilit\u00e9 musicale \u00e0 la cr\u00e9ation et la r\u00e9alisation des projets musicaux d&#8217;autres artistes. Il a une pr\u00e9dilection pour le souffle de l&#8217;accord\u00e9on, pouss\u00e9 \u00e0 sortir cet instrument de ses st\u00e9r\u00e9otypes.<\/em><\/em><\/p>\n<p style=\"text-align: justify;\"><em>Vous pouvez suivre le travail de Jesse sur sa <a href=\"https:\/\/www.youtube.com\/channel\/UCAjgLh6mTKKyE6AIYFNgF8g\" target=\"_blank\" rel=\"noopener noreferrer\">cha\u00eene YouTube<\/a>.<\/em><\/p>\n<p>&nbsp;<\/p>\n<p style=\"text-align: justify;\"><em><strong>Le blogue d&#8217;artsnb donne la parole aux artistes du Nouveau-Brunswick. Avez-vous re\u00e7u une subvention d\u2019artsnb ? Avez-vous envie de partager votre exp\u00e9rience ? Alors <a href=\"http:\/\/artsnb.ca\/site\/fr\/contact\/?recipient=Benji\" target=\"_blank\" rel=\"noopener noreferrer\">contactez-nous<\/a> sans plus attendre !<\/strong><\/em><\/p>\n","protected":false},"excerpt":{"rendered":"<p>La d\u00e9couverte Je ne sais pas ce qui m\u2019a attir\u00e9, mais je me suis achet\u00e9 un accord\u00e9on pour la premi\u00e8re fois il y a presque vingt ans.<\/p>\n","protected":false},"author":6,"featured_media":1822,"comment_status":"open","ping_status":"open","sticky":false,"template":"","format":"standard","meta":{"_acf_changed":false,"footnotes":""},"categories":[87],"tags":[],"class_list":["post-3696","post","type-post","status-publish","format-standard","has-post-thumbnail","hentry","category-blogue"],"acf":[],"yoast_head":"<!-- This site is optimized with the Yoast SEO plugin v27.5 - https:\/\/yoast.com\/product\/yoast-seo-wordpress\/ -->\n<title>R\u00e9sidence au CNIMA J. Mornet - Jesse Mea - ArtsNB<\/title>\n<meta name=\"robots\" content=\"index, follow, max-snippet:-1, max-image-preview:large, max-video-preview:-1\" \/>\n<link rel=\"canonical\" href=\"https:\/\/artsnb.ca\/web\/2017\/05\/jesse-mea\/\" \/>\n<meta property=\"og:locale\" content=\"en_US\" \/>\n<meta property=\"og:type\" content=\"article\" \/>\n<meta property=\"og:title\" content=\"R\u00e9sidence au CNIMA J. Mornet - Jesse Mea - ArtsNB\" \/>\n<meta property=\"og:description\" content=\"La d\u00e9couverte Je ne sais pas ce qui m\u2019a attir\u00e9, mais je me suis achet\u00e9 un accord\u00e9on pour la premi\u00e8re fois il y a presque vingt ans.\" \/>\n<meta property=\"og:url\" content=\"https:\/\/artsnb.ca\/web\/2017\/05\/jesse-mea\/?lang=fr\" \/>\n<meta property=\"og:site_name\" content=\"ArtsNB\" \/>\n<meta property=\"article:publisher\" content=\"https:\/\/www.facebook.com\/artsnb\/\" \/>\n<meta property=\"article:published_time\" content=\"2017-05-30T00:00:00+00:00\" \/>\n<meta property=\"article:modified_time\" content=\"2019-12-18T12:43:09+00:00\" \/>\n<meta property=\"og:image\" content=\"https:\/\/artsnb.ca\/web\/wp-content\/uploads\/2019\/09\/Bio-Jesse-Mea.jpg\" \/>\n\t<meta property=\"og:image:width\" content=\"200\" \/>\n\t<meta property=\"og:image:height\" content=\"300\" \/>\n\t<meta property=\"og:image:type\" content=\"image\/jpeg\" \/>\n<meta name=\"author\" content=\"R\u00e9anne Cooper\" \/>\n<meta name=\"twitter:card\" content=\"summary_large_image\" \/>\n<meta name=\"twitter:creator\" content=\"@artsnb\" \/>\n<meta name=\"twitter:site\" content=\"@artsnb\" \/>\n<meta name=\"twitter:label1\" content=\"Written by\" \/>\n\t<meta name=\"twitter:data1\" content=\"R\u00e9anne Cooper\" \/>\n\t<meta name=\"twitter:label2\" content=\"Est. reading time\" \/>\n\t<meta name=\"twitter:data2\" content=\"9 minutes\" \/>\n<script type=\"application\/ld+json\" class=\"yoast-schema-graph\">{\"@context\":\"https:\\\/\\\/schema.org\",\"@graph\":[{\"@type\":\"Article\",\"@id\":\"https:\\\/\\\/artsnb.ca\\\/web\\\/2017\\\/05\\\/jesse-mea\\\/?lang=fr#article\",\"isPartOf\":{\"@id\":\"https:\\\/\\\/artsnb.ca\\\/web\\\/2017\\\/05\\\/jesse-mea\\\/?lang=fr\"},\"author\":{\"name\":\"R\u00e9anne Cooper\",\"@id\":\"https:\\\/\\\/artsnb.ca\\\/web\\\/#\\\/schema\\\/person\\\/012ecc8a59328615becff4af8bf0c2b9\"},\"headline\":\"R\u00e9sidence au CNIMA J. Mornet &#8211; Jesse Mea\",\"datePublished\":\"2017-05-30T00:00:00+00:00\",\"dateModified\":\"2019-12-18T12:43:09+00:00\",\"mainEntityOfPage\":{\"@id\":\"https:\\\/\\\/artsnb.ca\\\/web\\\/2017\\\/05\\\/jesse-mea\\\/?lang=fr\"},\"wordCount\":1777,\"commentCount\":0,\"publisher\":{\"@id\":\"https:\\\/\\\/artsnb.ca\\\/web\\\/#organization\"},\"image\":{\"@id\":\"https:\\\/\\\/artsnb.ca\\\/web\\\/2017\\\/05\\\/jesse-mea\\\/?lang=fr#primaryimage\"},\"thumbnailUrl\":\"https:\\\/\\\/artsnb.ca\\\/web\\\/wp-content\\\/uploads\\\/2019\\\/09\\\/Bio-Jesse-Mea.jpg\",\"articleSection\":[\"Blogue\"],\"inLanguage\":\"en-US\",\"potentialAction\":[{\"@type\":\"CommentAction\",\"name\":\"Comment\",\"target\":[\"https:\\\/\\\/artsnb.ca\\\/web\\\/2017\\\/05\\\/jesse-mea\\\/?lang=fr#respond\"]}]},{\"@type\":\"WebPage\",\"@id\":\"https:\\\/\\\/artsnb.ca\\\/web\\\/2017\\\/05\\\/jesse-mea\\\/?lang=fr\",\"url\":\"https:\\\/\\\/artsnb.ca\\\/web\\\/2017\\\/05\\\/jesse-mea\\\/?lang=fr\",\"name\":\"R\u00e9sidence au CNIMA J. Mornet - Jesse Mea - ArtsNB\",\"isPartOf\":{\"@id\":\"https:\\\/\\\/artsnb.ca\\\/web\\\/#website\"},\"primaryImageOfPage\":{\"@id\":\"https:\\\/\\\/artsnb.ca\\\/web\\\/2017\\\/05\\\/jesse-mea\\\/?lang=fr#primaryimage\"},\"image\":{\"@id\":\"https:\\\/\\\/artsnb.ca\\\/web\\\/2017\\\/05\\\/jesse-mea\\\/?lang=fr#primaryimage\"},\"thumbnailUrl\":\"https:\\\/\\\/artsnb.ca\\\/web\\\/wp-content\\\/uploads\\\/2019\\\/09\\\/Bio-Jesse-Mea.jpg\",\"datePublished\":\"2017-05-30T00:00:00+00:00\",\"dateModified\":\"2019-12-18T12:43:09+00:00\",\"breadcrumb\":{\"@id\":\"https:\\\/\\\/artsnb.ca\\\/web\\\/2017\\\/05\\\/jesse-mea\\\/?lang=fr#breadcrumb\"},\"inLanguage\":\"en-US\",\"potentialAction\":[{\"@type\":\"ReadAction\",\"target\":[\"https:\\\/\\\/artsnb.ca\\\/web\\\/2017\\\/05\\\/jesse-mea\\\/?lang=fr\"]}]},{\"@type\":\"ImageObject\",\"inLanguage\":\"en-US\",\"@id\":\"https:\\\/\\\/artsnb.ca\\\/web\\\/2017\\\/05\\\/jesse-mea\\\/?lang=fr#primaryimage\",\"url\":\"https:\\\/\\\/artsnb.ca\\\/web\\\/wp-content\\\/uploads\\\/2019\\\/09\\\/Bio-Jesse-Mea.jpg\",\"contentUrl\":\"https:\\\/\\\/artsnb.ca\\\/web\\\/wp-content\\\/uploads\\\/2019\\\/09\\\/Bio-Jesse-Mea.jpg\",\"width\":200,\"height\":300},{\"@type\":\"BreadcrumbList\",\"@id\":\"https:\\\/\\\/artsnb.ca\\\/web\\\/2017\\\/05\\\/jesse-mea\\\/?lang=fr#breadcrumb\",\"itemListElement\":[{\"@type\":\"ListItem\",\"position\":1,\"name\":\"Home\",\"item\":\"https:\\\/\\\/artsnb.ca\\\/web\\\/\"},{\"@type\":\"ListItem\",\"position\":2,\"name\":\"Blog\",\"item\":\"https:\\\/\\\/artsnb.ca\\\/web\\\/category\\\/blog\\\/\"},{\"@type\":\"ListItem\",\"position\":3,\"name\":\"R\u00e9sidence au CNIMA J. Mornet &#8211; Jesse Mea\"}]},{\"@type\":\"WebSite\",\"@id\":\"https:\\\/\\\/artsnb.ca\\\/web\\\/#website\",\"url\":\"https:\\\/\\\/artsnb.ca\\\/web\\\/\",\"name\":\"ArtsNB\",\"description\":\"EXCELLENCE. PROFESSIONALISM. INNOVATION.\",\"publisher\":{\"@id\":\"https:\\\/\\\/artsnb.ca\\\/web\\\/#organization\"},\"potentialAction\":[{\"@type\":\"SearchAction\",\"target\":{\"@type\":\"EntryPoint\",\"urlTemplate\":\"https:\\\/\\\/artsnb.ca\\\/web\\\/?s={search_term_string}\"},\"query-input\":{\"@type\":\"PropertyValueSpecification\",\"valueRequired\":true,\"valueName\":\"search_term_string\"}}],\"inLanguage\":\"en-US\"},{\"@type\":\"Organization\",\"@id\":\"https:\\\/\\\/artsnb.ca\\\/web\\\/#organization\",\"name\":\"ArtsNB\",\"url\":\"https:\\\/\\\/artsnb.ca\\\/web\\\/\",\"logo\":{\"@type\":\"ImageObject\",\"inLanguage\":\"en-US\",\"@id\":\"https:\\\/\\\/artsnb.ca\\\/web\\\/#\\\/schema\\\/logo\\\/image\\\/\",\"url\":\"https:\\\/\\\/artsnb.ca\\\/web\\\/wp-content\\\/uploads\\\/2024\\\/04\\\/cropped-artsnb-PrimaryLogo-vertical-HiRes-2.jpg\",\"contentUrl\":\"https:\\\/\\\/artsnb.ca\\\/web\\\/wp-content\\\/uploads\\\/2024\\\/04\\\/cropped-artsnb-PrimaryLogo-vertical-HiRes-2.jpg\",\"width\":1698,\"height\":1223,\"caption\":\"ArtsNB\"},\"image\":{\"@id\":\"https:\\\/\\\/artsnb.ca\\\/web\\\/#\\\/schema\\\/logo\\\/image\\\/\"},\"sameAs\":[\"https:\\\/\\\/www.facebook.com\\\/artsnb\\\/\",\"https:\\\/\\\/x.com\\\/artsnb\",\"https:\\\/\\\/www.instagram.com\\\/artsnb\\\/\"]},{\"@type\":\"Person\",\"@id\":\"https:\\\/\\\/artsnb.ca\\\/web\\\/#\\\/schema\\\/person\\\/012ecc8a59328615becff4af8bf0c2b9\",\"name\":\"R\u00e9anne Cooper\",\"image\":{\"@type\":\"ImageObject\",\"inLanguage\":\"en-US\",\"@id\":\"https:\\\/\\\/secure.gravatar.com\\\/avatar\\\/1cb05192fe2229166d3916ce0ac0406517d29a24c32e183e81a0a810836dd14b?s=96&d=mm&r=g\",\"url\":\"https:\\\/\\\/secure.gravatar.com\\\/avatar\\\/1cb05192fe2229166d3916ce0ac0406517d29a24c32e183e81a0a810836dd14b?s=96&d=mm&r=g\",\"contentUrl\":\"https:\\\/\\\/secure.gravatar.com\\\/avatar\\\/1cb05192fe2229166d3916ce0ac0406517d29a24c32e183e81a0a810836dd14b?s=96&d=mm&r=g\",\"caption\":\"R\u00e9anne Cooper\"},\"url\":\"https:\\\/\\\/artsnb.ca\\\/web\\\/author\\\/reanne\\\/\"}]}<\/script>\n<!-- \/ Yoast SEO plugin. -->","yoast_head_json":{"title":"R\u00e9sidence au CNIMA J. Mornet - Jesse Mea - ArtsNB","robots":{"index":"index","follow":"follow","max-snippet":"max-snippet:-1","max-image-preview":"max-image-preview:large","max-video-preview":"max-video-preview:-1"},"canonical":"https:\/\/artsnb.ca\/web\/2017\/05\/jesse-mea\/","og_locale":"en_US","og_type":"article","og_title":"R\u00e9sidence au CNIMA J. Mornet - Jesse Mea - ArtsNB","og_description":"La d\u00e9couverte Je ne sais pas ce qui m\u2019a attir\u00e9, mais je me suis achet\u00e9 un accord\u00e9on pour la premi\u00e8re fois il y a presque vingt ans.","og_url":"https:\/\/artsnb.ca\/web\/2017\/05\/jesse-mea\/?lang=fr","og_site_name":"ArtsNB","article_publisher":"https:\/\/www.facebook.com\/artsnb\/","article_published_time":"2017-05-30T00:00:00+00:00","article_modified_time":"2019-12-18T12:43:09+00:00","og_image":[{"width":200,"height":300,"url":"https:\/\/artsnb.ca\/web\/wp-content\/uploads\/2019\/09\/Bio-Jesse-Mea.jpg","type":"image\/jpeg"}],"author":"R\u00e9anne Cooper","twitter_card":"summary_large_image","twitter_creator":"@artsnb","twitter_site":"@artsnb","twitter_misc":{"Written by":"R\u00e9anne Cooper","Est. reading time":"9 minutes"},"schema":{"@context":"https:\/\/schema.org","@graph":[{"@type":"Article","@id":"https:\/\/artsnb.ca\/web\/2017\/05\/jesse-mea\/?lang=fr#article","isPartOf":{"@id":"https:\/\/artsnb.ca\/web\/2017\/05\/jesse-mea\/?lang=fr"},"author":{"name":"R\u00e9anne Cooper","@id":"https:\/\/artsnb.ca\/web\/#\/schema\/person\/012ecc8a59328615becff4af8bf0c2b9"},"headline":"R\u00e9sidence au CNIMA J. Mornet &#8211; Jesse Mea","datePublished":"2017-05-30T00:00:00+00:00","dateModified":"2019-12-18T12:43:09+00:00","mainEntityOfPage":{"@id":"https:\/\/artsnb.ca\/web\/2017\/05\/jesse-mea\/?lang=fr"},"wordCount":1777,"commentCount":0,"publisher":{"@id":"https:\/\/artsnb.ca\/web\/#organization"},"image":{"@id":"https:\/\/artsnb.ca\/web\/2017\/05\/jesse-mea\/?lang=fr#primaryimage"},"thumbnailUrl":"https:\/\/artsnb.ca\/web\/wp-content\/uploads\/2019\/09\/Bio-Jesse-Mea.jpg","articleSection":["Blogue"],"inLanguage":"en-US","potentialAction":[{"@type":"CommentAction","name":"Comment","target":["https:\/\/artsnb.ca\/web\/2017\/05\/jesse-mea\/?lang=fr#respond"]}]},{"@type":"WebPage","@id":"https:\/\/artsnb.ca\/web\/2017\/05\/jesse-mea\/?lang=fr","url":"https:\/\/artsnb.ca\/web\/2017\/05\/jesse-mea\/?lang=fr","name":"R\u00e9sidence au CNIMA J. Mornet - Jesse Mea - ArtsNB","isPartOf":{"@id":"https:\/\/artsnb.ca\/web\/#website"},"primaryImageOfPage":{"@id":"https:\/\/artsnb.ca\/web\/2017\/05\/jesse-mea\/?lang=fr#primaryimage"},"image":{"@id":"https:\/\/artsnb.ca\/web\/2017\/05\/jesse-mea\/?lang=fr#primaryimage"},"thumbnailUrl":"https:\/\/artsnb.ca\/web\/wp-content\/uploads\/2019\/09\/Bio-Jesse-Mea.jpg","datePublished":"2017-05-30T00:00:00+00:00","dateModified":"2019-12-18T12:43:09+00:00","breadcrumb":{"@id":"https:\/\/artsnb.ca\/web\/2017\/05\/jesse-mea\/?lang=fr#breadcrumb"},"inLanguage":"en-US","potentialAction":[{"@type":"ReadAction","target":["https:\/\/artsnb.ca\/web\/2017\/05\/jesse-mea\/?lang=fr"]}]},{"@type":"ImageObject","inLanguage":"en-US","@id":"https:\/\/artsnb.ca\/web\/2017\/05\/jesse-mea\/?lang=fr#primaryimage","url":"https:\/\/artsnb.ca\/web\/wp-content\/uploads\/2019\/09\/Bio-Jesse-Mea.jpg","contentUrl":"https:\/\/artsnb.ca\/web\/wp-content\/uploads\/2019\/09\/Bio-Jesse-Mea.jpg","width":200,"height":300},{"@type":"BreadcrumbList","@id":"https:\/\/artsnb.ca\/web\/2017\/05\/jesse-mea\/?lang=fr#breadcrumb","itemListElement":[{"@type":"ListItem","position":1,"name":"Home","item":"https:\/\/artsnb.ca\/web\/"},{"@type":"ListItem","position":2,"name":"Blog","item":"https:\/\/artsnb.ca\/web\/category\/blog\/"},{"@type":"ListItem","position":3,"name":"R\u00e9sidence au CNIMA J. Mornet &#8211; Jesse Mea"}]},{"@type":"WebSite","@id":"https:\/\/artsnb.ca\/web\/#website","url":"https:\/\/artsnb.ca\/web\/","name":"ArtsNB","description":"EXCELLENCE. PROFESSIONALISM. INNOVATION.","publisher":{"@id":"https:\/\/artsnb.ca\/web\/#organization"},"potentialAction":[{"@type":"SearchAction","target":{"@type":"EntryPoint","urlTemplate":"https:\/\/artsnb.ca\/web\/?s={search_term_string}"},"query-input":{"@type":"PropertyValueSpecification","valueRequired":true,"valueName":"search_term_string"}}],"inLanguage":"en-US"},{"@type":"Organization","@id":"https:\/\/artsnb.ca\/web\/#organization","name":"ArtsNB","url":"https:\/\/artsnb.ca\/web\/","logo":{"@type":"ImageObject","inLanguage":"en-US","@id":"https:\/\/artsnb.ca\/web\/#\/schema\/logo\/image\/","url":"https:\/\/artsnb.ca\/web\/wp-content\/uploads\/2024\/04\/cropped-artsnb-PrimaryLogo-vertical-HiRes-2.jpg","contentUrl":"https:\/\/artsnb.ca\/web\/wp-content\/uploads\/2024\/04\/cropped-artsnb-PrimaryLogo-vertical-HiRes-2.jpg","width":1698,"height":1223,"caption":"ArtsNB"},"image":{"@id":"https:\/\/artsnb.ca\/web\/#\/schema\/logo\/image\/"},"sameAs":["https:\/\/www.facebook.com\/artsnb\/","https:\/\/x.com\/artsnb","https:\/\/www.instagram.com\/artsnb\/"]},{"@type":"Person","@id":"https:\/\/artsnb.ca\/web\/#\/schema\/person\/012ecc8a59328615becff4af8bf0c2b9","name":"R\u00e9anne Cooper","image":{"@type":"ImageObject","inLanguage":"en-US","@id":"https:\/\/secure.gravatar.com\/avatar\/1cb05192fe2229166d3916ce0ac0406517d29a24c32e183e81a0a810836dd14b?s=96&d=mm&r=g","url":"https:\/\/secure.gravatar.com\/avatar\/1cb05192fe2229166d3916ce0ac0406517d29a24c32e183e81a0a810836dd14b?s=96&d=mm&r=g","contentUrl":"https:\/\/secure.gravatar.com\/avatar\/1cb05192fe2229166d3916ce0ac0406517d29a24c32e183e81a0a810836dd14b?s=96&d=mm&r=g","caption":"R\u00e9anne Cooper"},"url":"https:\/\/artsnb.ca\/web\/author\/reanne\/"}]}},"_links":{"self":[{"href":"https:\/\/artsnb.ca\/web\/wp-json\/wp\/v2\/posts\/3696","targetHints":{"allow":["GET"]}}],"collection":[{"href":"https:\/\/artsnb.ca\/web\/wp-json\/wp\/v2\/posts"}],"about":[{"href":"https:\/\/artsnb.ca\/web\/wp-json\/wp\/v2\/types\/post"}],"author":[{"embeddable":true,"href":"https:\/\/artsnb.ca\/web\/wp-json\/wp\/v2\/users\/6"}],"replies":[{"embeddable":true,"href":"https:\/\/artsnb.ca\/web\/wp-json\/wp\/v2\/comments?post=3696"}],"version-history":[{"count":1,"href":"https:\/\/artsnb.ca\/web\/wp-json\/wp\/v2\/posts\/3696\/revisions"}],"predecessor-version":[{"id":4357,"href":"https:\/\/artsnb.ca\/web\/wp-json\/wp\/v2\/posts\/3696\/revisions\/4357"}],"wp:featuredmedia":[{"embeddable":true,"href":"https:\/\/artsnb.ca\/web\/wp-json\/wp\/v2\/media\/1822"}],"wp:attachment":[{"href":"https:\/\/artsnb.ca\/web\/wp-json\/wp\/v2\/media?parent=3696"}],"wp:term":[{"taxonomy":"category","embeddable":true,"href":"https:\/\/artsnb.ca\/web\/wp-json\/wp\/v2\/categories?post=3696"},{"taxonomy":"post_tag","embeddable":true,"href":"https:\/\/artsnb.ca\/web\/wp-json\/wp\/v2\/tags?post=3696"}],"curies":[{"name":"wp","href":"https:\/\/api.w.org\/{rel}","templated":true}]}}