{"id":3700,"date":"2017-08-21T00:00:00","date_gmt":"2017-08-21T00:00:00","guid":{"rendered":"https:\/\/staging-artsnb.weavercrawford.com\/edith-bourget\/"},"modified":"2019-12-18T12:42:52","modified_gmt":"2019-12-18T12:42:52","slug":"edith-bourget","status":"publish","type":"post","link":"https:\/\/artsnb.ca\/web\/2017\/08\/edith-bourget\/?lang=fr","title":{"rendered":"Ici, l\u00e0, partout&#8230; La cr\u00e9ation! &#8211; \u00c9dith Bourget"},"content":{"rendered":"<p style=\"text-align: center;\"><img loading=\"lazy\" decoding=\"async\" width=\"720\" height=\"180\" class=\"aligncenter size-full wp-image-6239\" alt=\"\" src=\"https:\/\/artsnb.ca\/web\/wp-content\/uploads\/2019\/09\/Edith-Bourget-Banner-FR.png\"><\/p>\n<p style=\"text-align: justify;\">Je consacre ma vie \u00e0 la cr\u00e9ation. Peinture, art postal, installation, performance, photographie, j\u2019ai longtemps explor\u00e9 les arts visuels. Avec trente-cinq expositions en solo et plus de cent-vingt collectifs, oui, j\u2019ai beaucoup expos\u00e9, au Canada et \u00e0 quelques endroits aux \u00c9tats-Unis, en Ha\u00efti, en France et en Espagne. J\u2019ai aussi toujours \u00e9crit.<\/p>\n<figure id=\"attachment_5615\" aria-describedby=\"caption-attachment-5615\" style=\"width: 198px\" class=\"wp-caption alignleft\"><a href=\"https:\/\/artsnb.ca\/web\/wp-content\/uploads\/2019\/09\/ebourget_couverture.jpg\"><img loading=\"lazy\" decoding=\"async\" width=\"198\" height=\"300\" class=\"size-medium wp-image-5615\" alt=\"Ici, l\u00e0 et ailleurs (2017)\" src=\"https:\/\/artsnb.ca\/web\/wp-content\/uploads\/2019\/09\/ebourget_couverture-198x300.jpg\"><\/a><figcaption id=\"caption-attachment-5615\" class=\"wp-caption-text\">Ici, l\u00e0 et ailleurs (2017)<\/figcaption><\/figure>\n<p style=\"text-align: justify;\">Puis, en 2003, j\u2019ai publi\u00e9 <em>Autour de Gabrielle<\/em> (Souli\u00e8res \u00e9diteur), un recueil de po\u00e8mes pour les jeunes. Ce livre a re\u00e7u, en 2004, le Prix France-Acadie et a \u00e9t\u00e9 finaliste aux Prix litt\u00e9raires du Gouverneur g\u00e9n\u00e9ral. Depuis, d\u2019autres recueils de po\u00e8mes, des albums illustr\u00e9s et des romans pour tous les \u00e2ges ont suivi. En septembre 2017, <em>Ici, l\u00e0 et ailleurs<\/em>, mon vingt-septi\u00e8me livre pour les jeunes, para\u00eetra chez Souli\u00e8res \u00e9diteur. Ce recueil de quatorze nouvelles pour adolescents a \u00e9t\u00e9 \u00e9crit gr\u00e2ce \u00e0 une bourse de cr\u00e9ation d&#8217;<strong>artsnb<\/strong>. Cette bourse de cat\u00e9gorie A m\u2019a permis de pousser mon exploration d\u2019un autre genre litt\u00e9raire, la nouvelle, en plus d\u2019approfondir ma r\u00e9flexion sur la place du fran\u00e7ais dans notre pays.<\/p>\n<p style=\"text-align: justify;\">J\u2019ai pr\u00e9sent\u00e9 mes livres un peu partout au Canada et \u00e0 quelques endroits en Europe, Au pays, j\u2019ai rencontr\u00e9 des milliers d\u2019\u00e9l\u00e8ves francophones et des jeunes anglophones inscrits en immersion fran\u00e7aise. De St. John\u2019s \u00e0 Vancouver, en passant, entre autres, par Halifax, Moncton, Montr\u00e9al, Winnipeg, Calgary et Whitehorse, j\u2019ai constat\u00e9 que le fran\u00e7ais, ma langue aim\u00e9e, \u00e9tait parl\u00e9e, apprise et bien vivante de l\u2019Atlantique au Pacifique, dans de petites et de grandes villes. J\u2019ai aussi not\u00e9 que les francophones et les francophiles se connaissent mal entre eux et se sentent souvent isol\u00e9s.<\/p>\n<p style=\"text-align: justify;\"><em>Ici, l\u00e0 et ailleurs<\/em> est n\u00e9 de mon d\u00e9sir de cr\u00e9er un outil de rapprochement entre les jeunes qui parlent fran\u00e7ais au Canada et d\u2019offrir un livre qui pourrait faciliter l\u2019apprentissage de cette langue aux adolescents qui l\u2019\u00e9tudient. En 2014, une biblioth\u00e9caire de Whitehorse m\u2019avait soulign\u00e9 comment il \u00e9tait difficile de trouver un livre en fran\u00e7ais adapt\u00e9 au niveau de lecture des adolescents en immersion fran\u00e7aise et qui les int\u00e9resserait. Cette conversation a fait son chemin en moi. J\u2019ai conclu que des textes brefs, touchant des probl\u00e9matiques adolescentes, faisant d\u00e9couvrir plusieurs lieux au Canada, auraient des chances d\u2019atteindre les jeunes et de les captiver suffisamment pour leur donner envie de lire en fran\u00e7ais. Je crois essentiel d\u2019ouvrir des horizons aux jeunes francophones et francophiles sur la r\u00e9alit\u00e9 et la beaut\u00e9 de notre pays, du monde. J\u2019esp\u00e8re que mon recueil&nbsp; leur donnera envie de partir \u00e0 la d\u00e9couverte de l\u2019autre, qu\u2019il habite tout pr\u00e8s ou \u00e0 des centaines de kilom\u00e8tres.<\/p>\n<figure id=\"attachment_5616\" aria-describedby=\"caption-attachment-5616\" style=\"width: 300px\" class=\"wp-caption alignright\"><a href=\"https:\/\/artsnb.ca\/web\/wp-content\/uploads\/2019\/09\/ebourget_jardin.jpg\"><img loading=\"lazy\" decoding=\"async\" width=\"300\" height=\"169\" class=\"size-medium wp-image-5616\" alt=\"Le jardin d'\u00c9dith Bourget\" src=\"https:\/\/artsnb.ca\/web\/wp-content\/uploads\/2019\/09\/ebourget_jardin-300x169.jpg\"><\/a><figcaption id=\"caption-attachment-5616\" class=\"wp-caption-text\">Le jardin d&#8217;\u00c9dith Bourget<\/figcaption><\/figure>\n<p style=\"text-align: justify;\">Ce recueil aborde \u00e9galement des th\u00e8mes directement li\u00e9s \u00e0 mon travail d\u2019\u00e9crivaine. J\u2019explore donc l\u2019autofiction dans deux textes. Celui qui ouvre le recueil, <em>Dans mon jardin<\/em>, est une invitation \u00e0 d\u00e9couvrir le lieu o\u00f9 j\u2019\u00e9cris et mes motivations. <em>Dans mon jardin, au printemps, je s\u00e8me des graines de fleurs et de l\u00e9gumes. Tout au long de l\u2019ann\u00e9e, je s\u00e8me des mots fran\u00e7ais dans mes livres et dans le c\u0153ur des jeunes. Quand je suis dans mon jardin, que je r\u00e9fl\u00e9chis \u00e0 ma place ici-bas, je me dis que mon passage sur Terre aura peut-\u00eatre un peu servi \u00e0 \u00e7a (page 15).<\/em> Quant \u00e0 la derni\u00e8re nouvelle, <em>Mes mots<\/em>, elle raconte le d\u00e9roulement d\u2019une rencontre scolaire et met en lumi\u00e8re les&nbsp; r\u00e9flexions d\u2019un gar\u00e7on et d\u2019une fille y assistant. Je termine le recueil en disant que j\u2019ai h\u00e2te de me r\u00e9installer dans mon jardin pour y \u00e9crire d\u2019autres histoires. Je boucle donc la boucle. Plusieurs de mes photos, prises au cours de mes voyages au Canada, illustrent la couverture.<\/p>\n<figure id=\"attachment_5617\" aria-describedby=\"caption-attachment-5617\" style=\"width: 300px\" class=\"wp-caption alignleft\"><a href=\"https:\/\/artsnb.ca\/web\/wp-content\/uploads\/2019\/09\/ebourget_lethbridge.jpg\"><img loading=\"lazy\" decoding=\"async\" width=\"300\" height=\"169\" class=\"size-medium wp-image-5617\" alt=\"Lethbridge, Alberta\" src=\"https:\/\/artsnb.ca\/web\/wp-content\/uploads\/2019\/09\/ebourget_lethbridge-300x169.jpg\"><\/a><figcaption id=\"caption-attachment-5617\" class=\"wp-caption-text\">Lethbridge, Alberta<\/figcaption><\/figure>\n<p style=\"text-align: justify;\">J\u2019ai toujours vu la cr\u00e9ation comme une mani\u00e8re d\u2019\u00eatre vraiment pr\u00e9sente au monde, de continuer d\u2019apprendre, de relever des d\u00e9fis. Dans mes \u0153uvres, Je cherche un langage universel. Le travail de l\u2019\u00e9crivain en est un de solitaire, d\u2019introspection, mais aussi d\u2019ouverture aux autres. Pour cr\u00e9er, il faut se frotter au monde, le parcourir, \u00e9carquiller les yeux et savoir \u00e9couter son c\u0153ur. Chaque projet est pour moi l\u2019occasion de m\u2019interroger sur ce qui m\u2019entoure, me touche, et la mani\u00e8re d\u2019en parler avec le plus de v\u00e9rit\u00e9 possible. Pour chaque livre, je soigne la forme et le fond. Je ne veux pas me r\u00e9p\u00e9ter. Je fuis le confort du connu. Je sais que j\u2019avance dans ma qu\u00eate, mais si lentement.<\/p>\n<p style=\"text-align: justify;\">Encore une fois gr\u00e2ce \u00e0 une bourse d&#8217;<strong>artsnb<\/strong>, j\u2019\u00e9cris pr\u00e9sentement un roman pour ados. <em>O\u00f9 est ma maison ?<\/em> parlera d\u2019identit\u00e9 et d\u2019immigration. Apr\u00e8s des mois de travail, je n\u2019ai pas encore trouv\u00e9 toutes les solutions pour bien ficeler l\u2019histoire. M\u00eame si au d\u00e9part, tout me semblait limpide, je peux maintenant affirmer que c\u2019est le projet le plus complexe que j\u2019aie jamais entrepris.<\/p>\n<p style=\"text-align: justify;\">Plus je travaille en cr\u00e9ation, plus je vois tout ce que je pourrais explorer. J\u2019esp\u00e8re un jour r\u00e9ussir \u00e0 cr\u00e9er l\u2019\u0153uvre qui me r\u00e9jouira totalement. Y arriverai-je ? Je ne sais pas, mais j\u2019essaie de tout mon c\u0153ur.<\/p>\n<p style=\"text-align: center;\"><a href=\"https:\/\/artsnb.ca\/web\/wp-content\/uploads\/2019\/09\/ebourget_pokemouche.jpg\"><img loading=\"lazy\" decoding=\"async\" width=\"600\" height=\"338\" class=\"aligncenter size-full wp-image-5618\" alt=\"ebourget_pokemouche\" src=\"https:\/\/artsnb.ca\/web\/wp-content\/uploads\/2019\/09\/ebourget_pokemouche.jpg\"><\/a><em><br \/>\nPokemouche, Nouveau-Brunswick<\/em><\/p>\n<p style=\"text-align: justify;\"><em><img loading=\"lazy\" decoding=\"async\" width=\"200\" height=\"300\" class=\"alignleft size-full wp-image-7352\" alt=\"Edith Bourget - Bio\" src=\"https:\/\/artsnb.ca\/web\/wp-content\/uploads\/2019\/09\/Bio-Edith-Bourget.jpg\">Cr\u00e9ant \u00e0 Edmundston, Nouveau-Brunswick, \u00c9dith Bourget a publi\u00e9 vingt-sept livres pour les jeunes&nbsp;: albums, romans, recueils de po\u00e8mes. Elle a obtenu plusieurs bourses de cr\u00e9ation du Conseil des arts du Canada et du Conseil des arts du Nouveau-Brunswick. <\/em>Autour de Gabrielle<em>, Prix France-Acadie, et <\/em>Les saisons d\u2019Henri<em> ont \u00e9t\u00e9 finalistes aux Prix litt\u00e9raires du Gouverneur g\u00e9n\u00e9ral. Elle a fait des stages en reliure et en gravure au Mus\u00e9e royal de Mariemont (Belgique). Elle a \u00e9t\u00e9 invit\u00e9e \u00e0 des festivals et \u00e0 des tourn\u00e9es d\u2019auteurs au Canada (WordFest, Vancouver International Writers Festival, M\u00e9tropolis bleu, Petits bonheurs, Lire \u00e0 tout vent) et \u00e0 l\u2019\u00e9tranger (La Bataille des livres, Suisse, 2008, la F\u00eate du livre de Merlieux, France, 2013) o\u00f9 elle a c\u00f4toy\u00e9 des cr\u00e9ateurs de toute la Francophonie.<\/em><\/p>\n<p style=\"text-align: justify;\"><em>\u00c9dith Bourget aime voyager, rencontrer des gens de partout et parler de son travail de cr\u00e9ation aux petits et aux grands. Elle veut rester en mouvement, relever des d\u00e9fis, d\u00e9couvrir de nouveaux lieux car tout cela lui permet de mieux comprendre le monde et de nourrir ses \u0153uvres.<\/em><\/p>\n<p style=\"text-align: justify;\"><em>Elle r\u00eave de paix et esp\u00e8re que ses mots s\u00e8meront des confettis de bonheur dans des c\u0153urs, ouvriront des yeux et donneront envie de prot\u00e9ger la vie.&nbsp;&nbsp;<\/em><\/p>\n<p style=\"text-align: justify;\"><em>Vous pouvez suivre le travail d&#8217;\u00c9dith sur sa <a href=\"https:\/\/www.facebook.com\/%C3%89dith-Bourget-auteure-159359697418463\/\" target=\"_blank\" rel=\"noopener noreferrer\">page Facebook<\/a>.<\/em><\/p>\n<p>&nbsp;<\/p>\n<p style=\"text-align: justify;\"><em><strong>Le blogue d&#8217;artsnb donne la parole aux artistes du Nouveau-Brunswick. Avez-vous re\u00e7u une subvention d\u2019artsnb ? Avez-vous envie de partager votre exp\u00e9rience ? Alors <a href=\"http:\/\/artsnb.ca\/site\/fr\/contact\/?recipient=Benji\" target=\"_blank\" rel=\"noopener noreferrer\">contactez-nous<\/a> sans plus attendre !<\/strong><\/em><\/p>\n","protected":false},"excerpt":{"rendered":"<p>Je consacre ma vie \u00e0 la cr\u00e9ation. Peinture, art postal, installation, performance, photographie, j\u2019ai longtemps explor\u00e9 les arts visuels. Avec trente-cinq expositions en solo et plus de cent-vingt collectifs, oui, j\u2019ai beaucoup expos\u00e9, au Canada et \u00e0 quelques endroits aux \u00c9tats-Unis, en Ha\u00efti, en France et en Espagne. J\u2019ai aussi toujours \u00e9crit. Puis, en 2003,<\/p>\n","protected":false},"author":6,"featured_media":1772,"comment_status":"open","ping_status":"open","sticky":false,"template":"","format":"standard","meta":{"_acf_changed":false,"footnotes":""},"categories":[87],"tags":[],"class_list":["post-3700","post","type-post","status-publish","format-standard","has-post-thumbnail","hentry","category-blogue"],"acf":[],"yoast_head":"<!-- This site is optimized with the Yoast SEO plugin v27.5 - https:\/\/yoast.com\/product\/yoast-seo-wordpress\/ -->\n<title>Ici, l\u00e0, partout... La cr\u00e9ation! - \u00c9dith Bourget - ArtsNB<\/title>\n<meta name=\"robots\" content=\"index, follow, max-snippet:-1, max-image-preview:large, max-video-preview:-1\" \/>\n<link rel=\"canonical\" href=\"https:\/\/artsnb.ca\/web\/2017\/08\/edith-bourget\/\" \/>\n<meta property=\"og:locale\" content=\"en_US\" \/>\n<meta property=\"og:type\" content=\"article\" \/>\n<meta property=\"og:title\" content=\"Ici, l\u00e0, partout... La cr\u00e9ation! - \u00c9dith Bourget - ArtsNB\" \/>\n<meta property=\"og:description\" content=\"Je consacre ma vie \u00e0 la cr\u00e9ation. Peinture, art postal, installation, performance, photographie, j\u2019ai longtemps explor\u00e9 les arts visuels. Avec trente-cinq expositions en solo et plus de cent-vingt collectifs, oui, j\u2019ai beaucoup expos\u00e9, au Canada et \u00e0 quelques endroits aux \u00c9tats-Unis, en Ha\u00efti, en France et en Espagne. J\u2019ai aussi toujours \u00e9crit. Puis, en 2003,\" \/>\n<meta property=\"og:url\" content=\"https:\/\/artsnb.ca\/web\/2017\/08\/edith-bourget\/?lang=fr\" \/>\n<meta property=\"og:site_name\" content=\"ArtsNB\" \/>\n<meta property=\"article:publisher\" content=\"https:\/\/www.facebook.com\/artsnb\/\" \/>\n<meta property=\"article:published_time\" content=\"2017-08-21T00:00:00+00:00\" \/>\n<meta property=\"article:modified_time\" content=\"2019-12-18T12:42:52+00:00\" \/>\n<meta property=\"og:image\" content=\"https:\/\/artsnb.ca\/web\/wp-content\/uploads\/2019\/09\/Bio-Edith-Bourget.jpg\" \/>\n\t<meta property=\"og:image:width\" content=\"200\" \/>\n\t<meta property=\"og:image:height\" content=\"300\" \/>\n\t<meta property=\"og:image:type\" content=\"image\/jpeg\" \/>\n<meta name=\"author\" content=\"R\u00e9anne Cooper\" \/>\n<meta name=\"twitter:card\" content=\"summary_large_image\" \/>\n<meta name=\"twitter:creator\" content=\"@artsnb\" \/>\n<meta name=\"twitter:site\" content=\"@artsnb\" \/>\n<meta name=\"twitter:label1\" content=\"Written by\" \/>\n\t<meta name=\"twitter:data1\" content=\"R\u00e9anne Cooper\" \/>\n\t<meta name=\"twitter:label2\" content=\"Est. reading time\" \/>\n\t<meta name=\"twitter:data2\" content=\"6 minutes\" \/>\n<script type=\"application\/ld+json\" class=\"yoast-schema-graph\">{\"@context\":\"https:\\\/\\\/schema.org\",\"@graph\":[{\"@type\":\"Article\",\"@id\":\"https:\\\/\\\/artsnb.ca\\\/web\\\/2017\\\/08\\\/edith-bourget\\\/?lang=fr#article\",\"isPartOf\":{\"@id\":\"https:\\\/\\\/artsnb.ca\\\/web\\\/2017\\\/08\\\/edith-bourget\\\/?lang=fr\"},\"author\":{\"name\":\"R\u00e9anne Cooper\",\"@id\":\"https:\\\/\\\/artsnb.ca\\\/web\\\/#\\\/schema\\\/person\\\/012ecc8a59328615becff4af8bf0c2b9\"},\"headline\":\"Ici, l\u00e0, partout&#8230; La cr\u00e9ation! &#8211; \u00c9dith Bourget\",\"datePublished\":\"2017-08-21T00:00:00+00:00\",\"dateModified\":\"2019-12-18T12:42:52+00:00\",\"mainEntityOfPage\":{\"@id\":\"https:\\\/\\\/artsnb.ca\\\/web\\\/2017\\\/08\\\/edith-bourget\\\/?lang=fr\"},\"wordCount\":1235,\"commentCount\":0,\"publisher\":{\"@id\":\"https:\\\/\\\/artsnb.ca\\\/web\\\/#organization\"},\"image\":{\"@id\":\"https:\\\/\\\/artsnb.ca\\\/web\\\/2017\\\/08\\\/edith-bourget\\\/?lang=fr#primaryimage\"},\"thumbnailUrl\":\"https:\\\/\\\/artsnb.ca\\\/web\\\/wp-content\\\/uploads\\\/2019\\\/09\\\/Bio-Edith-Bourget.jpg\",\"articleSection\":[\"Blogue\"],\"inLanguage\":\"en-US\",\"potentialAction\":[{\"@type\":\"CommentAction\",\"name\":\"Comment\",\"target\":[\"https:\\\/\\\/artsnb.ca\\\/web\\\/2017\\\/08\\\/edith-bourget\\\/?lang=fr#respond\"]}]},{\"@type\":\"WebPage\",\"@id\":\"https:\\\/\\\/artsnb.ca\\\/web\\\/2017\\\/08\\\/edith-bourget\\\/?lang=fr\",\"url\":\"https:\\\/\\\/artsnb.ca\\\/web\\\/2017\\\/08\\\/edith-bourget\\\/?lang=fr\",\"name\":\"Ici, l\u00e0, partout... La cr\u00e9ation! - \u00c9dith Bourget - ArtsNB\",\"isPartOf\":{\"@id\":\"https:\\\/\\\/artsnb.ca\\\/web\\\/#website\"},\"primaryImageOfPage\":{\"@id\":\"https:\\\/\\\/artsnb.ca\\\/web\\\/2017\\\/08\\\/edith-bourget\\\/?lang=fr#primaryimage\"},\"image\":{\"@id\":\"https:\\\/\\\/artsnb.ca\\\/web\\\/2017\\\/08\\\/edith-bourget\\\/?lang=fr#primaryimage\"},\"thumbnailUrl\":\"https:\\\/\\\/artsnb.ca\\\/web\\\/wp-content\\\/uploads\\\/2019\\\/09\\\/Bio-Edith-Bourget.jpg\",\"datePublished\":\"2017-08-21T00:00:00+00:00\",\"dateModified\":\"2019-12-18T12:42:52+00:00\",\"breadcrumb\":{\"@id\":\"https:\\\/\\\/artsnb.ca\\\/web\\\/2017\\\/08\\\/edith-bourget\\\/?lang=fr#breadcrumb\"},\"inLanguage\":\"en-US\",\"potentialAction\":[{\"@type\":\"ReadAction\",\"target\":[\"https:\\\/\\\/artsnb.ca\\\/web\\\/2017\\\/08\\\/edith-bourget\\\/?lang=fr\"]}]},{\"@type\":\"ImageObject\",\"inLanguage\":\"en-US\",\"@id\":\"https:\\\/\\\/artsnb.ca\\\/web\\\/2017\\\/08\\\/edith-bourget\\\/?lang=fr#primaryimage\",\"url\":\"https:\\\/\\\/artsnb.ca\\\/web\\\/wp-content\\\/uploads\\\/2019\\\/09\\\/Bio-Edith-Bourget.jpg\",\"contentUrl\":\"https:\\\/\\\/artsnb.ca\\\/web\\\/wp-content\\\/uploads\\\/2019\\\/09\\\/Bio-Edith-Bourget.jpg\",\"width\":200,\"height\":300},{\"@type\":\"BreadcrumbList\",\"@id\":\"https:\\\/\\\/artsnb.ca\\\/web\\\/2017\\\/08\\\/edith-bourget\\\/?lang=fr#breadcrumb\",\"itemListElement\":[{\"@type\":\"ListItem\",\"position\":1,\"name\":\"Home\",\"item\":\"https:\\\/\\\/artsnb.ca\\\/web\\\/\"},{\"@type\":\"ListItem\",\"position\":2,\"name\":\"Blog\",\"item\":\"https:\\\/\\\/artsnb.ca\\\/web\\\/category\\\/blog\\\/\"},{\"@type\":\"ListItem\",\"position\":3,\"name\":\"Ici, l\u00e0, partout&#8230; La cr\u00e9ation! &#8211; \u00c9dith Bourget\"}]},{\"@type\":\"WebSite\",\"@id\":\"https:\\\/\\\/artsnb.ca\\\/web\\\/#website\",\"url\":\"https:\\\/\\\/artsnb.ca\\\/web\\\/\",\"name\":\"ArtsNB\",\"description\":\"EXCELLENCE. PROFESSIONALISM. INNOVATION.\",\"publisher\":{\"@id\":\"https:\\\/\\\/artsnb.ca\\\/web\\\/#organization\"},\"potentialAction\":[{\"@type\":\"SearchAction\",\"target\":{\"@type\":\"EntryPoint\",\"urlTemplate\":\"https:\\\/\\\/artsnb.ca\\\/web\\\/?s={search_term_string}\"},\"query-input\":{\"@type\":\"PropertyValueSpecification\",\"valueRequired\":true,\"valueName\":\"search_term_string\"}}],\"inLanguage\":\"en-US\"},{\"@type\":\"Organization\",\"@id\":\"https:\\\/\\\/artsnb.ca\\\/web\\\/#organization\",\"name\":\"ArtsNB\",\"url\":\"https:\\\/\\\/artsnb.ca\\\/web\\\/\",\"logo\":{\"@type\":\"ImageObject\",\"inLanguage\":\"en-US\",\"@id\":\"https:\\\/\\\/artsnb.ca\\\/web\\\/#\\\/schema\\\/logo\\\/image\\\/\",\"url\":\"https:\\\/\\\/artsnb.ca\\\/web\\\/wp-content\\\/uploads\\\/2024\\\/04\\\/cropped-artsnb-PrimaryLogo-vertical-HiRes-2.jpg\",\"contentUrl\":\"https:\\\/\\\/artsnb.ca\\\/web\\\/wp-content\\\/uploads\\\/2024\\\/04\\\/cropped-artsnb-PrimaryLogo-vertical-HiRes-2.jpg\",\"width\":1698,\"height\":1223,\"caption\":\"ArtsNB\"},\"image\":{\"@id\":\"https:\\\/\\\/artsnb.ca\\\/web\\\/#\\\/schema\\\/logo\\\/image\\\/\"},\"sameAs\":[\"https:\\\/\\\/www.facebook.com\\\/artsnb\\\/\",\"https:\\\/\\\/x.com\\\/artsnb\",\"https:\\\/\\\/www.instagram.com\\\/artsnb\\\/\"]},{\"@type\":\"Person\",\"@id\":\"https:\\\/\\\/artsnb.ca\\\/web\\\/#\\\/schema\\\/person\\\/012ecc8a59328615becff4af8bf0c2b9\",\"name\":\"R\u00e9anne Cooper\",\"image\":{\"@type\":\"ImageObject\",\"inLanguage\":\"en-US\",\"@id\":\"https:\\\/\\\/secure.gravatar.com\\\/avatar\\\/1cb05192fe2229166d3916ce0ac0406517d29a24c32e183e81a0a810836dd14b?s=96&d=mm&r=g\",\"url\":\"https:\\\/\\\/secure.gravatar.com\\\/avatar\\\/1cb05192fe2229166d3916ce0ac0406517d29a24c32e183e81a0a810836dd14b?s=96&d=mm&r=g\",\"contentUrl\":\"https:\\\/\\\/secure.gravatar.com\\\/avatar\\\/1cb05192fe2229166d3916ce0ac0406517d29a24c32e183e81a0a810836dd14b?s=96&d=mm&r=g\",\"caption\":\"R\u00e9anne Cooper\"},\"url\":\"https:\\\/\\\/artsnb.ca\\\/web\\\/author\\\/reanne\\\/\"}]}<\/script>\n<!-- \/ Yoast SEO plugin. -->","yoast_head_json":{"title":"Ici, l\u00e0, partout... La cr\u00e9ation! - \u00c9dith Bourget - ArtsNB","robots":{"index":"index","follow":"follow","max-snippet":"max-snippet:-1","max-image-preview":"max-image-preview:large","max-video-preview":"max-video-preview:-1"},"canonical":"https:\/\/artsnb.ca\/web\/2017\/08\/edith-bourget\/","og_locale":"en_US","og_type":"article","og_title":"Ici, l\u00e0, partout... La cr\u00e9ation! - \u00c9dith Bourget - ArtsNB","og_description":"Je consacre ma vie \u00e0 la cr\u00e9ation. Peinture, art postal, installation, performance, photographie, j\u2019ai longtemps explor\u00e9 les arts visuels. Avec trente-cinq expositions en solo et plus de cent-vingt collectifs, oui, j\u2019ai beaucoup expos\u00e9, au Canada et \u00e0 quelques endroits aux \u00c9tats-Unis, en Ha\u00efti, en France et en Espagne. J\u2019ai aussi toujours \u00e9crit. Puis, en 2003,","og_url":"https:\/\/artsnb.ca\/web\/2017\/08\/edith-bourget\/?lang=fr","og_site_name":"ArtsNB","article_publisher":"https:\/\/www.facebook.com\/artsnb\/","article_published_time":"2017-08-21T00:00:00+00:00","article_modified_time":"2019-12-18T12:42:52+00:00","og_image":[{"width":200,"height":300,"url":"https:\/\/artsnb.ca\/web\/wp-content\/uploads\/2019\/09\/Bio-Edith-Bourget.jpg","type":"image\/jpeg"}],"author":"R\u00e9anne Cooper","twitter_card":"summary_large_image","twitter_creator":"@artsnb","twitter_site":"@artsnb","twitter_misc":{"Written by":"R\u00e9anne Cooper","Est. reading time":"6 minutes"},"schema":{"@context":"https:\/\/schema.org","@graph":[{"@type":"Article","@id":"https:\/\/artsnb.ca\/web\/2017\/08\/edith-bourget\/?lang=fr#article","isPartOf":{"@id":"https:\/\/artsnb.ca\/web\/2017\/08\/edith-bourget\/?lang=fr"},"author":{"name":"R\u00e9anne Cooper","@id":"https:\/\/artsnb.ca\/web\/#\/schema\/person\/012ecc8a59328615becff4af8bf0c2b9"},"headline":"Ici, l\u00e0, partout&#8230; La cr\u00e9ation! &#8211; \u00c9dith Bourget","datePublished":"2017-08-21T00:00:00+00:00","dateModified":"2019-12-18T12:42:52+00:00","mainEntityOfPage":{"@id":"https:\/\/artsnb.ca\/web\/2017\/08\/edith-bourget\/?lang=fr"},"wordCount":1235,"commentCount":0,"publisher":{"@id":"https:\/\/artsnb.ca\/web\/#organization"},"image":{"@id":"https:\/\/artsnb.ca\/web\/2017\/08\/edith-bourget\/?lang=fr#primaryimage"},"thumbnailUrl":"https:\/\/artsnb.ca\/web\/wp-content\/uploads\/2019\/09\/Bio-Edith-Bourget.jpg","articleSection":["Blogue"],"inLanguage":"en-US","potentialAction":[{"@type":"CommentAction","name":"Comment","target":["https:\/\/artsnb.ca\/web\/2017\/08\/edith-bourget\/?lang=fr#respond"]}]},{"@type":"WebPage","@id":"https:\/\/artsnb.ca\/web\/2017\/08\/edith-bourget\/?lang=fr","url":"https:\/\/artsnb.ca\/web\/2017\/08\/edith-bourget\/?lang=fr","name":"Ici, l\u00e0, partout... La cr\u00e9ation! - \u00c9dith Bourget - ArtsNB","isPartOf":{"@id":"https:\/\/artsnb.ca\/web\/#website"},"primaryImageOfPage":{"@id":"https:\/\/artsnb.ca\/web\/2017\/08\/edith-bourget\/?lang=fr#primaryimage"},"image":{"@id":"https:\/\/artsnb.ca\/web\/2017\/08\/edith-bourget\/?lang=fr#primaryimage"},"thumbnailUrl":"https:\/\/artsnb.ca\/web\/wp-content\/uploads\/2019\/09\/Bio-Edith-Bourget.jpg","datePublished":"2017-08-21T00:00:00+00:00","dateModified":"2019-12-18T12:42:52+00:00","breadcrumb":{"@id":"https:\/\/artsnb.ca\/web\/2017\/08\/edith-bourget\/?lang=fr#breadcrumb"},"inLanguage":"en-US","potentialAction":[{"@type":"ReadAction","target":["https:\/\/artsnb.ca\/web\/2017\/08\/edith-bourget\/?lang=fr"]}]},{"@type":"ImageObject","inLanguage":"en-US","@id":"https:\/\/artsnb.ca\/web\/2017\/08\/edith-bourget\/?lang=fr#primaryimage","url":"https:\/\/artsnb.ca\/web\/wp-content\/uploads\/2019\/09\/Bio-Edith-Bourget.jpg","contentUrl":"https:\/\/artsnb.ca\/web\/wp-content\/uploads\/2019\/09\/Bio-Edith-Bourget.jpg","width":200,"height":300},{"@type":"BreadcrumbList","@id":"https:\/\/artsnb.ca\/web\/2017\/08\/edith-bourget\/?lang=fr#breadcrumb","itemListElement":[{"@type":"ListItem","position":1,"name":"Home","item":"https:\/\/artsnb.ca\/web\/"},{"@type":"ListItem","position":2,"name":"Blog","item":"https:\/\/artsnb.ca\/web\/category\/blog\/"},{"@type":"ListItem","position":3,"name":"Ici, l\u00e0, partout&#8230; La cr\u00e9ation! &#8211; \u00c9dith Bourget"}]},{"@type":"WebSite","@id":"https:\/\/artsnb.ca\/web\/#website","url":"https:\/\/artsnb.ca\/web\/","name":"ArtsNB","description":"EXCELLENCE. PROFESSIONALISM. INNOVATION.","publisher":{"@id":"https:\/\/artsnb.ca\/web\/#organization"},"potentialAction":[{"@type":"SearchAction","target":{"@type":"EntryPoint","urlTemplate":"https:\/\/artsnb.ca\/web\/?s={search_term_string}"},"query-input":{"@type":"PropertyValueSpecification","valueRequired":true,"valueName":"search_term_string"}}],"inLanguage":"en-US"},{"@type":"Organization","@id":"https:\/\/artsnb.ca\/web\/#organization","name":"ArtsNB","url":"https:\/\/artsnb.ca\/web\/","logo":{"@type":"ImageObject","inLanguage":"en-US","@id":"https:\/\/artsnb.ca\/web\/#\/schema\/logo\/image\/","url":"https:\/\/artsnb.ca\/web\/wp-content\/uploads\/2024\/04\/cropped-artsnb-PrimaryLogo-vertical-HiRes-2.jpg","contentUrl":"https:\/\/artsnb.ca\/web\/wp-content\/uploads\/2024\/04\/cropped-artsnb-PrimaryLogo-vertical-HiRes-2.jpg","width":1698,"height":1223,"caption":"ArtsNB"},"image":{"@id":"https:\/\/artsnb.ca\/web\/#\/schema\/logo\/image\/"},"sameAs":["https:\/\/www.facebook.com\/artsnb\/","https:\/\/x.com\/artsnb","https:\/\/www.instagram.com\/artsnb\/"]},{"@type":"Person","@id":"https:\/\/artsnb.ca\/web\/#\/schema\/person\/012ecc8a59328615becff4af8bf0c2b9","name":"R\u00e9anne Cooper","image":{"@type":"ImageObject","inLanguage":"en-US","@id":"https:\/\/secure.gravatar.com\/avatar\/1cb05192fe2229166d3916ce0ac0406517d29a24c32e183e81a0a810836dd14b?s=96&d=mm&r=g","url":"https:\/\/secure.gravatar.com\/avatar\/1cb05192fe2229166d3916ce0ac0406517d29a24c32e183e81a0a810836dd14b?s=96&d=mm&r=g","contentUrl":"https:\/\/secure.gravatar.com\/avatar\/1cb05192fe2229166d3916ce0ac0406517d29a24c32e183e81a0a810836dd14b?s=96&d=mm&r=g","caption":"R\u00e9anne Cooper"},"url":"https:\/\/artsnb.ca\/web\/author\/reanne\/"}]}},"_links":{"self":[{"href":"https:\/\/artsnb.ca\/web\/wp-json\/wp\/v2\/posts\/3700","targetHints":{"allow":["GET"]}}],"collection":[{"href":"https:\/\/artsnb.ca\/web\/wp-json\/wp\/v2\/posts"}],"about":[{"href":"https:\/\/artsnb.ca\/web\/wp-json\/wp\/v2\/types\/post"}],"author":[{"embeddable":true,"href":"https:\/\/artsnb.ca\/web\/wp-json\/wp\/v2\/users\/6"}],"replies":[{"embeddable":true,"href":"https:\/\/artsnb.ca\/web\/wp-json\/wp\/v2\/comments?post=3700"}],"version-history":[{"count":1,"href":"https:\/\/artsnb.ca\/web\/wp-json\/wp\/v2\/posts\/3700\/revisions"}],"predecessor-version":[{"id":4351,"href":"https:\/\/artsnb.ca\/web\/wp-json\/wp\/v2\/posts\/3700\/revisions\/4351"}],"wp:featuredmedia":[{"embeddable":true,"href":"https:\/\/artsnb.ca\/web\/wp-json\/wp\/v2\/media\/1772"}],"wp:attachment":[{"href":"https:\/\/artsnb.ca\/web\/wp-json\/wp\/v2\/media?parent=3700"}],"wp:term":[{"taxonomy":"category","embeddable":true,"href":"https:\/\/artsnb.ca\/web\/wp-json\/wp\/v2\/categories?post=3700"},{"taxonomy":"post_tag","embeddable":true,"href":"https:\/\/artsnb.ca\/web\/wp-json\/wp\/v2\/tags?post=3700"}],"curies":[{"name":"wp","href":"https:\/\/api.w.org\/{rel}","templated":true}]}}