{"id":3704,"date":"2017-10-30T00:00:00","date_gmt":"2017-10-30T00:00:00","guid":{"rendered":"https:\/\/staging-artsnb.weavercrawford.com\/plg-2017-robert-pichette\/"},"modified":"2019-11-07T00:54:18","modified_gmt":"2019-11-07T00:54:18","slug":"plg-2017-robert-pichette","status":"publish","type":"post","link":"https:\/\/artsnb.ca\/web\/2017\/10\/plg-2017-robert-pichette\/?lang=fr","title":{"rendered":"PLG 2017 &#8211; Robert Pichette"},"content":{"rendered":"<p style=\"text-align: center;\"><img loading=\"lazy\" decoding=\"async\" width=\"720\" height=\"180\" class=\"aligncenter size-full wp-image-6232\" alt=\"\" src=\"https:\/\/artsnb.ca\/web\/wp-content\/uploads\/2019\/09\/Robert-Pichette-Banner-FR.png\"><\/p>\n<p style=\"text-align: justify;\"><em>Les Prix du Lieutenant-gouverneur pour l&#8217;excellence dans les arts reconnaissent et c\u00e9l\u00e8brent les artistes et \u00e9crivains remarquables du Nouveau-Brunswick, qui se sont distingu\u00e9s par l&#8217;excellence de leurs r\u00e9alisations et leur contribution aux arts dans la province.<\/em><\/p>\n<p style=\"text-align: justify;\"><em>Robert Pichette,&nbsp;laur\u00e9at du Prix du Lieutenant-gouverneur pour l\u2019excellence dans les arts litt\u00e9raires en fran\u00e7ais 2017,&nbsp;r\u00e9pond \u00e0 quelques questions concernant sa vie et sa pratique artistique.<\/em><\/p>\n<p>&nbsp;<\/p>\n<ul style=\"text-align: justify;\">\n<li style=\"text-align: justify;\"><strong>Parlez-nous de votre \u00e9ducation, du lieu o\u00f9 vous avez grandi, etc.<\/strong><\/li>\n<\/ul>\n<p style=\"text-align: justify;\">Je suis n\u00e9 en 1936 \u00e0 Edmundston et j\u2019y ai grandi durant les ann\u00e9es 1930 jusqu\u2019au d\u00e9but des ann\u00e9es 1950.&nbsp; J\u2019ai eu la chance inou\u00efe de grandir dans une famille de liseurs voraces.&nbsp; De plus, ma m\u00e8re \u00e9tait une conteuse n\u00e9e et inventive par-dessus le march\u00e9.&nbsp; Il entrait chez nous un grand nombre de journaux et de revues, tant fran\u00e7ais qu\u2019anglais.&nbsp; Je crois avoir appris l\u2019anglais \u00e0 peu pr\u00e8s tout seul en lisant quotidiennement le <em>Telegraph Journal<\/em>.&nbsp; Une publication fran\u00e7aise de Montr\u00e9al m\u2019a beaucoup marqu\u00e9e.&nbsp; Il s\u2019agissait de l\u2019hebdomadaire <em>La Patrie<\/em>, journal fond\u00e9 en 1879 et disparu seulement en 1978.&nbsp; Superbement r\u00e9dig\u00e9, il y avait des chroniques sur une vari\u00e9t\u00e9 de sujets, notamment d\u2019histoire canadienne.&nbsp; Je crois bien avoir d\u00e9velopp\u00e9 un go\u00fbt marqu\u00e9 pour l\u2019histoire gr\u00e2ce \u00e0 la lecture r\u00e9guli\u00e8re du journal.<\/p>\n<p style=\"text-align: justify;\">Mes parents tenaient fermement \u00e0 ce que je parle toujours un fran\u00e7ais correct.&nbsp; Sans \u00eatre stricts sur le sujet, ils \u00e9taient fermes et on m\u2019offrait toutes sortes d\u2019incitatifs.&nbsp; Pas question d\u2019\u00eatre \u00ab&nbsp;right fiers&nbsp;\u00bb&nbsp;!&nbsp; Comme il n\u2019y avait pas de biblioth\u00e8que publique \u00e0 Edmundston \u00e0 l\u2019\u00e9poque, une s\u0153ur de mon p\u00e8re, religieuse Fille de J\u00e9sus \u00e0 Trois-Rivi\u00e8res et qui \u00e9tait bacheli\u00e8re, chose rarissime pour une femme \u00e0 l\u2019\u00e9poque \u2014 elle avait m\u00eame enseign\u00e9 la musique \u00e0 Londres dans un couvent pour jeunes filles de qualit\u00e9 \u2014 \u00e9tablissait plusieurs fois par ann\u00e9e des listes de livres \u00e0 mon intention que mon p\u00e8re faisait venir par la poste.&nbsp; Je crois qu\u2019il m\u2019en reste encore un&nbsp;: <em>Le tr\u00e9sor de l\u2019abbaye&nbsp;<\/em>!<\/p>\n<p style=\"text-align: justify;\">Autre coup de chance&nbsp;: j\u2019ai fait mes \u00e9tudes primaires \u00e0 l\u2019Acad\u00e9mie Conway d\u2019Edmundston dirig\u00e9e par les religieuses Filles de la Sagesse qui \u00e9taient de magnifiques p\u00e9dagogues.&nbsp; Je lisais couramment en fran\u00e7ais, et probablement assez bien en anglais, avant ma premi\u00e8re ann\u00e9e, mais ce sont elles qui m\u2019ont appris \u00e0 \u00e9crire.&nbsp; Elles avaient une m\u00e9thode imbattable et pas redoutable du tout.&nbsp; Ch\u00e8res s\u0153urs Catherine et Cyprien, je vous remercie avec beaucoup de retard&nbsp;!<\/p>\n<p style=\"text-align: justify;\">D\u2019Edmundston il ne me reste pas beaucoup de souvenirs sauf un tr\u00e8s sp\u00e9cial&nbsp;: lorsque survint l\u2019armistice du 8 mai 1945 j\u2019avais \u00e9t\u00e9 sid\u00e9r\u00e9 par les manifestations publiques de joie.&nbsp; Les cloches de toutes les \u00e9glises de la ville avaient sonn\u00e9 longuement et je me souviens que les gens dansaient dans la rue tant le soulagement \u00e9tait palpable. J\u2019avais neuf ans \u00e0 l\u2019\u00e9poque, mais ce souvenir ne m\u2019a jamais quitt\u00e9.<\/p>\n<p style=\"text-align: justify;\">Quelques ann\u00e9es plus tard, je me suis mis \u00e0 hanter l\u2019atelier de composition du journal <em>Le Madawaska<\/em> dont le propri\u00e9taire et r\u00e9dacteur en chef \u00e9tait l\u2019honorable J. Gaspard Boucher, d\u00e9put\u00e9 provincial et ministre insubmersible.&nbsp; Comme mon p\u00e8re et lui \u00e9taient amis, Monsieur Boucher me tol\u00e9rait.&nbsp; Faire un journal \u00e9tait fascinant parce qu\u2019\u00e0 l\u2019\u00e9poque le journal utilisait des caract\u00e8res en plomb.&nbsp; Linotypistes et pressiers m\u2019impressionnaient au plus haut point.&nbsp; Monsieur Boucher me donnait libre acc\u00e8s \u00e0 sa biblioth\u00e8que personnelle.&nbsp; Il m\u2019encourageait aussi \u00e0 \u00e9crire et j\u2019ai publi\u00e9 mes premiers articulets dans son journal alors que j\u2019\u00e9tais fort jeune.<\/p>\n<p style=\"text-align: justify;\">C\u2019\u00e9tait un d\u00e9but bien modeste, mais un d\u00e9but quand m\u00eame.&nbsp; Merci, Monsieur Boucher, d\u2019avoir devin\u00e9 le premier que je pourrais \u00eatre un \u00e9crivain.<\/p>\n<p style=\"text-align: justify;\">Au Coll\u00e8ge Saint-Louis d\u2019Edmundston, autre coup de chance&nbsp;: j\u2019eus comme professeur de fran\u00e7ais M. Louis-Joseph Lachance, homme d\u2019une immense culture qu\u2019il savait partager sans m\u00eame en avoir l\u2019air.&nbsp; Il \u00e9tait \u00e9galement un superbe p\u00e9dagogue.&nbsp; Gr\u00e2ce \u00e0 lui, j\u2019ai excell\u00e9 en fran\u00e7ais et, comme je me d\u00e9brouillais fort bien en latin, j\u2019ai eu d\u00e8s le d\u00e9part une solide base qui m\u2019a servi toute ma vie.&nbsp; (Pour \u00eatre totalement franc, j\u2019\u00e9tais faible dans toutes les mati\u00e8res qui ne m\u2019int\u00e9ressaient pas et absolument nul en math\u00e9matiques.&nbsp; Du reste, je le suis toujours).<\/p>\n<p style=\"text-align: justify;\">\u00c0 Montr\u00e9al, au Coll\u00e8ge de Saint-Laurent o\u00f9 j\u2019ai fait un stage de deux ans, je me croyais au paradis.&nbsp; Les P\u00e8res de Sainte-Croix dirigeaient cette v\u00e9n\u00e9rable institution.&nbsp; Ils avaient une immense biblioth\u00e8que bien garnie et ils nous encourageaient \u00e0 nous en servir.&nbsp; Je n\u2019ai pas eu besoin d\u2019y \u00eatre pouss\u00e9.&nbsp; De plus, le coll\u00e8ge \u00e9tait le si\u00e8ge d\u2019une compagnie de th\u00e9\u00e2tre c\u00e9l\u00e8bre \u00e0 l\u2019\u00e9poque, les <em>Compagnons de Saint-Laurent<\/em>.&nbsp; J\u2019y ai vu la cr\u00e8me de la cr\u00e8me du th\u00e9\u00e2tre classique fran\u00e7ais.&nbsp; Malgr\u00e9 les ann\u00e9es, je peux encore r\u00e9citer sans trop de trous de m\u00e9moire le c\u00e9l\u00e8bre songe d\u2019<em>Athalie<\/em>.&nbsp; Et j\u2019ai eu la chance de voir des com\u00e9diens immenses comme Jean-Louis Barrault, Madeleine Renaud, Maria Casares interpr\u00e9tant <em>Britannicus<\/em>, pour ne nommer que ceux-l\u00e0.<\/p>\n<p style=\"text-align: justify;\">C\u2019est dans je journal du coll\u00e8ge que j\u2019ai publi\u00e9 mon premier v\u00e9ritable article.&nbsp; Il s\u2019agissait d\u2019un compte rendu d\u2019une pi\u00e8ce de th\u00e9\u00e2tre, j\u2019ai oubli\u00e9 laquelle, mais je n\u2019ai pas oubli\u00e9 le plaisir \u00e9tonn\u00e9 que j\u2019ai eu \u00e0 lire mon texte imprim\u00e9 sous ma signature, sans qu\u2019on y ait rien chang\u00e9.&nbsp; Les auteurs sont chatouilleux sur ce chapitre et j\u2019ai appris tr\u00e8s t\u00f4t la loi de la jungle.<\/p>\n<p style=\"text-align: justify;\">Bref, j\u2019ai eu beaucoup de chance&nbsp;; je suis devenu \u00e9crivain et journaliste s\u2019en m\u2019en rendre compte, mais, avec en arri\u00e8re-plan, les meilleurs ma\u00eetres et ma\u00eetresses qui m\u2019ont encourag\u00e9, Dieu merci&nbsp;!<\/p>\n<ul style=\"text-align: justify;\">\n<li style=\"text-align: justify;\"><strong>Y a-t-il eu un moment d\u00e9terminant dans votre jeunesse qui a influenc\u00e9 votre choix de carri\u00e8re ?<\/strong><\/li>\n<\/ul>\n<p style=\"text-align: justify;\">\u00c0 vrai dire, je n\u2019ai jamais eu \u00e0 faire un choix de carri\u00e8re.&nbsp; Tout, ou presque tout ce que j\u2019ai entrepris dans ma vie m\u2019est arriv\u00e9 fortuitement.&nbsp; J\u2019ai rarement eu \u00e0 faire un choix. Je n\u2019ai pas eu de carri\u00e8re, mais plut\u00f4t des m\u00e9tiers et des occupations. Pourtant, en 1955, j\u2019ai fait un choix fondamental lors de mon dix-huiti\u00e8me anniversaire, choix qui a orient\u00e9 le reste de ma vie.&nbsp; N\u2019ayant plus besoin de l\u2019autorisation parentale, je me suis discr\u00e8tement enr\u00f4l\u00e9 dans l\u2019aviation royale du Canada pour trois ans, au grand dam de mon p\u00e8re qui avait d\u2019autres ambitions pour moi.&nbsp; Ce fut la meilleure d\u00e9cision que j\u2019aie jamais prise dans ma vie.&nbsp; Il s\u2019agissait ni plus ni moins de faire l\u2019apprentissage de la masculinit\u00e9, de l\u2019autonomie sinon de la libert\u00e9 aussi loin que possible d\u2019Edmundston, et \u00e7a a r\u00e9ussi&nbsp;!<\/p>\n<p style=\"text-align: justify;\">Je n\u2019avais pas l\u2019intention de faire carri\u00e8re dans l\u2019aviation de Sa Majest\u00e9 canadienne, mais trois ans auront suffi pour me d\u00e9niaiser et me mettre sur le chemin de la maturit\u00e9. L\u2019aviation m\u2019a d\u00e9cern\u00e9 mon unique dipl\u00f4me (avant les doctorats <em>honoris causa<\/em> des Universit\u00e9s Sainte-Anne et Moncton), en dactylographie.&nbsp; Je n\u2019ai jamais pilot\u00e9 autre chose qu\u2019une machine \u00e0 \u00e9crire, ce qui m\u2019a bien servi toute ma vie.<\/p>\n<p style=\"text-align: justify;\">J\u2019ai fini par faire du journalisme&nbsp;; je l\u2019ai m\u00eame enseign\u00e9 durant un semestre universitaire. G\u00e9n\u00e9raliste \u00e0 une \u00e9poque o\u00f9 l\u2019on pouvait travailler sans \u00eatre sp\u00e9cialis\u00e9, je n\u2019ai jamais refus\u00e9 une exp\u00e9rience nouvelle.&nbsp; Je me suis adapt\u00e9 \u00e0 toutes sortes de situations et j\u2019en ai largement profit\u00e9 jusqu\u2019\u00e0 ce que je devienne un fonctionnaire f\u00e9d\u00e9ral en r\u00e8gle&nbsp;!<\/p>\n<p style=\"text-align: justify;\">\u00c0 l\u2019\u00e2ge de 26 ans, en septembre 1963, je suis devenu, par hasard, chef de cabinet adjoint du Premier ministre Louis J. Robichaud \u00e0 Fredericton.&nbsp; \u00c9ventuellement, j\u2019ai \u00e9t\u00e9 promu chef de cabinet en titre avec le rang de sous-ministre avec, en plus et sans salaire additionnel, la responsabilit\u00e9 des Affaires culturelles de la province.&nbsp; J\u2019ai donc \u00e9t\u00e9 le premier Acadien chef de cabinet d\u2019un premier ministre du Nouveau-Brunswick. Je suis rest\u00e9 au service de cet homme exceptionnel pendant sept ans, jusqu\u2019\u00e0 la fin de son mandat en novembre 1970.<\/p>\n<p style=\"text-align: justify;\">Durant ces ann\u00e9es politiquement fertiles, j\u2019ai r\u00e9dig\u00e9 des milliers de lettres pour la signature personnelle du premier ministre et j\u2019ai aussi r\u00e9dig\u00e9 des centaines de discours.&nbsp; Il m\u2019avait donn\u00e9 une seule consigne&nbsp;; ne jamais utiliser une citation&nbsp;parce qu\u2019il voulait \u00e9viter d\u2019avoir l\u2019air p\u00e9dant alors qu\u2019il avait une solide formation universitaire classique.&nbsp; De plus, il n\u2019aimait pas parler pour ne rien dire ce qui posait un r\u00e9al d\u00e9fi.&nbsp; Essayez de r\u00e9diger un message de v\u0153ux du Nouvel An un tant soit peu original ann\u00e9e apr\u00e8s ann\u00e9e&nbsp;!&nbsp; Il lisait tout scrupuleusement, en ma pr\u00e9sence, crayon rouge en main, et de temps \u00e0 autre, biffait un mot ou une phrase.&nbsp; Je connaissais son style par c\u0153ur, nous avons donc fait bon m\u00e9nage.&nbsp; Quelles belles ann\u00e9es et \u00f4 combien fructueuses ont-elles \u00e9t\u00e9.<\/p>\n<p style=\"text-align: justify;\">Apr\u00e8s, je suis devenu sagement fonctionnaire f\u00e9d\u00e9ral dans diverses agences presque toujours avec un volet information ou relations publiques.&nbsp; La v\u00e9ritable carri\u00e8re d\u2019\u00e9crivain et de journaliste s\u2019est amorc\u00e9e d\u00e8s apr\u00e8s ma retraite.<\/p>\n<ul style=\"text-align: justify;\">\n<li style=\"text-align: justify;\"><strong>Quand avez-vous commenc\u00e9 votre pratique ? Avez-vous \u00e9t\u00e9 confront\u00e9 \u00e0 des d\u00e9fis particuliers ? Quelles le\u00e7ons importantes avez-vous apprises ?<\/strong><\/li>\n<\/ul>\n<p style=\"text-align: justify;\">J\u2019ai vraiment commenc\u00e9 \u00e0 \u00e9crire imm\u00e9diatement apr\u00e8s ma retraite de la fonction publique f\u00e9d\u00e9rale en ao\u00fbt 1991.&nbsp; Il y eut, tout d\u2019abord, l\u2019\u00e9criture alimentaire, c\u2019est-\u00e0-dire la traduction dans l\u2019une ou l\u2019autre langue officielle.&nbsp; J\u2019adore et j\u2019excelle dans ce m\u00e9tier sans cependant \u00eatre un traducteur professionnel.&nbsp; J\u2019ai cess\u00e9 de travailler commercialement, cependant, je continue le service gratuitement et par plaisir pour rendre service \u00e0 deux importants organismes \u00e0 but non lucratif.<\/p>\n<p style=\"text-align: justify;\">Fortuitement \u2014 une fois de plus&nbsp;! \u2014, je suis devenu chroniqueur hebdomadaire au quotidien provincial, le <em>Telegraph Journal<\/em> o\u00f9 le r\u00e9dacteur en chef et le chef de pupitre \u00e9taient des princes qui m\u2019ont fort habilement mentor\u00e9s. Je n\u2019avais jamais fait cet exercice auparavant et il para\u00eet que j\u2019\u00e9tais le premier Acadien \u00e0 r\u00e9diger une chronique r\u00e9guli\u00e8re.&nbsp; On m\u2019a tol\u00e9r\u00e9 bien des sorties au journal en prenant des risques calcul\u00e9s, mais en me faisant confiance.&nbsp; Mis \u00e0 part quelques menaces de poursuites pour diffamation qui toutes ont tourn\u00e9 court, je n\u2019ai eu que du plaisir pendant des ann\u00e9es \u00e9minemment productrices.&nbsp; J\u2019avais la chance d\u2019avoir des coll\u00e8gues exceptionnellement brillants qui n\u2019avaient rien des plumitifs.&nbsp; Je pense que ce fut la Belle \u00c9poque du TJ.<\/p>\n<p style=\"text-align: justify;\">\u00c0 ma grande surprise, en 1995, les <em>National Newspaper Awards<\/em> me donn\u00e8rent une citation de m\u00e9rite dans la cat\u00e9gorie des chroniqueurs.&nbsp; Cette ann\u00e9e-l\u00e0, nous \u00e9tions trois affili\u00e9s au vaisseau amiral des journaux Irving distingu\u00e9s par des Prix nationaux, une ann\u00e9e faste&nbsp;: Dalton Camp, Jacques Poitras et moi.&nbsp; Nous e\u00fbmes droit \u00e0 un splendide d\u00e9jeuner \u00e0 Fredericton aux frais des entreprises de presse Irving, mais sans alcool selon la stricte tradition d\u2019abstinence de la famille Irving.&nbsp; Naturellement rebelle \u00e0 cette aberrante tradition, Dalton Camp commanda et paya de sa poche coquetels et vin&nbsp;!<\/p>\n<p style=\"text-align: justify;\">\u00c0 un moment donn\u00e9 durant ces ann\u00e9es je devins chroniqueur mensuel au quotidien national <em>The Globe &amp; Mail<\/em>.&nbsp; Ce fut pour moi un sommet.&nbsp; Ce que j\u2019en ai malmen\u00e9 de politiciens qui me faisaient invariablement savoir que je les avais gri\u00e8vement offens\u00e9s&nbsp;!&nbsp; Avec le recul des ans et un brin de sagesse venu sur le tard, j\u2019aurais pu, parfois, mettre la p\u00e9dale douce.&nbsp; Au journal j\u2019ai eu le privil\u00e8ge d\u2019avoir un chef de pupitre styliste incomparable, ferme, mais d\u2019une exquise courtoisie.&nbsp; De lui j\u2019ai appris comment raffiner une phrase sans l\u2019enfler.<\/p>\n<p style=\"text-align: justify;\">\u00c0 la m\u00eame \u00e9poque, j\u2019\u00e9tais \u00e0 la fois \u00e9ditorialiste et chroniqueur au quotidien acadien <em>L\u2019Acadie Nouvelle<\/em> et ce jusqu\u2019au lendemain des fun\u00e9railles de Louis J. Robichaud, en janvier 2005.<\/p>\n<p style=\"text-align: justify;\">En r\u00e9alit\u00e9, je n\u2019ai jamais \u00e9t\u00e9 confront\u00e9 \u00e0 des d\u00e9fis particuliers.&nbsp; Les petites difficult\u00e9s normales rencontr\u00e9es au cours des ans ont toutes \u00e9t\u00e9 r\u00e9solues facilement, probablement \u00e0 cause de ma facilit\u00e9 d\u2019adaptation et certainement parce que j\u2019ai appris tr\u00e8s t\u00f4t \u00e0 faire confiance aux vrais bons conseils.<\/p>\n<ul style=\"text-align: justify;\">\n<li style=\"text-align: justify;\"><strong>En quoi consiste votre pratique artistique ? Dites-nous en plus sur votre processus cr\u00e9atif.<\/strong><\/li>\n<\/ul>\n<p style=\"text-align: justify;\">Le processus n\u2019est jamais simple.&nbsp; J\u2019adore la recherche sous toutes ses formes et je suis dou\u00e9 pour la chose, alors que l\u2019\u00e9criture est une lourde corv\u00e9e.&nbsp; La recherche initiale prend le temps qu\u2019il faut.&nbsp; Je consigne tout dans un cahier lign\u00e9.&nbsp; Tr\u00e8s t\u00f4t appara\u00eet la division logique en chapitres, s\u2019il s\u2019agit d\u2019un livre, en sections s\u2019il s\u2019agit d\u2019un article.&nbsp; Bien souvent cette recherche sugg\u00e8re un titre appropri\u00e9.&nbsp; J\u2019\u00e9cris au crayon avec un stylo m\u00e9canique avec toujours \u00e0 port\u00e9e de la main une gomme \u00e0 effacer.&nbsp; Au fur et \u00e0 mesure que les renseignements passent du cahier au texte, je les biffe d\u2019un trait rouge.&nbsp; C\u2019est ma fa\u00e7on de me retrouver.<\/p>\n<p style=\"text-align: justify;\">Je peux agoniser longtemps avant de trouver la premi\u00e8re phrase, celle qui va donner le ton.&nbsp; Elle est, pour moi, de toute premi\u00e8re importance.&nbsp; C\u2019est comme une rampe de lancement.&nbsp; Les d\u00e9buts sont toujours des t\u00e2tonnements et l\u2019\u00e9criture est lente.&nbsp; Le matin est mon temps de pr\u00e9dilection, d\u2019autant plus que je suis un l\u00e8ve-t\u00f4t.&nbsp; Je v\u00e9rifie souvent l\u2019orthographe avec les meilleurs outils, sans oublier d\u2019excellents dictionnaires des synonymes, indispensables \u00e0 mon avis.&nbsp; Il m\u2019arrive de me d\u00e9courager et d\u2019\u00eatre persuad\u00e9 de faire fausse route quand je me rends compte que la page \u00e9crite la veille ne vaut rien ou qu\u2019elle pourrait \u00eatre mieux r\u00e9dig\u00e9e.&nbsp; Je reprends et je laisse d\u00e9canter un temps par prudence.<\/p>\n<p style=\"text-align: justify;\">Il m\u2019arrive d\u2019\u00eatre paresseux et d\u2019abandonner le texte un peu trop longtemps.&nbsp; Le remords s\u2019installe tr\u00e8s vite et je reprends le fil interrompu et, ne sachant que trop qu\u2019un texte ne s\u2019\u00e9crit pas tout seul, je reprends l\u2019\u00e9criture comme un gal\u00e9rien viss\u00e9 \u00e0 son si\u00e8ge.&nbsp; Toutefois, je garde toujours en t\u00eate comme incitatif la n\u00e9cessit\u00e9 de donner au public lecteur un livre r\u00e9dig\u00e9 aussi clairement que possible.<\/p>\n<p style=\"text-align: justify;\">&nbsp;Je puise un peu de courage en me rappelant le grand nombre d\u2019\u00e9crivains \u2014 je ne parle pas de plumitifs ou d\u2019\u00e9crivassiers \u2014 qui ont eux aussi trouv\u00e9 l\u2019exp\u00e9rience p\u00e9nible.&nbsp; J\u2019aimerais un jour faire un floril\u00e8ge de citations \u00e9difiantes.&nbsp; J\u2019en livre deux&nbsp;: Daphn\u00e9 du Maurier estimait qu\u2019\u00e9crire un livre est comme une purge qui vous laisse comme un coquillage vide sur la plage.&nbsp; Pour Somerset Maugham, \u00e9crire simplement est aussi difficile que d\u2019\u00eatre bon.<\/p>\n<p style=\"text-align: justify;\">Mais que faire de cette solennelle admonestation de la Bible&nbsp;au sujet des \u00e9critures, qu\u2019elles soient saintes ou non&nbsp;:&nbsp;\u00ab&nbsp;Du reste, mon fils, tire instruction de ces choses&nbsp;; on ne finirait pas, si l\u2019on voulait faire un grand nombre de livres, et beaucoup d\u2019\u00e9tudes est un fatigue pour le corps&nbsp;\u00bb (Eccl\u00e9siaste 12&nbsp;:12)&nbsp;?<\/p>\n<p style=\"text-align: justify;\">De m\u00e9moire d\u2019homme de lettres, on n\u2019a jamais vu un \u00e9crivain honorer cette instruction biblique.&nbsp; Il se commet de plus en plus de livres, par contre le nombre de lecteurs diminue exponentiellement.&nbsp; Cherchez l\u2019erreur&nbsp;!<\/p>\n<ul style=\"text-align: justify;\">\n<li style=\"text-align: justify;\"><strong>Quelle est l&#8217;importance de l&#8217;engagement du public pour vous et votre travail ?<\/strong><\/li>\n<\/ul>\n<p style=\"text-align: justify;\">Elle prime tout.&nbsp; J\u2019ai toujours \u00e9crit pour le public, jamais pour moi, mais je suis conscient que j\u2019en avais trois bien distincts l\u2019un de l\u2019autre.&nbsp; Le premier, c\u2019est le lecteur (et la lectrice bien entendu) d\u2019un livre.&nbsp; Il ou elle appr\u00e9ciera selon ses go\u00fbts.&nbsp; Quant au lecteur d\u2019une \u00e9tude dite savante, il critiquera rarement \u00e0 moins que la faute soit lourde.&nbsp; Par contre, jamais il ne louera&nbsp;: vanit\u00e9 acad\u00e9mique&nbsp;!&nbsp; Le lecteur d\u2019un livre n\u2019h\u00e9sitera pas \u00e0 en parler, g\u00e9n\u00e9ralement au cours de rencontres fortuites, surtout si le livre lui a plu.<\/p>\n<p style=\"text-align: justify;\">Comme j\u2019ai parfois pris un v\u00e9ritable plaisir \u00e0 brasser la cage d\u2019hypernationalistes abonn\u00e9s \u00e0 perp\u00e9tuit\u00e9 \u00e0 l\u2019histoire d\u2019Acadie scl\u00e9ros\u00e9e, j\u2019ai eu droit en retour \u00e0 des attaques personnelles quasi hyst\u00e9riques qui m\u2019ont convaincu que ces \u00e9chaud\u00e9s n\u2019avaient, en r\u00e9alit\u00e9, pas lu le livre honni.&nbsp; C\u2019est un ph\u00e9nom\u00e8ne fr\u00e9quent.<\/p>\n<p style=\"text-align: justify;\">&nbsp;L\u2019autre cat\u00e9gorie de lecteurs est plus volatile et impr\u00e9visible&nbsp;; ce sont les lecteurs d\u2019\u00e9ditoriaux, tous sign\u00e9s dans la tradition fran\u00e7aise, et de chroniques.&nbsp; Il s\u2019agit d\u2019un public vivant, parfois exub\u00e9rant, toujours stimulant et qui aime les id\u00e9es.&nbsp; Il n\u2019h\u00e9site pas \u00e0 faire conna\u00eetre son opinion.&nbsp; L\u2019op\u00e9ration est toujours utile.<\/p>\n<p style=\"text-align: justify;\">\u00c9crire pour le public sous quelque forme que ce soit, c\u2019est assumer la redoutable responsabilit\u00e9 d\u2019\u00eatre soi-m\u00eame, franc, honn\u00eate, piquant de temps \u00e0 autre uniquement dans l\u2019espoir de faire bouger les choses, sans jamais \u00eatre malveillant.&nbsp; Je m\u2019en suis toujours fait un point d\u2019honneur, quoi qu\u2019en aient pu penser certaines bonnes \u00e2mes toujours en grand deuil de cette pauvre \u00c9vang\u00e9line d\u00e9port\u00e9e il y a deux cent sept ans.<\/p>\n<p style=\"text-align: justify;\">Afin de ne jamais oublier cette responsabilit\u00e9 librement accept\u00e9e par l\u2019\u00e9crivain que je crois \u00eatre, je transcris toujours dans la page de garde de mon agenda annuel de poche cette terrible adjuration de l\u2019\u00e9vang\u00e9liste saint Matthieu&nbsp;:&nbsp;\u00ab&nbsp;Or je vous le dis&nbsp;: de toute parole sans fondement que les hommes auront prof\u00e9r\u00e9e, ils rendront compte au Jour du Jugement&nbsp;\u00bb (Mt 12&nbsp;:36).<\/p>\n<ul style=\"text-align: justify;\">\n<li style=\"text-align: justify;\"><strong>Que souhaiteriez-vous dire aux artistes \u00e9mergents d&#8217;aujourd&#8217;hui ?<\/strong><\/li>\n<\/ul>\n<p style=\"text-align: justify;\">Je crois qu\u2019il est t\u00e9m\u00e9raire de donner des conseils aux \u00e9crivains \u00e9mergents.&nbsp; J\u2019ai toujours en t\u00eate la saine maxime du duc de La Rochefoucauld&nbsp;: \u00ab&nbsp;Les vieillards aiment \u00e0 donner de bons pr\u00e9ceptes pour se consoler de n\u2019\u00eatre plus en \u00e9tat de donner de mauvais exemples.&nbsp;\u00bb&nbsp; Sans donner de conseils, je vais quand m\u00eame formuler ce que j\u2019appellerai pour sauver la face \u00ab&nbsp;de fortes suggestions&nbsp;\u00bb.<\/p>\n<p style=\"text-align: justify;\">Dans un cours de journalisme \u00e0 l\u2019Universit\u00e9 de Moncton, j\u2019ai martel\u00e9 cent fois ce postulat&nbsp;; \u00e9vitez les clich\u00e9s comme la peste bubonique.&nbsp; Ils sont insidieux, ils sont partout, ils d\u00e9forment une pens\u00e9e claire.&nbsp; Ce sont des b\u00e9quilles qui obnubilent toute originalit\u00e9 et font suspecter la cr\u00e9dibilit\u00e9 de ce qui est \u00e9crit ou dit.<\/p>\n<p style=\"text-align: justify;\">&nbsp;Pourquoi qualifier invariablement l\u2019obtention d\u2019un Prix litt\u00e9raire de \u00ab&nbsp;prestigieux&nbsp;\u00bb&nbsp;?&nbsp; Ils le sont tous par d\u00e9finition.&nbsp; Conna\u00eet-on un Prix obscur qui ne soit pas prestigieux&nbsp;?&nbsp; Aussi, est-il n\u00e9cessaire de qualifier un mort, une morte, de \u00ab&nbsp;regrett\u00e9&nbsp;\u00bb&nbsp;?&nbsp; La plus ex\u00e9crable m\u00e9g\u00e8re, le plus sordide cr\u00e9tin \u2014 et ils sont l\u00e9gion \u2014 seront regrett\u00e9s au moins par leur chat ou leur chien, &#8230; pour un temps.&nbsp; Et que dire de cette abominable et pompeuse turgescence qui ne signifie strictement rien, bien qu\u2019habill\u00e9e d\u2019oripeaux faussement nobles&nbsp;:&nbsp;\u00ab&nbsp;Il persiste et signe&nbsp;\u00bb. Assez&nbsp;!<\/p>\n<p style=\"text-align: justify;\">Au bout du compte, je conjure tout n\u00e9ophyte en \u00e9criture, ou \u00ab&nbsp;tout ce qui grouille et scribouille&nbsp;\u00bb comme disait le g\u00e9n\u00e9ral de Gaulle, de se doter de dictionnaires et de les consulter souvent.&nbsp; Les mots ont un sens, les dictionnaires le pr\u00e9cisent alors que l\u2019omnipr\u00e9sent correcteur d\u2019orthographe ne fait pas autre chose que de corriger.&nbsp; Un dictionnaire enrichit le vocabulaire.&nbsp; Comment se fait-il que, francophones et anglophones confondus, n\u00e9gligent syst\u00e9matiquement cet outil indispensable pour bien \u00e9crire&nbsp;?&nbsp; Faut-il chercher ailleurs la cause de la lamentable paucit\u00e9 des vocabulaires contemporains&nbsp;?<\/p>\n<p style=\"text-align: justify;\">&nbsp;\u00c0 \u00ab&nbsp;Petite Plaisance&nbsp;\u00bb dans le Maine, r\u00e9sidence am\u00e9ricaine de l\u2019incomparable styliste que fut Marguerite Yourcenar, on peut voir et m\u00eame toucher les nombreux dictionnaires, fran\u00e7ais, grecs, Latins qu\u2019elle avait \u00e0 port\u00e9e de la main dans son cabinet de travail.&nbsp; L\u2019exemple venant de haut, il m\u00e9riterait d\u2019\u00eatre imit\u00e9.<\/p>\n<p>&nbsp;<\/p>\n<p style=\"text-align: justify;\"><em><img loading=\"lazy\" decoding=\"async\" width=\"200\" height=\"300\" class=\"alignleft size-full wp-image-7352\" alt=\"Robert Pichette - Bio\" src=\"https:\/\/artsnb.ca\/web\/wp-content\/uploads\/2019\/09\/Bio-Robert-Pichette.jpg\">N\u00e9 \u00e0 Edmundston, Robert Pichette est l\u2019auteur d\u2019une vingtaine de livres traitant de l\u2019histoire de l\u2019Acadie et du Nouveau-Brunswick. Ses textes se caract\u00e9risent par leur rigueur du point de vue de la recherche et de la ma\u00eetrise de la langue fran\u00e7aise. Mod\u00e8le de l\u2019humaniste classique, il fut, entre autres, sous-ministre du Premier ministre Louis J. Robichaud et premier directeur des Affaires culturelles du Nouveau-Brunswick. Il a cor\u00e9dig\u00e9 la <\/em>Loi sur les langues officielles du Nouveau-Brunswick<em>, et il est le cr\u00e9ateur du drapeau de la province.<\/em><\/p>\n<p style=\"text-align: justify;\"><em>R\u00e9cipiendaire du Prix litt\u00e9raire France-Acadie, l\u2019Universit\u00e9 Sainte-Anne (Nouvelle-\u00c9cosse) lui a d\u00e9cern\u00e9 un doctorat \u00e8s lettres <\/em>honoris causa<em> tandis que l\u2019Universit\u00e9 de Moncton lui a conf\u00e9r\u00e9 un doctorat en Affaires publiques. Il est officier de l\u2019Ordre national de la L\u00e9gion d\u2019honneur, officier de l\u2019Ordre national du M\u00e9rite et chevalier de l\u2019Ordre des Palmes acad\u00e9miques (France), Fellow de la Royal Society of Arts de Grande-Bretagne ainsi que de la Soci\u00e9t\u00e9 royale d\u2019h\u00e9raldique du Canada dont il est l\u2019un des membres fondateurs et ancien pr\u00e9sident, colonel honoraire de la garde nationale de l\u2019\u00c9tat de la Louisiane, et membre de l\u2019Ordre du Nouveau-Brunswick depuis 2006.<\/em><\/p>\n","protected":false},"excerpt":{"rendered":"<p>Les Prix du Lieutenant-gouverneur pour l&#8217;excellence dans les arts reconnaissent et c\u00e9l\u00e8brent les artistes et \u00e9crivains remarquables du Nouveau-Brunswick, qui se sont distingu\u00e9s par l&#8217;excellence de leurs r\u00e9alisations et leur contribution aux arts dans la province. Robert Pichette,&nbsp;laur\u00e9at du Prix du Lieutenant-gouverneur pour l\u2019excellence dans les arts litt\u00e9raires en fran\u00e7ais 2017,&nbsp;r\u00e9pond \u00e0 quelques questions concernant<\/p>\n","protected":false},"author":6,"featured_media":1721,"comment_status":"open","ping_status":"open","sticky":false,"template":"","format":"standard","meta":{"_acf_changed":false,"footnotes":""},"categories":[87],"tags":[],"class_list":["post-3704","post","type-post","status-publish","format-standard","has-post-thumbnail","hentry","category-blogue"],"acf":[],"yoast_head":"<!-- This site is optimized with the Yoast SEO plugin v27.5 - https:\/\/yoast.com\/product\/yoast-seo-wordpress\/ -->\n<title>PLG 2017 - Robert Pichette - ArtsNB<\/title>\n<meta name=\"robots\" content=\"index, follow, max-snippet:-1, max-image-preview:large, max-video-preview:-1\" \/>\n<link rel=\"canonical\" href=\"https:\/\/artsnb.ca\/web\/2017\/10\/plg-2017-robert-pichette\/\" \/>\n<meta property=\"og:locale\" content=\"en_US\" \/>\n<meta property=\"og:type\" content=\"article\" \/>\n<meta property=\"og:title\" content=\"PLG 2017 - Robert Pichette - ArtsNB\" \/>\n<meta property=\"og:description\" content=\"Les Prix du Lieutenant-gouverneur pour l&#8217;excellence dans les arts reconnaissent et c\u00e9l\u00e8brent les artistes et \u00e9crivains remarquables du Nouveau-Brunswick, qui se sont distingu\u00e9s par l&#8217;excellence de leurs r\u00e9alisations et leur contribution aux arts dans la province. Robert Pichette,&nbsp;laur\u00e9at du Prix du Lieutenant-gouverneur pour l\u2019excellence dans les arts litt\u00e9raires en fran\u00e7ais 2017,&nbsp;r\u00e9pond \u00e0 quelques questions concernant\" \/>\n<meta property=\"og:url\" content=\"https:\/\/artsnb.ca\/web\/2017\/10\/plg-2017-robert-pichette\/?lang=fr\" \/>\n<meta property=\"og:site_name\" content=\"ArtsNB\" \/>\n<meta property=\"article:publisher\" content=\"https:\/\/www.facebook.com\/artsnb\/\" \/>\n<meta property=\"article:published_time\" content=\"2017-10-30T00:00:00+00:00\" \/>\n<meta property=\"article:modified_time\" content=\"2019-11-07T00:54:18+00:00\" \/>\n<meta property=\"og:image\" content=\"https:\/\/artsnb.ca\/web\/wp-content\/uploads\/2019\/09\/Bio-Robert-Pichette.jpg\" \/>\n\t<meta property=\"og:image:width\" content=\"200\" \/>\n\t<meta property=\"og:image:height\" content=\"300\" \/>\n\t<meta property=\"og:image:type\" content=\"image\/jpeg\" \/>\n<meta name=\"author\" content=\"R\u00e9anne Cooper\" \/>\n<meta name=\"twitter:card\" content=\"summary_large_image\" \/>\n<meta name=\"twitter:creator\" content=\"@artsnb\" \/>\n<meta name=\"twitter:site\" content=\"@artsnb\" \/>\n<meta name=\"twitter:label1\" content=\"Written by\" \/>\n\t<meta name=\"twitter:data1\" content=\"R\u00e9anne Cooper\" \/>\n\t<meta name=\"twitter:label2\" content=\"Est. reading time\" \/>\n\t<meta name=\"twitter:data2\" content=\"19 minutes\" \/>\n<script type=\"application\/ld+json\" class=\"yoast-schema-graph\">{\"@context\":\"https:\\\/\\\/schema.org\",\"@graph\":[{\"@type\":\"Article\",\"@id\":\"https:\\\/\\\/artsnb.ca\\\/web\\\/2017\\\/10\\\/plg-2017-robert-pichette\\\/?lang=fr#article\",\"isPartOf\":{\"@id\":\"https:\\\/\\\/artsnb.ca\\\/web\\\/2017\\\/10\\\/plg-2017-robert-pichette\\\/?lang=fr\"},\"author\":{\"name\":\"R\u00e9anne Cooper\",\"@id\":\"https:\\\/\\\/artsnb.ca\\\/web\\\/#\\\/schema\\\/person\\\/012ecc8a59328615becff4af8bf0c2b9\"},\"headline\":\"PLG 2017 &#8211; Robert Pichette\",\"datePublished\":\"2017-10-30T00:00:00+00:00\",\"dateModified\":\"2019-11-07T00:54:18+00:00\",\"mainEntityOfPage\":{\"@id\":\"https:\\\/\\\/artsnb.ca\\\/web\\\/2017\\\/10\\\/plg-2017-robert-pichette\\\/?lang=fr\"},\"wordCount\":3871,\"commentCount\":0,\"publisher\":{\"@id\":\"https:\\\/\\\/artsnb.ca\\\/web\\\/#organization\"},\"image\":{\"@id\":\"https:\\\/\\\/artsnb.ca\\\/web\\\/2017\\\/10\\\/plg-2017-robert-pichette\\\/?lang=fr#primaryimage\"},\"thumbnailUrl\":\"https:\\\/\\\/artsnb.ca\\\/web\\\/wp-content\\\/uploads\\\/2019\\\/09\\\/Bio-Robert-Pichette.jpg\",\"articleSection\":[\"Blogue\"],\"inLanguage\":\"en-US\",\"potentialAction\":[{\"@type\":\"CommentAction\",\"name\":\"Comment\",\"target\":[\"https:\\\/\\\/artsnb.ca\\\/web\\\/2017\\\/10\\\/plg-2017-robert-pichette\\\/?lang=fr#respond\"]}]},{\"@type\":\"WebPage\",\"@id\":\"https:\\\/\\\/artsnb.ca\\\/web\\\/2017\\\/10\\\/plg-2017-robert-pichette\\\/?lang=fr\",\"url\":\"https:\\\/\\\/artsnb.ca\\\/web\\\/2017\\\/10\\\/plg-2017-robert-pichette\\\/?lang=fr\",\"name\":\"PLG 2017 - Robert Pichette - ArtsNB\",\"isPartOf\":{\"@id\":\"https:\\\/\\\/artsnb.ca\\\/web\\\/#website\"},\"primaryImageOfPage\":{\"@id\":\"https:\\\/\\\/artsnb.ca\\\/web\\\/2017\\\/10\\\/plg-2017-robert-pichette\\\/?lang=fr#primaryimage\"},\"image\":{\"@id\":\"https:\\\/\\\/artsnb.ca\\\/web\\\/2017\\\/10\\\/plg-2017-robert-pichette\\\/?lang=fr#primaryimage\"},\"thumbnailUrl\":\"https:\\\/\\\/artsnb.ca\\\/web\\\/wp-content\\\/uploads\\\/2019\\\/09\\\/Bio-Robert-Pichette.jpg\",\"datePublished\":\"2017-10-30T00:00:00+00:00\",\"dateModified\":\"2019-11-07T00:54:18+00:00\",\"breadcrumb\":{\"@id\":\"https:\\\/\\\/artsnb.ca\\\/web\\\/2017\\\/10\\\/plg-2017-robert-pichette\\\/?lang=fr#breadcrumb\"},\"inLanguage\":\"en-US\",\"potentialAction\":[{\"@type\":\"ReadAction\",\"target\":[\"https:\\\/\\\/artsnb.ca\\\/web\\\/2017\\\/10\\\/plg-2017-robert-pichette\\\/?lang=fr\"]}]},{\"@type\":\"ImageObject\",\"inLanguage\":\"en-US\",\"@id\":\"https:\\\/\\\/artsnb.ca\\\/web\\\/2017\\\/10\\\/plg-2017-robert-pichette\\\/?lang=fr#primaryimage\",\"url\":\"https:\\\/\\\/artsnb.ca\\\/web\\\/wp-content\\\/uploads\\\/2019\\\/09\\\/Bio-Robert-Pichette.jpg\",\"contentUrl\":\"https:\\\/\\\/artsnb.ca\\\/web\\\/wp-content\\\/uploads\\\/2019\\\/09\\\/Bio-Robert-Pichette.jpg\",\"width\":200,\"height\":300},{\"@type\":\"BreadcrumbList\",\"@id\":\"https:\\\/\\\/artsnb.ca\\\/web\\\/2017\\\/10\\\/plg-2017-robert-pichette\\\/?lang=fr#breadcrumb\",\"itemListElement\":[{\"@type\":\"ListItem\",\"position\":1,\"name\":\"Home\",\"item\":\"https:\\\/\\\/artsnb.ca\\\/web\\\/\"},{\"@type\":\"ListItem\",\"position\":2,\"name\":\"Blog\",\"item\":\"https:\\\/\\\/artsnb.ca\\\/web\\\/category\\\/blog\\\/\"},{\"@type\":\"ListItem\",\"position\":3,\"name\":\"PLG 2017 &#8211; Robert Pichette\"}]},{\"@type\":\"WebSite\",\"@id\":\"https:\\\/\\\/artsnb.ca\\\/web\\\/#website\",\"url\":\"https:\\\/\\\/artsnb.ca\\\/web\\\/\",\"name\":\"ArtsNB\",\"description\":\"EXCELLENCE. PROFESSIONALISM. INNOVATION.\",\"publisher\":{\"@id\":\"https:\\\/\\\/artsnb.ca\\\/web\\\/#organization\"},\"potentialAction\":[{\"@type\":\"SearchAction\",\"target\":{\"@type\":\"EntryPoint\",\"urlTemplate\":\"https:\\\/\\\/artsnb.ca\\\/web\\\/?s={search_term_string}\"},\"query-input\":{\"@type\":\"PropertyValueSpecification\",\"valueRequired\":true,\"valueName\":\"search_term_string\"}}],\"inLanguage\":\"en-US\"},{\"@type\":\"Organization\",\"@id\":\"https:\\\/\\\/artsnb.ca\\\/web\\\/#organization\",\"name\":\"ArtsNB\",\"url\":\"https:\\\/\\\/artsnb.ca\\\/web\\\/\",\"logo\":{\"@type\":\"ImageObject\",\"inLanguage\":\"en-US\",\"@id\":\"https:\\\/\\\/artsnb.ca\\\/web\\\/#\\\/schema\\\/logo\\\/image\\\/\",\"url\":\"https:\\\/\\\/artsnb.ca\\\/web\\\/wp-content\\\/uploads\\\/2024\\\/04\\\/cropped-artsnb-PrimaryLogo-vertical-HiRes-2.jpg\",\"contentUrl\":\"https:\\\/\\\/artsnb.ca\\\/web\\\/wp-content\\\/uploads\\\/2024\\\/04\\\/cropped-artsnb-PrimaryLogo-vertical-HiRes-2.jpg\",\"width\":1698,\"height\":1223,\"caption\":\"ArtsNB\"},\"image\":{\"@id\":\"https:\\\/\\\/artsnb.ca\\\/web\\\/#\\\/schema\\\/logo\\\/image\\\/\"},\"sameAs\":[\"https:\\\/\\\/www.facebook.com\\\/artsnb\\\/\",\"https:\\\/\\\/x.com\\\/artsnb\",\"https:\\\/\\\/www.instagram.com\\\/artsnb\\\/\"]},{\"@type\":\"Person\",\"@id\":\"https:\\\/\\\/artsnb.ca\\\/web\\\/#\\\/schema\\\/person\\\/012ecc8a59328615becff4af8bf0c2b9\",\"name\":\"R\u00e9anne Cooper\",\"image\":{\"@type\":\"ImageObject\",\"inLanguage\":\"en-US\",\"@id\":\"https:\\\/\\\/secure.gravatar.com\\\/avatar\\\/1cb05192fe2229166d3916ce0ac0406517d29a24c32e183e81a0a810836dd14b?s=96&d=mm&r=g\",\"url\":\"https:\\\/\\\/secure.gravatar.com\\\/avatar\\\/1cb05192fe2229166d3916ce0ac0406517d29a24c32e183e81a0a810836dd14b?s=96&d=mm&r=g\",\"contentUrl\":\"https:\\\/\\\/secure.gravatar.com\\\/avatar\\\/1cb05192fe2229166d3916ce0ac0406517d29a24c32e183e81a0a810836dd14b?s=96&d=mm&r=g\",\"caption\":\"R\u00e9anne Cooper\"},\"url\":\"https:\\\/\\\/artsnb.ca\\\/web\\\/author\\\/reanne\\\/\"}]}<\/script>\n<!-- \/ Yoast SEO plugin. -->","yoast_head_json":{"title":"PLG 2017 - Robert Pichette - ArtsNB","robots":{"index":"index","follow":"follow","max-snippet":"max-snippet:-1","max-image-preview":"max-image-preview:large","max-video-preview":"max-video-preview:-1"},"canonical":"https:\/\/artsnb.ca\/web\/2017\/10\/plg-2017-robert-pichette\/","og_locale":"en_US","og_type":"article","og_title":"PLG 2017 - Robert Pichette - ArtsNB","og_description":"Les Prix du Lieutenant-gouverneur pour l&#8217;excellence dans les arts reconnaissent et c\u00e9l\u00e8brent les artistes et \u00e9crivains remarquables du Nouveau-Brunswick, qui se sont distingu\u00e9s par l&#8217;excellence de leurs r\u00e9alisations et leur contribution aux arts dans la province. Robert Pichette,&nbsp;laur\u00e9at du Prix du Lieutenant-gouverneur pour l\u2019excellence dans les arts litt\u00e9raires en fran\u00e7ais 2017,&nbsp;r\u00e9pond \u00e0 quelques questions concernant","og_url":"https:\/\/artsnb.ca\/web\/2017\/10\/plg-2017-robert-pichette\/?lang=fr","og_site_name":"ArtsNB","article_publisher":"https:\/\/www.facebook.com\/artsnb\/","article_published_time":"2017-10-30T00:00:00+00:00","article_modified_time":"2019-11-07T00:54:18+00:00","og_image":[{"width":200,"height":300,"url":"https:\/\/artsnb.ca\/web\/wp-content\/uploads\/2019\/09\/Bio-Robert-Pichette.jpg","type":"image\/jpeg"}],"author":"R\u00e9anne Cooper","twitter_card":"summary_large_image","twitter_creator":"@artsnb","twitter_site":"@artsnb","twitter_misc":{"Written by":"R\u00e9anne Cooper","Est. reading time":"19 minutes"},"schema":{"@context":"https:\/\/schema.org","@graph":[{"@type":"Article","@id":"https:\/\/artsnb.ca\/web\/2017\/10\/plg-2017-robert-pichette\/?lang=fr#article","isPartOf":{"@id":"https:\/\/artsnb.ca\/web\/2017\/10\/plg-2017-robert-pichette\/?lang=fr"},"author":{"name":"R\u00e9anne Cooper","@id":"https:\/\/artsnb.ca\/web\/#\/schema\/person\/012ecc8a59328615becff4af8bf0c2b9"},"headline":"PLG 2017 &#8211; Robert Pichette","datePublished":"2017-10-30T00:00:00+00:00","dateModified":"2019-11-07T00:54:18+00:00","mainEntityOfPage":{"@id":"https:\/\/artsnb.ca\/web\/2017\/10\/plg-2017-robert-pichette\/?lang=fr"},"wordCount":3871,"commentCount":0,"publisher":{"@id":"https:\/\/artsnb.ca\/web\/#organization"},"image":{"@id":"https:\/\/artsnb.ca\/web\/2017\/10\/plg-2017-robert-pichette\/?lang=fr#primaryimage"},"thumbnailUrl":"https:\/\/artsnb.ca\/web\/wp-content\/uploads\/2019\/09\/Bio-Robert-Pichette.jpg","articleSection":["Blogue"],"inLanguage":"en-US","potentialAction":[{"@type":"CommentAction","name":"Comment","target":["https:\/\/artsnb.ca\/web\/2017\/10\/plg-2017-robert-pichette\/?lang=fr#respond"]}]},{"@type":"WebPage","@id":"https:\/\/artsnb.ca\/web\/2017\/10\/plg-2017-robert-pichette\/?lang=fr","url":"https:\/\/artsnb.ca\/web\/2017\/10\/plg-2017-robert-pichette\/?lang=fr","name":"PLG 2017 - Robert Pichette - ArtsNB","isPartOf":{"@id":"https:\/\/artsnb.ca\/web\/#website"},"primaryImageOfPage":{"@id":"https:\/\/artsnb.ca\/web\/2017\/10\/plg-2017-robert-pichette\/?lang=fr#primaryimage"},"image":{"@id":"https:\/\/artsnb.ca\/web\/2017\/10\/plg-2017-robert-pichette\/?lang=fr#primaryimage"},"thumbnailUrl":"https:\/\/artsnb.ca\/web\/wp-content\/uploads\/2019\/09\/Bio-Robert-Pichette.jpg","datePublished":"2017-10-30T00:00:00+00:00","dateModified":"2019-11-07T00:54:18+00:00","breadcrumb":{"@id":"https:\/\/artsnb.ca\/web\/2017\/10\/plg-2017-robert-pichette\/?lang=fr#breadcrumb"},"inLanguage":"en-US","potentialAction":[{"@type":"ReadAction","target":["https:\/\/artsnb.ca\/web\/2017\/10\/plg-2017-robert-pichette\/?lang=fr"]}]},{"@type":"ImageObject","inLanguage":"en-US","@id":"https:\/\/artsnb.ca\/web\/2017\/10\/plg-2017-robert-pichette\/?lang=fr#primaryimage","url":"https:\/\/artsnb.ca\/web\/wp-content\/uploads\/2019\/09\/Bio-Robert-Pichette.jpg","contentUrl":"https:\/\/artsnb.ca\/web\/wp-content\/uploads\/2019\/09\/Bio-Robert-Pichette.jpg","width":200,"height":300},{"@type":"BreadcrumbList","@id":"https:\/\/artsnb.ca\/web\/2017\/10\/plg-2017-robert-pichette\/?lang=fr#breadcrumb","itemListElement":[{"@type":"ListItem","position":1,"name":"Home","item":"https:\/\/artsnb.ca\/web\/"},{"@type":"ListItem","position":2,"name":"Blog","item":"https:\/\/artsnb.ca\/web\/category\/blog\/"},{"@type":"ListItem","position":3,"name":"PLG 2017 &#8211; Robert Pichette"}]},{"@type":"WebSite","@id":"https:\/\/artsnb.ca\/web\/#website","url":"https:\/\/artsnb.ca\/web\/","name":"ArtsNB","description":"EXCELLENCE. PROFESSIONALISM. INNOVATION.","publisher":{"@id":"https:\/\/artsnb.ca\/web\/#organization"},"potentialAction":[{"@type":"SearchAction","target":{"@type":"EntryPoint","urlTemplate":"https:\/\/artsnb.ca\/web\/?s={search_term_string}"},"query-input":{"@type":"PropertyValueSpecification","valueRequired":true,"valueName":"search_term_string"}}],"inLanguage":"en-US"},{"@type":"Organization","@id":"https:\/\/artsnb.ca\/web\/#organization","name":"ArtsNB","url":"https:\/\/artsnb.ca\/web\/","logo":{"@type":"ImageObject","inLanguage":"en-US","@id":"https:\/\/artsnb.ca\/web\/#\/schema\/logo\/image\/","url":"https:\/\/artsnb.ca\/web\/wp-content\/uploads\/2024\/04\/cropped-artsnb-PrimaryLogo-vertical-HiRes-2.jpg","contentUrl":"https:\/\/artsnb.ca\/web\/wp-content\/uploads\/2024\/04\/cropped-artsnb-PrimaryLogo-vertical-HiRes-2.jpg","width":1698,"height":1223,"caption":"ArtsNB"},"image":{"@id":"https:\/\/artsnb.ca\/web\/#\/schema\/logo\/image\/"},"sameAs":["https:\/\/www.facebook.com\/artsnb\/","https:\/\/x.com\/artsnb","https:\/\/www.instagram.com\/artsnb\/"]},{"@type":"Person","@id":"https:\/\/artsnb.ca\/web\/#\/schema\/person\/012ecc8a59328615becff4af8bf0c2b9","name":"R\u00e9anne Cooper","image":{"@type":"ImageObject","inLanguage":"en-US","@id":"https:\/\/secure.gravatar.com\/avatar\/1cb05192fe2229166d3916ce0ac0406517d29a24c32e183e81a0a810836dd14b?s=96&d=mm&r=g","url":"https:\/\/secure.gravatar.com\/avatar\/1cb05192fe2229166d3916ce0ac0406517d29a24c32e183e81a0a810836dd14b?s=96&d=mm&r=g","contentUrl":"https:\/\/secure.gravatar.com\/avatar\/1cb05192fe2229166d3916ce0ac0406517d29a24c32e183e81a0a810836dd14b?s=96&d=mm&r=g","caption":"R\u00e9anne Cooper"},"url":"https:\/\/artsnb.ca\/web\/author\/reanne\/"}]}},"_links":{"self":[{"href":"https:\/\/artsnb.ca\/web\/wp-json\/wp\/v2\/posts\/3704","targetHints":{"allow":["GET"]}}],"collection":[{"href":"https:\/\/artsnb.ca\/web\/wp-json\/wp\/v2\/posts"}],"about":[{"href":"https:\/\/artsnb.ca\/web\/wp-json\/wp\/v2\/types\/post"}],"author":[{"embeddable":true,"href":"https:\/\/artsnb.ca\/web\/wp-json\/wp\/v2\/users\/6"}],"replies":[{"embeddable":true,"href":"https:\/\/artsnb.ca\/web\/wp-json\/wp\/v2\/comments?post=3704"}],"version-history":[{"count":1,"href":"https:\/\/artsnb.ca\/web\/wp-json\/wp\/v2\/posts\/3704\/revisions"}],"predecessor-version":[{"id":4347,"href":"https:\/\/artsnb.ca\/web\/wp-json\/wp\/v2\/posts\/3704\/revisions\/4347"}],"wp:featuredmedia":[{"embeddable":true,"href":"https:\/\/artsnb.ca\/web\/wp-json\/wp\/v2\/media\/1721"}],"wp:attachment":[{"href":"https:\/\/artsnb.ca\/web\/wp-json\/wp\/v2\/media?parent=3704"}],"wp:term":[{"taxonomy":"category","embeddable":true,"href":"https:\/\/artsnb.ca\/web\/wp-json\/wp\/v2\/categories?post=3704"},{"taxonomy":"post_tag","embeddable":true,"href":"https:\/\/artsnb.ca\/web\/wp-json\/wp\/v2\/tags?post=3704"}],"curies":[{"name":"wp","href":"https:\/\/api.w.org\/{rel}","templated":true}]}}