{"id":3708,"date":"2018-03-08T00:00:00","date_gmt":"2018-03-08T00:00:00","guid":{"rendered":"https:\/\/staging-artsnb.weavercrawford.com\/elise-anne-laplante\/"},"modified":"2019-12-18T12:42:00","modified_gmt":"2019-12-18T12:42:00","slug":"elise-anne-laplante","status":"publish","type":"post","link":"https:\/\/artsnb.ca\/web\/2018\/03\/elise-anne-laplante\/?lang=fr","title":{"rendered":"Tomb\u00e9es dans les interstices &#8211; Elise Anne LaPlante"},"content":{"rendered":"<p style=\"text-align: center;\"><img loading=\"lazy\" decoding=\"async\" width=\"720\" height=\"180\" class=\"aligncenter size-full wp-image-6229\" alt=\"\" src=\"https:\/\/artsnb.ca\/web\/wp-content\/uploads\/2019\/09\/Elise-Anne-LaPlante-Banner.png\"><\/p>\n<p style=\"text-align: justify;\">Je suis Elise Anne LaPlante et je suis commissaire ind\u00e9pendante. J\u2019ai grandi \u00e0 Moncton et je crois avoir toujours \u00e9t\u00e9 int\u00e9ress\u00e9e par les arts et la culture. J\u2019ai entam\u00e9 mon parcours acad\u00e9mique en communication, mais toujours en gravitant autour des arts. Apr\u00e8s 3 sessions d\u2019incertitudes, j\u2019ai fait le saut sur un coup de t\u00eate et je suis partie \u00e9tudier l\u2019histoire de l\u2019art \u00e0 Montr\u00e9al. Cette d\u00e9cision spontan\u00e9e, peut-\u00eatre instinctive, figure parmi les meilleures d\u00e9cisions prises dans ma vie.<\/p>\n<figure id=\"attachment_5999\" aria-describedby=\"caption-attachment-5999\" style=\"width: 300px\" class=\"wp-caption alignleft\"><img loading=\"lazy\" decoding=\"async\" width=\"300\" height=\"200\" title=\"Vue de l\u2019exposition Tomb\u00e9es dans les interstices. Cr\u00e9dit photo : Mathieu L\u00e9ger\" class=\"size-medium wp-image-5999\" src=\"https:\/\/artsnb.ca\/web\/wp-content\/uploads\/2019\/09\/ealaplante_01-1.jpg\"><figcaption id=\"caption-attachment-5999\" class=\"wp-caption-text\">Vue de l\u2019exposition Tomb\u00e9es dans les interstices. Cr\u00e9dit photo : Mathieu L\u00e9ger<\/figcaption><\/figure>\n<p style=\"text-align: justify;\">Le commissariat est pour moi la r\u00e9ponse \u00e0 tous mes questionnements de carri\u00e8re. Je ne d\u00e9sirais pas devenir artiste, mais les arts visuels et les artistes me passionnaient. J\u2019ai ensuite d\u00e9couvert pendant mon parcours acad\u00e9mique une passion pour la conceptualisation d\u2019exposition et c\u2019est sur cet \u00e9lan que je souhaite poursuivre ma carri\u00e8re, ici au Nouveau-Brunswick.<\/p>\n<p style=\"text-align: justify;\">Comme chercheure et comme commissaire, je m\u2019int\u00e9resse particuli\u00e8rement aux th\u00e9ories f\u00e9ministes sur l\u2019art et plus pr\u00e9cis\u00e9ment \u00e0 la repr\u00e9sentation des femmes artistes dans l\u2019histoire de l\u2019art en Acadie. Les archives sont aussi au c\u0153ur de ma pratique commissariale et de mes int\u00e9r\u00eats.<\/p>\n<p style=\"text-align: justify;\">J\u2019ai re\u00e7u deux bourses d\u2019<strong>artsnb<\/strong> qui ont contribu\u00e9 \u00e0 un projet qui me tenait \u00e0 c\u0153ur, mais qui repr\u00e9sente aussi pour moi l\u2019exp\u00e9rience professionnelle la plus enrichissante et d\u00e9terminante de ma carri\u00e8re \u00e0 ce jour; le projet de recherche, d\u2019exposition et de publication <em>Tomb\u00e9es dans les interstices. <\/em>Ce projet avait comme objectif de mettre en lumi\u00e8re quelques-unes des femmes qui ont particip\u00e9 au d\u00e9veloppement de l\u2019art contemporain en Acadie, mais aussi de comprendre pourquoi les th\u00e9ories f\u00e9ministes en arts visuels ont connu si peu d\u2019emprise en Acadie et sont encore aujourd\u2019hui peu discut\u00e9es dans les pratiques artistiques acadiennes.<\/p>\n<p style=\"text-align: justify;\">En premier lieu, une bourse qui m\u2019a permis de me rendre \u00e0 Montr\u00e9al afin de participer \u00e0 un colloque \u00e0 l\u2019UQAM intitul\u00e9 \u00ab&nbsp;Perspectives f\u00e9ministes en histoire de l\u2019art&nbsp;: \u00e9branler les piliers de la discipline&nbsp;\u00bb et de pr\u00e9senter ma recherche, mais aussi de c\u00f4toyer de mes homologues. Le s\u00e9jour m\u2019a \u00e9galement permis de rencontrer en personne quelques artistes faisant partie de ma recherche.<\/p>\n<figure id=\"attachment_5997\" aria-describedby=\"caption-attachment-5997\" style=\"width: 300px\" class=\"wp-caption alignright\"><img loading=\"lazy\" decoding=\"async\" width=\"300\" height=\"200\" title=\"Vue de l\u2019exposition Tomb\u00e9es dans les interstices. Cr\u00e9dit photo : Mathieu L\u00e9ger\" class=\"size-medium wp-image-5997\" src=\"https:\/\/artsnb.ca\/web\/wp-content\/uploads\/2019\/09\/ealaplante_02-1.jpg\"><figcaption id=\"caption-attachment-5997\" class=\"wp-caption-text\">Vue de l\u2019exposition Tomb\u00e9es dans les interstices. Cr\u00e9dit photo : Mathieu L\u00e9ger<\/figcaption><\/figure>\n<p style=\"text-align: justify;\">Je suis tr\u00e8s reconnaissante d\u2019avoir eu l\u2019occasion de pr\u00e9senter mes recherches concernant notre milieu franco-n\u00e9o-brunswickois \u00e0 l\u2019ext\u00e9rieur de la province et d\u2019avoir su susciter un int\u00e9r\u00eat pour l\u2019art de chez nous. Toutefois, ce sont les rencontres qui ont \u00e9t\u00e9 les plus fructueuses. D\u2019une part avec les coll\u00e8gues pr\u00e9sent.e.s au colloque, mais surtout avec les artistes pr\u00e9sent\u00e9es dans l\u2019exposition. Comme commissaire, ce sont des relations que je valorise grandement. Discuter avec elles de leurs exp\u00e9riences et de leur r\u00e9alit\u00e9 face au contexte qui a \u00e9t\u00e9 central \u00e0 ma recherche a certainement \u00e9t\u00e9 tr\u00e8s enrichissant.<\/p>\n<p style=\"text-align: justify;\">En deuxi\u00e8me lieu, une bourse de documentation qui a \u00e9t\u00e9 le financement principal pour la r\u00e9alisation d\u2019une publication en marge de l\u2019exposition. Cette publication, rendue possible gr\u00e2ce au soutien financier d\u2019<strong>artsnb<\/strong>, de la Galerie d\u2019art Louise-et-Reuben-Cohen et de l\u2019Institut d\u2019\u00e9tudes acadiennes de l\u2019Universit\u00e9 de Moncton, permet d\u2019ancrer dans l\u2019histoire le travail de ces artistes femmes. D\u2019une part, il s\u2019agit de leur rendre une visibilit\u00e9 largement m\u00e9rit\u00e9e, d\u2019autre part, et surtout, il s\u2019agit de porter un regard actuel sur ce ph\u00e9nom\u00e8ne de marginalisation, de revisiter ces \u0153uvres \u00e0 la lumi\u00e8re du pr\u00e9sent et d\u2019\u00e9tudier l\u2019innovation de ces \u0153uvres et leur impact aujourd\u2019hui.<\/p>\n<p style=\"text-align: justify;\">Le catalogue met en circulation des images de ces \u0153uvres marquantes et leur offre une p\u00e9rennit\u00e9, mais sert aussi d\u2019outil p\u00e9dagogique o\u00f9 le f\u00e9minisme en arts visuels en contexte acadien est abord\u00e9, r\u00e9fl\u00e9chi et relanc\u00e9 comme sujet \u00e0 discussion. L\u2019ouvrage comporte plusieurs textes critiques provenant d\u2019auteures de divers champs de sp\u00e9cialisation ; Nelly Dennene, directrice g\u00e9n\u00e9rale du Regroupement f\u00e9ministe du Nouveau-Brunswick, Penny Cousineau-Levine, directrice des \u00e9tudes sup\u00e9rieures et professeure au d\u00e9partement d\u2019arts visuels \u00e0 l\u2019Universit\u00e9 d\u2019Ottawa et fondatrice de la Galerie Explosion (galerie pour femmes ayant exist\u00e9 en 1975-76 \u00e0 Moncton), ainsi que moi-m\u00eame, commissaire de l\u2019exposition.<\/p>\n<figure id=\"attachment_5998\" aria-describedby=\"caption-attachment-5998\" style=\"width: 300px\" class=\"wp-caption alignleft\"><img loading=\"lazy\" decoding=\"async\" width=\"300\" height=\"200\" class=\"size-medium wp-image-5998\" alt=\"Table ronde tenue avec les auteures lors du lancement de la publication. De gauche \u00e0 droite : Elise Anne LaPlante, Penny Cousineau-Levine, Nelly Dennene. Cr\u00e9dit photo : Annie France No\u00ebl\" src=\"https:\/\/artsnb.ca\/web\/wp-content\/uploads\/2019\/09\/ealaplante_01-300x200.jpg\"><figcaption id=\"caption-attachment-5998\" class=\"wp-caption-text\">Table ronde tenue avec les auteures lors du lancement de la publication. De gauche \u00e0 droite : Elise Anne LaPlante, Penny Cousineau-Levine, Nelly Dennene. Cr\u00e9dit photo : Annie France No\u00ebl<\/figcaption><\/figure>\n<p style=\"text-align: justify;\">Le projet m\u2019a permis de tisser des liens importants avec des artistes, des coll\u00e8gues chercheuses et chercheurs et des coll\u00e8gues f\u00e9ministes qui se sp\u00e9cialisent dans d\u2019autres domaines. Je crois aussi que ce projet a su rassembler deux communaut\u00e9s, soit la communaut\u00e9 f\u00e9ministe \u00e9tablie \u00e0 Moncton (et plus largement celle du Nouveau-Brunswick, par l\u2019entremise du Regroupement f\u00e9ministe du N.-B.) et la communaut\u00e9 des arts visuels. Plusieurs discussions fort int\u00e9ressantes en sont d\u00e9coul\u00e9es.<\/p>\n<p style=\"text-align: justify;\">Sans que ce soit un choix pr\u00e9m\u00e9dit\u00e9, car d\u2019embl\u00e9e ce sont mes propres valeurs et int\u00e9r\u00eats qui m\u2019ont men\u00e9 \u00e0 ce sujet, je crois que cette recherche est tomb\u00e9e d\u2019appoint avec l\u2019actualit\u00e9. Les luttes f\u00e9ministes et les revendications pour de meilleures conditions sociales, \u00e9conomiques et politiques pour les femmes ont certainement \u00e9t\u00e9 fort pr\u00e9sentes en 2017 et je suis particuli\u00e8rement fi\u00e8re que ce projet ait particip\u00e9 \u00e0 ce mouvement. Je sens que ma g\u00e9n\u00e9ration se mobilise et r\u00e9veille les d\u00e9bats encore n\u00e9cessaires, je sens que les f\u00e9minismes sont d\u2019actualit\u00e9 et je sens que bien que la route soit encore longue, des changements sont bel et bien en train de prendre lieu.<\/p>\n<p style=\"text-align: justify;\">Je souhaite aussi souligner que les arts visuels peuvent contribuer et contribue activement aux r\u00e9flexions sociales telles que les f\u00e9minismes. \u00c0 cela s\u2019ajoute que je suis fi\u00e8re que le milieu (et qu\u2019<strong>artsnb<\/strong>!) reconnaisse de plus en plus la contribution du commissariat et de l\u2019\u00e9criture au milieu des arts. C\u2019est avec beaucoup d\u2019enthousiasme que je souhaite consacrer ma carri\u00e8re \u00e0 une meilleure reconnaissance des artistes, \u00e0 ancrer leur travail dans l\u2019histoire de l\u2019art et \u00e0 d\u00e9velopper un discours critique autour de leurs pratiques artistiques, et ce, principalement en tant que commissaire.<\/p>\n<p style=\"text-align: center;\"><img loading=\"lazy\" decoding=\"async\" width=\"600\" height=\"340\" class=\"aligncenter size-full wp-image-5618\" alt=\"Tomb\u00e9es dans les interstices - \u00c9lise Anne LaPlante\" src=\"https:\/\/artsnb.ca\/web\/wp-content\/uploads\/2019\/09\/ealaplante_copies.jpg\"><\/p>\n<p>&nbsp;<\/p>\n<p style=\"text-align: justify;\"><em><img loading=\"lazy\" decoding=\"async\" width=\"200\" height=\"300\" class=\"alignleft size-full wp-image-7352\" alt=\"Elise Anne LaPlante - Bio\" src=\"https:\/\/artsnb.ca\/web\/wp-content\/uploads\/2019\/09\/Elise-Anne-LaPlante-Bio.jpg\">Dipl\u00f4m\u00e9e de l\u2019UQAM en histoire de l\u2019art, Elise Anne LaPlante est commissaire ind\u00e9pendante et travailleuse culturelle. De retour en Acadie, elle s\u2019int\u00e9resse particuli\u00e8rement \u00e0 la repr\u00e9sentation des femmes artistes dans l\u2019histoire de l\u2019art acadien et aux th\u00e9ories f\u00e9ministes sur l\u2019art. Elle s\u2019int\u00e9resse \u00e9galement aux archives et aux pratiques qui exploitent les zones floues entre les disciplines et qui reprogramment l\u2019histoire de l\u2019art \u00e0 des fins artistiques.<\/em><\/p>\n<p style=\"text-align: justify;\"><em>&nbsp;Elise Anne s\u2019implique activement dans son milieu, notamment par l\u2019\u00e9criture de textes critiques (<\/em>Liaison<em>, <\/em>Astheure<em>,&nbsp;Catalogue de l\u2019exposition&nbsp;<\/em>Harias&nbsp;<em>de Mario Doucette), par la coordination d\u2019\u00e9v\u00e9nements (Festival RE:FLUX, Symposium d\u2019art\/nature, atelier d\u2019\u00e9criture sur l\u2019art visuel), par l\u2019enseignement (charg\u00e9e de cours \u00e0 l\u2019Universit\u00e9 de Moncton), ainsi que par ses projets d\u2019expositions en tant que commissaire (<\/em>D\u00e9rouler l\u2019archive : LASART<em> (1982) <\/em>revisit\u00e9&nbsp;<em>(2015, 2017),&nbsp;<\/em>(RE)voir<em>&nbsp;(2016), <\/em>Tomb\u00e9es dans les interstices&nbsp;<em>(2017) et <\/em>Images R\u00e9manentes<em> (2018)).<\/em><\/p>\n<p style=\"text-align: justify;\"><em>Vous pouvez suivre le travail d&#8217;\u00c9lise Anne sur son <a href=\"http:\/\/eliseannelaplante.com\/\" target=\"_blank\" rel=\"noopener noreferrer\">site Internet<\/a>.<\/em><\/p>\n<p>&nbsp;<\/p>\n<p style=\"text-align: justify;\"><em><strong>Le blogue d&#8217;artsnb donne la parole aux artistes du Nouveau-Brunswick. Avez-vous re\u00e7u une subvention d\u2019artsnb ? Avez-vous envie de partager votre exp\u00e9rience ? Alors <a href=\"http:\/\/artsnb.ca\/site\/fr\/contact\/?recipient=Benji\" target=\"_blank\" rel=\"noopener noreferrer\">contactez-nous<\/a> sans plus attendre !<\/strong><\/em><\/p>\n","protected":false},"excerpt":{"rendered":"<p>Je suis Elise Anne LaPlante et je suis commissaire ind\u00e9pendante. J\u2019ai grandi \u00e0 Moncton et je crois avoir toujours \u00e9t\u00e9 int\u00e9ress\u00e9e par les arts et la culture. J\u2019ai entam\u00e9 mon parcours acad\u00e9mique en communication, mais toujours en gravitant autour des arts. Apr\u00e8s 3 sessions d\u2019incertitudes, j\u2019ai fait le saut sur un coup de t\u00eate et<\/p>\n","protected":false},"author":6,"featured_media":1672,"comment_status":"open","ping_status":"open","sticky":false,"template":"","format":"standard","meta":{"_acf_changed":false,"footnotes":""},"categories":[87],"tags":[],"class_list":["post-3708","post","type-post","status-publish","format-standard","has-post-thumbnail","hentry","category-blogue"],"acf":[],"yoast_head":"<!-- This site is optimized with the Yoast SEO plugin v27.5 - https:\/\/yoast.com\/product\/yoast-seo-wordpress\/ -->\n<title>Tomb\u00e9es dans les interstices - Elise Anne LaPlante - ArtsNB<\/title>\n<meta name=\"robots\" content=\"index, follow, max-snippet:-1, max-image-preview:large, max-video-preview:-1\" \/>\n<link rel=\"canonical\" href=\"https:\/\/artsnb.ca\/web\/2018\/03\/elise-anne-laplante\/\" \/>\n<meta property=\"og:locale\" content=\"en_US\" \/>\n<meta property=\"og:type\" content=\"article\" \/>\n<meta property=\"og:title\" content=\"Tomb\u00e9es dans les interstices - Elise Anne LaPlante - ArtsNB\" \/>\n<meta property=\"og:description\" content=\"Je suis Elise Anne LaPlante et je suis commissaire ind\u00e9pendante. J\u2019ai grandi \u00e0 Moncton et je crois avoir toujours \u00e9t\u00e9 int\u00e9ress\u00e9e par les arts et la culture. J\u2019ai entam\u00e9 mon parcours acad\u00e9mique en communication, mais toujours en gravitant autour des arts. Apr\u00e8s 3 sessions d\u2019incertitudes, j\u2019ai fait le saut sur un coup de t\u00eate et\" \/>\n<meta property=\"og:url\" content=\"https:\/\/artsnb.ca\/web\/2018\/03\/elise-anne-laplante\/?lang=fr\" \/>\n<meta property=\"og:site_name\" content=\"ArtsNB\" \/>\n<meta property=\"article:publisher\" content=\"https:\/\/www.facebook.com\/artsnb\/\" \/>\n<meta property=\"article:published_time\" content=\"2018-03-08T00:00:00+00:00\" \/>\n<meta property=\"article:modified_time\" content=\"2019-12-18T12:42:00+00:00\" \/>\n<meta property=\"og:image\" content=\"https:\/\/artsnb.ca\/web\/wp-content\/uploads\/2019\/09\/Elise-Anne-LaPlante-Bio.jpg\" \/>\n\t<meta property=\"og:image:width\" content=\"200\" \/>\n\t<meta property=\"og:image:height\" content=\"300\" \/>\n\t<meta property=\"og:image:type\" content=\"image\/jpeg\" \/>\n<meta name=\"author\" content=\"R\u00e9anne Cooper\" \/>\n<meta name=\"twitter:card\" content=\"summary_large_image\" \/>\n<meta name=\"twitter:creator\" content=\"@artsnb\" \/>\n<meta name=\"twitter:site\" content=\"@artsnb\" \/>\n<meta name=\"twitter:label1\" content=\"Written by\" \/>\n\t<meta name=\"twitter:data1\" content=\"R\u00e9anne Cooper\" \/>\n\t<meta name=\"twitter:label2\" content=\"Est. reading time\" \/>\n\t<meta name=\"twitter:data2\" content=\"7 minutes\" \/>\n<script type=\"application\/ld+json\" class=\"yoast-schema-graph\">{\"@context\":\"https:\\\/\\\/schema.org\",\"@graph\":[{\"@type\":\"Article\",\"@id\":\"https:\\\/\\\/artsnb.ca\\\/web\\\/2018\\\/03\\\/elise-anne-laplante\\\/?lang=fr#article\",\"isPartOf\":{\"@id\":\"https:\\\/\\\/artsnb.ca\\\/web\\\/2018\\\/03\\\/elise-anne-laplante\\\/?lang=fr\"},\"author\":{\"name\":\"R\u00e9anne Cooper\",\"@id\":\"https:\\\/\\\/artsnb.ca\\\/web\\\/#\\\/schema\\\/person\\\/012ecc8a59328615becff4af8bf0c2b9\"},\"headline\":\"Tomb\u00e9es dans les interstices &#8211; Elise Anne LaPlante\",\"datePublished\":\"2018-03-08T00:00:00+00:00\",\"dateModified\":\"2019-12-18T12:42:00+00:00\",\"mainEntityOfPage\":{\"@id\":\"https:\\\/\\\/artsnb.ca\\\/web\\\/2018\\\/03\\\/elise-anne-laplante\\\/?lang=fr\"},\"wordCount\":1363,\"commentCount\":0,\"publisher\":{\"@id\":\"https:\\\/\\\/artsnb.ca\\\/web\\\/#organization\"},\"image\":{\"@id\":\"https:\\\/\\\/artsnb.ca\\\/web\\\/2018\\\/03\\\/elise-anne-laplante\\\/?lang=fr#primaryimage\"},\"thumbnailUrl\":\"https:\\\/\\\/artsnb.ca\\\/web\\\/wp-content\\\/uploads\\\/2019\\\/09\\\/Elise-Anne-LaPlante-Bio.jpg\",\"articleSection\":[\"Blogue\"],\"inLanguage\":\"en-US\",\"potentialAction\":[{\"@type\":\"CommentAction\",\"name\":\"Comment\",\"target\":[\"https:\\\/\\\/artsnb.ca\\\/web\\\/2018\\\/03\\\/elise-anne-laplante\\\/?lang=fr#respond\"]}]},{\"@type\":\"WebPage\",\"@id\":\"https:\\\/\\\/artsnb.ca\\\/web\\\/2018\\\/03\\\/elise-anne-laplante\\\/?lang=fr\",\"url\":\"https:\\\/\\\/artsnb.ca\\\/web\\\/2018\\\/03\\\/elise-anne-laplante\\\/?lang=fr\",\"name\":\"Tomb\u00e9es dans les interstices - Elise Anne LaPlante - ArtsNB\",\"isPartOf\":{\"@id\":\"https:\\\/\\\/artsnb.ca\\\/web\\\/#website\"},\"primaryImageOfPage\":{\"@id\":\"https:\\\/\\\/artsnb.ca\\\/web\\\/2018\\\/03\\\/elise-anne-laplante\\\/?lang=fr#primaryimage\"},\"image\":{\"@id\":\"https:\\\/\\\/artsnb.ca\\\/web\\\/2018\\\/03\\\/elise-anne-laplante\\\/?lang=fr#primaryimage\"},\"thumbnailUrl\":\"https:\\\/\\\/artsnb.ca\\\/web\\\/wp-content\\\/uploads\\\/2019\\\/09\\\/Elise-Anne-LaPlante-Bio.jpg\",\"datePublished\":\"2018-03-08T00:00:00+00:00\",\"dateModified\":\"2019-12-18T12:42:00+00:00\",\"breadcrumb\":{\"@id\":\"https:\\\/\\\/artsnb.ca\\\/web\\\/2018\\\/03\\\/elise-anne-laplante\\\/?lang=fr#breadcrumb\"},\"inLanguage\":\"en-US\",\"potentialAction\":[{\"@type\":\"ReadAction\",\"target\":[\"https:\\\/\\\/artsnb.ca\\\/web\\\/2018\\\/03\\\/elise-anne-laplante\\\/?lang=fr\"]}]},{\"@type\":\"ImageObject\",\"inLanguage\":\"en-US\",\"@id\":\"https:\\\/\\\/artsnb.ca\\\/web\\\/2018\\\/03\\\/elise-anne-laplante\\\/?lang=fr#primaryimage\",\"url\":\"https:\\\/\\\/artsnb.ca\\\/web\\\/wp-content\\\/uploads\\\/2019\\\/09\\\/Elise-Anne-LaPlante-Bio.jpg\",\"contentUrl\":\"https:\\\/\\\/artsnb.ca\\\/web\\\/wp-content\\\/uploads\\\/2019\\\/09\\\/Elise-Anne-LaPlante-Bio.jpg\",\"width\":200,\"height\":300},{\"@type\":\"BreadcrumbList\",\"@id\":\"https:\\\/\\\/artsnb.ca\\\/web\\\/2018\\\/03\\\/elise-anne-laplante\\\/?lang=fr#breadcrumb\",\"itemListElement\":[{\"@type\":\"ListItem\",\"position\":1,\"name\":\"Home\",\"item\":\"https:\\\/\\\/artsnb.ca\\\/web\\\/\"},{\"@type\":\"ListItem\",\"position\":2,\"name\":\"Blog\",\"item\":\"https:\\\/\\\/artsnb.ca\\\/web\\\/category\\\/blog\\\/\"},{\"@type\":\"ListItem\",\"position\":3,\"name\":\"Tomb\u00e9es dans les interstices &#8211; Elise Anne LaPlante\"}]},{\"@type\":\"WebSite\",\"@id\":\"https:\\\/\\\/artsnb.ca\\\/web\\\/#website\",\"url\":\"https:\\\/\\\/artsnb.ca\\\/web\\\/\",\"name\":\"ArtsNB\",\"description\":\"EXCELLENCE. PROFESSIONALISM. INNOVATION.\",\"publisher\":{\"@id\":\"https:\\\/\\\/artsnb.ca\\\/web\\\/#organization\"},\"potentialAction\":[{\"@type\":\"SearchAction\",\"target\":{\"@type\":\"EntryPoint\",\"urlTemplate\":\"https:\\\/\\\/artsnb.ca\\\/web\\\/?s={search_term_string}\"},\"query-input\":{\"@type\":\"PropertyValueSpecification\",\"valueRequired\":true,\"valueName\":\"search_term_string\"}}],\"inLanguage\":\"en-US\"},{\"@type\":\"Organization\",\"@id\":\"https:\\\/\\\/artsnb.ca\\\/web\\\/#organization\",\"name\":\"ArtsNB\",\"url\":\"https:\\\/\\\/artsnb.ca\\\/web\\\/\",\"logo\":{\"@type\":\"ImageObject\",\"inLanguage\":\"en-US\",\"@id\":\"https:\\\/\\\/artsnb.ca\\\/web\\\/#\\\/schema\\\/logo\\\/image\\\/\",\"url\":\"https:\\\/\\\/artsnb.ca\\\/web\\\/wp-content\\\/uploads\\\/2024\\\/04\\\/cropped-artsnb-PrimaryLogo-vertical-HiRes-2.jpg\",\"contentUrl\":\"https:\\\/\\\/artsnb.ca\\\/web\\\/wp-content\\\/uploads\\\/2024\\\/04\\\/cropped-artsnb-PrimaryLogo-vertical-HiRes-2.jpg\",\"width\":1698,\"height\":1223,\"caption\":\"ArtsNB\"},\"image\":{\"@id\":\"https:\\\/\\\/artsnb.ca\\\/web\\\/#\\\/schema\\\/logo\\\/image\\\/\"},\"sameAs\":[\"https:\\\/\\\/www.facebook.com\\\/artsnb\\\/\",\"https:\\\/\\\/x.com\\\/artsnb\",\"https:\\\/\\\/www.instagram.com\\\/artsnb\\\/\"]},{\"@type\":\"Person\",\"@id\":\"https:\\\/\\\/artsnb.ca\\\/web\\\/#\\\/schema\\\/person\\\/012ecc8a59328615becff4af8bf0c2b9\",\"name\":\"R\u00e9anne Cooper\",\"image\":{\"@type\":\"ImageObject\",\"inLanguage\":\"en-US\",\"@id\":\"https:\\\/\\\/secure.gravatar.com\\\/avatar\\\/1cb05192fe2229166d3916ce0ac0406517d29a24c32e183e81a0a810836dd14b?s=96&d=mm&r=g\",\"url\":\"https:\\\/\\\/secure.gravatar.com\\\/avatar\\\/1cb05192fe2229166d3916ce0ac0406517d29a24c32e183e81a0a810836dd14b?s=96&d=mm&r=g\",\"contentUrl\":\"https:\\\/\\\/secure.gravatar.com\\\/avatar\\\/1cb05192fe2229166d3916ce0ac0406517d29a24c32e183e81a0a810836dd14b?s=96&d=mm&r=g\",\"caption\":\"R\u00e9anne Cooper\"},\"url\":\"https:\\\/\\\/artsnb.ca\\\/web\\\/author\\\/reanne\\\/\"}]}<\/script>\n<!-- \/ Yoast SEO plugin. -->","yoast_head_json":{"title":"Tomb\u00e9es dans les interstices - Elise Anne LaPlante - ArtsNB","robots":{"index":"index","follow":"follow","max-snippet":"max-snippet:-1","max-image-preview":"max-image-preview:large","max-video-preview":"max-video-preview:-1"},"canonical":"https:\/\/artsnb.ca\/web\/2018\/03\/elise-anne-laplante\/","og_locale":"en_US","og_type":"article","og_title":"Tomb\u00e9es dans les interstices - Elise Anne LaPlante - ArtsNB","og_description":"Je suis Elise Anne LaPlante et je suis commissaire ind\u00e9pendante. J\u2019ai grandi \u00e0 Moncton et je crois avoir toujours \u00e9t\u00e9 int\u00e9ress\u00e9e par les arts et la culture. J\u2019ai entam\u00e9 mon parcours acad\u00e9mique en communication, mais toujours en gravitant autour des arts. Apr\u00e8s 3 sessions d\u2019incertitudes, j\u2019ai fait le saut sur un coup de t\u00eate et","og_url":"https:\/\/artsnb.ca\/web\/2018\/03\/elise-anne-laplante\/?lang=fr","og_site_name":"ArtsNB","article_publisher":"https:\/\/www.facebook.com\/artsnb\/","article_published_time":"2018-03-08T00:00:00+00:00","article_modified_time":"2019-12-18T12:42:00+00:00","og_image":[{"width":200,"height":300,"url":"https:\/\/artsnb.ca\/web\/wp-content\/uploads\/2019\/09\/Elise-Anne-LaPlante-Bio.jpg","type":"image\/jpeg"}],"author":"R\u00e9anne Cooper","twitter_card":"summary_large_image","twitter_creator":"@artsnb","twitter_site":"@artsnb","twitter_misc":{"Written by":"R\u00e9anne Cooper","Est. reading time":"7 minutes"},"schema":{"@context":"https:\/\/schema.org","@graph":[{"@type":"Article","@id":"https:\/\/artsnb.ca\/web\/2018\/03\/elise-anne-laplante\/?lang=fr#article","isPartOf":{"@id":"https:\/\/artsnb.ca\/web\/2018\/03\/elise-anne-laplante\/?lang=fr"},"author":{"name":"R\u00e9anne Cooper","@id":"https:\/\/artsnb.ca\/web\/#\/schema\/person\/012ecc8a59328615becff4af8bf0c2b9"},"headline":"Tomb\u00e9es dans les interstices &#8211; Elise Anne LaPlante","datePublished":"2018-03-08T00:00:00+00:00","dateModified":"2019-12-18T12:42:00+00:00","mainEntityOfPage":{"@id":"https:\/\/artsnb.ca\/web\/2018\/03\/elise-anne-laplante\/?lang=fr"},"wordCount":1363,"commentCount":0,"publisher":{"@id":"https:\/\/artsnb.ca\/web\/#organization"},"image":{"@id":"https:\/\/artsnb.ca\/web\/2018\/03\/elise-anne-laplante\/?lang=fr#primaryimage"},"thumbnailUrl":"https:\/\/artsnb.ca\/web\/wp-content\/uploads\/2019\/09\/Elise-Anne-LaPlante-Bio.jpg","articleSection":["Blogue"],"inLanguage":"en-US","potentialAction":[{"@type":"CommentAction","name":"Comment","target":["https:\/\/artsnb.ca\/web\/2018\/03\/elise-anne-laplante\/?lang=fr#respond"]}]},{"@type":"WebPage","@id":"https:\/\/artsnb.ca\/web\/2018\/03\/elise-anne-laplante\/?lang=fr","url":"https:\/\/artsnb.ca\/web\/2018\/03\/elise-anne-laplante\/?lang=fr","name":"Tomb\u00e9es dans les interstices - Elise Anne LaPlante - ArtsNB","isPartOf":{"@id":"https:\/\/artsnb.ca\/web\/#website"},"primaryImageOfPage":{"@id":"https:\/\/artsnb.ca\/web\/2018\/03\/elise-anne-laplante\/?lang=fr#primaryimage"},"image":{"@id":"https:\/\/artsnb.ca\/web\/2018\/03\/elise-anne-laplante\/?lang=fr#primaryimage"},"thumbnailUrl":"https:\/\/artsnb.ca\/web\/wp-content\/uploads\/2019\/09\/Elise-Anne-LaPlante-Bio.jpg","datePublished":"2018-03-08T00:00:00+00:00","dateModified":"2019-12-18T12:42:00+00:00","breadcrumb":{"@id":"https:\/\/artsnb.ca\/web\/2018\/03\/elise-anne-laplante\/?lang=fr#breadcrumb"},"inLanguage":"en-US","potentialAction":[{"@type":"ReadAction","target":["https:\/\/artsnb.ca\/web\/2018\/03\/elise-anne-laplante\/?lang=fr"]}]},{"@type":"ImageObject","inLanguage":"en-US","@id":"https:\/\/artsnb.ca\/web\/2018\/03\/elise-anne-laplante\/?lang=fr#primaryimage","url":"https:\/\/artsnb.ca\/web\/wp-content\/uploads\/2019\/09\/Elise-Anne-LaPlante-Bio.jpg","contentUrl":"https:\/\/artsnb.ca\/web\/wp-content\/uploads\/2019\/09\/Elise-Anne-LaPlante-Bio.jpg","width":200,"height":300},{"@type":"BreadcrumbList","@id":"https:\/\/artsnb.ca\/web\/2018\/03\/elise-anne-laplante\/?lang=fr#breadcrumb","itemListElement":[{"@type":"ListItem","position":1,"name":"Home","item":"https:\/\/artsnb.ca\/web\/"},{"@type":"ListItem","position":2,"name":"Blog","item":"https:\/\/artsnb.ca\/web\/category\/blog\/"},{"@type":"ListItem","position":3,"name":"Tomb\u00e9es dans les interstices &#8211; Elise Anne LaPlante"}]},{"@type":"WebSite","@id":"https:\/\/artsnb.ca\/web\/#website","url":"https:\/\/artsnb.ca\/web\/","name":"ArtsNB","description":"EXCELLENCE. PROFESSIONALISM. INNOVATION.","publisher":{"@id":"https:\/\/artsnb.ca\/web\/#organization"},"potentialAction":[{"@type":"SearchAction","target":{"@type":"EntryPoint","urlTemplate":"https:\/\/artsnb.ca\/web\/?s={search_term_string}"},"query-input":{"@type":"PropertyValueSpecification","valueRequired":true,"valueName":"search_term_string"}}],"inLanguage":"en-US"},{"@type":"Organization","@id":"https:\/\/artsnb.ca\/web\/#organization","name":"ArtsNB","url":"https:\/\/artsnb.ca\/web\/","logo":{"@type":"ImageObject","inLanguage":"en-US","@id":"https:\/\/artsnb.ca\/web\/#\/schema\/logo\/image\/","url":"https:\/\/artsnb.ca\/web\/wp-content\/uploads\/2024\/04\/cropped-artsnb-PrimaryLogo-vertical-HiRes-2.jpg","contentUrl":"https:\/\/artsnb.ca\/web\/wp-content\/uploads\/2024\/04\/cropped-artsnb-PrimaryLogo-vertical-HiRes-2.jpg","width":1698,"height":1223,"caption":"ArtsNB"},"image":{"@id":"https:\/\/artsnb.ca\/web\/#\/schema\/logo\/image\/"},"sameAs":["https:\/\/www.facebook.com\/artsnb\/","https:\/\/x.com\/artsnb","https:\/\/www.instagram.com\/artsnb\/"]},{"@type":"Person","@id":"https:\/\/artsnb.ca\/web\/#\/schema\/person\/012ecc8a59328615becff4af8bf0c2b9","name":"R\u00e9anne Cooper","image":{"@type":"ImageObject","inLanguage":"en-US","@id":"https:\/\/secure.gravatar.com\/avatar\/1cb05192fe2229166d3916ce0ac0406517d29a24c32e183e81a0a810836dd14b?s=96&d=mm&r=g","url":"https:\/\/secure.gravatar.com\/avatar\/1cb05192fe2229166d3916ce0ac0406517d29a24c32e183e81a0a810836dd14b?s=96&d=mm&r=g","contentUrl":"https:\/\/secure.gravatar.com\/avatar\/1cb05192fe2229166d3916ce0ac0406517d29a24c32e183e81a0a810836dd14b?s=96&d=mm&r=g","caption":"R\u00e9anne Cooper"},"url":"https:\/\/artsnb.ca\/web\/author\/reanne\/"}]}},"_links":{"self":[{"href":"https:\/\/artsnb.ca\/web\/wp-json\/wp\/v2\/posts\/3708","targetHints":{"allow":["GET"]}}],"collection":[{"href":"https:\/\/artsnb.ca\/web\/wp-json\/wp\/v2\/posts"}],"about":[{"href":"https:\/\/artsnb.ca\/web\/wp-json\/wp\/v2\/types\/post"}],"author":[{"embeddable":true,"href":"https:\/\/artsnb.ca\/web\/wp-json\/wp\/v2\/users\/6"}],"replies":[{"embeddable":true,"href":"https:\/\/artsnb.ca\/web\/wp-json\/wp\/v2\/comments?post=3708"}],"version-history":[{"count":1,"href":"https:\/\/artsnb.ca\/web\/wp-json\/wp\/v2\/posts\/3708\/revisions"}],"predecessor-version":[{"id":4343,"href":"https:\/\/artsnb.ca\/web\/wp-json\/wp\/v2\/posts\/3708\/revisions\/4343"}],"wp:featuredmedia":[{"embeddable":true,"href":"https:\/\/artsnb.ca\/web\/wp-json\/wp\/v2\/media\/1672"}],"wp:attachment":[{"href":"https:\/\/artsnb.ca\/web\/wp-json\/wp\/v2\/media?parent=3708"}],"wp:term":[{"taxonomy":"category","embeddable":true,"href":"https:\/\/artsnb.ca\/web\/wp-json\/wp\/v2\/categories?post=3708"},{"taxonomy":"post_tag","embeddable":true,"href":"https:\/\/artsnb.ca\/web\/wp-json\/wp\/v2\/tags?post=3708"}],"curies":[{"name":"wp","href":"https:\/\/api.w.org\/{rel}","templated":true}]}}