{"id":3709,"date":"2018-04-20T00:00:00","date_gmt":"2018-04-20T00:00:00","guid":{"rendered":"https:\/\/staging-artsnb.weavercrawford.com\/phil-comeau\/"},"modified":"2019-12-18T12:41:53","modified_gmt":"2019-12-18T12:41:53","slug":"phil-comeau","status":"publish","type":"post","link":"https:\/\/artsnb.ca\/web\/2018\/04\/phil-comeau\/?lang=fr","title":{"rendered":"Belle-\u00cele-En-Mer, \u00eele bretonne et acadienne &#8211; Phil Comeau"},"content":{"rendered":"<p style=\"text-align: center;\"><img loading=\"lazy\" decoding=\"async\" width=\"720\" height=\"180\" class=\"aligncenter size-full wp-image-6230\" alt=\"\" src=\"https:\/\/artsnb.ca\/web\/wp-content\/uploads\/2019\/09\/Phil-Comeau-Banner-FR.png\"><\/p>\n<p style=\"text-align: justify;\"><a href=\"https:\/\/artsnb.ca\/web\/wp-content\/uploads\/2019\/09\/pcomeau_poster.jpg\" target=\"_blank\" rel=\"noopener noreferrer\"><img loading=\"lazy\" decoding=\"async\" width=\"232\" height=\"300\" class=\"alignleft size-medium wp-image-6090\" alt=\"pcomeau_poster\" src=\"https:\/\/artsnb.ca\/web\/wp-content\/uploads\/2019\/09\/pcomeau_poster-232x300.jpg\"><\/a>Jeune, j\u2019\u00e9tais rebelle. \u00c0 13 ans, mon p\u00e8re m\u2019a donn\u00e9 une cam\u00e9ra 8mm, et \u00e7a m\u2019a probablement sauv\u00e9 la vie car le cin\u00e9ma est devenu une passion. Tourner des images pour mieux exprimer mes sentiments fut une r\u00e9v\u00e9lation pour moi et une nouvelle libert\u00e9. D\u00e9but\u00e8rent alors mes premiers films amateurs (tous mauvais!) avec mes amis. \u00c0 mon \u00e9cole secondaire, j\u2019ai voulu s\u00e9duire mes co-\u00e9coliers \u00e0 ce beau medium artistique, alors j\u2019ai fond\u00e9 deux clubs, un en th\u00e9\u00e2tre et l\u2019autre en vid\u00e9o, et nous faisions des productions. Mais, jusqu\u2019\u00e0 l\u00e0, ce passe-temps n\u2019\u00e9tait qu\u2019une distraction. Je ne voyais pas comment je pourrais vivre du cin\u00e9ma.<\/p>\n<p style=\"text-align: justify;\">Lors de mes \u00e9tudes en Arts dramatiques \u00e0 l\u2019Universit\u00e9 de Moncton, les \u00e9toiles se sont align\u00e9es. L\u2019Office national du film du Canada a ouvert un studio \u00e0 Moncton et a encourag\u00e9 la formation de jeunes cin\u00e9astes acadiens. J\u2019ai \u00e9crit et r\u00e9alis\u00e9 mon premier film de fiction LA CABANE (1977), film sur le conflit des g\u00e9n\u00e9rations, pour exorciser mon malaise d\u2019adolescent. Ce film fut suivi l\u2019ann\u00e9e suivante par un autre film de fiction LES GOSSIPEUSES (1978), qui est une com\u00e9die sur le comm\u00e9rage que j\u2019ai \u00e9crit et r\u00e9alis\u00e9 en pensant \u00e0 mes tantes dr\u00f4les. Le public a beaucoup aim\u00e9 ce film et encore aujourd\u2019hui, il est un film culte en Acadie. Des \u00e9tudiants enl\u00e8vent le volume et jouent les dialogues et les accents en visionnant le film. Depuis ces deux premi\u00e8res productions de l\u2019ONF, j\u2019ai tourn\u00e9 une centaine de projets en fiction et en documentaire. Certains films furent faciles \u00e0 tourner, d\u2019autres furent des cauchemars, mais \u00e0 chaque exp\u00e9rience je grandis et acquiers de l\u2019exp\u00e9rience comme cin\u00e9aste.<\/p>\n<p style=\"text-align: justify;\"><a href=\"https:\/\/artsnb.ca\/web\/wp-content\/uploads\/2019\/09\/pcomeau_belleile4.jpg\" target=\"_blank\" rel=\"noopener noreferrer\"><img loading=\"lazy\" decoding=\"async\" width=\"300\" height=\"161\" class=\"alignright size-medium wp-image-6105\" alt=\"pcomeau_belleile4\" src=\"https:\/\/artsnb.ca\/web\/wp-content\/uploads\/2019\/09\/pcomeau_belleile4-300x161.jpg\"><\/a>Le film BELLE-\u00ceLE-EN-MER, \u00ceLE BRETONNE ET ACADIENNE est un film documentaire que je voulais tellement faire que j\u2019\u00e9tais pr\u00eat \u00e0 le payer de ma poche si je ne trouvais pas de financement. En effet, aucun bailleur de fonds traditionnel ou r\u00e9seau de t\u00e9l\u00e9vision ne voulait participer au projet. Mais j\u2019ai refus\u00e9 de laisser tomber les bras. J\u2019\u00e9tais convaincu qu\u2019il y avait ici un beau sujet, de beaux personnages et un environnement d\u2019une beaut\u00e9 sublime. Sans m\u2019en rendre compte tout de suite, ce refus de financement des r\u00e9seaux classiques allait \u00eatre une b\u00e9n\u00e9diction. J\u2019allais faire ce film comme je le voulais, avec une libert\u00e9 artistique n\u2019ayant pas besoin de r\u00e9pondre aux normes standardis\u00e9es des r\u00e9seaux TV.<\/p>\n<p style=\"text-align: justify;\">Fascin\u00e9 par les Acadiens qui habitent Belle-\u00cele-en-Mer, une \u00eele bretonne en France que j\u2019avais visit\u00e9e \u00e0 quelques reprises, j\u2019ai \u00e9crit mon sc\u00e9nario sous forme lyrique comme un long po\u00e8me d\u2019amour. Inspir\u00e9 par ces habitants, je voulais faire un hommage au courage de leurs anc\u00eatres r\u00e9fugi\u00e9s acadiens qui s\u2019\u00e9taient install\u00e9s ici. Pour moi, cela rel\u00e8ve d\u2019un miracle de survivance et d\u2019une valeur humaine remarquable. Les habitants de Belle-\u00cele ont conserv\u00e9 leur attachement \u00e0 notre Acadie, malgr\u00e9 une s\u00e9paration de deux si\u00e8cles et demi et une distance de 5000 km entre nos deux c\u00f4tes.<\/p>\n<p style=\"text-align: justify;\"><a href=\"https:\/\/artsnb.ca\/web\/wp-content\/uploads\/2019\/09\/pcomeau_tintamarre.jpg\" target=\"_blank\" rel=\"noopener noreferrer\"><img loading=\"lazy\" decoding=\"async\" width=\"300\" height=\"163\" class=\"alignleft size-medium wp-image-6091\" alt=\"pcomeau_tintamarre\" src=\"https:\/\/artsnb.ca\/web\/wp-content\/uploads\/2019\/09\/pcomeau_tintamarre-300x163.jpg\"><\/a>Le sc\u00e9nario pr\u00eat, je l\u2019ai d\u00e9pos\u00e9 \u00e0 <strong>artsnb<\/strong>, les doigts crois\u00e9s. Et la r\u00e9ponse fut positive! Cela m\u2019a permis de me rendre en France et de payer une bonne \u00e9quipe de tournage. J\u2019ai tourn\u00e9 le film pendant les F\u00eates de comm\u00e9moration du 250<sup>\u00e8me<\/sup> anniversaire de l\u2019arriv\u00e9e des Acadiens \u00e0 Belle-\u00cele pendant que visitait un groupe d\u2019Acadiens du Nouveau-Brunswick. Tous les personnages du film se sont pr\u00eat\u00e9s au jeu avec plaisir. Apr\u00e8s le tournage, j\u2019ai re\u00e7u un financement du programme d\u2019aide au cin\u00e9ma ind\u00e9pendant (ACIC) de l\u2019Office national du film du Canada qui m\u2019a permis de payer une bonne \u00e9quipe de post-production. Le film comporte un montage sensible fait par Julien Cadieux (originaire de Shediac), un concept sonore ing\u00e9nieux de Serge Arsenault (originaire de Bathurst), et une trame musicale \u00e9poustouflante de Fr\u00e9d\u00e9ric Chiasson (originaire de l\u2019\u00eele de Lam\u00e8que). Le film ne m\u2019a cout\u00e9 que 7 000 $ de ma poche.<\/p>\n<p style=\"text-align: justify;\"><a href=\"https:\/\/artsnb.ca\/web\/wp-content\/uploads\/2019\/09\/pcomeau_belleile5.jpg\" target=\"_blank\" rel=\"noopener noreferrer\"><img loading=\"lazy\" decoding=\"async\" width=\"300\" height=\"154\" class=\"alignright size-medium wp-image-6110\" alt=\"pcomeau_belleile5\" src=\"https:\/\/artsnb.ca\/web\/wp-content\/uploads\/2019\/09\/pcomeau_belleile5-300x154.jpg\"><\/a>Une s\u00e9rie de surprises vont suivre. Lors de la Premi\u00e8re mondiale du film au 30<sup>\u00e8me<\/sup> Festival International du cin\u00e9ma francophone en Acadie (FICFA) \u00e0 Moncton, le film acquiert son premier prix. Le film se m\u00e9rite ensuite 20 prix \u00e0 d\u2019autres festivals, ce qui en fait le record pour un film du Nouveau-Brunswick. Et ironiquement, les r\u00e9seaux de t\u00e9l\u00e9vision, qui avaient refus\u00e9 de financer le projet, ach\u00e8tent le film pour diffusion! Radio-Canada le diffuse au Canada et le r\u00e9seau TV5 Monde, qui le traduit en 10 langues, diffuse le film dans 151 autres pays!<\/p>\n<p style=\"text-align: justify;\"><em>\u201cNever give up\u201d<\/em>! Pour chaque projet, le financement est le nerf de la guerre. J\u2019ai appris avec les ann\u00e9es que quand un projet de film ne re\u00e7oit pas tout le financement souhait\u00e9, il ne faut pas se d\u00e9courager. Il faut adapter son projet en le rendant plus inventif, plus artistique, plus touchant et avec des personnages attachants. De toute fa\u00e7on, un film personnel est toujours mieux appr\u00e9ci\u00e9 par le public.<\/p>\n<p style=\"text-align: justify;\">Je suis pr\u00e9sentement \u00e0 terminer la post-production de VAGUE D\u2019ACADIE, sur les artistes acadiens en musique qui rayonnent dans la francophonie des Am\u00e9riques et d\u2019Europe. Il y a tellement de bons sujets de films ici au Nouveau-Brunswick qui n\u2019ont pas encore \u00e9t\u00e9 tourn\u00e9s, que le d\u00e9fi pour moi est toujours de voir lequel parmi les films qui dansent dans ma t\u00eate est celui qui me semble le plus urgent \u00e0 \u00e9crire et r\u00e9aliser. Pour moi, tourner des films est aussi visc\u00e9ral qu\u2019un besoin d\u2019oxyg\u00e8ne.<\/p>\n<p style=\"text-align: center;\"><img loading=\"lazy\" decoding=\"async\" width=\"600\" height=\"340\" class=\"aligncenter size-full wp-image-5618\" alt=\"Phil Comeau\" src=\"https:\/\/artsnb.ca\/web\/wp-content\/uploads\/2019\/09\/pcomeau_portrait.jpg\"><\/p>\n<p style=\"text-align: center;\"><strong>Liste des 23 prix du film Belle-\u00eele-en-mer, \u00eele bretonne et acadienne <\/strong><\/p>\n<p style=\"text-align: justify;\"><strong>Europe (3)<\/strong><\/p>\n<p style=\"text-align: justify;\">Meilleur court m\u00e9trage documentaire &#8211; ARFF (Paris, France)<br \/>\nMeilleur documentaire &#8211; Largo Film Awards (Lausanne, Suisse)<br \/>\nMeilleur documentaire &#8211; ShortCut Cinefest (Bucarest, Roumanie)<\/p>\n<p style=\"text-align: justify;\"><strong>Asie (2)<\/strong><\/p>\n<p style=\"text-align: justify;\">Prix Diamant, Meilleur documentaire en langue \u00e9trang\u00e8re &#8211; Directors Awards (Bali, Indon\u00e9sie)<br \/>\nMention sp\u00e9ciale du jury &#8211; Formosa Festival of Int. Filmmaker Awards (Taichung, Taiwan)<\/p>\n<p style=\"text-align: justify;\"><strong>Am\u00e9rique du sud&nbsp;(2)<\/strong><\/p>\n<p>Meilleur court m\u00e9trage documentaire &#8211; 7e South Cinematographic Academy Film &amp; Arts (Rancagua, Chili)<br \/>\nMeilleur photo court m\u00e9trage &#8211; 7e South Cinematographic Academy Film &amp; Arts (Rancagua, Chili)<\/p>\n<p style=\"text-align: justify;\"><strong>Am\u00e9rique du nord (16)<\/strong><\/p>\n<p style=\"text-align: justify;\">Meilleur court m\u00e9trage acadien, FICFA (Moncton, N-.B.)<br \/>\nPrix Platinum Remi, cat\u00e9gorie culturelle &#8211; WorldFest (Houston, Texas)<br \/>\nPrix de m\u00e9rite &#8211; Canada Shorts Film Festival (Toronto, Ontario)<br \/>\nPrix d\u2019excellence, Documentaire &#8211; Best Shorts Competition (San Diego, Californie)<br \/>\nPrix de m\u00e9rite, R\u00e9alisation &#8211; Best Shorts Competition (San Diego, Californie)<br \/>\nPrix de m\u00e9rite, Sc\u00e9nario &#8211;&nbsp;Best Shorts Competition (San Diego, Californie)<br \/>\nMention sp\u00e9ciale du jury &#8211; Festival Cinema on the Bayou (Lafayette, Louisiane)<br \/>\nMention honorable &#8211; Headline International Film Festival (Vancouver, C.-B.)<br \/>\n8 Prix d\u2019excellence, pour Meilleur court documentaire, r\u00e9alisateur, sc\u00e9nario, producteur, photo, son, musique, montage. &#8211; Southern Shorts Awards (Roswell, G\u00e9orgie)<\/p>\n<p style=\"text-align: center;\"><strong>Liste des 22 autres S\u00e9lections officielles<\/strong><\/p>\n<p style=\"text-align: justify;\"><strong>Europe et Moyen Orient (13)<\/strong><\/p>\n<p style=\"text-align: justify;\">Moscow Shorts International Film Festival (Russie), Barcelona Planet Film Festival (Espagne), International Short Film Festival Beverin (Belgique),&nbsp; Gold Movie Awards Godess Nike (Londres, Angleterre), Feel The Reel International Film Festival (Glasgow, \u00c9cosse), Bucharest ShortCut CineFest (Bucarest, Roumanie), Short to the Point (Bucarest, Romanie), Woodengate Film Festival (Baia Mare, Roumanie), Festival insulaire de l\u2019\u00eele de Groix (France), Les Nuits Cajun (Saulieu, France), Festival 24 images seconde (Florac, France), Festival CineFil (Lorient, France), Near Nazareth (Isra\u00ebl).<\/p>\n<p style=\"text-align: justify;\"><strong>Am\u00e9rique du nord et Am\u00e9rique du sud (9)<\/strong><\/p>\n<p style=\"text-align: justify;\">Los Angeles Independant Film Festival (Los Angeles, Californie), Fondecoin Independant International Short Film Festival (Puerto La Cruz, Venezuela), Ficmarc Carribbean Sea International Film Festival (Pampatar, Venezuela), Oaxaca FilmFest (Oaxaca, Mexique), Rendez Vous Qu\u00e9bec Cin\u00e9ma (Montr\u00e9al, Qu\u00e9bec), Festival de cin\u00e9ma de la ville de Qu\u00e9bec (Qu\u00e9bec), Atlantic International Film Festival (Halifax, N.-\u00c9.), Charlottetown Film Festival (\u00ce.-P.-\u00c9.), Silver Wave Film Festival (Frederiction, N.-B.).<\/p>\n<p style=\"text-align: center;\"><iframe loading=\"lazy\" width=\"560\" height=\"315\" src=\"https:\/\/www.youtube.com\/embed\/Tzv7JxxZg4s\" frameborder=\"0\" allowfullscreen=\"allowfullscreen\"><\/iframe><\/p>\n<p style=\"text-align: justify;\"><em><img loading=\"lazy\" decoding=\"async\" width=\"200\" height=\"300\" class=\"alignleft size-full wp-image-7352\" alt=\"Phil Comeau - Bio\" src=\"https:\/\/artsnb.ca\/web\/wp-content\/uploads\/2019\/09\/Phil-Comeau-Bio.jpg\">R\u00e9alisateur et sc\u00e9nariste acadien de Moncton, Phil Comeau a r\u00e9alis\u00e9 plus d&#8217;une centaine de films en fiction et en documentaire. Ses films incluent des films uniques et des s\u00e9ries. Il a aussi tourn\u00e9 trois longs-m\u00e9trages documentaires (RON TURCOTTE JOCKEY LEGENDAIRE, FREDERIC BACK GRANDEUR NATURE, et ZACHARY RICHARD TOUJOURS BATAILLEUR), un long m\u00e9trage en fiction acadienne (LE SECRET DE JEROME) et deux longs t\u00e9l\u00e9films fictions en coproduction avec la France (LE CRASH DU SIECLE) et avec les \u00c9tats-Unis (TEEN KNIGHT). Les films de Phil se sont m\u00e9rit\u00e9s plus de 70 prix aux festivals en Am\u00e9rique du nord, en Europe, en Asie et en Afrique. Diffus\u00e9s sur plus de 75 r\u00e9seaux TV \u00e0 travers le monde, plusieurs de ses films ont \u00e9t\u00e9 traduits en de nombreuses langues. Pour sa contribution au rayonnement du cin\u00e9ma acadien et canadien, Phil a re\u00e7u l&#8217;Ordre du Canada, l\u2019Ordre du Nouveau-Brunswick, l&#8217;Ordre des francophones d\u2019Am\u00e9rique, l&#8217;Ordre des arts et des lettres de la France et l&#8217;Ordre de la Pl\u00e9iade. Globetrotter, Phil a visit\u00e9 une cinquantaine de pays et il a r\u00e9alis\u00e9 des films au Canada et dans 23 pays. Il est le pr\u00e9sident du Front des r\u00e9alisateurs ind\u00e9pendants du Canada (FRIC).<\/em><\/p>\n<p>&nbsp;<\/p>\n<p style=\"text-align: justify;\"><em><strong>Le blogue d&#8217;artsnb donne la parole aux artistes du Nouveau-Brunswick. Avez-vous re\u00e7u une subvention d\u2019artsnb ? Avez-vous envie de partager votre exp\u00e9rience ? Alors <a href=\"http:\/\/artsnb.ca\/site\/fr\/contact\/?recipient=Benji\" target=\"_blank\" rel=\"noopener noreferrer\">contactez-nous<\/a> sans plus attendre !<\/strong><\/em><\/p>\n","protected":false},"excerpt":{"rendered":"<p>Jeune, j\u2019\u00e9tais rebelle. \u00c0 13 ans, mon p\u00e8re m\u2019a donn\u00e9 une cam\u00e9ra 8mm, et \u00e7a m\u2019a probablement sauv\u00e9 la vie car le cin\u00e9ma est devenu une passion. Tourner des images pour mieux exprimer mes sentiments fut une r\u00e9v\u00e9lation pour moi et une nouvelle libert\u00e9. D\u00e9but\u00e8rent alors mes premiers films amateurs (tous mauvais!) avec mes amis.<\/p>\n","protected":false},"author":6,"featured_media":1654,"comment_status":"open","ping_status":"open","sticky":false,"template":"","format":"standard","meta":{"_acf_changed":false,"footnotes":""},"categories":[87],"tags":[],"class_list":["post-3709","post","type-post","status-publish","format-standard","has-post-thumbnail","hentry","category-blogue"],"acf":[],"yoast_head":"<!-- This site is optimized with the Yoast SEO plugin v27.5 - https:\/\/yoast.com\/product\/yoast-seo-wordpress\/ -->\n<title>Belle-\u00cele-En-Mer, \u00eele bretonne et acadienne - Phil Comeau - ArtsNB<\/title>\n<meta name=\"robots\" content=\"index, follow, max-snippet:-1, max-image-preview:large, max-video-preview:-1\" \/>\n<link rel=\"canonical\" href=\"https:\/\/artsnb.ca\/web\/2018\/04\/phil-comeau\/\" \/>\n<meta property=\"og:locale\" content=\"en_US\" \/>\n<meta property=\"og:type\" content=\"article\" \/>\n<meta property=\"og:title\" content=\"Belle-\u00cele-En-Mer, \u00eele bretonne et acadienne - Phil Comeau - ArtsNB\" \/>\n<meta property=\"og:description\" content=\"Jeune, j\u2019\u00e9tais rebelle. \u00c0 13 ans, mon p\u00e8re m\u2019a donn\u00e9 une cam\u00e9ra 8mm, et \u00e7a m\u2019a probablement sauv\u00e9 la vie car le cin\u00e9ma est devenu une passion. Tourner des images pour mieux exprimer mes sentiments fut une r\u00e9v\u00e9lation pour moi et une nouvelle libert\u00e9. D\u00e9but\u00e8rent alors mes premiers films amateurs (tous mauvais!) avec mes amis.\" \/>\n<meta property=\"og:url\" content=\"https:\/\/artsnb.ca\/web\/2018\/04\/phil-comeau\/?lang=fr\" \/>\n<meta property=\"og:site_name\" content=\"ArtsNB\" \/>\n<meta property=\"article:publisher\" content=\"https:\/\/www.facebook.com\/artsnb\/\" \/>\n<meta property=\"article:published_time\" content=\"2018-04-20T00:00:00+00:00\" \/>\n<meta property=\"article:modified_time\" content=\"2019-12-18T12:41:53+00:00\" \/>\n<meta property=\"og:image\" content=\"https:\/\/artsnb.ca\/web\/wp-content\/uploads\/2019\/09\/Phil-Comeau-Bio.jpg\" \/>\n\t<meta property=\"og:image:width\" content=\"200\" \/>\n\t<meta property=\"og:image:height\" content=\"300\" \/>\n\t<meta property=\"og:image:type\" content=\"image\/jpeg\" \/>\n<meta name=\"author\" content=\"R\u00e9anne Cooper\" \/>\n<meta name=\"twitter:card\" content=\"summary_large_image\" \/>\n<meta name=\"twitter:creator\" content=\"@artsnb\" \/>\n<meta name=\"twitter:site\" content=\"@artsnb\" \/>\n<meta name=\"twitter:label1\" content=\"Written by\" \/>\n\t<meta name=\"twitter:data1\" content=\"R\u00e9anne Cooper\" \/>\n\t<meta name=\"twitter:label2\" content=\"Est. reading time\" \/>\n\t<meta name=\"twitter:data2\" content=\"8 minutes\" \/>\n<script type=\"application\/ld+json\" class=\"yoast-schema-graph\">{\"@context\":\"https:\\\/\\\/schema.org\",\"@graph\":[{\"@type\":\"Article\",\"@id\":\"https:\\\/\\\/artsnb.ca\\\/web\\\/2018\\\/04\\\/phil-comeau\\\/?lang=fr#article\",\"isPartOf\":{\"@id\":\"https:\\\/\\\/artsnb.ca\\\/web\\\/2018\\\/04\\\/phil-comeau\\\/?lang=fr\"},\"author\":{\"name\":\"R\u00e9anne Cooper\",\"@id\":\"https:\\\/\\\/artsnb.ca\\\/web\\\/#\\\/schema\\\/person\\\/012ecc8a59328615becff4af8bf0c2b9\"},\"headline\":\"Belle-\u00cele-En-Mer, \u00eele bretonne et acadienne &#8211; Phil Comeau\",\"datePublished\":\"2018-04-20T00:00:00+00:00\",\"dateModified\":\"2019-12-18T12:41:53+00:00\",\"mainEntityOfPage\":{\"@id\":\"https:\\\/\\\/artsnb.ca\\\/web\\\/2018\\\/04\\\/phil-comeau\\\/?lang=fr\"},\"wordCount\":1631,\"commentCount\":0,\"publisher\":{\"@id\":\"https:\\\/\\\/artsnb.ca\\\/web\\\/#organization\"},\"image\":{\"@id\":\"https:\\\/\\\/artsnb.ca\\\/web\\\/2018\\\/04\\\/phil-comeau\\\/?lang=fr#primaryimage\"},\"thumbnailUrl\":\"https:\\\/\\\/artsnb.ca\\\/web\\\/wp-content\\\/uploads\\\/2019\\\/09\\\/Phil-Comeau-Bio.jpg\",\"articleSection\":[\"Blogue\"],\"inLanguage\":\"en-US\",\"potentialAction\":[{\"@type\":\"CommentAction\",\"name\":\"Comment\",\"target\":[\"https:\\\/\\\/artsnb.ca\\\/web\\\/2018\\\/04\\\/phil-comeau\\\/?lang=fr#respond\"]}]},{\"@type\":\"WebPage\",\"@id\":\"https:\\\/\\\/artsnb.ca\\\/web\\\/2018\\\/04\\\/phil-comeau\\\/?lang=fr\",\"url\":\"https:\\\/\\\/artsnb.ca\\\/web\\\/2018\\\/04\\\/phil-comeau\\\/?lang=fr\",\"name\":\"Belle-\u00cele-En-Mer, \u00eele bretonne et acadienne - Phil Comeau - ArtsNB\",\"isPartOf\":{\"@id\":\"https:\\\/\\\/artsnb.ca\\\/web\\\/#website\"},\"primaryImageOfPage\":{\"@id\":\"https:\\\/\\\/artsnb.ca\\\/web\\\/2018\\\/04\\\/phil-comeau\\\/?lang=fr#primaryimage\"},\"image\":{\"@id\":\"https:\\\/\\\/artsnb.ca\\\/web\\\/2018\\\/04\\\/phil-comeau\\\/?lang=fr#primaryimage\"},\"thumbnailUrl\":\"https:\\\/\\\/artsnb.ca\\\/web\\\/wp-content\\\/uploads\\\/2019\\\/09\\\/Phil-Comeau-Bio.jpg\",\"datePublished\":\"2018-04-20T00:00:00+00:00\",\"dateModified\":\"2019-12-18T12:41:53+00:00\",\"breadcrumb\":{\"@id\":\"https:\\\/\\\/artsnb.ca\\\/web\\\/2018\\\/04\\\/phil-comeau\\\/?lang=fr#breadcrumb\"},\"inLanguage\":\"en-US\",\"potentialAction\":[{\"@type\":\"ReadAction\",\"target\":[\"https:\\\/\\\/artsnb.ca\\\/web\\\/2018\\\/04\\\/phil-comeau\\\/?lang=fr\"]}]},{\"@type\":\"ImageObject\",\"inLanguage\":\"en-US\",\"@id\":\"https:\\\/\\\/artsnb.ca\\\/web\\\/2018\\\/04\\\/phil-comeau\\\/?lang=fr#primaryimage\",\"url\":\"https:\\\/\\\/artsnb.ca\\\/web\\\/wp-content\\\/uploads\\\/2019\\\/09\\\/Phil-Comeau-Bio.jpg\",\"contentUrl\":\"https:\\\/\\\/artsnb.ca\\\/web\\\/wp-content\\\/uploads\\\/2019\\\/09\\\/Phil-Comeau-Bio.jpg\",\"width\":200,\"height\":300},{\"@type\":\"BreadcrumbList\",\"@id\":\"https:\\\/\\\/artsnb.ca\\\/web\\\/2018\\\/04\\\/phil-comeau\\\/?lang=fr#breadcrumb\",\"itemListElement\":[{\"@type\":\"ListItem\",\"position\":1,\"name\":\"Home\",\"item\":\"https:\\\/\\\/artsnb.ca\\\/web\\\/\"},{\"@type\":\"ListItem\",\"position\":2,\"name\":\"Blog\",\"item\":\"https:\\\/\\\/artsnb.ca\\\/web\\\/category\\\/blog\\\/\"},{\"@type\":\"ListItem\",\"position\":3,\"name\":\"Belle-\u00cele-En-Mer, \u00eele bretonne et acadienne &#8211; Phil Comeau\"}]},{\"@type\":\"WebSite\",\"@id\":\"https:\\\/\\\/artsnb.ca\\\/web\\\/#website\",\"url\":\"https:\\\/\\\/artsnb.ca\\\/web\\\/\",\"name\":\"ArtsNB\",\"description\":\"EXCELLENCE. PROFESSIONALISM. INNOVATION.\",\"publisher\":{\"@id\":\"https:\\\/\\\/artsnb.ca\\\/web\\\/#organization\"},\"potentialAction\":[{\"@type\":\"SearchAction\",\"target\":{\"@type\":\"EntryPoint\",\"urlTemplate\":\"https:\\\/\\\/artsnb.ca\\\/web\\\/?s={search_term_string}\"},\"query-input\":{\"@type\":\"PropertyValueSpecification\",\"valueRequired\":true,\"valueName\":\"search_term_string\"}}],\"inLanguage\":\"en-US\"},{\"@type\":\"Organization\",\"@id\":\"https:\\\/\\\/artsnb.ca\\\/web\\\/#organization\",\"name\":\"ArtsNB\",\"url\":\"https:\\\/\\\/artsnb.ca\\\/web\\\/\",\"logo\":{\"@type\":\"ImageObject\",\"inLanguage\":\"en-US\",\"@id\":\"https:\\\/\\\/artsnb.ca\\\/web\\\/#\\\/schema\\\/logo\\\/image\\\/\",\"url\":\"https:\\\/\\\/artsnb.ca\\\/web\\\/wp-content\\\/uploads\\\/2024\\\/04\\\/cropped-artsnb-PrimaryLogo-vertical-HiRes-2.jpg\",\"contentUrl\":\"https:\\\/\\\/artsnb.ca\\\/web\\\/wp-content\\\/uploads\\\/2024\\\/04\\\/cropped-artsnb-PrimaryLogo-vertical-HiRes-2.jpg\",\"width\":1698,\"height\":1223,\"caption\":\"ArtsNB\"},\"image\":{\"@id\":\"https:\\\/\\\/artsnb.ca\\\/web\\\/#\\\/schema\\\/logo\\\/image\\\/\"},\"sameAs\":[\"https:\\\/\\\/www.facebook.com\\\/artsnb\\\/\",\"https:\\\/\\\/x.com\\\/artsnb\",\"https:\\\/\\\/www.instagram.com\\\/artsnb\\\/\"]},{\"@type\":\"Person\",\"@id\":\"https:\\\/\\\/artsnb.ca\\\/web\\\/#\\\/schema\\\/person\\\/012ecc8a59328615becff4af8bf0c2b9\",\"name\":\"R\u00e9anne Cooper\",\"image\":{\"@type\":\"ImageObject\",\"inLanguage\":\"en-US\",\"@id\":\"https:\\\/\\\/secure.gravatar.com\\\/avatar\\\/1cb05192fe2229166d3916ce0ac0406517d29a24c32e183e81a0a810836dd14b?s=96&d=mm&r=g\",\"url\":\"https:\\\/\\\/secure.gravatar.com\\\/avatar\\\/1cb05192fe2229166d3916ce0ac0406517d29a24c32e183e81a0a810836dd14b?s=96&d=mm&r=g\",\"contentUrl\":\"https:\\\/\\\/secure.gravatar.com\\\/avatar\\\/1cb05192fe2229166d3916ce0ac0406517d29a24c32e183e81a0a810836dd14b?s=96&d=mm&r=g\",\"caption\":\"R\u00e9anne Cooper\"},\"url\":\"https:\\\/\\\/artsnb.ca\\\/web\\\/author\\\/reanne\\\/\"}]}<\/script>\n<!-- \/ Yoast SEO plugin. -->","yoast_head_json":{"title":"Belle-\u00cele-En-Mer, \u00eele bretonne et acadienne - Phil Comeau - ArtsNB","robots":{"index":"index","follow":"follow","max-snippet":"max-snippet:-1","max-image-preview":"max-image-preview:large","max-video-preview":"max-video-preview:-1"},"canonical":"https:\/\/artsnb.ca\/web\/2018\/04\/phil-comeau\/","og_locale":"en_US","og_type":"article","og_title":"Belle-\u00cele-En-Mer, \u00eele bretonne et acadienne - Phil Comeau - ArtsNB","og_description":"Jeune, j\u2019\u00e9tais rebelle. \u00c0 13 ans, mon p\u00e8re m\u2019a donn\u00e9 une cam\u00e9ra 8mm, et \u00e7a m\u2019a probablement sauv\u00e9 la vie car le cin\u00e9ma est devenu une passion. Tourner des images pour mieux exprimer mes sentiments fut une r\u00e9v\u00e9lation pour moi et une nouvelle libert\u00e9. D\u00e9but\u00e8rent alors mes premiers films amateurs (tous mauvais!) avec mes amis.","og_url":"https:\/\/artsnb.ca\/web\/2018\/04\/phil-comeau\/?lang=fr","og_site_name":"ArtsNB","article_publisher":"https:\/\/www.facebook.com\/artsnb\/","article_published_time":"2018-04-20T00:00:00+00:00","article_modified_time":"2019-12-18T12:41:53+00:00","og_image":[{"width":200,"height":300,"url":"https:\/\/artsnb.ca\/web\/wp-content\/uploads\/2019\/09\/Phil-Comeau-Bio.jpg","type":"image\/jpeg"}],"author":"R\u00e9anne Cooper","twitter_card":"summary_large_image","twitter_creator":"@artsnb","twitter_site":"@artsnb","twitter_misc":{"Written by":"R\u00e9anne Cooper","Est. reading time":"8 minutes"},"schema":{"@context":"https:\/\/schema.org","@graph":[{"@type":"Article","@id":"https:\/\/artsnb.ca\/web\/2018\/04\/phil-comeau\/?lang=fr#article","isPartOf":{"@id":"https:\/\/artsnb.ca\/web\/2018\/04\/phil-comeau\/?lang=fr"},"author":{"name":"R\u00e9anne Cooper","@id":"https:\/\/artsnb.ca\/web\/#\/schema\/person\/012ecc8a59328615becff4af8bf0c2b9"},"headline":"Belle-\u00cele-En-Mer, \u00eele bretonne et acadienne &#8211; Phil Comeau","datePublished":"2018-04-20T00:00:00+00:00","dateModified":"2019-12-18T12:41:53+00:00","mainEntityOfPage":{"@id":"https:\/\/artsnb.ca\/web\/2018\/04\/phil-comeau\/?lang=fr"},"wordCount":1631,"commentCount":0,"publisher":{"@id":"https:\/\/artsnb.ca\/web\/#organization"},"image":{"@id":"https:\/\/artsnb.ca\/web\/2018\/04\/phil-comeau\/?lang=fr#primaryimage"},"thumbnailUrl":"https:\/\/artsnb.ca\/web\/wp-content\/uploads\/2019\/09\/Phil-Comeau-Bio.jpg","articleSection":["Blogue"],"inLanguage":"en-US","potentialAction":[{"@type":"CommentAction","name":"Comment","target":["https:\/\/artsnb.ca\/web\/2018\/04\/phil-comeau\/?lang=fr#respond"]}]},{"@type":"WebPage","@id":"https:\/\/artsnb.ca\/web\/2018\/04\/phil-comeau\/?lang=fr","url":"https:\/\/artsnb.ca\/web\/2018\/04\/phil-comeau\/?lang=fr","name":"Belle-\u00cele-En-Mer, \u00eele bretonne et acadienne - Phil Comeau - ArtsNB","isPartOf":{"@id":"https:\/\/artsnb.ca\/web\/#website"},"primaryImageOfPage":{"@id":"https:\/\/artsnb.ca\/web\/2018\/04\/phil-comeau\/?lang=fr#primaryimage"},"image":{"@id":"https:\/\/artsnb.ca\/web\/2018\/04\/phil-comeau\/?lang=fr#primaryimage"},"thumbnailUrl":"https:\/\/artsnb.ca\/web\/wp-content\/uploads\/2019\/09\/Phil-Comeau-Bio.jpg","datePublished":"2018-04-20T00:00:00+00:00","dateModified":"2019-12-18T12:41:53+00:00","breadcrumb":{"@id":"https:\/\/artsnb.ca\/web\/2018\/04\/phil-comeau\/?lang=fr#breadcrumb"},"inLanguage":"en-US","potentialAction":[{"@type":"ReadAction","target":["https:\/\/artsnb.ca\/web\/2018\/04\/phil-comeau\/?lang=fr"]}]},{"@type":"ImageObject","inLanguage":"en-US","@id":"https:\/\/artsnb.ca\/web\/2018\/04\/phil-comeau\/?lang=fr#primaryimage","url":"https:\/\/artsnb.ca\/web\/wp-content\/uploads\/2019\/09\/Phil-Comeau-Bio.jpg","contentUrl":"https:\/\/artsnb.ca\/web\/wp-content\/uploads\/2019\/09\/Phil-Comeau-Bio.jpg","width":200,"height":300},{"@type":"BreadcrumbList","@id":"https:\/\/artsnb.ca\/web\/2018\/04\/phil-comeau\/?lang=fr#breadcrumb","itemListElement":[{"@type":"ListItem","position":1,"name":"Home","item":"https:\/\/artsnb.ca\/web\/"},{"@type":"ListItem","position":2,"name":"Blog","item":"https:\/\/artsnb.ca\/web\/category\/blog\/"},{"@type":"ListItem","position":3,"name":"Belle-\u00cele-En-Mer, \u00eele bretonne et acadienne &#8211; Phil Comeau"}]},{"@type":"WebSite","@id":"https:\/\/artsnb.ca\/web\/#website","url":"https:\/\/artsnb.ca\/web\/","name":"ArtsNB","description":"EXCELLENCE. PROFESSIONALISM. INNOVATION.","publisher":{"@id":"https:\/\/artsnb.ca\/web\/#organization"},"potentialAction":[{"@type":"SearchAction","target":{"@type":"EntryPoint","urlTemplate":"https:\/\/artsnb.ca\/web\/?s={search_term_string}"},"query-input":{"@type":"PropertyValueSpecification","valueRequired":true,"valueName":"search_term_string"}}],"inLanguage":"en-US"},{"@type":"Organization","@id":"https:\/\/artsnb.ca\/web\/#organization","name":"ArtsNB","url":"https:\/\/artsnb.ca\/web\/","logo":{"@type":"ImageObject","inLanguage":"en-US","@id":"https:\/\/artsnb.ca\/web\/#\/schema\/logo\/image\/","url":"https:\/\/artsnb.ca\/web\/wp-content\/uploads\/2024\/04\/cropped-artsnb-PrimaryLogo-vertical-HiRes-2.jpg","contentUrl":"https:\/\/artsnb.ca\/web\/wp-content\/uploads\/2024\/04\/cropped-artsnb-PrimaryLogo-vertical-HiRes-2.jpg","width":1698,"height":1223,"caption":"ArtsNB"},"image":{"@id":"https:\/\/artsnb.ca\/web\/#\/schema\/logo\/image\/"},"sameAs":["https:\/\/www.facebook.com\/artsnb\/","https:\/\/x.com\/artsnb","https:\/\/www.instagram.com\/artsnb\/"]},{"@type":"Person","@id":"https:\/\/artsnb.ca\/web\/#\/schema\/person\/012ecc8a59328615becff4af8bf0c2b9","name":"R\u00e9anne Cooper","image":{"@type":"ImageObject","inLanguage":"en-US","@id":"https:\/\/secure.gravatar.com\/avatar\/1cb05192fe2229166d3916ce0ac0406517d29a24c32e183e81a0a810836dd14b?s=96&d=mm&r=g","url":"https:\/\/secure.gravatar.com\/avatar\/1cb05192fe2229166d3916ce0ac0406517d29a24c32e183e81a0a810836dd14b?s=96&d=mm&r=g","contentUrl":"https:\/\/secure.gravatar.com\/avatar\/1cb05192fe2229166d3916ce0ac0406517d29a24c32e183e81a0a810836dd14b?s=96&d=mm&r=g","caption":"R\u00e9anne Cooper"},"url":"https:\/\/artsnb.ca\/web\/author\/reanne\/"}]}},"_links":{"self":[{"href":"https:\/\/artsnb.ca\/web\/wp-json\/wp\/v2\/posts\/3709","targetHints":{"allow":["GET"]}}],"collection":[{"href":"https:\/\/artsnb.ca\/web\/wp-json\/wp\/v2\/posts"}],"about":[{"href":"https:\/\/artsnb.ca\/web\/wp-json\/wp\/v2\/types\/post"}],"author":[{"embeddable":true,"href":"https:\/\/artsnb.ca\/web\/wp-json\/wp\/v2\/users\/6"}],"replies":[{"embeddable":true,"href":"https:\/\/artsnb.ca\/web\/wp-json\/wp\/v2\/comments?post=3709"}],"version-history":[{"count":1,"href":"https:\/\/artsnb.ca\/web\/wp-json\/wp\/v2\/posts\/3709\/revisions"}],"predecessor-version":[{"id":4325,"href":"https:\/\/artsnb.ca\/web\/wp-json\/wp\/v2\/posts\/3709\/revisions\/4325"}],"wp:featuredmedia":[{"embeddable":true,"href":"https:\/\/artsnb.ca\/web\/wp-json\/wp\/v2\/media\/1654"}],"wp:attachment":[{"href":"https:\/\/artsnb.ca\/web\/wp-json\/wp\/v2\/media?parent=3709"}],"wp:term":[{"taxonomy":"category","embeddable":true,"href":"https:\/\/artsnb.ca\/web\/wp-json\/wp\/v2\/categories?post=3709"},{"taxonomy":"post_tag","embeddable":true,"href":"https:\/\/artsnb.ca\/web\/wp-json\/wp\/v2\/tags?post=3709"}],"curies":[{"name":"wp","href":"https:\/\/api.w.org\/{rel}","templated":true}]}}