{"id":3711,"date":"2018-06-21T00:00:00","date_gmt":"2018-06-21T00:00:00","guid":{"rendered":"https:\/\/staging-artsnb.weavercrawford.com\/tara-audibert\/"},"modified":"2019-12-18T12:41:36","modified_gmt":"2019-12-18T12:41:36","slug":"tara-audibert","status":"publish","type":"post","link":"https:\/\/artsnb.ca\/web\/2018\/06\/tara-audibert\/?lang=fr","title":{"rendered":"L&#8217;importance de r\u00eaver \u2013 Tara Audibert"},"content":{"rendered":"<p style=\"text-align: center;\"><img loading=\"lazy\" decoding=\"async\" class=\"aligncenter size-full wp-image-6211\" src=\"https:\/\/artsnb.ca\/web\/wp-content\/uploads\/2019\/09\/Tara-Audibert-Banner-FR.png\" alt=\"L'importance de r\u00eaver \u2013 Tara Audibert\" width=\"720\" height=\"180\" \/><em style=\"color: #666666;\">(Cet article a \u00e9t\u00e9 traduit de l&#8217;<a href=\"http:\/\/artsnb.ca\/site\/en\/2018\/tara-audibert\/\">original en anglais<\/a>).<\/em><\/p>\n<p style=\"text-align: justify;\"><img loading=\"lazy\" decoding=\"async\" class=\"alignleft size-thumbnail wp-image-7708\" src=\"https:\/\/artsnb.ca\/web\/wp-content\/uploads\/2019\/09\/Tara-Audibert-Icon-150x150.png\" alt=\"\" width=\"150\" height=\"150\" \/><\/p>\n<p style=\"text-align: justify;\">Je suis une artiste multidisciplinaire Wolastoqikyik\/canadienne, ainsi qu&#8217;une femme de la Renaissance qui travaille principalement dans les industries de l&#8217;animation, de la bande dessin\u00e9e, de l&#8217;illustration et des beaux-arts, toutes domin\u00e9es par les hommes. Je vis \u00e0 Sunny Corner, au Nouveau-Brunswick, dans une petite maison situ\u00e9e dans les bois, sur les rivages de la Miramichi Nord-Ouest. C&#8217;est aussi l&#8217;endroit o\u00f9 je travaille et d&#8217;o\u00f9 j&#8217;op\u00e8re mon studio ind\u00e9pendant, Moxy Fox. Je suis une artiste depuis le jour o\u00f9, \u00e0 l&#8217;\u00e2ge de 2 ans, ma m\u00e8re m&#8217;a surprise en train de &#8220;d\u00e9figurer&#8221; mon berceau pour poup\u00e9e avec l&#8217;aide d&#8217;un marqueur permanent (je me rappelle clairement avoir pens\u00e9 qu&#8217;il s&#8217;agissait d&#8217;une am\u00e9lioration artistique)! Mais je gagne ma vie en cr\u00e9ant de l&#8217;art depuis ces vingt derni\u00e8res ann\u00e9es, travaillant dans l&#8217;animation t\u00e9l\u00e9vis\u00e9e, enseignant, illustrant des bandes dessin\u00e9es sur le th\u00e8me des Premi\u00e8res Nations, et j&#8217;ai produit mon premier film ind\u00e9pendant <em>L&#8217;importance de r\u00eaver<\/em> en 2017.<\/p>\n<p style=\"text-align: justify;\">J&#8217;aime tellement de disciplines artistiques diff\u00e9rentes, et j&#8217;ai tout simplement envie de toutes les pratiquer! Quand j&#8217;\u00e9tais tr\u00e8s jeune, mes parents m&#8217;ont dit que je pouvais devenir tout ce que je pouvais imaginer. WOW! Imaginez toutes les possibilit\u00e9s. J&#8217;ai \u00e9valu\u00e9 les options, et je me suis rendue compte un apr\u00e8s-midi qu&#8217;\u00eatre une &#8220;Artiste&#8221; semblait tr\u00e8s amusant! J&#8217;ai donc pratiqu\u00e9 l&#8217;art, BEAUCOUP! Mais quand est venu le temps de choisir mon &#8220;cheminement de carri\u00e8re&#8221;, mes parents ont chang\u00e9 leur discours: &#8220;Tu as entendu parler des artistes qui cr\u00e8vent de faim, n&#8217;est-ce pas? H\u00e9 bien, si tu d\u00e9cides d&#8217;\u00eatre une artiste, tu seras pauvre tout le temps&#8230; Et pourtant, tu aimes l&#8217;argent, non?&#8221; Oui, OH QUE OUI, j&#8217;aimais l&#8217;argent! Je ne voulais pas devenir pauvre et affam\u00e9e! Et donc, cet apr\u00e8s-midi-l\u00e0, m&#8217;est venue l&#8217;id\u00e9e de devenir une SCIENTIFIQUE! Ils gagnent beaucoup d&#8217;argent, et cela semblait un peu moins ennuyeux que les autres choix. Je pensais que je pourrais devenir biologiste de la vie marine et travailler \u00e0 Sea World&#8230; Qu&#8217;H\u00e9ra soit lou\u00e9e, cela ne s&#8217;est jamais produit: j&#8217;ai \u00e9chou\u00e9 plusieurs fois dans mes cours de calcul et de physique, si bien qu&#8217;un jour j&#8217;ai annonc\u00e9 \u00e0 mes parents que j&#8217;avais essay\u00e9 de suivre leur voie, mais qu&#8217;il \u00e9tait temps de parcourir la mienne! Ma tante Gail m&#8217;a parl\u00e9 d&#8217;un programme d&#8217;animation, et comme l&#8217;animation est diffus\u00e9e \u00e0 la t\u00e9l\u00e9vision, il y avait l\u00e0 une solution \u00e0 l&#8217;\u00e9quation &#8220;art + argent&#8221;! J&#8217;ai fait partie de la seconde promotion \u00e0 obtenir un dipl\u00f4me de ce programme d&#8217;animation, et la seule femme de toute la promotion. J&#8217;ai continu\u00e9 \u00e0 faire beaucoup de choses, et je crois toujours en la version originale de mes parents: On peut devenir\u00a0 ce que <em>l&#8217;on veut<\/em>! Je pense qu&#8217;il y a ici un \u00e9l\u00e9ment primordial, et c&#8217;est la partie &#8220;On veut&#8221;. Il faut le vouloir! Pas ce que quelqu&#8217;un veuille pour vous, mais ce que VOUS voulez pour vous-m\u00eame.<\/p>\n<p style=\"text-align: justify;\">Au cours de la derni\u00e8re ann\u00e9e, j&#8217;ai fait la promotion de mon premier court m\u00e9trage d&#8217;animation intitul\u00e9 <em>L&#8217;importance de r\u00eaver<\/em>, rendu possible gr\u00e2ce au soutien du Conseil des Arts du Canada et d&#8217;artsnb. Le film a remport\u00e9 plusieurs prix, et j&#8217;ai eu l&#8217;honneur d&#8217;\u00eatre invit\u00e9e \u00e0 Stuttgart, en Allemagne, au Indianer Inuit North American Film Festival 2018, o\u00f9 mon court m\u00e9trage a remport\u00e9 le Prix du meilleur film pour enfants de l&#8217;UNICEF, et o\u00f9 j&#8217;ai \u00e9t\u00e9 convi\u00e9e \u00e0 prendre la parole devant des enseignants allemands d&#8217;\u00e9cole \u00e9l\u00e9mentaire au sujet de mon film, ainsi que l&#8217;\u00e9ducation et les histoires des Premi\u00e8res Nations.<\/p>\n<figure id=\"attachment_7709\" aria-describedby=\"caption-attachment-7709\" style=\"width: 240px\" class=\"wp-caption alignright\"><img loading=\"lazy\" decoding=\"async\" class=\"size-medium wp-image-7709\" src=\"https:\/\/artsnb.ca\/web\/wp-content\/uploads\/2019\/09\/Tara-Audibert-IOD-Poster-240x300.png\" alt=\"\" width=\"240\" height=\"300\" \/><figcaption id=\"caption-attachment-7709\" class=\"wp-caption-text\"><em>L&#8217;importance de r\u00eaver<\/em> (2017)<\/figcaption><\/figure>\n<p style=\"text-align: justify;\">L&#8217;histoire du film est tr\u00e8s significative pour moi, car il s&#8217;agit d&#8217;une adaptation de l&#8217;histoire de ma m\u00e8re et de mon p\u00e8re qui sont tomb\u00e9s amoureux dans les ann\u00e9es 1970, lorsque la Loi sur les Indiens a supprim\u00e9 les droits de toute femme \u00e9pousant un non-autochtone. Elle a \u00e9t\u00e9 contrainte de quitter la r\u00e9serve, quitter sa famille et sa maison, et n&#8217;\u00e9tait pas autoris\u00e9e \u00e0 \u00eatre enterr\u00e9e dans une r\u00e9serve apr\u00e8s sa mort (les femmes non-autochtones qui se mariaient avec des hommes autochtones obtenaient ces droits). Ce film est l&#8217;all\u00e9gorie d&#8217;un amour interdit entre un vieux harfang des neiges et un jeune renard roux.<\/p>\n<p style=\"text-align: justify;\">L&#8217;exp\u00e9rience de faire ce film s&#8217;est av\u00e9r\u00e9e \u00eatre particuli\u00e8rement th\u00e9rapeutique. Ce film parle \u00e9galement de l&#8217;endroit o\u00f9 je pensais que mon p\u00e8re, aujourd&#8217;hui d\u00e9c\u00e9d\u00e9, se trouvait lorsqu&#8217;il n&#8217;\u00e9tait pas avec nous, vu qu&#8217;il \u00e9tait touch\u00e9 par la maladie d&#8217;Alzheimer. \u00c0 mes yeux, il est \u00e0 la fois r\u00e9confortant et logique de savoir que son esprit \u00e9tait toujours l\u00e0, quelque part, peut-\u00eatre m\u00eame dans un endroit &#8220;magique&#8221;. Je voulais aussi explorer l&#8217;id\u00e9e des l\u00e9gendes. D&#8217;o\u00f9 viennent-elles? Cette histoire m&#8217;a \u00e9t\u00e9 racont\u00e9e toute ma vie, elle est magique, et je crois qu&#8217;elle est digne d&#8217;\u00eatre une &#8220;l\u00e9gende&#8221;. Je suis donc devenue celle qui transmet l&#8217;histoire, et sous ce format, je ne doute pas qu&#8217;elle sera transmise et r\u00e9p\u00e9t\u00e9e, encore et encore.<\/p>\n<p style=\"text-align: justify;\">J&#8217;ai commenc\u00e9 \u00e0 travailler dans l&#8217;animation pour les studios, travaillant ainsi sur les id\u00e9es des autres et leur donnant vie. J&#8217;ai beaucoup appris, et cela m&#8217;a aid\u00e9 \u00e0 devenir l&#8217;artiste que je suis aujourd&#8217;hui; mais maintenant plus que jamais, je veux explorer et utiliser mes comp\u00e9tences pour mes propres id\u00e9es! C&#8217;\u00e9tait l&#8217;objectif sur mon curriculum vitae. J&#8217;ai commenc\u00e9 \u00e0 travailler dans l&#8217;animation pour les studios, travaillant ainsi sur les id\u00e9es des autres et leur donnant vie. J&#8217;ai tellement appris, et cela m&#8217;a aid\u00e9 \u00e0 \u00eatre l&#8217;artiste que je suis aujourd&#8217;hui, mais maintenant plus que jamais je veux explorer et utiliser mes comp\u00e9tences pour mes propres id\u00e9es! C&#8217;\u00e9tait l&#8217;objectif de mon curriculum vitae. \u00c0 l&#8217;\u00e9poque o\u00f9 l&#8217;objectif \u00e9tait la premi\u00e8re chose \u00e0 mentionner sur son CV, le mien \u00e9tait &#8220;Travailler dans un environnement o\u00f9 je peux utiliser et am\u00e9liorer mes comp\u00e9tences artistiques&#8221; (Pouah! Les CV sont les pires, non?). H\u00e9 bien, j&#8217;ai utilis\u00e9 mes comp\u00e9tences artistiques pour le b\u00e9n\u00e9fice des autres, et am\u00e9lior\u00e9 mes comp\u00e9tences, il est donc temps de passer \u00e0 autre chose! D\u00e9sormais, je veux utiliser mes comp\u00e9tences pour r\u00e9aliser mes propres id\u00e9es, et je me sens pr\u00eate et confiante parce que j&#8217;ai atteint mon ancien objectif.<\/p>\n<p style=\"text-align: justify;\"><img loading=\"lazy\" decoding=\"async\" class=\"alignleft size-medium wp-image-7717\" src=\"https:\/\/artsnb.ca\/web\/wp-content\/uploads\/2019\/09\/Nitap-300x188.jpg\" alt=\"\" width=\"300\" height=\"188\" \/>L&#8217;une de mes entreprises vient de lancer une application de conte autochtone appel\u00e9e &#8220;Nitap&#8221;, disponible sur <a href=\"https:\/\/play.google.com\/store\/apps\/details?id=com.nigawa.nitap&amp;hl=en_US\" target=\"_blank\" rel=\"noopener noreferrer\">Google Play<\/a> et sur l&#8217;<a href=\"https:\/\/itunes.apple.com\/app\/id1395508234\" target=\"_blank\" rel=\"noopener noreferrer\">App Store<\/a>. J&#8217;ai travaill\u00e9 sur ce projet dans le cadre du Collectif Ni&#8217;gweg, un organisme \u00e0 but non lucratif que j&#8217;ai fond\u00e9 avec l&#8217;artiste Mi&#8217;kmaq Phyllis Grant et la conceptrice de jeux Kirsten Tomilson. Je suis tr\u00e8s fi\u00e8re de ce projet car le jeu commence au Nouveau-Brunswick, et deux des histoires que j&#8217;ai anim\u00e9es sont racont\u00e9es par ma m\u00e8re Deborah Audibert, de la Premi\u00e8re Nation de Tobique, et je peux partager ces histoires avec le monde entier!<\/p>\n<p style=\"text-align: justify;\">\u00c0 l&#8217;heure actuelle, j&#8217;explore des th\u00e8mes tr\u00e8s pr\u00e9cis dans mon travail, celui de la r\u00e9conciliation, et je combine la culture des Premi\u00e8res nations avec la technologie et le divertissement dominants, aspirant \u00e0 inclure les histoires et les id\u00e9es de la culture autochtone dans la culture du Canada moderne.<\/p>\n<p style=\"text-align: justify;\">J&#8217;ai aussi un message tr\u00e8s sp\u00e9cifique \u00e0 l&#8217;\u00e9gard des filles et des femmes &#8211; vous pouvez faire et \u00eatre TOUT ce dont vous avez envie! J&#8217;esp\u00e8re que gr\u00e2ce \u00e0 mes actions, je pourrai servir de mod\u00e8le pour les filles et les femmes des Premi\u00e8res Nations et pour toutes celles qui ne savent peut-\u00eatre pas que les possibilit\u00e9s sont infinies! Je veux raconter des histoires qui permettent aux filles et aux femmes de s&#8217;\u00e9manciper, des histoires de succ\u00e8s, o\u00f9 tous les obstacles sont surmont\u00e9s, peu importe les cons\u00e9quences, afin qu&#8217;elles deviennent \u00e0 leur tour des mod\u00e8les \u00e0 suivre!<\/p>\n<figure id=\"attachment_7712\" aria-describedby=\"caption-attachment-7712\" style=\"width: 300px\" class=\"wp-caption alignright\"><img loading=\"lazy\" decoding=\"async\" class=\"size-medium wp-image-7712\" src=\"https:\/\/artsnb.ca\/web\/wp-content\/uploads\/2019\/09\/Tara-Audibert-UNICEF-Best-Children-Film-Award-300x193.jpg\" alt=\"\" width=\"300\" height=\"193\" \/><figcaption id=\"caption-attachment-7712\" class=\"wp-caption-text\">Indianer Inuit North American Film Festival, Stuttgart, Allemagne, Janv. 2018. Laur\u00e9ate du meilleur film pour enfants de l&#8217;UNICEF.<\/figcaption><\/figure>\n<p style=\"text-align: justify;\">L&#8217;aspect le plus gratifiant de ma pratique est la capacit\u00e9 d&#8217;avoir mon propre style de vie. Je travaille d\u00e9sormais chez moi, et j&#8217;\u00e9tablis mon propre emploi du temps. J&#8217;ai des id\u00e9es, et je peux leur donner vie. Bien s\u00fbr, j&#8217;ex\u00e9cute toujours des commandes et je travaille pour des clients, mais maintenant je peux choisir les projets qui m&#8217;accrochent, et j&#8217;ai la capacit\u00e9 de dire non, sans m&#8217;inqui\u00e9ter de mourir de faim! J&#8217;ai un projet artistique qui est un enregistrement continu de mes courses quotidiennes: #<a href=\"https:\/\/www.youtube.com\/watch?v=8JTQkkb0vWU&amp;list=PLhcGN9eKib0LgdTjxjACNZYVRMpvzt8lD\" target=\"_blank\" rel=\"noopener noreferrer\">runadayproject<\/a>. C&#8217;est un peu un casse-t\u00eate, mais courir est le moment o\u00f9 j&#8217;effectue la majorit\u00e9 de mes r\u00e9flexions, et il s&#8217;agit donc de LA chose la plus importante pour ma pratique artistique. Il m&#8217;est parfois difficile de trouver le temps pour faire cela, mais c&#8217;est alors que je r\u00e9sous certains probl\u00e8mes, que je d\u00e9cide de la prochaine \u00e9tape, et que je regarde aussi la nature et m&#8217;en inspire. Photographier mes courses est AUSSI un autre projet d&#8217;art que je cr\u00e9e en fonction du temps, je le fais depuis quatre ans maintenant, et j&#8217;ai r\u00e9alis\u00e9 en cons\u00e9quence quatre documents vid\u00e9o. C&#8217;est donc le meilleur aspect de ma pratique: \u00eatre multit\u00e2che avec une \u0153uvre d&#8217;art en soi! J&#8217;aime l&#8217;efficacit\u00e9.<\/p>\n<p style=\"text-align: justify;\">Pour moi, le Nouveau-Brunswick est une partie tr\u00e8s importante de ma vie. J&#8217;ai grandi ici, j&#8217;ai d\u00e9m\u00e9nag\u00e9 pour devenir adulte, puis je suis revenue pour \u00eatre plus proche de ma famille apr\u00e8s le d\u00e9c\u00e8s de mon p\u00e8re. Ma famille me manquait bien s\u00fbr, mais le Nouveau-Brunswick a cette beaut\u00e9 qui la diff\u00e8re des autres provinces: ses rochers, ses cascades, ses crosses de foug\u00e8re et son arc-en-ciel de couleurs jaunes \u00e0 rouges &#8211; unique par rapport au reste des Maritimes. Je suis peut-\u00eatre subjective \u00e0 cause d&#8217;un sentiment de proximit\u00e9, mais on trouve ici une nature calme et sto\u00efque, qui m&#8217;a inspir\u00e9 pour mes films, mon application de jeu, et mon art en g\u00e9n\u00e9ral &#8211; le Calme Sauvage!<\/p>\n<p style=\"text-align: center;\"><iframe loading=\"lazy\" src=\"https:\/\/www.youtube.com\/embed\/RoCW3WXFc4o\" width=\"560\" height=\"315\" frameborder=\"0\" allowfullscreen=\"allowfullscreen\"><\/iframe><\/p>\n<p>&nbsp;<\/p>\n<p style=\"text-align: justify;\"><em><img loading=\"lazy\" decoding=\"async\" class=\"alignleft size-full wp-image-7352\" src=\"https:\/\/artsnb.ca\/web\/wp-content\/uploads\/2019\/09\/Tara-Audibert-Bio.jpg\" alt=\"Tara Audibert - Bio\" width=\"200\" height=\"300\" \/>Tara Audibert est une artiste, cin\u00e9aste et d\u00e9veloppeuse de jeux wolastoqey avec 20 ans d&#8217;exp\u00e9rience dans l&#8217;animation, les jeux et la bande dessin\u00e9e. Tara aspire \u00e0 combiner l&#8217;art et la narration traditionnels des Premi\u00e8res Nations avec un design contemporain et des supports num\u00e9riques. Elle a cr\u00e9\u00e9 Moxy Fox Studio pour cr\u00e9er son premier film d&#8217;animation ind\u00e9pendant, &#8220;L&#8217;importance de r\u00eaver&#8221;, sorti en 2017. Elle est partenaire du collectif Ni&#8217;gweg, un organisme \u00e0 but non lucratif d\u00e9di\u00e9 \u00e0 la collecte et au partage des histoires des Premi\u00e8res Nations. L&#8217;application de jeu de narration pilote &#8220;Nitap&#8221; a \u00e9t\u00e9 lanc\u00e9e en avril 2018.<\/em><\/p>\n<p style=\"text-align: justify;\"><em>Vous pouvez suivre le travail de Tara sur son\u00a0<a href=\"https:\/\/www.moxyfox.ca\/\" target=\"_blank\" rel=\"noopener noreferrer\">site Internet<\/a>.<\/em><\/p>\n<p>&nbsp;<\/p>\n<p style=\"text-align: justify;\"><em><strong>Le blogue d&#8217;artsnb donne la parole aux artistes du Nouveau-Brunswick. Avez-vous re\u00e7u une subvention d\u2019artsnb ? Avez-vous envie de partager votre exp\u00e9rience ? Alors <a href=\"http:\/\/artsnb.ca\/site\/fr\/contact\/?recipient=Benji\" target=\"_blank\" rel=\"noopener noreferrer\">contactez-nous<\/a> sans plus attendre !<\/strong><\/em><\/p>\n","protected":false},"excerpt":{"rendered":"<p>(Cet article a \u00e9t\u00e9 traduit de l&#8217;original en anglais). Je suis une artiste multidisciplinaire Wolastoqikyik\/canadienne, ainsi qu&#8217;une femme de la Renaissance qui travaille principalement dans les industries de l&#8217;animation, de la bande dessin\u00e9e, de l&#8217;illustration et des beaux-arts, toutes domin\u00e9es par les hommes. Je vis \u00e0 Sunny Corner, au Nouveau-Brunswick, dans une petite maison situ\u00e9e<\/p>\n","protected":false},"author":6,"featured_media":1615,"comment_status":"open","ping_status":"open","sticky":false,"template":"","format":"standard","meta":{"_acf_changed":false,"footnotes":""},"categories":[87],"tags":[],"class_list":["post-3711","post","type-post","status-publish","format-standard","has-post-thumbnail","hentry","category-blogue"],"acf":[],"yoast_head":"<!-- This site is optimized with the Yoast SEO plugin v27.5 - https:\/\/yoast.com\/product\/yoast-seo-wordpress\/ -->\n<title>L&#039;importance de r\u00eaver \u2013 Tara Audibert - ArtsNB<\/title>\n<meta name=\"robots\" content=\"index, follow, max-snippet:-1, max-image-preview:large, max-video-preview:-1\" \/>\n<link rel=\"canonical\" href=\"https:\/\/artsnb.ca\/web\/2018\/06\/tara-audibert\/\" \/>\n<meta property=\"og:locale\" content=\"en_US\" \/>\n<meta property=\"og:type\" content=\"article\" \/>\n<meta property=\"og:title\" content=\"L&#039;importance de r\u00eaver \u2013 Tara Audibert - ArtsNB\" \/>\n<meta property=\"og:description\" content=\"(Cet article a \u00e9t\u00e9 traduit de l&#8217;original en anglais). Je suis une artiste multidisciplinaire Wolastoqikyik\/canadienne, ainsi qu&#8217;une femme de la Renaissance qui travaille principalement dans les industries de l&#8217;animation, de la bande dessin\u00e9e, de l&#8217;illustration et des beaux-arts, toutes domin\u00e9es par les hommes. Je vis \u00e0 Sunny Corner, au Nouveau-Brunswick, dans une petite maison situ\u00e9e\" \/>\n<meta property=\"og:url\" content=\"https:\/\/artsnb.ca\/web\/2018\/06\/tara-audibert\/?lang=fr\" \/>\n<meta property=\"og:site_name\" content=\"ArtsNB\" \/>\n<meta property=\"article:publisher\" content=\"https:\/\/www.facebook.com\/artsnb\/\" \/>\n<meta property=\"article:published_time\" content=\"2018-06-21T00:00:00+00:00\" \/>\n<meta property=\"article:modified_time\" content=\"2019-12-18T12:41:36+00:00\" \/>\n<meta property=\"og:image\" content=\"https:\/\/artsnb.ca\/web\/wp-content\/uploads\/2019\/09\/Tara-Audibert-Bio.jpg\" \/>\n\t<meta property=\"og:image:width\" content=\"200\" \/>\n\t<meta property=\"og:image:height\" content=\"300\" \/>\n\t<meta property=\"og:image:type\" content=\"image\/jpeg\" \/>\n<meta name=\"author\" content=\"R\u00e9anne Cooper\" \/>\n<meta name=\"twitter:card\" content=\"summary_large_image\" \/>\n<meta name=\"twitter:creator\" content=\"@artsnb\" \/>\n<meta name=\"twitter:site\" content=\"@artsnb\" \/>\n<meta name=\"twitter:label1\" content=\"Written by\" \/>\n\t<meta name=\"twitter:data1\" content=\"R\u00e9anne Cooper\" \/>\n\t<meta name=\"twitter:label2\" content=\"Est. reading time\" \/>\n\t<meta name=\"twitter:data2\" content=\"9 minutes\" \/>\n<script type=\"application\/ld+json\" class=\"yoast-schema-graph\">{\"@context\":\"https:\\\/\\\/schema.org\",\"@graph\":[{\"@type\":\"Article\",\"@id\":\"https:\\\/\\\/artsnb.ca\\\/web\\\/2018\\\/06\\\/tara-audibert\\\/?lang=fr#article\",\"isPartOf\":{\"@id\":\"https:\\\/\\\/artsnb.ca\\\/web\\\/2018\\\/06\\\/tara-audibert\\\/?lang=fr\"},\"author\":{\"name\":\"R\u00e9anne Cooper\",\"@id\":\"https:\\\/\\\/artsnb.ca\\\/web\\\/#\\\/schema\\\/person\\\/012ecc8a59328615becff4af8bf0c2b9\"},\"headline\":\"L&#8217;importance de r\u00eaver \u2013 Tara Audibert\",\"datePublished\":\"2018-06-21T00:00:00+00:00\",\"dateModified\":\"2019-12-18T12:41:36+00:00\",\"mainEntityOfPage\":{\"@id\":\"https:\\\/\\\/artsnb.ca\\\/web\\\/2018\\\/06\\\/tara-audibert\\\/?lang=fr\"},\"wordCount\":2027,\"commentCount\":0,\"publisher\":{\"@id\":\"https:\\\/\\\/artsnb.ca\\\/web\\\/#organization\"},\"image\":{\"@id\":\"https:\\\/\\\/artsnb.ca\\\/web\\\/2018\\\/06\\\/tara-audibert\\\/?lang=fr#primaryimage\"},\"thumbnailUrl\":\"https:\\\/\\\/artsnb.ca\\\/web\\\/wp-content\\\/uploads\\\/2019\\\/09\\\/Tara-Audibert-Bio.jpg\",\"articleSection\":[\"Blogue\"],\"inLanguage\":\"en-US\",\"potentialAction\":[{\"@type\":\"CommentAction\",\"name\":\"Comment\",\"target\":[\"https:\\\/\\\/artsnb.ca\\\/web\\\/2018\\\/06\\\/tara-audibert\\\/?lang=fr#respond\"]}]},{\"@type\":\"WebPage\",\"@id\":\"https:\\\/\\\/artsnb.ca\\\/web\\\/2018\\\/06\\\/tara-audibert\\\/?lang=fr\",\"url\":\"https:\\\/\\\/artsnb.ca\\\/web\\\/2018\\\/06\\\/tara-audibert\\\/?lang=fr\",\"name\":\"L'importance de r\u00eaver \u2013 Tara Audibert - ArtsNB\",\"isPartOf\":{\"@id\":\"https:\\\/\\\/artsnb.ca\\\/web\\\/#website\"},\"primaryImageOfPage\":{\"@id\":\"https:\\\/\\\/artsnb.ca\\\/web\\\/2018\\\/06\\\/tara-audibert\\\/?lang=fr#primaryimage\"},\"image\":{\"@id\":\"https:\\\/\\\/artsnb.ca\\\/web\\\/2018\\\/06\\\/tara-audibert\\\/?lang=fr#primaryimage\"},\"thumbnailUrl\":\"https:\\\/\\\/artsnb.ca\\\/web\\\/wp-content\\\/uploads\\\/2019\\\/09\\\/Tara-Audibert-Bio.jpg\",\"datePublished\":\"2018-06-21T00:00:00+00:00\",\"dateModified\":\"2019-12-18T12:41:36+00:00\",\"breadcrumb\":{\"@id\":\"https:\\\/\\\/artsnb.ca\\\/web\\\/2018\\\/06\\\/tara-audibert\\\/?lang=fr#breadcrumb\"},\"inLanguage\":\"en-US\",\"potentialAction\":[{\"@type\":\"ReadAction\",\"target\":[\"https:\\\/\\\/artsnb.ca\\\/web\\\/2018\\\/06\\\/tara-audibert\\\/?lang=fr\"]}]},{\"@type\":\"ImageObject\",\"inLanguage\":\"en-US\",\"@id\":\"https:\\\/\\\/artsnb.ca\\\/web\\\/2018\\\/06\\\/tara-audibert\\\/?lang=fr#primaryimage\",\"url\":\"https:\\\/\\\/artsnb.ca\\\/web\\\/wp-content\\\/uploads\\\/2019\\\/09\\\/Tara-Audibert-Bio.jpg\",\"contentUrl\":\"https:\\\/\\\/artsnb.ca\\\/web\\\/wp-content\\\/uploads\\\/2019\\\/09\\\/Tara-Audibert-Bio.jpg\",\"width\":200,\"height\":300},{\"@type\":\"BreadcrumbList\",\"@id\":\"https:\\\/\\\/artsnb.ca\\\/web\\\/2018\\\/06\\\/tara-audibert\\\/?lang=fr#breadcrumb\",\"itemListElement\":[{\"@type\":\"ListItem\",\"position\":1,\"name\":\"Home\",\"item\":\"https:\\\/\\\/artsnb.ca\\\/web\\\/\"},{\"@type\":\"ListItem\",\"position\":2,\"name\":\"Blog\",\"item\":\"https:\\\/\\\/artsnb.ca\\\/web\\\/category\\\/blog\\\/\"},{\"@type\":\"ListItem\",\"position\":3,\"name\":\"L&rsquo;importance de r\u00eaver \u2013 Tara Audibert\"}]},{\"@type\":\"WebSite\",\"@id\":\"https:\\\/\\\/artsnb.ca\\\/web\\\/#website\",\"url\":\"https:\\\/\\\/artsnb.ca\\\/web\\\/\",\"name\":\"ArtsNB\",\"description\":\"EXCELLENCE. PROFESSIONALISM. INNOVATION.\",\"publisher\":{\"@id\":\"https:\\\/\\\/artsnb.ca\\\/web\\\/#organization\"},\"potentialAction\":[{\"@type\":\"SearchAction\",\"target\":{\"@type\":\"EntryPoint\",\"urlTemplate\":\"https:\\\/\\\/artsnb.ca\\\/web\\\/?s={search_term_string}\"},\"query-input\":{\"@type\":\"PropertyValueSpecification\",\"valueRequired\":true,\"valueName\":\"search_term_string\"}}],\"inLanguage\":\"en-US\"},{\"@type\":\"Organization\",\"@id\":\"https:\\\/\\\/artsnb.ca\\\/web\\\/#organization\",\"name\":\"ArtsNB\",\"url\":\"https:\\\/\\\/artsnb.ca\\\/web\\\/\",\"logo\":{\"@type\":\"ImageObject\",\"inLanguage\":\"en-US\",\"@id\":\"https:\\\/\\\/artsnb.ca\\\/web\\\/#\\\/schema\\\/logo\\\/image\\\/\",\"url\":\"https:\\\/\\\/artsnb.ca\\\/web\\\/wp-content\\\/uploads\\\/2024\\\/04\\\/cropped-artsnb-PrimaryLogo-vertical-HiRes-2.jpg\",\"contentUrl\":\"https:\\\/\\\/artsnb.ca\\\/web\\\/wp-content\\\/uploads\\\/2024\\\/04\\\/cropped-artsnb-PrimaryLogo-vertical-HiRes-2.jpg\",\"width\":1698,\"height\":1223,\"caption\":\"ArtsNB\"},\"image\":{\"@id\":\"https:\\\/\\\/artsnb.ca\\\/web\\\/#\\\/schema\\\/logo\\\/image\\\/\"},\"sameAs\":[\"https:\\\/\\\/www.facebook.com\\\/artsnb\\\/\",\"https:\\\/\\\/x.com\\\/artsnb\",\"https:\\\/\\\/www.instagram.com\\\/artsnb\\\/\"]},{\"@type\":\"Person\",\"@id\":\"https:\\\/\\\/artsnb.ca\\\/web\\\/#\\\/schema\\\/person\\\/012ecc8a59328615becff4af8bf0c2b9\",\"name\":\"R\u00e9anne Cooper\",\"image\":{\"@type\":\"ImageObject\",\"inLanguage\":\"en-US\",\"@id\":\"https:\\\/\\\/secure.gravatar.com\\\/avatar\\\/1cb05192fe2229166d3916ce0ac0406517d29a24c32e183e81a0a810836dd14b?s=96&d=mm&r=g\",\"url\":\"https:\\\/\\\/secure.gravatar.com\\\/avatar\\\/1cb05192fe2229166d3916ce0ac0406517d29a24c32e183e81a0a810836dd14b?s=96&d=mm&r=g\",\"contentUrl\":\"https:\\\/\\\/secure.gravatar.com\\\/avatar\\\/1cb05192fe2229166d3916ce0ac0406517d29a24c32e183e81a0a810836dd14b?s=96&d=mm&r=g\",\"caption\":\"R\u00e9anne Cooper\"},\"url\":\"https:\\\/\\\/artsnb.ca\\\/web\\\/author\\\/reanne\\\/\"}]}<\/script>\n<!-- \/ Yoast SEO plugin. -->","yoast_head_json":{"title":"L'importance de r\u00eaver \u2013 Tara Audibert - ArtsNB","robots":{"index":"index","follow":"follow","max-snippet":"max-snippet:-1","max-image-preview":"max-image-preview:large","max-video-preview":"max-video-preview:-1"},"canonical":"https:\/\/artsnb.ca\/web\/2018\/06\/tara-audibert\/","og_locale":"en_US","og_type":"article","og_title":"L'importance de r\u00eaver \u2013 Tara Audibert - ArtsNB","og_description":"(Cet article a \u00e9t\u00e9 traduit de l&#8217;original en anglais). Je suis une artiste multidisciplinaire Wolastoqikyik\/canadienne, ainsi qu&#8217;une femme de la Renaissance qui travaille principalement dans les industries de l&#8217;animation, de la bande dessin\u00e9e, de l&#8217;illustration et des beaux-arts, toutes domin\u00e9es par les hommes. Je vis \u00e0 Sunny Corner, au Nouveau-Brunswick, dans une petite maison situ\u00e9e","og_url":"https:\/\/artsnb.ca\/web\/2018\/06\/tara-audibert\/?lang=fr","og_site_name":"ArtsNB","article_publisher":"https:\/\/www.facebook.com\/artsnb\/","article_published_time":"2018-06-21T00:00:00+00:00","article_modified_time":"2019-12-18T12:41:36+00:00","og_image":[{"width":200,"height":300,"url":"https:\/\/artsnb.ca\/web\/wp-content\/uploads\/2019\/09\/Tara-Audibert-Bio.jpg","type":"image\/jpeg"}],"author":"R\u00e9anne Cooper","twitter_card":"summary_large_image","twitter_creator":"@artsnb","twitter_site":"@artsnb","twitter_misc":{"Written by":"R\u00e9anne Cooper","Est. reading time":"9 minutes"},"schema":{"@context":"https:\/\/schema.org","@graph":[{"@type":"Article","@id":"https:\/\/artsnb.ca\/web\/2018\/06\/tara-audibert\/?lang=fr#article","isPartOf":{"@id":"https:\/\/artsnb.ca\/web\/2018\/06\/tara-audibert\/?lang=fr"},"author":{"name":"R\u00e9anne Cooper","@id":"https:\/\/artsnb.ca\/web\/#\/schema\/person\/012ecc8a59328615becff4af8bf0c2b9"},"headline":"L&#8217;importance de r\u00eaver \u2013 Tara Audibert","datePublished":"2018-06-21T00:00:00+00:00","dateModified":"2019-12-18T12:41:36+00:00","mainEntityOfPage":{"@id":"https:\/\/artsnb.ca\/web\/2018\/06\/tara-audibert\/?lang=fr"},"wordCount":2027,"commentCount":0,"publisher":{"@id":"https:\/\/artsnb.ca\/web\/#organization"},"image":{"@id":"https:\/\/artsnb.ca\/web\/2018\/06\/tara-audibert\/?lang=fr#primaryimage"},"thumbnailUrl":"https:\/\/artsnb.ca\/web\/wp-content\/uploads\/2019\/09\/Tara-Audibert-Bio.jpg","articleSection":["Blogue"],"inLanguage":"en-US","potentialAction":[{"@type":"CommentAction","name":"Comment","target":["https:\/\/artsnb.ca\/web\/2018\/06\/tara-audibert\/?lang=fr#respond"]}]},{"@type":"WebPage","@id":"https:\/\/artsnb.ca\/web\/2018\/06\/tara-audibert\/?lang=fr","url":"https:\/\/artsnb.ca\/web\/2018\/06\/tara-audibert\/?lang=fr","name":"L'importance de r\u00eaver \u2013 Tara Audibert - ArtsNB","isPartOf":{"@id":"https:\/\/artsnb.ca\/web\/#website"},"primaryImageOfPage":{"@id":"https:\/\/artsnb.ca\/web\/2018\/06\/tara-audibert\/?lang=fr#primaryimage"},"image":{"@id":"https:\/\/artsnb.ca\/web\/2018\/06\/tara-audibert\/?lang=fr#primaryimage"},"thumbnailUrl":"https:\/\/artsnb.ca\/web\/wp-content\/uploads\/2019\/09\/Tara-Audibert-Bio.jpg","datePublished":"2018-06-21T00:00:00+00:00","dateModified":"2019-12-18T12:41:36+00:00","breadcrumb":{"@id":"https:\/\/artsnb.ca\/web\/2018\/06\/tara-audibert\/?lang=fr#breadcrumb"},"inLanguage":"en-US","potentialAction":[{"@type":"ReadAction","target":["https:\/\/artsnb.ca\/web\/2018\/06\/tara-audibert\/?lang=fr"]}]},{"@type":"ImageObject","inLanguage":"en-US","@id":"https:\/\/artsnb.ca\/web\/2018\/06\/tara-audibert\/?lang=fr#primaryimage","url":"https:\/\/artsnb.ca\/web\/wp-content\/uploads\/2019\/09\/Tara-Audibert-Bio.jpg","contentUrl":"https:\/\/artsnb.ca\/web\/wp-content\/uploads\/2019\/09\/Tara-Audibert-Bio.jpg","width":200,"height":300},{"@type":"BreadcrumbList","@id":"https:\/\/artsnb.ca\/web\/2018\/06\/tara-audibert\/?lang=fr#breadcrumb","itemListElement":[{"@type":"ListItem","position":1,"name":"Home","item":"https:\/\/artsnb.ca\/web\/"},{"@type":"ListItem","position":2,"name":"Blog","item":"https:\/\/artsnb.ca\/web\/category\/blog\/"},{"@type":"ListItem","position":3,"name":"L&rsquo;importance de r\u00eaver \u2013 Tara Audibert"}]},{"@type":"WebSite","@id":"https:\/\/artsnb.ca\/web\/#website","url":"https:\/\/artsnb.ca\/web\/","name":"ArtsNB","description":"EXCELLENCE. PROFESSIONALISM. INNOVATION.","publisher":{"@id":"https:\/\/artsnb.ca\/web\/#organization"},"potentialAction":[{"@type":"SearchAction","target":{"@type":"EntryPoint","urlTemplate":"https:\/\/artsnb.ca\/web\/?s={search_term_string}"},"query-input":{"@type":"PropertyValueSpecification","valueRequired":true,"valueName":"search_term_string"}}],"inLanguage":"en-US"},{"@type":"Organization","@id":"https:\/\/artsnb.ca\/web\/#organization","name":"ArtsNB","url":"https:\/\/artsnb.ca\/web\/","logo":{"@type":"ImageObject","inLanguage":"en-US","@id":"https:\/\/artsnb.ca\/web\/#\/schema\/logo\/image\/","url":"https:\/\/artsnb.ca\/web\/wp-content\/uploads\/2024\/04\/cropped-artsnb-PrimaryLogo-vertical-HiRes-2.jpg","contentUrl":"https:\/\/artsnb.ca\/web\/wp-content\/uploads\/2024\/04\/cropped-artsnb-PrimaryLogo-vertical-HiRes-2.jpg","width":1698,"height":1223,"caption":"ArtsNB"},"image":{"@id":"https:\/\/artsnb.ca\/web\/#\/schema\/logo\/image\/"},"sameAs":["https:\/\/www.facebook.com\/artsnb\/","https:\/\/x.com\/artsnb","https:\/\/www.instagram.com\/artsnb\/"]},{"@type":"Person","@id":"https:\/\/artsnb.ca\/web\/#\/schema\/person\/012ecc8a59328615becff4af8bf0c2b9","name":"R\u00e9anne Cooper","image":{"@type":"ImageObject","inLanguage":"en-US","@id":"https:\/\/secure.gravatar.com\/avatar\/1cb05192fe2229166d3916ce0ac0406517d29a24c32e183e81a0a810836dd14b?s=96&d=mm&r=g","url":"https:\/\/secure.gravatar.com\/avatar\/1cb05192fe2229166d3916ce0ac0406517d29a24c32e183e81a0a810836dd14b?s=96&d=mm&r=g","contentUrl":"https:\/\/secure.gravatar.com\/avatar\/1cb05192fe2229166d3916ce0ac0406517d29a24c32e183e81a0a810836dd14b?s=96&d=mm&r=g","caption":"R\u00e9anne Cooper"},"url":"https:\/\/artsnb.ca\/web\/author\/reanne\/"}]}},"_links":{"self":[{"href":"https:\/\/artsnb.ca\/web\/wp-json\/wp\/v2\/posts\/3711","targetHints":{"allow":["GET"]}}],"collection":[{"href":"https:\/\/artsnb.ca\/web\/wp-json\/wp\/v2\/posts"}],"about":[{"href":"https:\/\/artsnb.ca\/web\/wp-json\/wp\/v2\/types\/post"}],"author":[{"embeddable":true,"href":"https:\/\/artsnb.ca\/web\/wp-json\/wp\/v2\/users\/6"}],"replies":[{"embeddable":true,"href":"https:\/\/artsnb.ca\/web\/wp-json\/wp\/v2\/comments?post=3711"}],"version-history":[{"count":1,"href":"https:\/\/artsnb.ca\/web\/wp-json\/wp\/v2\/posts\/3711\/revisions"}],"predecessor-version":[{"id":4439,"href":"https:\/\/artsnb.ca\/web\/wp-json\/wp\/v2\/posts\/3711\/revisions\/4439"}],"wp:featuredmedia":[{"embeddable":true,"href":"https:\/\/artsnb.ca\/web\/wp-json\/wp\/v2\/media\/1615"}],"wp:attachment":[{"href":"https:\/\/artsnb.ca\/web\/wp-json\/wp\/v2\/media?parent=3711"}],"wp:term":[{"taxonomy":"category","embeddable":true,"href":"https:\/\/artsnb.ca\/web\/wp-json\/wp\/v2\/categories?post=3711"},{"taxonomy":"post_tag","embeddable":true,"href":"https:\/\/artsnb.ca\/web\/wp-json\/wp\/v2\/tags?post=3711"}],"curies":[{"name":"wp","href":"https:\/\/api.w.org\/{rel}","templated":true}]}}