{"id":3822,"date":"2016-01-28T19:18:58","date_gmt":"2016-01-28T19:18:58","guid":{"rendered":"https:\/\/staging-artsnb.weavercrawford.com\/?p=3822"},"modified":"2019-11-04T19:34:08","modified_gmt":"2019-11-04T19:34:08","slug":"expositions-artisanales-a-venir","status":"publish","type":"post","link":"https:\/\/artsnb.ca\/web\/2016\/01\/expositions-artisanales-a-venir\/?lang=fr","title":{"rendered":"Expositions artisanales \u00e0 venir"},"content":{"rendered":"\n<p>Par Claire Shiplett, gestionnaire de projet, Conseil des m\u00e9tiers du Nouveau-Brunswick<\/p>\n\n\n\n<p><br>Le Conseil de l&#8217;artisanat du Nouveau-Brunswick\/Conseil des m\u00e9tiers d&#8217;art du Nouveau-Brunswick (CCNB\/CMANB) est ravi de pr\u00e9senter deux expositions d&#8217;artisanat itin\u00e9rant pour 2016. La premi\u00e8re est la Biennale du CCNB, organis\u00e9e par Bronwyn Gallagher, intitul\u00e9e Spectrum. Il s&#8217;agit d&#8217;une exposition de groupe qui mettra en vedette l&#8217;artisanat contemporain de l&#8217;association Juried Membership du Conseil, un groupe qui repr\u00e9sente plus de 100 artisans professionnels de toute la province et d&#8217;ailleurs. Le spectre englobera des \u0153uvres s\u00e9lectionn\u00e9es dans divers m\u00e9diums en mettant l&#8217;accent sur la couleur et l&#8217;absence de couleur. Il mettra au d\u00e9fi le spectateur<br>de r\u00e9fl\u00e9chir de fa\u00e7on critique \u00e0 l&#8217;effet de la couleur sur nos exp\u00e9riences et encouragera les spectateurs \u00e0 r\u00e9fl\u00e9chir \u00e0 la fa\u00e7on dont une pi\u00e8ce affecte l&#8217;autre, dans le large spectre du design, de la technique, de l&#8217;esth\u00e9tique et de la tradition. La deuxi\u00e8me exposition est Intitul\u00e9e Partager des histoires, organis\u00e9e par Aidan Stanley et pr\u00e9sent\u00e9e par le Collectif des m\u00e9tiers et de la culture autochtones. Cette exposition vise \u00e0 partager et \u00e0 c\u00e9l\u00e9brer l&#8217;art visuel et l&#8217;artisanat par des artistes autochtones de la r\u00e9gion de l&#8217;Atlantique. <br><br>Nous invitons les artistes \u00e0 raconter leurs histoires, \u00e0 partager des techniques et des traditions, \u00e0 exprimer leur esprit cr\u00e9atif et \u00e0 c\u00e9l\u00e9brer les communaut\u00e9s artistiques. N&#8217;importe quel support peut \u00eatre soumis : peinture, sculpture, sculptures, \u00e9corce de bouleau, vannerie, perles, cuir, piquant, poterie.<br><br>Nous acceptons toujours les soumissions! Nos appels \u00e0 l&#8217;entr\u00e9e peuvent \u00eatre trouv\u00e9s sur notre site Web \u00e0 <a rel=\"noreferrer noopener\" href=\"https:\/\/ssl.microsofttranslator.com\/bv.aspx?ref=TAns&amp;from=&amp;to=fr&amp;a=nbcraftscouncil.ca\/exhibitions.\" target=\"_blank\">nbcraftscouncil.ca\/exhibitions.<\/a> La date limite de soumission est le 8 f\u00e9vrier 2016. }<br><br>Le premier arr\u00eat des deux expositions sera le Sunbury Shores Arts and Nature Centre \u00e0 St. Andrews, au Nouveau-Brunswick, jusqu&#8217;en avril 2016. <br><br>L&#8217;exposition Histoires de partage sera ensuite divis\u00e9e entre les biblioth\u00e8ques publiques de Moncton et de Fredericton pour le mois de juin. <br><br>Le mois de juin est le \u00ab Mois du patrimoine autochtone \u00bb \u00e0 Moncton et nous sommes tr\u00e8s heureux que le maire de Fredericton, Brad Woodside, proclame juin \u00ab Mois de l&#8217;artisanat autochtone et de la culture \u00bb pour la Ville de Fredericton. Nous aimerions mettre au d\u00e9fi d&#8217;autres organisations et personnes d&#8217;\u00e9laborer des programmes pour le mois de juin \u00e0 l&#8217;appui de cette initiative. Le CCNB planifie des \u00e9missions interactives sur les lieux, y compris des \u00e9missions hebdomadaires \u00e0 la Biblioth\u00e8que publique de Fredericton pour partager des histoires : conf\u00e9rences d&#8217;artistes, d\u00e9monstrations d&#8217;artisanat, contes, et potentiellement chants et musique pour tous les \u00e2ges. D&#8217;ao\u00fbt \u00e0 septembre, Spectrum et l&#8217;exposition compl\u00e8te Histoires de partage seront expos\u00e9es \u00e0 la Maison du gouvernement \u00e0 Fredericton.<br><br>Je pense que l&#8217;art et l&#8217;artisanat est une fen\u00eatre, un canal ouvert \u00e0 travers lequel le fabricant et le spectateur peuvent acc\u00e9der \u00e0 l&#8217;information. Il s&#8217;agit essentiellement d&#8217;un dialogue bidirectionnel, accessible \u00e0 tous \u00e0 un certain niveau. Ces pi\u00e8ces sont les manifestations des id\u00e9es, des traditions, des cultures et de l&#8217;imagination des artistes et artisans participants. Ils sont pr\u00eats \u00e0 \u00eatre ouverts et \u00e0 les partager avec nous, et c&#8217;est une invitation personnelle \u00e0 apprendre et \u00e0 vivre quelque chose qui vient directement de leurs points de vue. En parcourant ces spectacles ensemble et en les organisant pour partager les m\u00eames espaces, nous esp\u00e9rons que le public sensibilisera, comprendra et s&#8217;int\u00e9ressera aux pratiques artistiques contemporaines et traditionnelles des artistes et artisans de la province et de la r\u00e9gion de l&#8217;Atlantique. Ces expositions visent \u00e0 lancer des dialogues et \u00e0 engager des spectateurs de tous \u00e2ges avec des travaux et des r\u00e9cits auxquels ils n&#8217;ont peut-\u00eatre pas eu beaucoup d&#8217;exposition.<br><br>Le Collectif de l&#8217;artisanat et de la culture autochtones est compos\u00e9 du Conseil de l&#8217;artisanat du Nouveau-Brunswick, de JEDI NB, du Coll\u00e8ge d&#8217;artisanat et de design du Nouveau-Brunswick, de Valerie Jean, de Katie Augustine et de Samaqani Cocahq (Natalie Sappier).<\/p>\n","protected":false},"excerpt":{"rendered":"<p>Par Claire Shiplett, gestionnaire de projet, Conseil des m\u00e9tiers du Nouveau-Brunswick Le Conseil de l&#8217;artisanat du Nouveau-Brunswick\/Conseil des m\u00e9tiers d&#8217;art du Nouveau-Brunswick (CCNB\/CMANB) est ravi de pr\u00e9senter deux expositions d&#8217;artisanat itin\u00e9rant pour 2016. La premi\u00e8re est la Biennale du CCNB, organis\u00e9e par Bronwyn Gallagher, intitul\u00e9e Spectrum. Il s&#8217;agit d&#8217;une exposition de groupe qui mettra en<\/p>\n","protected":false},"author":6,"featured_media":195,"comment_status":"open","ping_status":"open","sticky":false,"template":"","format":"standard","meta":{"_acf_changed":false,"footnotes":""},"categories":[53],"tags":[],"class_list":["post-3822","post","type-post","status-publish","format-standard","has-post-thumbnail","hentry","category-nouvelles"],"acf":[],"yoast_head":"<!-- This site is optimized with the Yoast SEO plugin v27.5 - https:\/\/yoast.com\/product\/yoast-seo-wordpress\/ -->\n<title>Expositions artisanales \u00e0 venir - ArtsNB<\/title>\n<meta name=\"robots\" content=\"index, follow, max-snippet:-1, max-image-preview:large, max-video-preview:-1\" \/>\n<link rel=\"canonical\" href=\"https:\/\/artsnb.ca\/web\/2016\/01\/expositions-artisanales-a-venir\/\" \/>\n<meta property=\"og:locale\" content=\"en_US\" \/>\n<meta property=\"og:type\" content=\"article\" \/>\n<meta property=\"og:title\" content=\"Expositions artisanales \u00e0 venir - ArtsNB\" \/>\n<meta property=\"og:description\" content=\"Par Claire Shiplett, gestionnaire de projet, Conseil des m\u00e9tiers du Nouveau-Brunswick Le Conseil de l&#8217;artisanat du Nouveau-Brunswick\/Conseil des m\u00e9tiers d&#8217;art du Nouveau-Brunswick (CCNB\/CMANB) est ravi de pr\u00e9senter deux expositions d&#8217;artisanat itin\u00e9rant pour 2016. La premi\u00e8re est la Biennale du CCNB, organis\u00e9e par Bronwyn Gallagher, intitul\u00e9e Spectrum. Il s&#8217;agit d&#8217;une exposition de groupe qui mettra en\" \/>\n<meta property=\"og:url\" content=\"https:\/\/artsnb.ca\/web\/2016\/01\/expositions-artisanales-a-venir\/?lang=fr\" \/>\n<meta property=\"og:site_name\" content=\"ArtsNB\" \/>\n<meta property=\"article:publisher\" content=\"https:\/\/www.facebook.com\/artsnb\/\" \/>\n<meta property=\"article:published_time\" content=\"2016-01-28T19:18:58+00:00\" \/>\n<meta property=\"article:modified_time\" content=\"2019-11-04T19:34:08+00:00\" \/>\n<meta property=\"og:image\" content=\"https:\/\/artsnb.ca\/web\/wp-content\/uploads\/2019\/07\/artsnb-logo-vertical.png\" \/>\n\t<meta property=\"og:image:width\" content=\"488\" \/>\n\t<meta property=\"og:image:height\" content=\"391\" \/>\n\t<meta property=\"og:image:type\" content=\"image\/png\" \/>\n<meta name=\"author\" content=\"R\u00e9anne Cooper\" \/>\n<meta name=\"twitter:card\" content=\"summary_large_image\" \/>\n<meta name=\"twitter:creator\" content=\"@artsnb\" \/>\n<meta name=\"twitter:site\" content=\"@artsnb\" \/>\n<meta name=\"twitter:label1\" content=\"Written by\" \/>\n\t<meta name=\"twitter:data1\" content=\"R\u00e9anne Cooper\" \/>\n\t<meta name=\"twitter:label2\" content=\"Est. reading time\" \/>\n\t<meta name=\"twitter:data2\" content=\"3 minutes\" \/>\n<script type=\"application\/ld+json\" class=\"yoast-schema-graph\">{\"@context\":\"https:\\\/\\\/schema.org\",\"@graph\":[{\"@type\":\"Article\",\"@id\":\"https:\\\/\\\/artsnb.ca\\\/web\\\/2016\\\/01\\\/expositions-artisanales-a-venir\\\/?lang=fr#article\",\"isPartOf\":{\"@id\":\"https:\\\/\\\/artsnb.ca\\\/web\\\/2016\\\/01\\\/expositions-artisanales-a-venir\\\/?lang=fr\"},\"author\":{\"name\":\"R\u00e9anne Cooper\",\"@id\":\"https:\\\/\\\/artsnb.ca\\\/web\\\/#\\\/schema\\\/person\\\/012ecc8a59328615becff4af8bf0c2b9\"},\"headline\":\"Expositions artisanales \u00e0 venir\",\"datePublished\":\"2016-01-28T19:18:58+00:00\",\"dateModified\":\"2019-11-04T19:34:08+00:00\",\"mainEntityOfPage\":{\"@id\":\"https:\\\/\\\/artsnb.ca\\\/web\\\/2016\\\/01\\\/expositions-artisanales-a-venir\\\/?lang=fr\"},\"wordCount\":697,\"commentCount\":0,\"publisher\":{\"@id\":\"https:\\\/\\\/artsnb.ca\\\/web\\\/#organization\"},\"image\":{\"@id\":\"https:\\\/\\\/artsnb.ca\\\/web\\\/2016\\\/01\\\/expositions-artisanales-a-venir\\\/?lang=fr#primaryimage\"},\"thumbnailUrl\":\"https:\\\/\\\/artsnb.ca\\\/web\\\/wp-content\\\/uploads\\\/2019\\\/07\\\/artsnb-logo-vertical.png\",\"articleSection\":[\"Toutes les Nouvelles\"],\"inLanguage\":\"en-US\",\"potentialAction\":[{\"@type\":\"CommentAction\",\"name\":\"Comment\",\"target\":[\"https:\\\/\\\/artsnb.ca\\\/web\\\/2016\\\/01\\\/expositions-artisanales-a-venir\\\/?lang=fr#respond\"]}]},{\"@type\":\"WebPage\",\"@id\":\"https:\\\/\\\/artsnb.ca\\\/web\\\/2016\\\/01\\\/expositions-artisanales-a-venir\\\/?lang=fr\",\"url\":\"https:\\\/\\\/artsnb.ca\\\/web\\\/2016\\\/01\\\/expositions-artisanales-a-venir\\\/?lang=fr\",\"name\":\"Expositions artisanales \u00e0 venir - ArtsNB\",\"isPartOf\":{\"@id\":\"https:\\\/\\\/artsnb.ca\\\/web\\\/#website\"},\"primaryImageOfPage\":{\"@id\":\"https:\\\/\\\/artsnb.ca\\\/web\\\/2016\\\/01\\\/expositions-artisanales-a-venir\\\/?lang=fr#primaryimage\"},\"image\":{\"@id\":\"https:\\\/\\\/artsnb.ca\\\/web\\\/2016\\\/01\\\/expositions-artisanales-a-venir\\\/?lang=fr#primaryimage\"},\"thumbnailUrl\":\"https:\\\/\\\/artsnb.ca\\\/web\\\/wp-content\\\/uploads\\\/2019\\\/07\\\/artsnb-logo-vertical.png\",\"datePublished\":\"2016-01-28T19:18:58+00:00\",\"dateModified\":\"2019-11-04T19:34:08+00:00\",\"breadcrumb\":{\"@id\":\"https:\\\/\\\/artsnb.ca\\\/web\\\/2016\\\/01\\\/expositions-artisanales-a-venir\\\/?lang=fr#breadcrumb\"},\"inLanguage\":\"en-US\",\"potentialAction\":[{\"@type\":\"ReadAction\",\"target\":[\"https:\\\/\\\/artsnb.ca\\\/web\\\/2016\\\/01\\\/expositions-artisanales-a-venir\\\/?lang=fr\"]}]},{\"@type\":\"ImageObject\",\"inLanguage\":\"en-US\",\"@id\":\"https:\\\/\\\/artsnb.ca\\\/web\\\/2016\\\/01\\\/expositions-artisanales-a-venir\\\/?lang=fr#primaryimage\",\"url\":\"https:\\\/\\\/artsnb.ca\\\/web\\\/wp-content\\\/uploads\\\/2019\\\/07\\\/artsnb-logo-vertical.png\",\"contentUrl\":\"https:\\\/\\\/artsnb.ca\\\/web\\\/wp-content\\\/uploads\\\/2019\\\/07\\\/artsnb-logo-vertical.png\",\"width\":488,\"height\":391},{\"@type\":\"BreadcrumbList\",\"@id\":\"https:\\\/\\\/artsnb.ca\\\/web\\\/2016\\\/01\\\/expositions-artisanales-a-venir\\\/?lang=fr#breadcrumb\",\"itemListElement\":[{\"@type\":\"ListItem\",\"position\":1,\"name\":\"Home\",\"item\":\"https:\\\/\\\/artsnb.ca\\\/web\\\/\"},{\"@type\":\"ListItem\",\"position\":2,\"name\":\"All News\",\"item\":\"https:\\\/\\\/artsnb.ca\\\/web\\\/category\\\/news\\\/\"},{\"@type\":\"ListItem\",\"position\":3,\"name\":\"Expositions artisanales \u00e0 venir\"}]},{\"@type\":\"WebSite\",\"@id\":\"https:\\\/\\\/artsnb.ca\\\/web\\\/#website\",\"url\":\"https:\\\/\\\/artsnb.ca\\\/web\\\/\",\"name\":\"ArtsNB\",\"description\":\"EXCELLENCE. PROFESSIONALISM. INNOVATION.\",\"publisher\":{\"@id\":\"https:\\\/\\\/artsnb.ca\\\/web\\\/#organization\"},\"potentialAction\":[{\"@type\":\"SearchAction\",\"target\":{\"@type\":\"EntryPoint\",\"urlTemplate\":\"https:\\\/\\\/artsnb.ca\\\/web\\\/?s={search_term_string}\"},\"query-input\":{\"@type\":\"PropertyValueSpecification\",\"valueRequired\":true,\"valueName\":\"search_term_string\"}}],\"inLanguage\":\"en-US\"},{\"@type\":\"Organization\",\"@id\":\"https:\\\/\\\/artsnb.ca\\\/web\\\/#organization\",\"name\":\"ArtsNB\",\"url\":\"https:\\\/\\\/artsnb.ca\\\/web\\\/\",\"logo\":{\"@type\":\"ImageObject\",\"inLanguage\":\"en-US\",\"@id\":\"https:\\\/\\\/artsnb.ca\\\/web\\\/#\\\/schema\\\/logo\\\/image\\\/\",\"url\":\"https:\\\/\\\/artsnb.ca\\\/web\\\/wp-content\\\/uploads\\\/2024\\\/04\\\/cropped-artsnb-PrimaryLogo-vertical-HiRes-2.jpg\",\"contentUrl\":\"https:\\\/\\\/artsnb.ca\\\/web\\\/wp-content\\\/uploads\\\/2024\\\/04\\\/cropped-artsnb-PrimaryLogo-vertical-HiRes-2.jpg\",\"width\":1698,\"height\":1223,\"caption\":\"ArtsNB\"},\"image\":{\"@id\":\"https:\\\/\\\/artsnb.ca\\\/web\\\/#\\\/schema\\\/logo\\\/image\\\/\"},\"sameAs\":[\"https:\\\/\\\/www.facebook.com\\\/artsnb\\\/\",\"https:\\\/\\\/x.com\\\/artsnb\",\"https:\\\/\\\/www.instagram.com\\\/artsnb\\\/\"]},{\"@type\":\"Person\",\"@id\":\"https:\\\/\\\/artsnb.ca\\\/web\\\/#\\\/schema\\\/person\\\/012ecc8a59328615becff4af8bf0c2b9\",\"name\":\"R\u00e9anne Cooper\",\"image\":{\"@type\":\"ImageObject\",\"inLanguage\":\"en-US\",\"@id\":\"https:\\\/\\\/secure.gravatar.com\\\/avatar\\\/1cb05192fe2229166d3916ce0ac0406517d29a24c32e183e81a0a810836dd14b?s=96&d=mm&r=g\",\"url\":\"https:\\\/\\\/secure.gravatar.com\\\/avatar\\\/1cb05192fe2229166d3916ce0ac0406517d29a24c32e183e81a0a810836dd14b?s=96&d=mm&r=g\",\"contentUrl\":\"https:\\\/\\\/secure.gravatar.com\\\/avatar\\\/1cb05192fe2229166d3916ce0ac0406517d29a24c32e183e81a0a810836dd14b?s=96&d=mm&r=g\",\"caption\":\"R\u00e9anne Cooper\"},\"url\":\"https:\\\/\\\/artsnb.ca\\\/web\\\/author\\\/reanne\\\/\"}]}<\/script>\n<!-- \/ Yoast SEO plugin. -->","yoast_head_json":{"title":"Expositions artisanales \u00e0 venir - ArtsNB","robots":{"index":"index","follow":"follow","max-snippet":"max-snippet:-1","max-image-preview":"max-image-preview:large","max-video-preview":"max-video-preview:-1"},"canonical":"https:\/\/artsnb.ca\/web\/2016\/01\/expositions-artisanales-a-venir\/","og_locale":"en_US","og_type":"article","og_title":"Expositions artisanales \u00e0 venir - ArtsNB","og_description":"Par Claire Shiplett, gestionnaire de projet, Conseil des m\u00e9tiers du Nouveau-Brunswick Le Conseil de l&#8217;artisanat du Nouveau-Brunswick\/Conseil des m\u00e9tiers d&#8217;art du Nouveau-Brunswick (CCNB\/CMANB) est ravi de pr\u00e9senter deux expositions d&#8217;artisanat itin\u00e9rant pour 2016. La premi\u00e8re est la Biennale du CCNB, organis\u00e9e par Bronwyn Gallagher, intitul\u00e9e Spectrum. Il s&#8217;agit d&#8217;une exposition de groupe qui mettra en","og_url":"https:\/\/artsnb.ca\/web\/2016\/01\/expositions-artisanales-a-venir\/?lang=fr","og_site_name":"ArtsNB","article_publisher":"https:\/\/www.facebook.com\/artsnb\/","article_published_time":"2016-01-28T19:18:58+00:00","article_modified_time":"2019-11-04T19:34:08+00:00","og_image":[{"width":488,"height":391,"url":"https:\/\/artsnb.ca\/web\/wp-content\/uploads\/2019\/07\/artsnb-logo-vertical.png","type":"image\/png"}],"author":"R\u00e9anne Cooper","twitter_card":"summary_large_image","twitter_creator":"@artsnb","twitter_site":"@artsnb","twitter_misc":{"Written by":"R\u00e9anne Cooper","Est. reading time":"3 minutes"},"schema":{"@context":"https:\/\/schema.org","@graph":[{"@type":"Article","@id":"https:\/\/artsnb.ca\/web\/2016\/01\/expositions-artisanales-a-venir\/?lang=fr#article","isPartOf":{"@id":"https:\/\/artsnb.ca\/web\/2016\/01\/expositions-artisanales-a-venir\/?lang=fr"},"author":{"name":"R\u00e9anne Cooper","@id":"https:\/\/artsnb.ca\/web\/#\/schema\/person\/012ecc8a59328615becff4af8bf0c2b9"},"headline":"Expositions artisanales \u00e0 venir","datePublished":"2016-01-28T19:18:58+00:00","dateModified":"2019-11-04T19:34:08+00:00","mainEntityOfPage":{"@id":"https:\/\/artsnb.ca\/web\/2016\/01\/expositions-artisanales-a-venir\/?lang=fr"},"wordCount":697,"commentCount":0,"publisher":{"@id":"https:\/\/artsnb.ca\/web\/#organization"},"image":{"@id":"https:\/\/artsnb.ca\/web\/2016\/01\/expositions-artisanales-a-venir\/?lang=fr#primaryimage"},"thumbnailUrl":"https:\/\/artsnb.ca\/web\/wp-content\/uploads\/2019\/07\/artsnb-logo-vertical.png","articleSection":["Toutes les Nouvelles"],"inLanguage":"en-US","potentialAction":[{"@type":"CommentAction","name":"Comment","target":["https:\/\/artsnb.ca\/web\/2016\/01\/expositions-artisanales-a-venir\/?lang=fr#respond"]}]},{"@type":"WebPage","@id":"https:\/\/artsnb.ca\/web\/2016\/01\/expositions-artisanales-a-venir\/?lang=fr","url":"https:\/\/artsnb.ca\/web\/2016\/01\/expositions-artisanales-a-venir\/?lang=fr","name":"Expositions artisanales \u00e0 venir - ArtsNB","isPartOf":{"@id":"https:\/\/artsnb.ca\/web\/#website"},"primaryImageOfPage":{"@id":"https:\/\/artsnb.ca\/web\/2016\/01\/expositions-artisanales-a-venir\/?lang=fr#primaryimage"},"image":{"@id":"https:\/\/artsnb.ca\/web\/2016\/01\/expositions-artisanales-a-venir\/?lang=fr#primaryimage"},"thumbnailUrl":"https:\/\/artsnb.ca\/web\/wp-content\/uploads\/2019\/07\/artsnb-logo-vertical.png","datePublished":"2016-01-28T19:18:58+00:00","dateModified":"2019-11-04T19:34:08+00:00","breadcrumb":{"@id":"https:\/\/artsnb.ca\/web\/2016\/01\/expositions-artisanales-a-venir\/?lang=fr#breadcrumb"},"inLanguage":"en-US","potentialAction":[{"@type":"ReadAction","target":["https:\/\/artsnb.ca\/web\/2016\/01\/expositions-artisanales-a-venir\/?lang=fr"]}]},{"@type":"ImageObject","inLanguage":"en-US","@id":"https:\/\/artsnb.ca\/web\/2016\/01\/expositions-artisanales-a-venir\/?lang=fr#primaryimage","url":"https:\/\/artsnb.ca\/web\/wp-content\/uploads\/2019\/07\/artsnb-logo-vertical.png","contentUrl":"https:\/\/artsnb.ca\/web\/wp-content\/uploads\/2019\/07\/artsnb-logo-vertical.png","width":488,"height":391},{"@type":"BreadcrumbList","@id":"https:\/\/artsnb.ca\/web\/2016\/01\/expositions-artisanales-a-venir\/?lang=fr#breadcrumb","itemListElement":[{"@type":"ListItem","position":1,"name":"Home","item":"https:\/\/artsnb.ca\/web\/"},{"@type":"ListItem","position":2,"name":"All News","item":"https:\/\/artsnb.ca\/web\/category\/news\/"},{"@type":"ListItem","position":3,"name":"Expositions artisanales \u00e0 venir"}]},{"@type":"WebSite","@id":"https:\/\/artsnb.ca\/web\/#website","url":"https:\/\/artsnb.ca\/web\/","name":"ArtsNB","description":"EXCELLENCE. PROFESSIONALISM. INNOVATION.","publisher":{"@id":"https:\/\/artsnb.ca\/web\/#organization"},"potentialAction":[{"@type":"SearchAction","target":{"@type":"EntryPoint","urlTemplate":"https:\/\/artsnb.ca\/web\/?s={search_term_string}"},"query-input":{"@type":"PropertyValueSpecification","valueRequired":true,"valueName":"search_term_string"}}],"inLanguage":"en-US"},{"@type":"Organization","@id":"https:\/\/artsnb.ca\/web\/#organization","name":"ArtsNB","url":"https:\/\/artsnb.ca\/web\/","logo":{"@type":"ImageObject","inLanguage":"en-US","@id":"https:\/\/artsnb.ca\/web\/#\/schema\/logo\/image\/","url":"https:\/\/artsnb.ca\/web\/wp-content\/uploads\/2024\/04\/cropped-artsnb-PrimaryLogo-vertical-HiRes-2.jpg","contentUrl":"https:\/\/artsnb.ca\/web\/wp-content\/uploads\/2024\/04\/cropped-artsnb-PrimaryLogo-vertical-HiRes-2.jpg","width":1698,"height":1223,"caption":"ArtsNB"},"image":{"@id":"https:\/\/artsnb.ca\/web\/#\/schema\/logo\/image\/"},"sameAs":["https:\/\/www.facebook.com\/artsnb\/","https:\/\/x.com\/artsnb","https:\/\/www.instagram.com\/artsnb\/"]},{"@type":"Person","@id":"https:\/\/artsnb.ca\/web\/#\/schema\/person\/012ecc8a59328615becff4af8bf0c2b9","name":"R\u00e9anne Cooper","image":{"@type":"ImageObject","inLanguage":"en-US","@id":"https:\/\/secure.gravatar.com\/avatar\/1cb05192fe2229166d3916ce0ac0406517d29a24c32e183e81a0a810836dd14b?s=96&d=mm&r=g","url":"https:\/\/secure.gravatar.com\/avatar\/1cb05192fe2229166d3916ce0ac0406517d29a24c32e183e81a0a810836dd14b?s=96&d=mm&r=g","contentUrl":"https:\/\/secure.gravatar.com\/avatar\/1cb05192fe2229166d3916ce0ac0406517d29a24c32e183e81a0a810836dd14b?s=96&d=mm&r=g","caption":"R\u00e9anne Cooper"},"url":"https:\/\/artsnb.ca\/web\/author\/reanne\/"}]}},"_links":{"self":[{"href":"https:\/\/artsnb.ca\/web\/wp-json\/wp\/v2\/posts\/3822","targetHints":{"allow":["GET"]}}],"collection":[{"href":"https:\/\/artsnb.ca\/web\/wp-json\/wp\/v2\/posts"}],"about":[{"href":"https:\/\/artsnb.ca\/web\/wp-json\/wp\/v2\/types\/post"}],"author":[{"embeddable":true,"href":"https:\/\/artsnb.ca\/web\/wp-json\/wp\/v2\/users\/6"}],"replies":[{"embeddable":true,"href":"https:\/\/artsnb.ca\/web\/wp-json\/wp\/v2\/comments?post=3822"}],"version-history":[{"count":1,"href":"https:\/\/artsnb.ca\/web\/wp-json\/wp\/v2\/posts\/3822\/revisions"}],"predecessor-version":[{"id":3823,"href":"https:\/\/artsnb.ca\/web\/wp-json\/wp\/v2\/posts\/3822\/revisions\/3823"}],"wp:featuredmedia":[{"embeddable":true,"href":"https:\/\/artsnb.ca\/web\/wp-json\/wp\/v2\/media\/195"}],"wp:attachment":[{"href":"https:\/\/artsnb.ca\/web\/wp-json\/wp\/v2\/media?parent=3822"}],"wp:term":[{"taxonomy":"category","embeddable":true,"href":"https:\/\/artsnb.ca\/web\/wp-json\/wp\/v2\/categories?post=3822"},{"taxonomy":"post_tag","embeddable":true,"href":"https:\/\/artsnb.ca\/web\/wp-json\/wp\/v2\/tags?post=3822"}],"curies":[{"name":"wp","href":"https:\/\/api.w.org\/{rel}","templated":true}]}}