{"id":3880,"date":"2019-09-12T12:42:46","date_gmt":"2019-09-12T12:42:46","guid":{"rendered":"https:\/\/staging-artsnb.weavercrawford.com\/?p=3880"},"modified":"2019-12-18T12:39:22","modified_gmt":"2019-12-18T12:39:22","slug":"ateliers-et-programmes-automne-2019","status":"publish","type":"post","link":"https:\/\/artsnb.ca\/web\/2019\/09\/ateliers-et-programmes-automne-2019\/?lang=fr","title":{"rendered":"Ateliers et programmes &#8211; automne 2019"},"content":{"rendered":"\n<p><em>R\u00e9anne Cooper,&nbsp; Agente des communications<\/em><\/p>\n\n\n\n<p>Septembre est enfin arriv\u00e9 et l&#8217;\u00e9t\u00e9 approche sa fin. Ceci dit, il y&nbsp; a plusieurs occasions d&#8217;apprendre qui ont lieu un peu partout dans la province. Soit \u00e0 travers artsnb, nos partenaires ou autres ! Voici quelques ateliers et programmes qui ont lieu dans les prochains mois et que vous ne voulez peut-\u00eatre pas manquer !<\/p>\n\n\n\n<p><strong>AAAPNB \u2013 Association acadienne des artistes professionnel.le.s du Nouveau-Brunswick<\/strong><\/p>\n\n\n\n<p>L&#8217;<a href=\"https:\/\/www.facebook.com\/aaapnb\/\">AAAPNB<\/a> fait pr\u00e9sentement la promotion de deux diff\u00e9rentes occasions, soit un atelier et un programme. Le premier atelier s&#8217;intitule,&nbsp; <a href=\"https:\/\/www.facebook.com\/events\/488540128374860\/?acontext=%7B%22ref%22%3A%223%22%2C%22ref_newsfeed_story_type%22%3A%22regular%22%2C%22feed_story_type%22%3A%22117%22%2C%22action_history%22%3A%22%5B%7B%5C%22surface%5C%22%3A%5C%22newsfeed%5C%22%2C%5C%22mechanism%5C%22%3A%5C%22feed_story%5C%22%2C%5C%22extra_data%5C%22%3A%5B%5D%7D%5D%22%7D&amp;__xts__%5B0%5D=68.ARCEFE87OA-YZuL8w7-5RI7efxbDaitr2Eu4fZWMxoC0iXxKa1BI5wLZPGihZClNK5MPXsP4LAH7jZIPBmjfDI4VWTls7cC-dEKl4G5cn-bMGS3oV8w4mni31uFtvYxTW4sEGXh5Ubq1Z6vauEQPLMJM9_t9_6APbcU57Ov0mClGCpzKsYmbpLEGsA7Hsttmp4UK7XRWGRWRel0cYaGm_FppzppfRxLZhv71DFLL8VwCBvg5hhwE0QoP1nC10AtPu1JH7Wsyxuk-kyz8-Q&amp;__tn__=HH-R\">Atelier Cr\u00e9ation d\u2019un portfolio artistique avec Blanche Morin<\/a>. Ces endroits auront lieu dans trois endroits diff\u00e9rents et trois dates distinctes. L&#8217;atelier permettra aux artistes d&#8217;apprendre davantage sur un aspect imptorant de la carri\u00e8res des artistes professionnel.les. Le portfolio est l&#8217;une des premi\u00e8res choses qui met en valeur et repr\u00e9sente l&#8217;artiste et ses oeuvres. Ces ateliers, d&#8217;une journ\u00e9e, aideront les artistes \u00e0 conna\u00eetre les aspects cl\u00e9s du portfolio artistique. Blanche Morin est consultante, coach et formatrice en gestion de carri\u00e8re et perfectionnement professionnel.<\/p>\n\n\n\n<p>Voici la listes des ateliers \u00e0 venir :<\/p>\n\n\n\n<ul class=\"wp-block-list\"><li>MONCTON &nbsp; &nbsp; &nbsp; &nbsp; &nbsp; &nbsp; &nbsp; &nbsp; &nbsp; &nbsp;&nbsp; 30 septembre 2019<\/li><li>EDMUNDSTON &nbsp; &nbsp; &nbsp; &nbsp; &nbsp; &nbsp; &nbsp;&nbsp; 2 octobre 2019<\/li><li>CARAQUET &nbsp; &nbsp; &nbsp; &nbsp; &nbsp; &nbsp; &nbsp; &nbsp; &nbsp; &nbsp;&nbsp; 4 octobre 2019<\/li><\/ul>\n\n\n\n<p>La date limite pour s&#8217;inscrire est le<strong> dimanche 15 septembre 2019<\/strong>, puis vous devez le faire <a href=\"https:\/\/airtable.com\/shrBDsf9l11To1ONI?fbclid=IwAR2c8_wyZr7VB7XNE3UAYnjJGc6sfEphQrmV5NRXgSOWEv70yV9vwyBGkSg0\">en ligne<\/a>. Pour plus d&#8217;informations, visitez cette <a href=\"https:\/\/www.facebook.com\/events\/488540128374860\/\">Page Facebook<\/a>.<\/p>\n\n\n\n<p>L&#8217;autre programme offert par l&#8217;AAAPNB est le<a href=\"http:\/\/www.aaapnb.ca\/autresinitiatives\/files\/autresinitiatives\/wf\/wf\/Appel%20Candidature%20Artiste%20mentor\u00e9%202019-2020.pdf?fbclid=IwAR1h-m_YDgLyZYqgX7m7uo4ZtivJcUtEXJbAFk7KTyVeQtKO_nALMUyVxbY\">&nbsp;Programme de formation continue &#8211; Programme d\u2019accompagnement professionnel \/ Mentorat<\/a>. Il s&#8217;agit d&#8217;un programme de mentorat pour les artistes nouveaux et \u00e9mergents, qui leur permet d&#8217;\u00eatre jumel\u00e9s \u00e0 un artiste \u00e9tabli. La date limite pour pr\u00e9senter une demande \u00e0 ce programme est le <strong>27 septembre 2019<\/strong>. Il y a un lien pour soumettre votre demande en tant qu&#8217;artiste \u00e0 la recherche de mentorat, ainsi que des artistes \u00e9tablis qui pourraient \u00eatre int\u00e9ress\u00e9s \u00e0 \u00eatre des mentors.<\/p>\n\n\n\n<p><strong>ArtsLink NB<\/strong><\/p>\n\n\n\n<p><a href=\"https:\/\/www.facebook.com\/ArtsLinkNb\/\">ArtsLink NB<\/a>&nbsp;&nbsp;a \u00e9t\u00e9 occup\u00e9 \u00e0 publier des articles sur divers ateliers et programmes qui se d\u00e9roulent \u00e9galement. Le premier s&#8217;appelle <a href=\"https:\/\/www.facebook.com\/events\/375844483305320\/\">Workshop: Business Tips for Artists<\/a>. Ces ateliers auront lieu dans quatre r\u00e9gions diff\u00e9rentes de la province. La premi\u00e8re a eu lieu hier, le 11 septembre 2019 \u00e0 Fredericton. Ces ateliers sont gratuits, mais ArtsLink NB vous demande de vous inscrire \u00e0 catapult@artslinknb.com pour vous assurer de votre place. Ce sont tous des ateliers de deux heures, qui se d\u00e9roulent de 18h \u00e0 20h.<\/p>\n\n\n\n<p>Les autres dates et lieux sont :<\/p>\n\n\n\n<ul class=\"wp-block-list\"><li>MIRAMICHI &nbsp; &nbsp; &nbsp; &nbsp; &nbsp; &nbsp; &nbsp; &nbsp; &nbsp; &nbsp; &nbsp; &nbsp; &nbsp; &nbsp; &nbsp; &nbsp; 17 septembre 2019<\/li><li>MONCTON &nbsp; &nbsp; &nbsp; &nbsp; &nbsp; &nbsp; &nbsp; &nbsp; &nbsp; &nbsp; &nbsp; &nbsp; &nbsp; &nbsp; &nbsp; &nbsp;&nbsp; 18 septembre 2019<\/li><li>FLORENCEVILLE-BRISTOL &nbsp; &nbsp; &nbsp; &nbsp; &nbsp;&nbsp; 19 septembre 2019<\/li><\/ul>\n\n\n\n<p>ArtsLink NB et <strong>artsnb<\/strong> se sont \u00e9galement associ\u00e9s pour offrir des <a href=\"https:\/\/www.facebook.com\/events\/498388337388674\/\">ateliers sur l&#8217;\u00e9criture de Subvention<\/a>s. Ceux-ci rel\u00e8vent des ateliers &#8220;De d\u00e9but \u00e0 la fin des comp\u00e9tences&#8221; et celui-ci sera dirig\u00e9 par Sarah Beth, agente de programme d&#8217;<strong>artsnb<\/strong>. La direction d&#8217;ArtsLink NB sera \u00e9galement l\u00e0 pour passer en aide aux sources de financement de la recherche de subventions et pour r\u00e9fl\u00e9chir \u00e0 la r\u00e9daction de subventions. Il s&#8217;agit \u00e9galement d&#8217;ateliers de deux heures qui auront lieu dans diff\u00e9rentes r\u00e9gions de la province. Les ateliers sont gratuits pour les membres d&#8217;ArtsLink NB et 10 $ pour les non-membres.<\/p>\n\n\n\n<ul class=\"wp-block-list\"><li>Saint John, bureau ArtsLink &nbsp; &nbsp; &nbsp; &nbsp; &nbsp; &nbsp; &nbsp; &nbsp; 16 septembre 2019 &#8211; 18h \u00e0 20h<\/li><li>Fredericton, CSAC &nbsp; &nbsp; &nbsp; &nbsp; &nbsp; &nbsp; &nbsp; &nbsp; &nbsp; &nbsp; &nbsp; &nbsp; &nbsp;&nbsp; 26 septembre 2019 &#8211; 18h \u00e0 20h<\/li><li>Moncton, Aberdeen Art Centre &nbsp; &nbsp; &nbsp; &nbsp; &nbsp;&nbsp; 27 septembre 2019 &#8211; 18h \u00e0 20h<\/li><\/ul>\n\n\n\n<p>Enfin, n&#8217;oubliez pas de consulter le programme <a href=\"https:\/\/www.artslinkcatapult.com\/?fbclid=IwAR3mR6hpMtI6yBt-6sTgwl9JLhzOWULQ6uJN8oD1fqyiT6uyYz6xOqWoSok\">CATAPULT<\/a> par ArtsLink NB. Il s&#8217;agit d&#8217;un programme de 8 semaines, permettant aux participants d&#8217;acqu\u00e9rir des comp\u00e9tences en marketing, en image de marque, en planification financi\u00e8re et bien plus. La prochaine s\u00e9ance aura lieu cet automne \u00e0 Fredericton et la date limite de demande est le 27 septembre 2019. Pour toute l&#8217;information sur le programme et pour vous inscrire, visitez leur site Web.<\/p>\n\n\n\n<p><strong>Art Impact et le Conseil des arts du Canada<\/strong><\/p>\n\n\n\n<p>Art Impact et le Conseil des Arts du Canada offrent un atelier d&#8217;une journ\u00e9e \u00e0 Fredericton. Cet atelier explorera la question de l&#8217;intelligence artificielle et des arts. Cela permettra aux artistes de comprendre les implications et les possibilit\u00e9s de l&#8217;intelligence artificielle, et bien plus encore! Consultez ce<a href=\"https:\/\/www.eventbrite.ca\/e\/artificial-intelligence-and-the-arts-fredericton-registration-66906909367\"> site Web<\/a> pour en savoir plus et inscrivez-vous \u00e0 l&#8217;atelier.<\/p>\n\n\n\n<p>C&#8217;est tout pour l&#8217;instant, mais restez connect\u00e9 sur nos plates-formes de m\u00e9dias sociaux pour toutes les autres opportunit\u00e9s que nous pourrions partager!&nbsp;<a href=\"https:\/\/www.facebook.com\/artsnb\/\">Facebook<\/a>,&nbsp;<a href=\"https:\/\/www.instagram.com\/artsnb\/\">Instagram<\/a>,&nbsp;<a href=\"https:\/\/twitter.com\/artsnb\">Twitter<\/a><\/p>\n\n\n\n<p>R\u00e9anne Cooper, Agente des communications<\/p>\n\n\n\n<p><em><strong>Le blogue d&#8217;artsnb donne une voix aux artistes du Nouveau-Brunswick. Avez-vous re\u00e7u une subvention d&#8217;artsnb? Vous souhaitez partager votre exp\u00e9rience artistique ? Alors s&#8217;il vous pla\u00eet contactez-nous maintenant!<\/strong><\/em><\/p>\n","protected":false},"excerpt":{"rendered":"<p>Septembre est enfin arriv\u00e9 et l&#8217;\u00e9t\u00e9 approche sa fin. Ceci dit, il y  a plusieurs occasions d&#8217;apprendre qui ont lieu un peu partout dans la province. Soit \u00e0 travers artsnb, nos partenaires ou autres ! Voici quelques ateliers et programmes qui ont lieu dans les prochains mois et que vous ne voulez peut-\u00eatre pas manquer !<\/p>\n","protected":false},"author":6,"featured_media":3881,"comment_status":"open","ping_status":"open","sticky":false,"template":"","format":"standard","meta":{"_acf_changed":false,"footnotes":""},"categories":[87],"tags":[],"class_list":["post-3880","post","type-post","status-publish","format-standard","has-post-thumbnail","hentry","category-blogue"],"acf":[],"yoast_head":"<!-- This site is optimized with the Yoast SEO plugin v27.5 - https:\/\/yoast.com\/product\/yoast-seo-wordpress\/ -->\n<title>Ateliers et programmes - automne 2019 - ArtsNB<\/title>\n<meta name=\"robots\" content=\"index, follow, max-snippet:-1, max-image-preview:large, max-video-preview:-1\" \/>\n<link rel=\"canonical\" href=\"https:\/\/artsnb.ca\/web\/2019\/09\/ateliers-et-programmes-automne-2019\/\" \/>\n<meta property=\"og:locale\" content=\"en_US\" \/>\n<meta property=\"og:type\" content=\"article\" \/>\n<meta property=\"og:title\" content=\"Ateliers et programmes - automne 2019 - ArtsNB\" \/>\n<meta property=\"og:description\" content=\"Septembre est enfin arriv\u00e9 et l&#039;\u00e9t\u00e9 approche sa fin. Ceci dit, il y a plusieurs occasions d&#039;apprendre qui ont lieu un peu partout dans la province. Soit \u00e0 travers artsnb, nos partenaires ou autres ! Voici quelques ateliers et programmes qui ont lieu dans les prochains mois et que vous ne voulez peut-\u00eatre pas manquer !\" \/>\n<meta property=\"og:url\" content=\"https:\/\/artsnb.ca\/web\/2019\/09\/ateliers-et-programmes-automne-2019\/?lang=fr\" \/>\n<meta property=\"og:site_name\" content=\"ArtsNB\" \/>\n<meta property=\"article:publisher\" content=\"https:\/\/www.facebook.com\/artsnb\/\" \/>\n<meta property=\"article:published_time\" content=\"2019-09-12T12:42:46+00:00\" \/>\n<meta property=\"article:modified_time\" content=\"2019-12-18T12:39:22+00:00\" \/>\n<meta property=\"og:image\" content=\"https:\/\/artsnb.ca\/web\/wp-content\/uploads\/2019\/09\/fall-leaves_unsplash-1024x415.jpg\" \/>\n\t<meta property=\"og:image:width\" content=\"1024\" \/>\n\t<meta property=\"og:image:height\" content=\"415\" \/>\n\t<meta property=\"og:image:type\" content=\"image\/jpeg\" \/>\n<meta name=\"author\" content=\"R\u00e9anne Cooper\" \/>\n<meta name=\"twitter:card\" content=\"summary_large_image\" \/>\n<meta name=\"twitter:creator\" content=\"@artsnb\" \/>\n<meta name=\"twitter:site\" content=\"@artsnb\" \/>\n<meta name=\"twitter:label1\" content=\"Written by\" \/>\n\t<meta name=\"twitter:data1\" content=\"R\u00e9anne Cooper\" \/>\n\t<meta name=\"twitter:label2\" content=\"Est. reading time\" \/>\n\t<meta name=\"twitter:data2\" content=\"4 minutes\" \/>\n<script type=\"application\/ld+json\" class=\"yoast-schema-graph\">{\"@context\":\"https:\\\/\\\/schema.org\",\"@graph\":[{\"@type\":\"Article\",\"@id\":\"https:\\\/\\\/artsnb.ca\\\/web\\\/2019\\\/09\\\/ateliers-et-programmes-automne-2019\\\/?lang=fr#article\",\"isPartOf\":{\"@id\":\"https:\\\/\\\/artsnb.ca\\\/web\\\/2019\\\/09\\\/ateliers-et-programmes-automne-2019\\\/?lang=fr\"},\"author\":{\"name\":\"R\u00e9anne Cooper\",\"@id\":\"https:\\\/\\\/artsnb.ca\\\/web\\\/#\\\/schema\\\/person\\\/012ecc8a59328615becff4af8bf0c2b9\"},\"headline\":\"Ateliers et programmes &#8211; automne 2019\",\"datePublished\":\"2019-09-12T12:42:46+00:00\",\"dateModified\":\"2019-12-18T12:39:22+00:00\",\"mainEntityOfPage\":{\"@id\":\"https:\\\/\\\/artsnb.ca\\\/web\\\/2019\\\/09\\\/ateliers-et-programmes-automne-2019\\\/?lang=fr\"},\"wordCount\":870,\"commentCount\":0,\"publisher\":{\"@id\":\"https:\\\/\\\/artsnb.ca\\\/web\\\/#organization\"},\"image\":{\"@id\":\"https:\\\/\\\/artsnb.ca\\\/web\\\/2019\\\/09\\\/ateliers-et-programmes-automne-2019\\\/?lang=fr#primaryimage\"},\"thumbnailUrl\":\"https:\\\/\\\/artsnb.ca\\\/web\\\/wp-content\\\/uploads\\\/2019\\\/09\\\/fall-leaves_unsplash.jpg\",\"articleSection\":[\"Blogue\"],\"inLanguage\":\"en-US\",\"potentialAction\":[{\"@type\":\"CommentAction\",\"name\":\"Comment\",\"target\":[\"https:\\\/\\\/artsnb.ca\\\/web\\\/2019\\\/09\\\/ateliers-et-programmes-automne-2019\\\/?lang=fr#respond\"]}]},{\"@type\":\"WebPage\",\"@id\":\"https:\\\/\\\/artsnb.ca\\\/web\\\/2019\\\/09\\\/ateliers-et-programmes-automne-2019\\\/?lang=fr\",\"url\":\"https:\\\/\\\/artsnb.ca\\\/web\\\/2019\\\/09\\\/ateliers-et-programmes-automne-2019\\\/?lang=fr\",\"name\":\"Ateliers et programmes - automne 2019 - ArtsNB\",\"isPartOf\":{\"@id\":\"https:\\\/\\\/artsnb.ca\\\/web\\\/#website\"},\"primaryImageOfPage\":{\"@id\":\"https:\\\/\\\/artsnb.ca\\\/web\\\/2019\\\/09\\\/ateliers-et-programmes-automne-2019\\\/?lang=fr#primaryimage\"},\"image\":{\"@id\":\"https:\\\/\\\/artsnb.ca\\\/web\\\/2019\\\/09\\\/ateliers-et-programmes-automne-2019\\\/?lang=fr#primaryimage\"},\"thumbnailUrl\":\"https:\\\/\\\/artsnb.ca\\\/web\\\/wp-content\\\/uploads\\\/2019\\\/09\\\/fall-leaves_unsplash.jpg\",\"datePublished\":\"2019-09-12T12:42:46+00:00\",\"dateModified\":\"2019-12-18T12:39:22+00:00\",\"breadcrumb\":{\"@id\":\"https:\\\/\\\/artsnb.ca\\\/web\\\/2019\\\/09\\\/ateliers-et-programmes-automne-2019\\\/?lang=fr#breadcrumb\"},\"inLanguage\":\"en-US\",\"potentialAction\":[{\"@type\":\"ReadAction\",\"target\":[\"https:\\\/\\\/artsnb.ca\\\/web\\\/2019\\\/09\\\/ateliers-et-programmes-automne-2019\\\/?lang=fr\"]}]},{\"@type\":\"ImageObject\",\"inLanguage\":\"en-US\",\"@id\":\"https:\\\/\\\/artsnb.ca\\\/web\\\/2019\\\/09\\\/ateliers-et-programmes-automne-2019\\\/?lang=fr#primaryimage\",\"url\":\"https:\\\/\\\/artsnb.ca\\\/web\\\/wp-content\\\/uploads\\\/2019\\\/09\\\/fall-leaves_unsplash.jpg\",\"contentUrl\":\"https:\\\/\\\/artsnb.ca\\\/web\\\/wp-content\\\/uploads\\\/2019\\\/09\\\/fall-leaves_unsplash.jpg\",\"width\":5999,\"height\":2433},{\"@type\":\"BreadcrumbList\",\"@id\":\"https:\\\/\\\/artsnb.ca\\\/web\\\/2019\\\/09\\\/ateliers-et-programmes-automne-2019\\\/?lang=fr#breadcrumb\",\"itemListElement\":[{\"@type\":\"ListItem\",\"position\":1,\"name\":\"Home\",\"item\":\"https:\\\/\\\/artsnb.ca\\\/web\\\/\"},{\"@type\":\"ListItem\",\"position\":2,\"name\":\"All News\",\"item\":\"https:\\\/\\\/artsnb.ca\\\/web\\\/category\\\/news\\\/\"},{\"@type\":\"ListItem\",\"position\":3,\"name\":\"Ateliers et programmes &#8211; automne 2019\"}]},{\"@type\":\"WebSite\",\"@id\":\"https:\\\/\\\/artsnb.ca\\\/web\\\/#website\",\"url\":\"https:\\\/\\\/artsnb.ca\\\/web\\\/\",\"name\":\"ArtsNB\",\"description\":\"EXCELLENCE. PROFESSIONALISM. INNOVATION.\",\"publisher\":{\"@id\":\"https:\\\/\\\/artsnb.ca\\\/web\\\/#organization\"},\"potentialAction\":[{\"@type\":\"SearchAction\",\"target\":{\"@type\":\"EntryPoint\",\"urlTemplate\":\"https:\\\/\\\/artsnb.ca\\\/web\\\/?s={search_term_string}\"},\"query-input\":{\"@type\":\"PropertyValueSpecification\",\"valueRequired\":true,\"valueName\":\"search_term_string\"}}],\"inLanguage\":\"en-US\"},{\"@type\":\"Organization\",\"@id\":\"https:\\\/\\\/artsnb.ca\\\/web\\\/#organization\",\"name\":\"ArtsNB\",\"url\":\"https:\\\/\\\/artsnb.ca\\\/web\\\/\",\"logo\":{\"@type\":\"ImageObject\",\"inLanguage\":\"en-US\",\"@id\":\"https:\\\/\\\/artsnb.ca\\\/web\\\/#\\\/schema\\\/logo\\\/image\\\/\",\"url\":\"https:\\\/\\\/artsnb.ca\\\/web\\\/wp-content\\\/uploads\\\/2024\\\/04\\\/cropped-artsnb-PrimaryLogo-vertical-HiRes-2.jpg\",\"contentUrl\":\"https:\\\/\\\/artsnb.ca\\\/web\\\/wp-content\\\/uploads\\\/2024\\\/04\\\/cropped-artsnb-PrimaryLogo-vertical-HiRes-2.jpg\",\"width\":1698,\"height\":1223,\"caption\":\"ArtsNB\"},\"image\":{\"@id\":\"https:\\\/\\\/artsnb.ca\\\/web\\\/#\\\/schema\\\/logo\\\/image\\\/\"},\"sameAs\":[\"https:\\\/\\\/www.facebook.com\\\/artsnb\\\/\",\"https:\\\/\\\/x.com\\\/artsnb\",\"https:\\\/\\\/www.instagram.com\\\/artsnb\\\/\"]},{\"@type\":\"Person\",\"@id\":\"https:\\\/\\\/artsnb.ca\\\/web\\\/#\\\/schema\\\/person\\\/012ecc8a59328615becff4af8bf0c2b9\",\"name\":\"R\u00e9anne Cooper\",\"image\":{\"@type\":\"ImageObject\",\"inLanguage\":\"en-US\",\"@id\":\"https:\\\/\\\/secure.gravatar.com\\\/avatar\\\/1cb05192fe2229166d3916ce0ac0406517d29a24c32e183e81a0a810836dd14b?s=96&d=mm&r=g\",\"url\":\"https:\\\/\\\/secure.gravatar.com\\\/avatar\\\/1cb05192fe2229166d3916ce0ac0406517d29a24c32e183e81a0a810836dd14b?s=96&d=mm&r=g\",\"contentUrl\":\"https:\\\/\\\/secure.gravatar.com\\\/avatar\\\/1cb05192fe2229166d3916ce0ac0406517d29a24c32e183e81a0a810836dd14b?s=96&d=mm&r=g\",\"caption\":\"R\u00e9anne Cooper\"},\"url\":\"https:\\\/\\\/artsnb.ca\\\/web\\\/author\\\/reanne\\\/\"}]}<\/script>\n<!-- \/ Yoast SEO plugin. -->","yoast_head_json":{"title":"Ateliers et programmes - automne 2019 - ArtsNB","robots":{"index":"index","follow":"follow","max-snippet":"max-snippet:-1","max-image-preview":"max-image-preview:large","max-video-preview":"max-video-preview:-1"},"canonical":"https:\/\/artsnb.ca\/web\/2019\/09\/ateliers-et-programmes-automne-2019\/","og_locale":"en_US","og_type":"article","og_title":"Ateliers et programmes - automne 2019 - ArtsNB","og_description":"Septembre est enfin arriv\u00e9 et l'\u00e9t\u00e9 approche sa fin. Ceci dit, il y a plusieurs occasions d'apprendre qui ont lieu un peu partout dans la province. Soit \u00e0 travers artsnb, nos partenaires ou autres ! Voici quelques ateliers et programmes qui ont lieu dans les prochains mois et que vous ne voulez peut-\u00eatre pas manquer !","og_url":"https:\/\/artsnb.ca\/web\/2019\/09\/ateliers-et-programmes-automne-2019\/?lang=fr","og_site_name":"ArtsNB","article_publisher":"https:\/\/www.facebook.com\/artsnb\/","article_published_time":"2019-09-12T12:42:46+00:00","article_modified_time":"2019-12-18T12:39:22+00:00","og_image":[{"width":1024,"height":415,"url":"https:\/\/artsnb.ca\/web\/wp-content\/uploads\/2019\/09\/fall-leaves_unsplash-1024x415.jpg","type":"image\/jpeg"}],"author":"R\u00e9anne Cooper","twitter_card":"summary_large_image","twitter_creator":"@artsnb","twitter_site":"@artsnb","twitter_misc":{"Written by":"R\u00e9anne Cooper","Est. reading time":"4 minutes"},"schema":{"@context":"https:\/\/schema.org","@graph":[{"@type":"Article","@id":"https:\/\/artsnb.ca\/web\/2019\/09\/ateliers-et-programmes-automne-2019\/?lang=fr#article","isPartOf":{"@id":"https:\/\/artsnb.ca\/web\/2019\/09\/ateliers-et-programmes-automne-2019\/?lang=fr"},"author":{"name":"R\u00e9anne Cooper","@id":"https:\/\/artsnb.ca\/web\/#\/schema\/person\/012ecc8a59328615becff4af8bf0c2b9"},"headline":"Ateliers et programmes &#8211; automne 2019","datePublished":"2019-09-12T12:42:46+00:00","dateModified":"2019-12-18T12:39:22+00:00","mainEntityOfPage":{"@id":"https:\/\/artsnb.ca\/web\/2019\/09\/ateliers-et-programmes-automne-2019\/?lang=fr"},"wordCount":870,"commentCount":0,"publisher":{"@id":"https:\/\/artsnb.ca\/web\/#organization"},"image":{"@id":"https:\/\/artsnb.ca\/web\/2019\/09\/ateliers-et-programmes-automne-2019\/?lang=fr#primaryimage"},"thumbnailUrl":"https:\/\/artsnb.ca\/web\/wp-content\/uploads\/2019\/09\/fall-leaves_unsplash.jpg","articleSection":["Blogue"],"inLanguage":"en-US","potentialAction":[{"@type":"CommentAction","name":"Comment","target":["https:\/\/artsnb.ca\/web\/2019\/09\/ateliers-et-programmes-automne-2019\/?lang=fr#respond"]}]},{"@type":"WebPage","@id":"https:\/\/artsnb.ca\/web\/2019\/09\/ateliers-et-programmes-automne-2019\/?lang=fr","url":"https:\/\/artsnb.ca\/web\/2019\/09\/ateliers-et-programmes-automne-2019\/?lang=fr","name":"Ateliers et programmes - automne 2019 - ArtsNB","isPartOf":{"@id":"https:\/\/artsnb.ca\/web\/#website"},"primaryImageOfPage":{"@id":"https:\/\/artsnb.ca\/web\/2019\/09\/ateliers-et-programmes-automne-2019\/?lang=fr#primaryimage"},"image":{"@id":"https:\/\/artsnb.ca\/web\/2019\/09\/ateliers-et-programmes-automne-2019\/?lang=fr#primaryimage"},"thumbnailUrl":"https:\/\/artsnb.ca\/web\/wp-content\/uploads\/2019\/09\/fall-leaves_unsplash.jpg","datePublished":"2019-09-12T12:42:46+00:00","dateModified":"2019-12-18T12:39:22+00:00","breadcrumb":{"@id":"https:\/\/artsnb.ca\/web\/2019\/09\/ateliers-et-programmes-automne-2019\/?lang=fr#breadcrumb"},"inLanguage":"en-US","potentialAction":[{"@type":"ReadAction","target":["https:\/\/artsnb.ca\/web\/2019\/09\/ateliers-et-programmes-automne-2019\/?lang=fr"]}]},{"@type":"ImageObject","inLanguage":"en-US","@id":"https:\/\/artsnb.ca\/web\/2019\/09\/ateliers-et-programmes-automne-2019\/?lang=fr#primaryimage","url":"https:\/\/artsnb.ca\/web\/wp-content\/uploads\/2019\/09\/fall-leaves_unsplash.jpg","contentUrl":"https:\/\/artsnb.ca\/web\/wp-content\/uploads\/2019\/09\/fall-leaves_unsplash.jpg","width":5999,"height":2433},{"@type":"BreadcrumbList","@id":"https:\/\/artsnb.ca\/web\/2019\/09\/ateliers-et-programmes-automne-2019\/?lang=fr#breadcrumb","itemListElement":[{"@type":"ListItem","position":1,"name":"Home","item":"https:\/\/artsnb.ca\/web\/"},{"@type":"ListItem","position":2,"name":"All News","item":"https:\/\/artsnb.ca\/web\/category\/news\/"},{"@type":"ListItem","position":3,"name":"Ateliers et programmes &#8211; automne 2019"}]},{"@type":"WebSite","@id":"https:\/\/artsnb.ca\/web\/#website","url":"https:\/\/artsnb.ca\/web\/","name":"ArtsNB","description":"EXCELLENCE. PROFESSIONALISM. INNOVATION.","publisher":{"@id":"https:\/\/artsnb.ca\/web\/#organization"},"potentialAction":[{"@type":"SearchAction","target":{"@type":"EntryPoint","urlTemplate":"https:\/\/artsnb.ca\/web\/?s={search_term_string}"},"query-input":{"@type":"PropertyValueSpecification","valueRequired":true,"valueName":"search_term_string"}}],"inLanguage":"en-US"},{"@type":"Organization","@id":"https:\/\/artsnb.ca\/web\/#organization","name":"ArtsNB","url":"https:\/\/artsnb.ca\/web\/","logo":{"@type":"ImageObject","inLanguage":"en-US","@id":"https:\/\/artsnb.ca\/web\/#\/schema\/logo\/image\/","url":"https:\/\/artsnb.ca\/web\/wp-content\/uploads\/2024\/04\/cropped-artsnb-PrimaryLogo-vertical-HiRes-2.jpg","contentUrl":"https:\/\/artsnb.ca\/web\/wp-content\/uploads\/2024\/04\/cropped-artsnb-PrimaryLogo-vertical-HiRes-2.jpg","width":1698,"height":1223,"caption":"ArtsNB"},"image":{"@id":"https:\/\/artsnb.ca\/web\/#\/schema\/logo\/image\/"},"sameAs":["https:\/\/www.facebook.com\/artsnb\/","https:\/\/x.com\/artsnb","https:\/\/www.instagram.com\/artsnb\/"]},{"@type":"Person","@id":"https:\/\/artsnb.ca\/web\/#\/schema\/person\/012ecc8a59328615becff4af8bf0c2b9","name":"R\u00e9anne Cooper","image":{"@type":"ImageObject","inLanguage":"en-US","@id":"https:\/\/secure.gravatar.com\/avatar\/1cb05192fe2229166d3916ce0ac0406517d29a24c32e183e81a0a810836dd14b?s=96&d=mm&r=g","url":"https:\/\/secure.gravatar.com\/avatar\/1cb05192fe2229166d3916ce0ac0406517d29a24c32e183e81a0a810836dd14b?s=96&d=mm&r=g","contentUrl":"https:\/\/secure.gravatar.com\/avatar\/1cb05192fe2229166d3916ce0ac0406517d29a24c32e183e81a0a810836dd14b?s=96&d=mm&r=g","caption":"R\u00e9anne Cooper"},"url":"https:\/\/artsnb.ca\/web\/author\/reanne\/"}]}},"_links":{"self":[{"href":"https:\/\/artsnb.ca\/web\/wp-json\/wp\/v2\/posts\/3880","targetHints":{"allow":["GET"]}}],"collection":[{"href":"https:\/\/artsnb.ca\/web\/wp-json\/wp\/v2\/posts"}],"about":[{"href":"https:\/\/artsnb.ca\/web\/wp-json\/wp\/v2\/types\/post"}],"author":[{"embeddable":true,"href":"https:\/\/artsnb.ca\/web\/wp-json\/wp\/v2\/users\/6"}],"replies":[{"embeddable":true,"href":"https:\/\/artsnb.ca\/web\/wp-json\/wp\/v2\/comments?post=3880"}],"version-history":[{"count":1,"href":"https:\/\/artsnb.ca\/web\/wp-json\/wp\/v2\/posts\/3880\/revisions"}],"predecessor-version":[{"id":3883,"href":"https:\/\/artsnb.ca\/web\/wp-json\/wp\/v2\/posts\/3880\/revisions\/3883"}],"wp:featuredmedia":[{"embeddable":true,"href":"https:\/\/artsnb.ca\/web\/wp-json\/wp\/v2\/media\/3881"}],"wp:attachment":[{"href":"https:\/\/artsnb.ca\/web\/wp-json\/wp\/v2\/media?parent=3880"}],"wp:term":[{"taxonomy":"category","embeddable":true,"href":"https:\/\/artsnb.ca\/web\/wp-json\/wp\/v2\/categories?post=3880"},{"taxonomy":"post_tag","embeddable":true,"href":"https:\/\/artsnb.ca\/web\/wp-json\/wp\/v2\/tags?post=3880"}],"curies":[{"name":"wp","href":"https:\/\/api.w.org\/{rel}","templated":true}]}}