{"id":4258,"date":"2019-10-07T14:48:32","date_gmt":"2019-10-07T14:48:32","guid":{"rendered":"https:\/\/staging-artsnb.weavercrawford.com\/?p=4258"},"modified":"2019-10-17T14:50:44","modified_gmt":"2019-10-17T14:50:44","slug":"artsnb-annonce-les-laureats-pour-les-prix-du-lieutenant-gouverneur-pour-lexcellence-dans-les-arts-2019","status":"publish","type":"post","link":"https:\/\/artsnb.ca\/web\/2019\/10\/artsnb-annonce-les-laureats-pour-les-prix-du-lieutenant-gouverneur-pour-lexcellence-dans-les-arts-2019\/?lang=fr","title":{"rendered":"artsnb annonce les laur\u00e9ats pour les Prix du Lieutenant-gouverneur pour l\u2019excellence dans les arts 2019"},"content":{"rendered":"\n<p>(Fredericton, le 7 octobre 2019) \u2013 Le Conseil des arts du Nouveau-Brunswick (artsnb) est heureux d\u2019annoncer les laur\u00e9ats des Prix du Lieutenant-gouverneur pour l&#8217;excellence dans les arts. Ces prix reconnaissent et c\u00e9l\u00e8brent les artistes et \u00e9crivains remarquables du Nouveau-Brunswick, qui se sont distingu\u00e9s par l&#8217;excellence de leurs r\u00e9alisations et leur contribution aux arts dans la province.<\/p>\n\n\n\n<p>Consultez le communiqu\u00e9 de presse en entier <a href=\"https:\/\/mailchi.mp\/7a15a412c727\/lga-press-release-communiqu-de-presse-plg\">ici<\/a>. <\/p>\n","protected":false},"excerpt":{"rendered":"<p>(Fredericton, le 7 octobre 2019) \u2013 Le Conseil des arts du Nouveau-Brunswick (artsnb) est heureux d\u2019annoncer les laur\u00e9ats des Prix du Lieutenant-gouverneur pour l&#8217;excellence dans les arts.<\/p>\n","protected":false},"author":6,"featured_media":4236,"comment_status":"open","ping_status":"open","sticky":false,"template":"","format":"standard","meta":{"_acf_changed":false,"footnotes":""},"categories":[60,53],"tags":[],"class_list":["post-4258","post","type-post","status-publish","format-standard","has-post-thumbnail","hentry","category-communiques-de-presse","category-nouvelles"],"acf":[],"yoast_head":"<!-- This site is optimized with the Yoast SEO plugin v27.4 - https:\/\/yoast.com\/product\/yoast-seo-wordpress\/ -->\n<title>artsnb annonce les laur\u00e9ats pour les Prix du Lieutenant-gouverneur pour l\u2019excellence dans les arts 2019 - ArtsNB<\/title>\n<meta name=\"robots\" content=\"index, follow, max-snippet:-1, max-image-preview:large, max-video-preview:-1\" \/>\n<link rel=\"canonical\" href=\"https:\/\/artsnb.ca\/web\/2019\/10\/artsnb-annonce-les-laureats-pour-les-prix-du-lieutenant-gouverneur-pour-lexcellence-dans-les-arts-2019\/\" \/>\n<meta property=\"og:locale\" content=\"en_US\" \/>\n<meta property=\"og:type\" content=\"article\" \/>\n<meta property=\"og:title\" content=\"artsnb annonce les laur\u00e9ats pour les Prix du Lieutenant-gouverneur pour l\u2019excellence dans les arts 2019 - ArtsNB\" \/>\n<meta property=\"og:description\" content=\"(Fredericton, le 7 octobre 2019) \u2013 Le Conseil des arts du Nouveau-Brunswick (artsnb) est heureux d\u2019annoncer les laur\u00e9ats des Prix du Lieutenant-gouverneur pour l&#039;excellence dans les arts.\" \/>\n<meta property=\"og:url\" content=\"https:\/\/artsnb.ca\/web\/2019\/10\/artsnb-annonce-les-laureats-pour-les-prix-du-lieutenant-gouverneur-pour-lexcellence-dans-les-arts-2019\/?lang=fr\" \/>\n<meta property=\"og:site_name\" content=\"ArtsNB\" \/>\n<meta property=\"article:publisher\" content=\"https:\/\/www.facebook.com\/artsnb\/\" \/>\n<meta property=\"article:published_time\" content=\"2019-10-07T14:48:32+00:00\" \/>\n<meta property=\"article:modified_time\" content=\"2019-10-17T14:50:44+00:00\" \/>\n<meta property=\"og:image\" content=\"https:\/\/artsnb.ca\/web\/wp-content\/uploads\/2019\/10\/3-laureates-website-2_horizontal_press.jpg\" \/>\n\t<meta property=\"og:image:width\" content=\"1957\" \/>\n\t<meta property=\"og:image:height\" content=\"939\" \/>\n\t<meta property=\"og:image:type\" content=\"image\/jpeg\" \/>\n<meta name=\"author\" content=\"R\u00e9anne Cooper\" \/>\n<meta name=\"twitter:card\" content=\"summary_large_image\" \/>\n<meta name=\"twitter:creator\" content=\"@artsnb\" \/>\n<meta name=\"twitter:site\" content=\"@artsnb\" \/>\n<meta name=\"twitter:label1\" content=\"Written by\" \/>\n\t<meta name=\"twitter:data1\" content=\"R\u00e9anne Cooper\" \/>\n<script type=\"application\/ld+json\" class=\"yoast-schema-graph\">{\"@context\":\"https:\\\/\\\/schema.org\",\"@graph\":[{\"@type\":\"Article\",\"@id\":\"https:\\\/\\\/artsnb.ca\\\/web\\\/2019\\\/10\\\/artsnb-annonce-les-laureats-pour-les-prix-du-lieutenant-gouverneur-pour-lexcellence-dans-les-arts-2019\\\/?lang=fr#article\",\"isPartOf\":{\"@id\":\"https:\\\/\\\/artsnb.ca\\\/web\\\/2019\\\/10\\\/artsnb-annonce-les-laureats-pour-les-prix-du-lieutenant-gouverneur-pour-lexcellence-dans-les-arts-2019\\\/?lang=fr\"},\"author\":{\"name\":\"R\u00e9anne Cooper\",\"@id\":\"https:\\\/\\\/artsnb.ca\\\/web\\\/#\\\/schema\\\/person\\\/012ecc8a59328615becff4af8bf0c2b9\"},\"headline\":\"artsnb annonce les laur\u00e9ats pour les Prix du Lieutenant-gouverneur pour l\u2019excellence dans les arts 2019\",\"datePublished\":\"2019-10-07T14:48:32+00:00\",\"dateModified\":\"2019-10-17T14:50:44+00:00\",\"mainEntityOfPage\":{\"@id\":\"https:\\\/\\\/artsnb.ca\\\/web\\\/2019\\\/10\\\/artsnb-annonce-les-laureats-pour-les-prix-du-lieutenant-gouverneur-pour-lexcellence-dans-les-arts-2019\\\/?lang=fr\"},\"wordCount\":85,\"commentCount\":0,\"publisher\":{\"@id\":\"https:\\\/\\\/artsnb.ca\\\/web\\\/#organization\"},\"image\":{\"@id\":\"https:\\\/\\\/artsnb.ca\\\/web\\\/2019\\\/10\\\/artsnb-annonce-les-laureats-pour-les-prix-du-lieutenant-gouverneur-pour-lexcellence-dans-les-arts-2019\\\/?lang=fr#primaryimage\"},\"thumbnailUrl\":\"https:\\\/\\\/artsnb.ca\\\/web\\\/wp-content\\\/uploads\\\/2019\\\/10\\\/3-laureates-website-2_horizontal_press.jpg\",\"articleSection\":[\"Communiqu\u00e9s de presse\",\"Toutes les Nouvelles\"],\"inLanguage\":\"en-US\",\"potentialAction\":[{\"@type\":\"CommentAction\",\"name\":\"Comment\",\"target\":[\"https:\\\/\\\/artsnb.ca\\\/web\\\/2019\\\/10\\\/artsnb-annonce-les-laureats-pour-les-prix-du-lieutenant-gouverneur-pour-lexcellence-dans-les-arts-2019\\\/?lang=fr#respond\"]}]},{\"@type\":\"WebPage\",\"@id\":\"https:\\\/\\\/artsnb.ca\\\/web\\\/2019\\\/10\\\/artsnb-annonce-les-laureats-pour-les-prix-du-lieutenant-gouverneur-pour-lexcellence-dans-les-arts-2019\\\/?lang=fr\",\"url\":\"https:\\\/\\\/artsnb.ca\\\/web\\\/2019\\\/10\\\/artsnb-annonce-les-laureats-pour-les-prix-du-lieutenant-gouverneur-pour-lexcellence-dans-les-arts-2019\\\/?lang=fr\",\"name\":\"artsnb annonce les laur\u00e9ats pour les Prix du Lieutenant-gouverneur pour l\u2019excellence dans les arts 2019 - ArtsNB\",\"isPartOf\":{\"@id\":\"https:\\\/\\\/artsnb.ca\\\/web\\\/#website\"},\"primaryImageOfPage\":{\"@id\":\"https:\\\/\\\/artsnb.ca\\\/web\\\/2019\\\/10\\\/artsnb-annonce-les-laureats-pour-les-prix-du-lieutenant-gouverneur-pour-lexcellence-dans-les-arts-2019\\\/?lang=fr#primaryimage\"},\"image\":{\"@id\":\"https:\\\/\\\/artsnb.ca\\\/web\\\/2019\\\/10\\\/artsnb-annonce-les-laureats-pour-les-prix-du-lieutenant-gouverneur-pour-lexcellence-dans-les-arts-2019\\\/?lang=fr#primaryimage\"},\"thumbnailUrl\":\"https:\\\/\\\/artsnb.ca\\\/web\\\/wp-content\\\/uploads\\\/2019\\\/10\\\/3-laureates-website-2_horizontal_press.jpg\",\"datePublished\":\"2019-10-07T14:48:32+00:00\",\"dateModified\":\"2019-10-17T14:50:44+00:00\",\"breadcrumb\":{\"@id\":\"https:\\\/\\\/artsnb.ca\\\/web\\\/2019\\\/10\\\/artsnb-annonce-les-laureats-pour-les-prix-du-lieutenant-gouverneur-pour-lexcellence-dans-les-arts-2019\\\/?lang=fr#breadcrumb\"},\"inLanguage\":\"en-US\",\"potentialAction\":[{\"@type\":\"ReadAction\",\"target\":[\"https:\\\/\\\/artsnb.ca\\\/web\\\/2019\\\/10\\\/artsnb-annonce-les-laureats-pour-les-prix-du-lieutenant-gouverneur-pour-lexcellence-dans-les-arts-2019\\\/?lang=fr\"]}]},{\"@type\":\"ImageObject\",\"inLanguage\":\"en-US\",\"@id\":\"https:\\\/\\\/artsnb.ca\\\/web\\\/2019\\\/10\\\/artsnb-annonce-les-laureats-pour-les-prix-du-lieutenant-gouverneur-pour-lexcellence-dans-les-arts-2019\\\/?lang=fr#primaryimage\",\"url\":\"https:\\\/\\\/artsnb.ca\\\/web\\\/wp-content\\\/uploads\\\/2019\\\/10\\\/3-laureates-website-2_horizontal_press.jpg\",\"contentUrl\":\"https:\\\/\\\/artsnb.ca\\\/web\\\/wp-content\\\/uploads\\\/2019\\\/10\\\/3-laureates-website-2_horizontal_press.jpg\",\"width\":1957,\"height\":939},{\"@type\":\"BreadcrumbList\",\"@id\":\"https:\\\/\\\/artsnb.ca\\\/web\\\/2019\\\/10\\\/artsnb-annonce-les-laureats-pour-les-prix-du-lieutenant-gouverneur-pour-lexcellence-dans-les-arts-2019\\\/?lang=fr#breadcrumb\",\"itemListElement\":[{\"@type\":\"ListItem\",\"position\":1,\"name\":\"Home\",\"item\":\"https:\\\/\\\/artsnb.ca\\\/web\\\/\"},{\"@type\":\"ListItem\",\"position\":2,\"name\":\"Press Releases\",\"item\":\"https:\\\/\\\/artsnb.ca\\\/web\\\/category\\\/press-releases\\\/\"},{\"@type\":\"ListItem\",\"position\":3,\"name\":\"artsnb annonce les laur\u00e9ats pour les Prix du Lieutenant-gouverneur pour l\u2019excellence dans les arts 2019\"}]},{\"@type\":\"WebSite\",\"@id\":\"https:\\\/\\\/artsnb.ca\\\/web\\\/#website\",\"url\":\"https:\\\/\\\/artsnb.ca\\\/web\\\/\",\"name\":\"ArtsNB\",\"description\":\"EXCELLENCE. PROFESSIONALISM. INNOVATION.\",\"publisher\":{\"@id\":\"https:\\\/\\\/artsnb.ca\\\/web\\\/#organization\"},\"potentialAction\":[{\"@type\":\"SearchAction\",\"target\":{\"@type\":\"EntryPoint\",\"urlTemplate\":\"https:\\\/\\\/artsnb.ca\\\/web\\\/?s={search_term_string}\"},\"query-input\":{\"@type\":\"PropertyValueSpecification\",\"valueRequired\":true,\"valueName\":\"search_term_string\"}}],\"inLanguage\":\"en-US\"},{\"@type\":\"Organization\",\"@id\":\"https:\\\/\\\/artsnb.ca\\\/web\\\/#organization\",\"name\":\"ArtsNB\",\"url\":\"https:\\\/\\\/artsnb.ca\\\/web\\\/\",\"logo\":{\"@type\":\"ImageObject\",\"inLanguage\":\"en-US\",\"@id\":\"https:\\\/\\\/artsnb.ca\\\/web\\\/#\\\/schema\\\/logo\\\/image\\\/\",\"url\":\"https:\\\/\\\/artsnb.ca\\\/web\\\/wp-content\\\/uploads\\\/2024\\\/04\\\/cropped-artsnb-PrimaryLogo-vertical-HiRes-2.jpg\",\"contentUrl\":\"https:\\\/\\\/artsnb.ca\\\/web\\\/wp-content\\\/uploads\\\/2024\\\/04\\\/cropped-artsnb-PrimaryLogo-vertical-HiRes-2.jpg\",\"width\":1698,\"height\":1223,\"caption\":\"ArtsNB\"},\"image\":{\"@id\":\"https:\\\/\\\/artsnb.ca\\\/web\\\/#\\\/schema\\\/logo\\\/image\\\/\"},\"sameAs\":[\"https:\\\/\\\/www.facebook.com\\\/artsnb\\\/\",\"https:\\\/\\\/x.com\\\/artsnb\",\"https:\\\/\\\/www.instagram.com\\\/artsnb\\\/\"]},{\"@type\":\"Person\",\"@id\":\"https:\\\/\\\/artsnb.ca\\\/web\\\/#\\\/schema\\\/person\\\/012ecc8a59328615becff4af8bf0c2b9\",\"name\":\"R\u00e9anne Cooper\",\"image\":{\"@type\":\"ImageObject\",\"inLanguage\":\"en-US\",\"@id\":\"https:\\\/\\\/secure.gravatar.com\\\/avatar\\\/1cb05192fe2229166d3916ce0ac0406517d29a24c32e183e81a0a810836dd14b?s=96&d=mm&r=g\",\"url\":\"https:\\\/\\\/secure.gravatar.com\\\/avatar\\\/1cb05192fe2229166d3916ce0ac0406517d29a24c32e183e81a0a810836dd14b?s=96&d=mm&r=g\",\"contentUrl\":\"https:\\\/\\\/secure.gravatar.com\\\/avatar\\\/1cb05192fe2229166d3916ce0ac0406517d29a24c32e183e81a0a810836dd14b?s=96&d=mm&r=g\",\"caption\":\"R\u00e9anne Cooper\"},\"url\":\"https:\\\/\\\/artsnb.ca\\\/web\\\/author\\\/reanne\\\/\"}]}<\/script>\n<!-- \/ Yoast SEO plugin. -->","yoast_head_json":{"title":"artsnb annonce les laur\u00e9ats pour les Prix du Lieutenant-gouverneur pour l\u2019excellence dans les arts 2019 - ArtsNB","robots":{"index":"index","follow":"follow","max-snippet":"max-snippet:-1","max-image-preview":"max-image-preview:large","max-video-preview":"max-video-preview:-1"},"canonical":"https:\/\/artsnb.ca\/web\/2019\/10\/artsnb-annonce-les-laureats-pour-les-prix-du-lieutenant-gouverneur-pour-lexcellence-dans-les-arts-2019\/","og_locale":"en_US","og_type":"article","og_title":"artsnb annonce les laur\u00e9ats pour les Prix du Lieutenant-gouverneur pour l\u2019excellence dans les arts 2019 - ArtsNB","og_description":"(Fredericton, le 7 octobre 2019) \u2013 Le Conseil des arts du Nouveau-Brunswick (artsnb) est heureux d\u2019annoncer les laur\u00e9ats des Prix du Lieutenant-gouverneur pour l'excellence dans les arts.","og_url":"https:\/\/artsnb.ca\/web\/2019\/10\/artsnb-annonce-les-laureats-pour-les-prix-du-lieutenant-gouverneur-pour-lexcellence-dans-les-arts-2019\/?lang=fr","og_site_name":"ArtsNB","article_publisher":"https:\/\/www.facebook.com\/artsnb\/","article_published_time":"2019-10-07T14:48:32+00:00","article_modified_time":"2019-10-17T14:50:44+00:00","og_image":[{"width":1957,"height":939,"url":"https:\/\/artsnb.ca\/web\/wp-content\/uploads\/2019\/10\/3-laureates-website-2_horizontal_press.jpg","type":"image\/jpeg"}],"author":"R\u00e9anne Cooper","twitter_card":"summary_large_image","twitter_creator":"@artsnb","twitter_site":"@artsnb","twitter_misc":{"Written by":"R\u00e9anne Cooper"},"schema":{"@context":"https:\/\/schema.org","@graph":[{"@type":"Article","@id":"https:\/\/artsnb.ca\/web\/2019\/10\/artsnb-annonce-les-laureats-pour-les-prix-du-lieutenant-gouverneur-pour-lexcellence-dans-les-arts-2019\/?lang=fr#article","isPartOf":{"@id":"https:\/\/artsnb.ca\/web\/2019\/10\/artsnb-annonce-les-laureats-pour-les-prix-du-lieutenant-gouverneur-pour-lexcellence-dans-les-arts-2019\/?lang=fr"},"author":{"name":"R\u00e9anne Cooper","@id":"https:\/\/artsnb.ca\/web\/#\/schema\/person\/012ecc8a59328615becff4af8bf0c2b9"},"headline":"artsnb annonce les laur\u00e9ats pour les Prix du Lieutenant-gouverneur pour l\u2019excellence dans les arts 2019","datePublished":"2019-10-07T14:48:32+00:00","dateModified":"2019-10-17T14:50:44+00:00","mainEntityOfPage":{"@id":"https:\/\/artsnb.ca\/web\/2019\/10\/artsnb-annonce-les-laureats-pour-les-prix-du-lieutenant-gouverneur-pour-lexcellence-dans-les-arts-2019\/?lang=fr"},"wordCount":85,"commentCount":0,"publisher":{"@id":"https:\/\/artsnb.ca\/web\/#organization"},"image":{"@id":"https:\/\/artsnb.ca\/web\/2019\/10\/artsnb-annonce-les-laureats-pour-les-prix-du-lieutenant-gouverneur-pour-lexcellence-dans-les-arts-2019\/?lang=fr#primaryimage"},"thumbnailUrl":"https:\/\/artsnb.ca\/web\/wp-content\/uploads\/2019\/10\/3-laureates-website-2_horizontal_press.jpg","articleSection":["Communiqu\u00e9s de presse","Toutes les Nouvelles"],"inLanguage":"en-US","potentialAction":[{"@type":"CommentAction","name":"Comment","target":["https:\/\/artsnb.ca\/web\/2019\/10\/artsnb-annonce-les-laureats-pour-les-prix-du-lieutenant-gouverneur-pour-lexcellence-dans-les-arts-2019\/?lang=fr#respond"]}]},{"@type":"WebPage","@id":"https:\/\/artsnb.ca\/web\/2019\/10\/artsnb-annonce-les-laureats-pour-les-prix-du-lieutenant-gouverneur-pour-lexcellence-dans-les-arts-2019\/?lang=fr","url":"https:\/\/artsnb.ca\/web\/2019\/10\/artsnb-annonce-les-laureats-pour-les-prix-du-lieutenant-gouverneur-pour-lexcellence-dans-les-arts-2019\/?lang=fr","name":"artsnb annonce les laur\u00e9ats pour les Prix du Lieutenant-gouverneur pour l\u2019excellence dans les arts 2019 - ArtsNB","isPartOf":{"@id":"https:\/\/artsnb.ca\/web\/#website"},"primaryImageOfPage":{"@id":"https:\/\/artsnb.ca\/web\/2019\/10\/artsnb-annonce-les-laureats-pour-les-prix-du-lieutenant-gouverneur-pour-lexcellence-dans-les-arts-2019\/?lang=fr#primaryimage"},"image":{"@id":"https:\/\/artsnb.ca\/web\/2019\/10\/artsnb-annonce-les-laureats-pour-les-prix-du-lieutenant-gouverneur-pour-lexcellence-dans-les-arts-2019\/?lang=fr#primaryimage"},"thumbnailUrl":"https:\/\/artsnb.ca\/web\/wp-content\/uploads\/2019\/10\/3-laureates-website-2_horizontal_press.jpg","datePublished":"2019-10-07T14:48:32+00:00","dateModified":"2019-10-17T14:50:44+00:00","breadcrumb":{"@id":"https:\/\/artsnb.ca\/web\/2019\/10\/artsnb-annonce-les-laureats-pour-les-prix-du-lieutenant-gouverneur-pour-lexcellence-dans-les-arts-2019\/?lang=fr#breadcrumb"},"inLanguage":"en-US","potentialAction":[{"@type":"ReadAction","target":["https:\/\/artsnb.ca\/web\/2019\/10\/artsnb-annonce-les-laureats-pour-les-prix-du-lieutenant-gouverneur-pour-lexcellence-dans-les-arts-2019\/?lang=fr"]}]},{"@type":"ImageObject","inLanguage":"en-US","@id":"https:\/\/artsnb.ca\/web\/2019\/10\/artsnb-annonce-les-laureats-pour-les-prix-du-lieutenant-gouverneur-pour-lexcellence-dans-les-arts-2019\/?lang=fr#primaryimage","url":"https:\/\/artsnb.ca\/web\/wp-content\/uploads\/2019\/10\/3-laureates-website-2_horizontal_press.jpg","contentUrl":"https:\/\/artsnb.ca\/web\/wp-content\/uploads\/2019\/10\/3-laureates-website-2_horizontal_press.jpg","width":1957,"height":939},{"@type":"BreadcrumbList","@id":"https:\/\/artsnb.ca\/web\/2019\/10\/artsnb-annonce-les-laureats-pour-les-prix-du-lieutenant-gouverneur-pour-lexcellence-dans-les-arts-2019\/?lang=fr#breadcrumb","itemListElement":[{"@type":"ListItem","position":1,"name":"Home","item":"https:\/\/artsnb.ca\/web\/"},{"@type":"ListItem","position":2,"name":"Press Releases","item":"https:\/\/artsnb.ca\/web\/category\/press-releases\/"},{"@type":"ListItem","position":3,"name":"artsnb annonce les laur\u00e9ats pour les Prix du Lieutenant-gouverneur pour l\u2019excellence dans les arts 2019"}]},{"@type":"WebSite","@id":"https:\/\/artsnb.ca\/web\/#website","url":"https:\/\/artsnb.ca\/web\/","name":"ArtsNB","description":"EXCELLENCE. PROFESSIONALISM. INNOVATION.","publisher":{"@id":"https:\/\/artsnb.ca\/web\/#organization"},"potentialAction":[{"@type":"SearchAction","target":{"@type":"EntryPoint","urlTemplate":"https:\/\/artsnb.ca\/web\/?s={search_term_string}"},"query-input":{"@type":"PropertyValueSpecification","valueRequired":true,"valueName":"search_term_string"}}],"inLanguage":"en-US"},{"@type":"Organization","@id":"https:\/\/artsnb.ca\/web\/#organization","name":"ArtsNB","url":"https:\/\/artsnb.ca\/web\/","logo":{"@type":"ImageObject","inLanguage":"en-US","@id":"https:\/\/artsnb.ca\/web\/#\/schema\/logo\/image\/","url":"https:\/\/artsnb.ca\/web\/wp-content\/uploads\/2024\/04\/cropped-artsnb-PrimaryLogo-vertical-HiRes-2.jpg","contentUrl":"https:\/\/artsnb.ca\/web\/wp-content\/uploads\/2024\/04\/cropped-artsnb-PrimaryLogo-vertical-HiRes-2.jpg","width":1698,"height":1223,"caption":"ArtsNB"},"image":{"@id":"https:\/\/artsnb.ca\/web\/#\/schema\/logo\/image\/"},"sameAs":["https:\/\/www.facebook.com\/artsnb\/","https:\/\/x.com\/artsnb","https:\/\/www.instagram.com\/artsnb\/"]},{"@type":"Person","@id":"https:\/\/artsnb.ca\/web\/#\/schema\/person\/012ecc8a59328615becff4af8bf0c2b9","name":"R\u00e9anne Cooper","image":{"@type":"ImageObject","inLanguage":"en-US","@id":"https:\/\/secure.gravatar.com\/avatar\/1cb05192fe2229166d3916ce0ac0406517d29a24c32e183e81a0a810836dd14b?s=96&d=mm&r=g","url":"https:\/\/secure.gravatar.com\/avatar\/1cb05192fe2229166d3916ce0ac0406517d29a24c32e183e81a0a810836dd14b?s=96&d=mm&r=g","contentUrl":"https:\/\/secure.gravatar.com\/avatar\/1cb05192fe2229166d3916ce0ac0406517d29a24c32e183e81a0a810836dd14b?s=96&d=mm&r=g","caption":"R\u00e9anne Cooper"},"url":"https:\/\/artsnb.ca\/web\/author\/reanne\/"}]}},"_links":{"self":[{"href":"https:\/\/artsnb.ca\/web\/wp-json\/wp\/v2\/posts\/4258","targetHints":{"allow":["GET"]}}],"collection":[{"href":"https:\/\/artsnb.ca\/web\/wp-json\/wp\/v2\/posts"}],"about":[{"href":"https:\/\/artsnb.ca\/web\/wp-json\/wp\/v2\/types\/post"}],"author":[{"embeddable":true,"href":"https:\/\/artsnb.ca\/web\/wp-json\/wp\/v2\/users\/6"}],"replies":[{"embeddable":true,"href":"https:\/\/artsnb.ca\/web\/wp-json\/wp\/v2\/comments?post=4258"}],"version-history":[{"count":1,"href":"https:\/\/artsnb.ca\/web\/wp-json\/wp\/v2\/posts\/4258\/revisions"}],"predecessor-version":[{"id":4259,"href":"https:\/\/artsnb.ca\/web\/wp-json\/wp\/v2\/posts\/4258\/revisions\/4259"}],"wp:featuredmedia":[{"embeddable":true,"href":"https:\/\/artsnb.ca\/web\/wp-json\/wp\/v2\/media\/4236"}],"wp:attachment":[{"href":"https:\/\/artsnb.ca\/web\/wp-json\/wp\/v2\/media?parent=4258"}],"wp:term":[{"taxonomy":"category","embeddable":true,"href":"https:\/\/artsnb.ca\/web\/wp-json\/wp\/v2\/categories?post=4258"},{"taxonomy":"post_tag","embeddable":true,"href":"https:\/\/artsnb.ca\/web\/wp-json\/wp\/v2\/tags?post=4258"}],"curies":[{"name":"wp","href":"https:\/\/api.w.org\/{rel}","templated":true}]}}