{"id":6601,"date":"2020-08-25T19:41:29","date_gmt":"2020-08-25T19:41:29","guid":{"rendered":"https:\/\/artsnb.ca\/web\/?p=6601"},"modified":"2020-08-25T19:41:31","modified_gmt":"2020-08-25T19:41:31","slug":"mises-a-jour-concernant-la-reouverture-partielle-et-lassouplissement-des-criteres-de-certains-volets-du-programme-developpement-de-carriere","status":"publish","type":"post","link":"https:\/\/artsnb.ca\/web\/2020\/08\/mises-a-jour-concernant-la-reouverture-partielle-et-lassouplissement-des-criteres-de-certains-volets-du-programme-developpement-de-carriere\/?lang=fr","title":{"rendered":"MISES \u00c0 JOUR CONCERNANT LA R\u00c9OUVERTURE PARTIELLE ET L&#8217;ASSOUPLISSEMENT DES CRIT\u00c8RES DE CERTAINS VOLETS DU PROGRAMME D\u00c9VELOPPEMENT DE CARRI\u00c8RE"},"content":{"rendered":"\n<p><strong>POUR DIFFUSION IMM\u00c9DIATE<\/strong><\/p>\n\n\n\n<p><em>(Fredericton, le 25 ao\u00fbt 2020)<\/em> &#8211; \u00c9tant donn\u00e9 que le gouvernement du Nouveau-Brunswick a annonc\u00e9 le 24 juin que \u00ab d\u00e8s le 3 juillet, les r\u00e9sidents du Canada atlantique sont autoris\u00e9s \u00e0 se rendre \u00e0 Terre-Neuve-et-Labrador, au Nouveau-Brunswick, \u00e0 l\u2019\u00cele-du-Prince-\u00c9douard et en Nouvelle-\u00c9cosse sans devoir s\u2019auto-isoler \u00bb, les demandes de subvention d\u00e9pos\u00e9es \u00e0 artsnb dans tous les programmes peuvent d\u00e9sormais \u00eatre soumises selon les r\u00e9serves suivantes&nbsp;:<\/p>\n\n\n\n<ul class=\"wp-block-list\"><li>Les d\u00e9placements ne sont autoris\u00e9s que dans les provinces atlantiques (N.-B., N.-\u00c9., \u00ce.-P.-\u00c9., T.-N.-L.) depuis le 3 juillet, sujet \u00e0 changement suivants les directives provinciales;<\/li><li>Les b\u00e9n\u00e9ficiaires de subventions doivent respecter les directives relatives au restrictions COVID-19 \u00e9mises par les autorit\u00e9s provinciales, \u00e0 la fois dans leur r\u00e9gion et province d&#8217;origine et \u00e0 leur destination;<\/li><li>Les b\u00e9n\u00e9ficiaires doivent contacter l&#8217;agente de programme si leur \u00e9v\u00e9nement est suspendu, report\u00e9 ou annul\u00e9.<\/li><\/ul>\n\n\n\n<p><strong>D\u00e9veloppement de carri\u00e8re<\/strong><\/p>\n\n\n\n<ul class=\"wp-block-list\"><li>Veuillez noter qu\u2019en r\u00e9ponse \u00e0 la pand\u00e9mie actuelle, les volets<strong> Arts sur invitation<\/strong> et <strong>Artiste en r\u00e9sidence<\/strong> ne sont ouverts que partiellement. Les projets propos\u00e9s doivent respecter les stipulations mentionn\u00e9es ci-haut.<\/li><li>L\u2019assouplissement des crit\u00e8res pour les deux autres volets, <strong>D\u00e9veloppement professionnel<\/strong> et <strong>Professionnalisation &amp; promotion<\/strong>, est toujours en vigueur. Cette mesure a \u00e9t\u00e9 mise en place afin de tenir compte des conditions de travail actuelles impos\u00e9e par la pand\u00e9mie et pour permettre de tirer profit des opportunit\u00e9s de formation en ligne. Les projets \u00e0 pr\u00e9sent admissibles incluent:<\/li><\/ul>\n\n\n\n<ul class=\"wp-block-list\"><li>Formation en ligne li\u00e9e \u00e0 l\u2019adaptation des pratiques artistiques aux nouvelles r\u00e9alit\u00e9s&nbsp;de l\u2019auto-isolement, de l\u2019\u00e9loignement social et des communications via le Web.<\/li><li>D\u00e9penses li\u00e9es au d\u00e9veloppement d\u2019outils num\u00e9riques, tels que l\u2019h\u00e9bergement Web, l\u2019enregistrement de nom de domaine, les frais d\u2019abonnement \u00e0 un compte de vid\u00e9oconf\u00e9rence, etc. jusqu\u2019\u00e0 concurrence d\u2019une ann\u00e9e.<\/li><\/ul>\n\n\n\n<p>Veuillez noter que la date limite pour le programme de <strong>D\u00e9veloppement de carri\u00e8re<\/strong> est le <strong>1<sup>er<\/sup> Septembre<\/strong>. Les candidats int\u00e9ress\u00e9s \u00e0 d\u00e9poser une demande \u00e0 ce programme sont fortement encourag\u00e9s \u00e0 contacter notre agente de programmes pour toutes questions qu&#8217;ils pourraient avoir.<\/p>\n\n\n\n<p><br>Veuillez lire, ci-dessous, le communiqu\u00e9 de presse en version PDF.<\/p>\n\n\n\n<div class=\"wp-block-file\"><a href=\"https:\/\/artsnb.ca\/web\/wp-content\/uploads\/2020\/08\/Update_Atlantic-Bubble-and-relaxation-of-criteria_FR-1.pdf\">Mises \u00e0 jour concernant la r\u00e9ouverture partielle et l&#8217;assouplissement des crit\u00e8res de certains volets du programme D\u00e9veloppement de carri\u00e8re (PDF)<\/a><\/div>\n","protected":false},"excerpt":{"rendered":"<p>POUR DIFFUSION IMM\u00c9DIATE (Fredericton, le 25 ao\u00fbt 2020) &#8211; \u00c9tant donn\u00e9 que le gouvernement du Nouveau-Brunswick a annonc\u00e9 le 24 juin que \u00ab d\u00e8s le 3 juillet, les r\u00e9sidents du Canada atlantique sont autoris\u00e9s \u00e0 se rendre \u00e0 Terre-Neuve-et-Labrador, au Nouveau-Brunswick, \u00e0 l\u2019\u00cele-du-Prince-\u00c9douard et en Nouvelle-\u00c9cosse sans devoir s\u2019auto-isoler \u00bb, les demandes de subvention d\u00e9pos\u00e9es<\/p>\n","protected":false},"author":7,"featured_media":4313,"comment_status":"open","ping_status":"open","sticky":false,"template":"","format":"standard","meta":{"_acf_changed":false,"footnotes":""},"categories":[60,53],"tags":[],"class_list":["post-6601","post","type-post","status-publish","format-standard","has-post-thumbnail","hentry","category-communiques-de-presse","category-nouvelles"],"acf":[],"yoast_head":"<!-- This site is optimized with the Yoast SEO plugin v27.5 - https:\/\/yoast.com\/product\/yoast-seo-wordpress\/ -->\n<title>MISES \u00c0 JOUR CONCERNANT LA R\u00c9OUVERTURE PARTIELLE ET L&#039;ASSOUPLISSEMENT DES CRIT\u00c8RES DE CERTAINS VOLETS DU PROGRAMME D\u00c9VELOPPEMENT DE CARRI\u00c8RE - ArtsNB<\/title>\n<meta name=\"robots\" content=\"index, follow, max-snippet:-1, max-image-preview:large, max-video-preview:-1\" \/>\n<link rel=\"canonical\" href=\"https:\/\/artsnb.ca\/web\/2020\/08\/mises-a-jour-concernant-la-reouverture-partielle-et-lassouplissement-des-criteres-de-certains-volets-du-programme-developpement-de-carriere\/\" \/>\n<meta property=\"og:locale\" content=\"en_US\" \/>\n<meta property=\"og:type\" content=\"article\" \/>\n<meta property=\"og:title\" content=\"MISES \u00c0 JOUR CONCERNANT LA R\u00c9OUVERTURE PARTIELLE ET L&#039;ASSOUPLISSEMENT DES CRIT\u00c8RES DE CERTAINS VOLETS DU PROGRAMME D\u00c9VELOPPEMENT DE CARRI\u00c8RE - ArtsNB\" \/>\n<meta property=\"og:description\" content=\"POUR DIFFUSION IMM\u00c9DIATE (Fredericton, le 25 ao\u00fbt 2020) &#8211; \u00c9tant donn\u00e9 que le gouvernement du Nouveau-Brunswick a annonc\u00e9 le 24 juin que \u00ab d\u00e8s le 3 juillet, les r\u00e9sidents du Canada atlantique sont autoris\u00e9s \u00e0 se rendre \u00e0 Terre-Neuve-et-Labrador, au Nouveau-Brunswick, \u00e0 l\u2019\u00cele-du-Prince-\u00c9douard et en Nouvelle-\u00c9cosse sans devoir s\u2019auto-isoler \u00bb, les demandes de subvention d\u00e9pos\u00e9es\" \/>\n<meta property=\"og:url\" content=\"https:\/\/artsnb.ca\/web\/2020\/08\/mises-a-jour-concernant-la-reouverture-partielle-et-lassouplissement-des-criteres-de-certains-volets-du-programme-developpement-de-carriere\/?lang=fr\" \/>\n<meta property=\"og:site_name\" content=\"ArtsNB\" \/>\n<meta property=\"article:publisher\" content=\"https:\/\/www.facebook.com\/artsnb\/\" \/>\n<meta property=\"article:published_time\" content=\"2020-08-25T19:41:29+00:00\" \/>\n<meta property=\"article:modified_time\" content=\"2020-08-25T19:41:31+00:00\" \/>\n<meta property=\"og:image\" content=\"https:\/\/artsnb.ca\/web\/wp-content\/uploads\/2019\/10\/vertical-red-logo.jpg\" \/>\n\t<meta property=\"og:image:width\" content=\"975\" \/>\n\t<meta property=\"og:image:height\" content=\"780\" \/>\n\t<meta property=\"og:image:type\" content=\"image\/jpeg\" \/>\n<meta name=\"author\" content=\"Audr\u00e9e Hamelin-St-Amour\" \/>\n<meta name=\"twitter:card\" content=\"summary_large_image\" \/>\n<meta name=\"twitter:creator\" content=\"@artsnb\" \/>\n<meta name=\"twitter:site\" content=\"@artsnb\" \/>\n<meta name=\"twitter:label1\" content=\"Written by\" \/>\n\t<meta name=\"twitter:data1\" content=\"Audr\u00e9e Hamelin-St-Amour\" \/>\n\t<meta name=\"twitter:label2\" content=\"Est. reading time\" \/>\n\t<meta name=\"twitter:data2\" content=\"2 minutes\" \/>\n<script type=\"application\/ld+json\" class=\"yoast-schema-graph\">{\"@context\":\"https:\\\/\\\/schema.org\",\"@graph\":[{\"@type\":\"Article\",\"@id\":\"https:\\\/\\\/artsnb.ca\\\/web\\\/2020\\\/08\\\/mises-a-jour-concernant-la-reouverture-partielle-et-lassouplissement-des-criteres-de-certains-volets-du-programme-developpement-de-carriere\\\/?lang=fr#article\",\"isPartOf\":{\"@id\":\"https:\\\/\\\/artsnb.ca\\\/web\\\/2020\\\/08\\\/mises-a-jour-concernant-la-reouverture-partielle-et-lassouplissement-des-criteres-de-certains-volets-du-programme-developpement-de-carriere\\\/?lang=fr\"},\"author\":{\"name\":\"Audr\u00e9e Hamelin-St-Amour\",\"@id\":\"https:\\\/\\\/artsnb.ca\\\/web\\\/#\\\/schema\\\/person\\\/0b27fd6d6a25d6f2ea4aec5ed5875733\"},\"headline\":\"MISES \u00c0 JOUR CONCERNANT LA R\u00c9OUVERTURE PARTIELLE ET L&#8217;ASSOUPLISSEMENT DES CRIT\u00c8RES DE CERTAINS VOLETS DU PROGRAMME D\u00c9VELOPPEMENT DE CARRI\u00c8RE\",\"datePublished\":\"2020-08-25T19:41:29+00:00\",\"dateModified\":\"2020-08-25T19:41:31+00:00\",\"mainEntityOfPage\":{\"@id\":\"https:\\\/\\\/artsnb.ca\\\/web\\\/2020\\\/08\\\/mises-a-jour-concernant-la-reouverture-partielle-et-lassouplissement-des-criteres-de-certains-volets-du-programme-developpement-de-carriere\\\/?lang=fr\"},\"wordCount\":430,\"commentCount\":0,\"publisher\":{\"@id\":\"https:\\\/\\\/artsnb.ca\\\/web\\\/#organization\"},\"image\":{\"@id\":\"https:\\\/\\\/artsnb.ca\\\/web\\\/2020\\\/08\\\/mises-a-jour-concernant-la-reouverture-partielle-et-lassouplissement-des-criteres-de-certains-volets-du-programme-developpement-de-carriere\\\/?lang=fr#primaryimage\"},\"thumbnailUrl\":\"https:\\\/\\\/artsnb.ca\\\/web\\\/wp-content\\\/uploads\\\/2019\\\/10\\\/vertical-red-logo.jpg\",\"articleSection\":[\"Communiqu\u00e9s de presse\",\"Toutes les Nouvelles\"],\"inLanguage\":\"en-US\",\"potentialAction\":[{\"@type\":\"CommentAction\",\"name\":\"Comment\",\"target\":[\"https:\\\/\\\/artsnb.ca\\\/web\\\/2020\\\/08\\\/mises-a-jour-concernant-la-reouverture-partielle-et-lassouplissement-des-criteres-de-certains-volets-du-programme-developpement-de-carriere\\\/?lang=fr#respond\"]}]},{\"@type\":\"WebPage\",\"@id\":\"https:\\\/\\\/artsnb.ca\\\/web\\\/2020\\\/08\\\/mises-a-jour-concernant-la-reouverture-partielle-et-lassouplissement-des-criteres-de-certains-volets-du-programme-developpement-de-carriere\\\/?lang=fr\",\"url\":\"https:\\\/\\\/artsnb.ca\\\/web\\\/2020\\\/08\\\/mises-a-jour-concernant-la-reouverture-partielle-et-lassouplissement-des-criteres-de-certains-volets-du-programme-developpement-de-carriere\\\/?lang=fr\",\"name\":\"MISES \u00c0 JOUR CONCERNANT LA R\u00c9OUVERTURE PARTIELLE ET L'ASSOUPLISSEMENT DES CRIT\u00c8RES DE CERTAINS VOLETS DU PROGRAMME D\u00c9VELOPPEMENT DE CARRI\u00c8RE - ArtsNB\",\"isPartOf\":{\"@id\":\"https:\\\/\\\/artsnb.ca\\\/web\\\/#website\"},\"primaryImageOfPage\":{\"@id\":\"https:\\\/\\\/artsnb.ca\\\/web\\\/2020\\\/08\\\/mises-a-jour-concernant-la-reouverture-partielle-et-lassouplissement-des-criteres-de-certains-volets-du-programme-developpement-de-carriere\\\/?lang=fr#primaryimage\"},\"image\":{\"@id\":\"https:\\\/\\\/artsnb.ca\\\/web\\\/2020\\\/08\\\/mises-a-jour-concernant-la-reouverture-partielle-et-lassouplissement-des-criteres-de-certains-volets-du-programme-developpement-de-carriere\\\/?lang=fr#primaryimage\"},\"thumbnailUrl\":\"https:\\\/\\\/artsnb.ca\\\/web\\\/wp-content\\\/uploads\\\/2019\\\/10\\\/vertical-red-logo.jpg\",\"datePublished\":\"2020-08-25T19:41:29+00:00\",\"dateModified\":\"2020-08-25T19:41:31+00:00\",\"breadcrumb\":{\"@id\":\"https:\\\/\\\/artsnb.ca\\\/web\\\/2020\\\/08\\\/mises-a-jour-concernant-la-reouverture-partielle-et-lassouplissement-des-criteres-de-certains-volets-du-programme-developpement-de-carriere\\\/?lang=fr#breadcrumb\"},\"inLanguage\":\"en-US\",\"potentialAction\":[{\"@type\":\"ReadAction\",\"target\":[\"https:\\\/\\\/artsnb.ca\\\/web\\\/2020\\\/08\\\/mises-a-jour-concernant-la-reouverture-partielle-et-lassouplissement-des-criteres-de-certains-volets-du-programme-developpement-de-carriere\\\/?lang=fr\"]}]},{\"@type\":\"ImageObject\",\"inLanguage\":\"en-US\",\"@id\":\"https:\\\/\\\/artsnb.ca\\\/web\\\/2020\\\/08\\\/mises-a-jour-concernant-la-reouverture-partielle-et-lassouplissement-des-criteres-de-certains-volets-du-programme-developpement-de-carriere\\\/?lang=fr#primaryimage\",\"url\":\"https:\\\/\\\/artsnb.ca\\\/web\\\/wp-content\\\/uploads\\\/2019\\\/10\\\/vertical-red-logo.jpg\",\"contentUrl\":\"https:\\\/\\\/artsnb.ca\\\/web\\\/wp-content\\\/uploads\\\/2019\\\/10\\\/vertical-red-logo.jpg\",\"width\":975,\"height\":780},{\"@type\":\"BreadcrumbList\",\"@id\":\"https:\\\/\\\/artsnb.ca\\\/web\\\/2020\\\/08\\\/mises-a-jour-concernant-la-reouverture-partielle-et-lassouplissement-des-criteres-de-certains-volets-du-programme-developpement-de-carriere\\\/?lang=fr#breadcrumb\",\"itemListElement\":[{\"@type\":\"ListItem\",\"position\":1,\"name\":\"Home\",\"item\":\"https:\\\/\\\/artsnb.ca\\\/web\\\/\"},{\"@type\":\"ListItem\",\"position\":2,\"name\":\"All News\",\"item\":\"https:\\\/\\\/artsnb.ca\\\/web\\\/category\\\/news\\\/\"},{\"@type\":\"ListItem\",\"position\":3,\"name\":\"MISES \u00c0 JOUR CONCERNANT LA R\u00c9OUVERTURE PARTIELLE ET L&#8217;ASSOUPLISSEMENT DES CRIT\u00c8RES DE CERTAINS VOLETS DU PROGRAMME D\u00c9VELOPPEMENT DE CARRI\u00c8RE\"}]},{\"@type\":\"WebSite\",\"@id\":\"https:\\\/\\\/artsnb.ca\\\/web\\\/#website\",\"url\":\"https:\\\/\\\/artsnb.ca\\\/web\\\/\",\"name\":\"ArtsNB\",\"description\":\"EXCELLENCE. PROFESSIONALISM. INNOVATION.\",\"publisher\":{\"@id\":\"https:\\\/\\\/artsnb.ca\\\/web\\\/#organization\"},\"potentialAction\":[{\"@type\":\"SearchAction\",\"target\":{\"@type\":\"EntryPoint\",\"urlTemplate\":\"https:\\\/\\\/artsnb.ca\\\/web\\\/?s={search_term_string}\"},\"query-input\":{\"@type\":\"PropertyValueSpecification\",\"valueRequired\":true,\"valueName\":\"search_term_string\"}}],\"inLanguage\":\"en-US\"},{\"@type\":\"Organization\",\"@id\":\"https:\\\/\\\/artsnb.ca\\\/web\\\/#organization\",\"name\":\"ArtsNB\",\"url\":\"https:\\\/\\\/artsnb.ca\\\/web\\\/\",\"logo\":{\"@type\":\"ImageObject\",\"inLanguage\":\"en-US\",\"@id\":\"https:\\\/\\\/artsnb.ca\\\/web\\\/#\\\/schema\\\/logo\\\/image\\\/\",\"url\":\"https:\\\/\\\/artsnb.ca\\\/web\\\/wp-content\\\/uploads\\\/2024\\\/04\\\/cropped-artsnb-PrimaryLogo-vertical-HiRes-2.jpg\",\"contentUrl\":\"https:\\\/\\\/artsnb.ca\\\/web\\\/wp-content\\\/uploads\\\/2024\\\/04\\\/cropped-artsnb-PrimaryLogo-vertical-HiRes-2.jpg\",\"width\":1698,\"height\":1223,\"caption\":\"ArtsNB\"},\"image\":{\"@id\":\"https:\\\/\\\/artsnb.ca\\\/web\\\/#\\\/schema\\\/logo\\\/image\\\/\"},\"sameAs\":[\"https:\\\/\\\/www.facebook.com\\\/artsnb\\\/\",\"https:\\\/\\\/x.com\\\/artsnb\",\"https:\\\/\\\/www.instagram.com\\\/artsnb\\\/\"]},{\"@type\":\"Person\",\"@id\":\"https:\\\/\\\/artsnb.ca\\\/web\\\/#\\\/schema\\\/person\\\/0b27fd6d6a25d6f2ea4aec5ed5875733\",\"name\":\"Audr\u00e9e Hamelin-St-Amour\",\"image\":{\"@type\":\"ImageObject\",\"inLanguage\":\"en-US\",\"@id\":\"https:\\\/\\\/secure.gravatar.com\\\/avatar\\\/981b3d9c0acc0d9eb42cca12e20517fd09aaa3096a58675f7249e03c8f119703?s=96&d=mm&r=g\",\"url\":\"https:\\\/\\\/secure.gravatar.com\\\/avatar\\\/981b3d9c0acc0d9eb42cca12e20517fd09aaa3096a58675f7249e03c8f119703?s=96&d=mm&r=g\",\"contentUrl\":\"https:\\\/\\\/secure.gravatar.com\\\/avatar\\\/981b3d9c0acc0d9eb42cca12e20517fd09aaa3096a58675f7249e03c8f119703?s=96&d=mm&r=g\",\"caption\":\"Audr\u00e9e Hamelin-St-Amour\"},\"sameAs\":[\"https:\\\/\\\/artsb.ca\"],\"url\":\"https:\\\/\\\/artsnb.ca\\\/web\\\/author\\\/audree\\\/\"}]}<\/script>\n<!-- \/ Yoast SEO plugin. -->","yoast_head_json":{"title":"MISES \u00c0 JOUR CONCERNANT LA R\u00c9OUVERTURE PARTIELLE ET L'ASSOUPLISSEMENT DES CRIT\u00c8RES DE CERTAINS VOLETS DU PROGRAMME D\u00c9VELOPPEMENT DE CARRI\u00c8RE - ArtsNB","robots":{"index":"index","follow":"follow","max-snippet":"max-snippet:-1","max-image-preview":"max-image-preview:large","max-video-preview":"max-video-preview:-1"},"canonical":"https:\/\/artsnb.ca\/web\/2020\/08\/mises-a-jour-concernant-la-reouverture-partielle-et-lassouplissement-des-criteres-de-certains-volets-du-programme-developpement-de-carriere\/","og_locale":"en_US","og_type":"article","og_title":"MISES \u00c0 JOUR CONCERNANT LA R\u00c9OUVERTURE PARTIELLE ET L'ASSOUPLISSEMENT DES CRIT\u00c8RES DE CERTAINS VOLETS DU PROGRAMME D\u00c9VELOPPEMENT DE CARRI\u00c8RE - ArtsNB","og_description":"POUR DIFFUSION IMM\u00c9DIATE (Fredericton, le 25 ao\u00fbt 2020) &#8211; \u00c9tant donn\u00e9 que le gouvernement du Nouveau-Brunswick a annonc\u00e9 le 24 juin que \u00ab d\u00e8s le 3 juillet, les r\u00e9sidents du Canada atlantique sont autoris\u00e9s \u00e0 se rendre \u00e0 Terre-Neuve-et-Labrador, au Nouveau-Brunswick, \u00e0 l\u2019\u00cele-du-Prince-\u00c9douard et en Nouvelle-\u00c9cosse sans devoir s\u2019auto-isoler \u00bb, les demandes de subvention d\u00e9pos\u00e9es","og_url":"https:\/\/artsnb.ca\/web\/2020\/08\/mises-a-jour-concernant-la-reouverture-partielle-et-lassouplissement-des-criteres-de-certains-volets-du-programme-developpement-de-carriere\/?lang=fr","og_site_name":"ArtsNB","article_publisher":"https:\/\/www.facebook.com\/artsnb\/","article_published_time":"2020-08-25T19:41:29+00:00","article_modified_time":"2020-08-25T19:41:31+00:00","og_image":[{"width":975,"height":780,"url":"https:\/\/artsnb.ca\/web\/wp-content\/uploads\/2019\/10\/vertical-red-logo.jpg","type":"image\/jpeg"}],"author":"Audr\u00e9e Hamelin-St-Amour","twitter_card":"summary_large_image","twitter_creator":"@artsnb","twitter_site":"@artsnb","twitter_misc":{"Written by":"Audr\u00e9e Hamelin-St-Amour","Est. reading time":"2 minutes"},"schema":{"@context":"https:\/\/schema.org","@graph":[{"@type":"Article","@id":"https:\/\/artsnb.ca\/web\/2020\/08\/mises-a-jour-concernant-la-reouverture-partielle-et-lassouplissement-des-criteres-de-certains-volets-du-programme-developpement-de-carriere\/?lang=fr#article","isPartOf":{"@id":"https:\/\/artsnb.ca\/web\/2020\/08\/mises-a-jour-concernant-la-reouverture-partielle-et-lassouplissement-des-criteres-de-certains-volets-du-programme-developpement-de-carriere\/?lang=fr"},"author":{"name":"Audr\u00e9e Hamelin-St-Amour","@id":"https:\/\/artsnb.ca\/web\/#\/schema\/person\/0b27fd6d6a25d6f2ea4aec5ed5875733"},"headline":"MISES \u00c0 JOUR CONCERNANT LA R\u00c9OUVERTURE PARTIELLE ET L&#8217;ASSOUPLISSEMENT DES CRIT\u00c8RES DE CERTAINS VOLETS DU PROGRAMME D\u00c9VELOPPEMENT DE CARRI\u00c8RE","datePublished":"2020-08-25T19:41:29+00:00","dateModified":"2020-08-25T19:41:31+00:00","mainEntityOfPage":{"@id":"https:\/\/artsnb.ca\/web\/2020\/08\/mises-a-jour-concernant-la-reouverture-partielle-et-lassouplissement-des-criteres-de-certains-volets-du-programme-developpement-de-carriere\/?lang=fr"},"wordCount":430,"commentCount":0,"publisher":{"@id":"https:\/\/artsnb.ca\/web\/#organization"},"image":{"@id":"https:\/\/artsnb.ca\/web\/2020\/08\/mises-a-jour-concernant-la-reouverture-partielle-et-lassouplissement-des-criteres-de-certains-volets-du-programme-developpement-de-carriere\/?lang=fr#primaryimage"},"thumbnailUrl":"https:\/\/artsnb.ca\/web\/wp-content\/uploads\/2019\/10\/vertical-red-logo.jpg","articleSection":["Communiqu\u00e9s de presse","Toutes les Nouvelles"],"inLanguage":"en-US","potentialAction":[{"@type":"CommentAction","name":"Comment","target":["https:\/\/artsnb.ca\/web\/2020\/08\/mises-a-jour-concernant-la-reouverture-partielle-et-lassouplissement-des-criteres-de-certains-volets-du-programme-developpement-de-carriere\/?lang=fr#respond"]}]},{"@type":"WebPage","@id":"https:\/\/artsnb.ca\/web\/2020\/08\/mises-a-jour-concernant-la-reouverture-partielle-et-lassouplissement-des-criteres-de-certains-volets-du-programme-developpement-de-carriere\/?lang=fr","url":"https:\/\/artsnb.ca\/web\/2020\/08\/mises-a-jour-concernant-la-reouverture-partielle-et-lassouplissement-des-criteres-de-certains-volets-du-programme-developpement-de-carriere\/?lang=fr","name":"MISES \u00c0 JOUR CONCERNANT LA R\u00c9OUVERTURE PARTIELLE ET L'ASSOUPLISSEMENT DES CRIT\u00c8RES DE CERTAINS VOLETS DU PROGRAMME D\u00c9VELOPPEMENT DE CARRI\u00c8RE - ArtsNB","isPartOf":{"@id":"https:\/\/artsnb.ca\/web\/#website"},"primaryImageOfPage":{"@id":"https:\/\/artsnb.ca\/web\/2020\/08\/mises-a-jour-concernant-la-reouverture-partielle-et-lassouplissement-des-criteres-de-certains-volets-du-programme-developpement-de-carriere\/?lang=fr#primaryimage"},"image":{"@id":"https:\/\/artsnb.ca\/web\/2020\/08\/mises-a-jour-concernant-la-reouverture-partielle-et-lassouplissement-des-criteres-de-certains-volets-du-programme-developpement-de-carriere\/?lang=fr#primaryimage"},"thumbnailUrl":"https:\/\/artsnb.ca\/web\/wp-content\/uploads\/2019\/10\/vertical-red-logo.jpg","datePublished":"2020-08-25T19:41:29+00:00","dateModified":"2020-08-25T19:41:31+00:00","breadcrumb":{"@id":"https:\/\/artsnb.ca\/web\/2020\/08\/mises-a-jour-concernant-la-reouverture-partielle-et-lassouplissement-des-criteres-de-certains-volets-du-programme-developpement-de-carriere\/?lang=fr#breadcrumb"},"inLanguage":"en-US","potentialAction":[{"@type":"ReadAction","target":["https:\/\/artsnb.ca\/web\/2020\/08\/mises-a-jour-concernant-la-reouverture-partielle-et-lassouplissement-des-criteres-de-certains-volets-du-programme-developpement-de-carriere\/?lang=fr"]}]},{"@type":"ImageObject","inLanguage":"en-US","@id":"https:\/\/artsnb.ca\/web\/2020\/08\/mises-a-jour-concernant-la-reouverture-partielle-et-lassouplissement-des-criteres-de-certains-volets-du-programme-developpement-de-carriere\/?lang=fr#primaryimage","url":"https:\/\/artsnb.ca\/web\/wp-content\/uploads\/2019\/10\/vertical-red-logo.jpg","contentUrl":"https:\/\/artsnb.ca\/web\/wp-content\/uploads\/2019\/10\/vertical-red-logo.jpg","width":975,"height":780},{"@type":"BreadcrumbList","@id":"https:\/\/artsnb.ca\/web\/2020\/08\/mises-a-jour-concernant-la-reouverture-partielle-et-lassouplissement-des-criteres-de-certains-volets-du-programme-developpement-de-carriere\/?lang=fr#breadcrumb","itemListElement":[{"@type":"ListItem","position":1,"name":"Home","item":"https:\/\/artsnb.ca\/web\/"},{"@type":"ListItem","position":2,"name":"All News","item":"https:\/\/artsnb.ca\/web\/category\/news\/"},{"@type":"ListItem","position":3,"name":"MISES \u00c0 JOUR CONCERNANT LA R\u00c9OUVERTURE PARTIELLE ET L&#8217;ASSOUPLISSEMENT DES CRIT\u00c8RES DE CERTAINS VOLETS DU PROGRAMME D\u00c9VELOPPEMENT DE CARRI\u00c8RE"}]},{"@type":"WebSite","@id":"https:\/\/artsnb.ca\/web\/#website","url":"https:\/\/artsnb.ca\/web\/","name":"ArtsNB","description":"EXCELLENCE. PROFESSIONALISM. INNOVATION.","publisher":{"@id":"https:\/\/artsnb.ca\/web\/#organization"},"potentialAction":[{"@type":"SearchAction","target":{"@type":"EntryPoint","urlTemplate":"https:\/\/artsnb.ca\/web\/?s={search_term_string}"},"query-input":{"@type":"PropertyValueSpecification","valueRequired":true,"valueName":"search_term_string"}}],"inLanguage":"en-US"},{"@type":"Organization","@id":"https:\/\/artsnb.ca\/web\/#organization","name":"ArtsNB","url":"https:\/\/artsnb.ca\/web\/","logo":{"@type":"ImageObject","inLanguage":"en-US","@id":"https:\/\/artsnb.ca\/web\/#\/schema\/logo\/image\/","url":"https:\/\/artsnb.ca\/web\/wp-content\/uploads\/2024\/04\/cropped-artsnb-PrimaryLogo-vertical-HiRes-2.jpg","contentUrl":"https:\/\/artsnb.ca\/web\/wp-content\/uploads\/2024\/04\/cropped-artsnb-PrimaryLogo-vertical-HiRes-2.jpg","width":1698,"height":1223,"caption":"ArtsNB"},"image":{"@id":"https:\/\/artsnb.ca\/web\/#\/schema\/logo\/image\/"},"sameAs":["https:\/\/www.facebook.com\/artsnb\/","https:\/\/x.com\/artsnb","https:\/\/www.instagram.com\/artsnb\/"]},{"@type":"Person","@id":"https:\/\/artsnb.ca\/web\/#\/schema\/person\/0b27fd6d6a25d6f2ea4aec5ed5875733","name":"Audr\u00e9e Hamelin-St-Amour","image":{"@type":"ImageObject","inLanguage":"en-US","@id":"https:\/\/secure.gravatar.com\/avatar\/981b3d9c0acc0d9eb42cca12e20517fd09aaa3096a58675f7249e03c8f119703?s=96&d=mm&r=g","url":"https:\/\/secure.gravatar.com\/avatar\/981b3d9c0acc0d9eb42cca12e20517fd09aaa3096a58675f7249e03c8f119703?s=96&d=mm&r=g","contentUrl":"https:\/\/secure.gravatar.com\/avatar\/981b3d9c0acc0d9eb42cca12e20517fd09aaa3096a58675f7249e03c8f119703?s=96&d=mm&r=g","caption":"Audr\u00e9e Hamelin-St-Amour"},"sameAs":["https:\/\/artsb.ca"],"url":"https:\/\/artsnb.ca\/web\/author\/audree\/"}]}},"_links":{"self":[{"href":"https:\/\/artsnb.ca\/web\/wp-json\/wp\/v2\/posts\/6601","targetHints":{"allow":["GET"]}}],"collection":[{"href":"https:\/\/artsnb.ca\/web\/wp-json\/wp\/v2\/posts"}],"about":[{"href":"https:\/\/artsnb.ca\/web\/wp-json\/wp\/v2\/types\/post"}],"author":[{"embeddable":true,"href":"https:\/\/artsnb.ca\/web\/wp-json\/wp\/v2\/users\/7"}],"replies":[{"embeddable":true,"href":"https:\/\/artsnb.ca\/web\/wp-json\/wp\/v2\/comments?post=6601"}],"version-history":[{"count":6,"href":"https:\/\/artsnb.ca\/web\/wp-json\/wp\/v2\/posts\/6601\/revisions"}],"predecessor-version":[{"id":6613,"href":"https:\/\/artsnb.ca\/web\/wp-json\/wp\/v2\/posts\/6601\/revisions\/6613"}],"wp:featuredmedia":[{"embeddable":true,"href":"https:\/\/artsnb.ca\/web\/wp-json\/wp\/v2\/media\/4313"}],"wp:attachment":[{"href":"https:\/\/artsnb.ca\/web\/wp-json\/wp\/v2\/media?parent=6601"}],"wp:term":[{"taxonomy":"category","embeddable":true,"href":"https:\/\/artsnb.ca\/web\/wp-json\/wp\/v2\/categories?post=6601"},{"taxonomy":"post_tag","embeddable":true,"href":"https:\/\/artsnb.ca\/web\/wp-json\/wp\/v2\/tags?post=6601"}],"curies":[{"name":"wp","href":"https:\/\/api.w.org\/{rel}","templated":true}]}}