{"id":7037,"date":"2020-11-10T19:39:13","date_gmt":"2020-11-10T19:39:13","guid":{"rendered":"https:\/\/artsnb.ca\/web\/?p=7037"},"modified":"2021-02-16T14:28:35","modified_gmt":"2021-02-16T14:28:35","slug":"artiste-en-vedette-mathieu-laprise","status":"publish","type":"post","link":"https:\/\/artsnb.ca\/web\/2020\/11\/artiste-en-vedette-mathieu-laprise\/?lang=fr","title":{"rendered":"Utukku au Rio Webfest"},"content":{"rendered":"\n<h3 class=\"wp-block-heading\">Artiste en vedette &#8211; Mathieu Laprise<\/h3>\n\n\n\n<p>Lors de mon passage \u00e0 L\u2019inis (l\u2019institut national de l\u2019image et du son) j\u2019ai eu la chance de r\u00e9aliser une webs\u00e9rie de 3&#215;5 minutes nomm\u00e9 \u00ab Utukku \u00bb (sc\u00e9nario d\u2019Edith Kabuya, production Fanny Bissonnette). Cette com\u00e9die d\u2019horreur raconte l\u2019histoire de Vielda, une jeune fille qui d\u00e9cide de se venger de sa pire ennemie. Elle ne r\u00e9alise pas les cons\u00e9quences fatidiques qu\u2019auront ses gestes\u2026 Au menu : intimidation, chamanisme, poup\u00e9e d\u00e9moniaque et vibe des ann\u00e9es 90.<\/p>\n\n\n\n<div class=\"wp-block-image\"><figure class=\"alignright size-large is-resized\"><a href=\"https:\/\/youtu.be\/ABQY-36Cruo\"><img loading=\"lazy\" decoding=\"async\" src=\"https:\/\/artsnb.ca\/web\/wp-content\/uploads\/2020\/11\/Mathieu-Laprise_Image-5.jpg\" alt=\"\" class=\"wp-image-7006\" width=\"207\" height=\"320\" srcset=\"https:\/\/artsnb.ca\/web\/wp-content\/uploads\/2020\/11\/Mathieu-Laprise_Image-5.jpg 414w, https:\/\/artsnb.ca\/web\/wp-content\/uploads\/2020\/11\/Mathieu-Laprise_Image-5-194x300.jpg 194w\" sizes=\"auto, (max-width: 207px) 100vw, 207px\" \/><\/a><figcaption><em><span style=\"color:#848585\" class=\"has-inline-color\">(Cliquez sur l&#8217;image pour visionner!)<\/span><\/em><\/figcaption><\/figure><\/div>\n\n\n\n<p class=\"has-text-align-left\">Notre projet s\u2019est d\u00e9marqu\u00e9\u0301 tant au Canada qu\u2019\u00e0 l\u2019international avec plusieurs s\u00e9lections, de Toronto \u00e0 Votkinsk (Russie), en passant par Bilbao en Espagne. Utukku s\u2019est m\u00e9rit\u00e9 le prix \u00ab&nbsp;Bronze Award&nbsp;\u00bb et \u00ab&nbsp;Student Award&nbsp;\u00bb au DC Web Fest (Washington, D.C.) ainsi que le prix pour &nbsp;\u00ab&nbsp;Best Horror&nbsp;\u00bb au Hollyweb Festival (Hollywood, CA).<\/p>\n\n\n\n<p>Quand j\u2019ai pris connaissance de notre s\u00e9lection au Rio WebFest, au Br\u00e9sil, j\u2019ai instinctivement d\u00e9cid\u00e9 de partir pour Rio de Janeiro. \u00c0 ce moment, je terminais une escale d\u2019un mois en Alberta, dans le cadre de mes fonctions avec le Wapikoni mobile. Cet organisme offre des ateliers de cin\u00e9ma \u00e0 des communaut\u00e9s autochtones. \u00c9tant donn\u00e9 que mon contrat avec Wapikoni se terminait bient\u00f4t, je disposais d&#8217;un peu de temps libre. De plus, la date limite pour les subventions de d\u00e9veloppement de carri\u00e8re \u00e9taient encore atteignables. Peut-\u00eatre que l\u2019id\u00e9e de s\u2019envoler au Br\u00e9sil n\u2019\u00e9tait pas si folle que \u00e7a, apr\u00e8s tout. Heureusement, artsnb \u00e9tait l\u00e0 pour me soutenir dans ma d\u00e9marche. Une semaine apr\u00e8s mon contrat, je m\u2019envolais d\u00e9j\u00e0 pour le Br\u00e9sil. \u00c7a m\u2019a laiss\u00e9 tr\u00e8s peu de temps pour tout organiser, mais j\u2019ai tout de m\u00eame d\u00e9cid\u00e9 d\u2019ajouter, \u00e0 mes frais, quelques semaines d\u2019extra \u00e0 mon voyage, question de voir du pays. Il faut comprendre que pour moi, l\u2019id\u00e9e de voir le Br\u00e9sil ne datait pas d\u2019hier\u2026<\/p>\n\n\n\n<blockquote class=\"wp-block-quote is-style-large is-layout-flow wp-block-quote-is-layout-flow\"><p><em>Le Br\u00e9sil, en dehors de ses belles plages, c\u2019est de l\u2019art, partout, tout le temps. Que ce soit dans la musique omnipr\u00e9sente dans les rues ou dans les murales tatou\u00e9es sur ses murs<\/em>&#8230;<\/p><\/blockquote>\n\n\n\n<div class=\"wp-block-image\"><figure class=\"alignleft size-large is-resized\"><img loading=\"lazy\" decoding=\"async\" src=\"https:\/\/artsnb.ca\/web\/wp-content\/uploads\/2020\/11\/Mathieu-Laprise_Image-1.jpg\" alt=\"\" class=\"wp-image-7008\" width=\"320\" height=\"240\" srcset=\"https:\/\/artsnb.ca\/web\/wp-content\/uploads\/2020\/11\/Mathieu-Laprise_Image-1.jpg 640w, https:\/\/artsnb.ca\/web\/wp-content\/uploads\/2020\/11\/Mathieu-Laprise_Image-1-300x225.jpg 300w\" sizes=\"auto, (max-width: 320px) 100vw, 320px\" \/><figcaption><em><span style=\"color:#848585\" class=\"has-inline-color\">Le Rio Webfest, \u00e0 Barra Tijuca, au Br\u00e9sil.<\/span><\/em><\/figcaption><\/figure><\/div>\n\n\n\n<p>Le Rio Webfest prenait place \u00e0 Barra Tijuca, un quartier qui longe la mer, \u00e0 l\u2019ouest de Rio de Janeiro. J\u2019ai log\u00e9 chez une gentille femme nomm\u00e9e Monica et d\u00e8s nos premiers \u00e9changes sur l&#8217;application Airbnb, j\u2019ai d\u00fb d\u00e9poussi\u00e9rer le peu de portugais que je connaissais gr\u00e2ce \u00e0 Duolingo et la premi\u00e8re saison de \u201c3%\u201d, sur Netflix. \u00c0 quelques minutes de marche de chez elle, j\u2019avais acc\u00e8s \u00e0 la &#8220;Cidade Das Artes\u201d (La cit\u00e9 des arts), le point n\u00e9vralgique du Rio Webfest. Cet \u00e9difice porte bien son nom, avec sa structure de b\u00e9ton futuriste et ses formes douces et sternes \u00e0 la fois. La projection de ma webs\u00e9rie \u00e9tait la premi\u00e8re journ\u00e9e. Ensuite, une panoplie d&#8217;oeuvres m&#8217;ont rempli d\u2019inspiration tout au long des cinq prochaines journ\u00e9es du festival. J\u2019ai eu la chance de rencontrer des cin\u00e9astes d\u2019un peu partout sur la plan\u00e8te et d&#8217;\u00e9changer avec eux sur leur vision artistique, tout en sirotant des caipirinhas, le cocktail par excellence au Br\u00e9sil. Cacha\u00e7a, lime, sucre et boom! J\u2019ai des nouveaux amis et potentiellement de futurs collaborateurs.<\/p>\n\n\n\n<figure class=\"wp-block-image size-large\"><img loading=\"lazy\" decoding=\"async\" width=\"640\" height=\"480\" src=\"https:\/\/artsnb.ca\/web\/wp-content\/uploads\/2020\/11\/Mathieu-Laprise_Image-2.jpg\" alt=\"\" class=\"wp-image-7017\" srcset=\"https:\/\/artsnb.ca\/web\/wp-content\/uploads\/2020\/11\/Mathieu-Laprise_Image-2.jpg 640w, https:\/\/artsnb.ca\/web\/wp-content\/uploads\/2020\/11\/Mathieu-Laprise_Image-2-300x225.jpg 300w\" sizes=\"auto, (max-width: 640px) 100vw, 640px\" \/><figcaption><em><span style=\"color:#848585\" class=\"has-inline-color\">La &#8220;Cidade Das Artes&#8221; (la Cit\u00e9 des arts), le centre du Rio Webfest.<\/span><\/em><\/figcaption><\/figure>\n\n\n\n<p>La soir\u00e9e de la remise des prix, j\u2019\u00e9tais assis en premi\u00e8re rang\u00e9e avec les autres cin\u00e9astes \u00e9trangers. Utukku s\u2019est vue nomin\u00e9e dans quatre cat\u00e9gories, soit Meilleure webs\u00e9rie internationale, Meilleur montage, Meilleure performance f\u00e9minine action\/fiction\/ thriller\/horreur (L\u00e9anne D\u00e9silets) et Meilleure r\u00e9alisation action\/fiction\/thriller\/horreur. M\u00eame si je ne suis pas reparti avec un troph\u00e9e, l\u2019exp\u00e9rience en aura valu la peine et de toute mani\u00e8re, je me serais mal vu continuer mon voyage avec quatre troph\u00e9es dans mon sac \u00e0 dos! Parce que oui, mon exp\u00e9rience n\u2019\u00e9tait pas termin\u00e9e.<\/p>\n\n\n\n<div class=\"wp-block-image\"><figure class=\"alignright size-large is-resized\"><img loading=\"lazy\" decoding=\"async\" src=\"https:\/\/artsnb.ca\/web\/wp-content\/uploads\/2020\/11\/Mathieu-Laprise_Image-3.jpg\" alt=\"\" class=\"wp-image-7019\" width=\"320\" height=\"240\" srcset=\"https:\/\/artsnb.ca\/web\/wp-content\/uploads\/2020\/11\/Mathieu-Laprise_Image-3.jpg 640w, https:\/\/artsnb.ca\/web\/wp-content\/uploads\/2020\/11\/Mathieu-Laprise_Image-3-300x225.jpg 300w\" sizes=\"auto, (max-width: 320px) 100vw, 320px\" \/><figcaption><em><span style=\"color:#888888\" class=\"has-inline-color\">Partout o\u00f9 on regarde, des mouvements comme \u201cEle N\u00e3o\u201d (Lui, Non), cherchent \u00e0 exposer les actions de l\u2019extr\u00eame droite, dirig\u00e9e par Jair Bolsonaro, pr\u00e9sident du Br\u00e9sil. Cela dit, c\u2019est par sa r\u00e9silience que le Br\u00e9sil se d\u00e9marque. C&#8217;est une perle rare pour sa culture, son ambiance, sa population ouverte et chaleureuse mais surtout, sa fibre artistique. C\u2019est une source intarissable d\u2019inspiration pour n\u2019importe quel artiste.<\/span><\/em><\/figcaption><\/figure><\/div>\n\n\n\n<p>Le Br\u00e9sil, en dehors de ses belles plages, c\u2019est de l\u2019art, partout, tout le temps. Que ce soit dans la musique omnipr\u00e9sente dans les rues ou dans les murales tatou\u00e9es sur ses murs, le Br\u00e9sil a su me charmer. Mais comme toute histoire d\u2019amour, on finit par voir de petites failles qui rendent l\u2019exp\u00e9rience plus vraie, plus personnelle. Si on sort un peu des r\u00e9seaux touristiques, on nous invite \u00e0 la vigilance. Par exemple, d\u00e8s ma premi\u00e8re soir\u00e9e \u00e0 S\u00e3o Paulo, j\u2019ai vu un homme prendre un chauffeur de taxi en otage \u00e0 bout de couteau. Durant mes 5 semaines de voyage, la majorit\u00e9 des Br\u00e9silien\/nes, m&#8217;ont admis que le pays \u00e9tait sensible au niveau politique. Partout o\u00f9 on regarde, des mouvements comme \u201cEle N\u00e3o\u201d (Lui, Non), cherchent \u00e0 exposer les actions de l\u2019extr\u00eame droite, dirig\u00e9e par Jair Bolsonaro, pr\u00e9sident du Br\u00e9sil. Cela dit, c\u2019est par sa r\u00e9silience que le Br\u00e9sil se d\u00e9marque. C&#8217;est une perle rare pour sa culture, son ambiance, sa population ouverte et chaleureuse mais surtout, sa fibre artistique. C\u2019est une source intarissable d\u2019inspiration pour n\u2019importe quel artiste. Je retournerai certainement un jour, peut-\u00eatre pour fouler, encore une fois, le sol de la Cidade Das Artes.<\/p>\n\n\n\n<figure class=\"wp-block-image size-large\"><img loading=\"lazy\" decoding=\"async\" width=\"640\" height=\"480\" src=\"https:\/\/artsnb.ca\/web\/wp-content\/uploads\/2020\/11\/Mathieu-Laprise_Image-4.jpg\" alt=\"\" class=\"wp-image-7010\" srcset=\"https:\/\/artsnb.ca\/web\/wp-content\/uploads\/2020\/11\/Mathieu-Laprise_Image-4.jpg 640w, https:\/\/artsnb.ca\/web\/wp-content\/uploads\/2020\/11\/Mathieu-Laprise_Image-4-300x225.jpg 300w\" sizes=\"auto, (max-width: 640px) 100vw, 640px\" \/><\/figure>\n\n\n\n<div class=\"wp-block-group\"><div class=\"wp-block-group__inner-container is-layout-flow wp-block-group-is-layout-flow\">\n<p><span style=\"color:#888888\" class=\"has-inline-color\">Depuis son enfance, Mathieu Laprise gribouille des petits monstres dans ses cahiers de math\u00e9matique, il explore les for\u00eats du Nouveau-Brunswick et capture son r\u00e9el et son imaginaire dans de petites bo\u0131\u0302tes noires. C&#8217;est apr\u00e8s sa participation \u00e0 l&#8217;\u00e9mission \u00abLa Course \u00c9vasion autour du monde\u00bb qu&#8217;il d\u00e9cide de faire carri\u00e8re derri\u00e8re sa cam\u00e9ra. Gr\u00e2ce \u00e0 deux bourses accord\u00e9es par Unis TV, il approfondit ses comp\u00e9tences \u00e0 L\u2019inis. Sa passion pour l\u2018image l\u2019a amen\u00e9 \u00e0 travailler et voyager dans une trentaine de pays, notamment la Jordanie, le Mali et la Colombie. Son travail en t\u00e9l\u00e9vision a \u00e9t\u00e9 diffus\u00e9 sur plusieurs cha\u0131\u0302nes. Il s\u2019est \u00e9galement m\u00e9rit\u00e9 plusieurs prix pour des vid\u00e9oclips, des webs\u00e9ries et des courts-m\u00e9trages.<\/span><\/p>\n\n\n\n<p><span style=\"color:#888888\" class=\"has-inline-color\">INSTAGRAM : www.instagram.com\/click_gotyoursoul<\/span><\/p>\n\n\n\n<p><span style=\"color:#888888\" class=\"has-inline-color\">SITE WEB : matlaprise.myportfolio.com<\/span><\/p>\n\n\n\n<p><span style=\"color:#888888\" class=\"has-inline-color\">COMMANDITAIRES\/PROMOTEURS : L\u2019inis (L&#8217;Institut national de l&#8217;image et du son)<\/span><\/p>\n<\/div><\/div>\n\n\n\n<p><\/p>\n","protected":false},"excerpt":{"rendered":"<p>Artiste en vedette &#8211; Mathieu Laprise Lors de mon passage \u00e0 L\u2019inis (l\u2019institut national de l\u2019image et du son) j\u2019ai eu la chance de r\u00e9aliser une webs\u00e9rie de 3&#215;5 minutes nomm\u00e9 \u00ab Utukku \u00bb (sc\u00e9nario d\u2019Edith Kabuya, production Fanny Bissonnette). Cette com\u00e9die d\u2019horreur raconte l\u2019histoire de Vielda, une jeune fille qui d\u00e9cide de se venger<\/p>\n","protected":false},"author":7,"featured_media":7020,"comment_status":"open","ping_status":"open","sticky":false,"template":"","format":"standard","meta":{"_acf_changed":false,"footnotes":""},"categories":[12,87,2],"tags":[],"class_list":["post-7037","post","type-post","status-publish","format-standard","has-post-thumbnail","hentry","category-en-vedette","category-blogue","category-non-classifiee"],"acf":[],"yoast_head":"<!-- This site is optimized with the Yoast SEO plugin v27.5 - https:\/\/yoast.com\/product\/yoast-seo-wordpress\/ -->\n<title>Utukku au Rio Webfest - ArtsNB<\/title>\n<meta name=\"robots\" content=\"index, follow, max-snippet:-1, max-image-preview:large, max-video-preview:-1\" \/>\n<link rel=\"canonical\" href=\"https:\/\/artsnb.ca\/web\/2020\/11\/artiste-en-vedette-mathieu-laprise\/\" \/>\n<meta property=\"og:locale\" content=\"en_US\" \/>\n<meta property=\"og:type\" content=\"article\" \/>\n<meta property=\"og:title\" content=\"Utukku au Rio Webfest - ArtsNB\" \/>\n<meta property=\"og:description\" content=\"Artiste en vedette &#8211; Mathieu Laprise Lors de mon passage \u00e0 L\u2019inis (l\u2019institut national de l\u2019image et du son) j\u2019ai eu la chance de r\u00e9aliser une webs\u00e9rie de 3&#215;5 minutes nomm\u00e9 \u00ab Utukku \u00bb (sc\u00e9nario d\u2019Edith Kabuya, production Fanny Bissonnette). Cette com\u00e9die d\u2019horreur raconte l\u2019histoire de Vielda, une jeune fille qui d\u00e9cide de se venger\" \/>\n<meta property=\"og:url\" content=\"https:\/\/artsnb.ca\/web\/2020\/11\/artiste-en-vedette-mathieu-laprise\/?lang=fr\" \/>\n<meta property=\"og:site_name\" content=\"ArtsNB\" \/>\n<meta property=\"article:publisher\" content=\"https:\/\/www.facebook.com\/artsnb\/\" \/>\n<meta property=\"article:published_time\" content=\"2020-11-10T19:39:13+00:00\" \/>\n<meta property=\"article:modified_time\" content=\"2021-02-16T14:28:35+00:00\" \/>\n<meta property=\"og:image\" content=\"https:\/\/artsnb.ca\/web\/wp-content\/uploads\/2020\/11\/Mathieu-Laprise_Image-3.jpg\" \/>\n\t<meta property=\"og:image:width\" content=\"640\" \/>\n\t<meta property=\"og:image:height\" content=\"480\" \/>\n\t<meta property=\"og:image:type\" content=\"image\/jpeg\" \/>\n<meta name=\"author\" content=\"Audr\u00e9e Hamelin-St-Amour\" \/>\n<meta name=\"twitter:card\" content=\"summary_large_image\" \/>\n<meta name=\"twitter:creator\" content=\"@artsnb\" \/>\n<meta name=\"twitter:site\" content=\"@artsnb\" \/>\n<meta name=\"twitter:label1\" content=\"Written by\" \/>\n\t<meta name=\"twitter:data1\" content=\"Audr\u00e9e Hamelin-St-Amour\" \/>\n\t<meta name=\"twitter:label2\" content=\"Est. reading time\" \/>\n\t<meta name=\"twitter:data2\" content=\"6 minutes\" \/>\n<script type=\"application\/ld+json\" class=\"yoast-schema-graph\">{\"@context\":\"https:\\\/\\\/schema.org\",\"@graph\":[{\"@type\":\"Article\",\"@id\":\"https:\\\/\\\/artsnb.ca\\\/web\\\/2020\\\/11\\\/artiste-en-vedette-mathieu-laprise\\\/?lang=fr#article\",\"isPartOf\":{\"@id\":\"https:\\\/\\\/artsnb.ca\\\/web\\\/2020\\\/11\\\/artiste-en-vedette-mathieu-laprise\\\/?lang=fr\"},\"author\":{\"name\":\"Audr\u00e9e Hamelin-St-Amour\",\"@id\":\"https:\\\/\\\/artsnb.ca\\\/web\\\/#\\\/schema\\\/person\\\/0b27fd6d6a25d6f2ea4aec5ed5875733\"},\"headline\":\"Utukku au Rio Webfest\",\"datePublished\":\"2020-11-10T19:39:13+00:00\",\"dateModified\":\"2021-02-16T14:28:35+00:00\",\"mainEntityOfPage\":{\"@id\":\"https:\\\/\\\/artsnb.ca\\\/web\\\/2020\\\/11\\\/artiste-en-vedette-mathieu-laprise\\\/?lang=fr\"},\"wordCount\":1197,\"commentCount\":0,\"publisher\":{\"@id\":\"https:\\\/\\\/artsnb.ca\\\/web\\\/#organization\"},\"image\":{\"@id\":\"https:\\\/\\\/artsnb.ca\\\/web\\\/2020\\\/11\\\/artiste-en-vedette-mathieu-laprise\\\/?lang=fr#primaryimage\"},\"thumbnailUrl\":\"https:\\\/\\\/artsnb.ca\\\/web\\\/wp-content\\\/uploads\\\/2020\\\/11\\\/Mathieu-Laprise_Image-3.jpg\",\"articleSection\":[\"Artistes en vedette\",\"Blogue\",\"Non classifi\u00e9(e)\"],\"inLanguage\":\"en-US\",\"potentialAction\":[{\"@type\":\"CommentAction\",\"name\":\"Comment\",\"target\":[\"https:\\\/\\\/artsnb.ca\\\/web\\\/2020\\\/11\\\/artiste-en-vedette-mathieu-laprise\\\/?lang=fr#respond\"]}]},{\"@type\":\"WebPage\",\"@id\":\"https:\\\/\\\/artsnb.ca\\\/web\\\/2020\\\/11\\\/artiste-en-vedette-mathieu-laprise\\\/?lang=fr\",\"url\":\"https:\\\/\\\/artsnb.ca\\\/web\\\/2020\\\/11\\\/artiste-en-vedette-mathieu-laprise\\\/?lang=fr\",\"name\":\"Utukku au Rio Webfest - ArtsNB\",\"isPartOf\":{\"@id\":\"https:\\\/\\\/artsnb.ca\\\/web\\\/#website\"},\"primaryImageOfPage\":{\"@id\":\"https:\\\/\\\/artsnb.ca\\\/web\\\/2020\\\/11\\\/artiste-en-vedette-mathieu-laprise\\\/?lang=fr#primaryimage\"},\"image\":{\"@id\":\"https:\\\/\\\/artsnb.ca\\\/web\\\/2020\\\/11\\\/artiste-en-vedette-mathieu-laprise\\\/?lang=fr#primaryimage\"},\"thumbnailUrl\":\"https:\\\/\\\/artsnb.ca\\\/web\\\/wp-content\\\/uploads\\\/2020\\\/11\\\/Mathieu-Laprise_Image-3.jpg\",\"datePublished\":\"2020-11-10T19:39:13+00:00\",\"dateModified\":\"2021-02-16T14:28:35+00:00\",\"breadcrumb\":{\"@id\":\"https:\\\/\\\/artsnb.ca\\\/web\\\/2020\\\/11\\\/artiste-en-vedette-mathieu-laprise\\\/?lang=fr#breadcrumb\"},\"inLanguage\":\"en-US\",\"potentialAction\":[{\"@type\":\"ReadAction\",\"target\":[\"https:\\\/\\\/artsnb.ca\\\/web\\\/2020\\\/11\\\/artiste-en-vedette-mathieu-laprise\\\/?lang=fr\"]}]},{\"@type\":\"ImageObject\",\"inLanguage\":\"en-US\",\"@id\":\"https:\\\/\\\/artsnb.ca\\\/web\\\/2020\\\/11\\\/artiste-en-vedette-mathieu-laprise\\\/?lang=fr#primaryimage\",\"url\":\"https:\\\/\\\/artsnb.ca\\\/web\\\/wp-content\\\/uploads\\\/2020\\\/11\\\/Mathieu-Laprise_Image-3.jpg\",\"contentUrl\":\"https:\\\/\\\/artsnb.ca\\\/web\\\/wp-content\\\/uploads\\\/2020\\\/11\\\/Mathieu-Laprise_Image-3.jpg\",\"width\":640,\"height\":480},{\"@type\":\"BreadcrumbList\",\"@id\":\"https:\\\/\\\/artsnb.ca\\\/web\\\/2020\\\/11\\\/artiste-en-vedette-mathieu-laprise\\\/?lang=fr#breadcrumb\",\"itemListElement\":[{\"@type\":\"ListItem\",\"position\":1,\"name\":\"Home\",\"item\":\"https:\\\/\\\/artsnb.ca\\\/web\\\/\"},{\"@type\":\"ListItem\",\"position\":2,\"name\":\"Featured Artists\",\"item\":\"https:\\\/\\\/artsnb.ca\\\/web\\\/category\\\/featured\\\/\"},{\"@type\":\"ListItem\",\"position\":3,\"name\":\"Utukku au Rio Webfest\"}]},{\"@type\":\"WebSite\",\"@id\":\"https:\\\/\\\/artsnb.ca\\\/web\\\/#website\",\"url\":\"https:\\\/\\\/artsnb.ca\\\/web\\\/\",\"name\":\"ArtsNB\",\"description\":\"EXCELLENCE. PROFESSIONALISM. INNOVATION.\",\"publisher\":{\"@id\":\"https:\\\/\\\/artsnb.ca\\\/web\\\/#organization\"},\"potentialAction\":[{\"@type\":\"SearchAction\",\"target\":{\"@type\":\"EntryPoint\",\"urlTemplate\":\"https:\\\/\\\/artsnb.ca\\\/web\\\/?s={search_term_string}\"},\"query-input\":{\"@type\":\"PropertyValueSpecification\",\"valueRequired\":true,\"valueName\":\"search_term_string\"}}],\"inLanguage\":\"en-US\"},{\"@type\":\"Organization\",\"@id\":\"https:\\\/\\\/artsnb.ca\\\/web\\\/#organization\",\"name\":\"ArtsNB\",\"url\":\"https:\\\/\\\/artsnb.ca\\\/web\\\/\",\"logo\":{\"@type\":\"ImageObject\",\"inLanguage\":\"en-US\",\"@id\":\"https:\\\/\\\/artsnb.ca\\\/web\\\/#\\\/schema\\\/logo\\\/image\\\/\",\"url\":\"https:\\\/\\\/artsnb.ca\\\/web\\\/wp-content\\\/uploads\\\/2024\\\/04\\\/cropped-artsnb-PrimaryLogo-vertical-HiRes-2.jpg\",\"contentUrl\":\"https:\\\/\\\/artsnb.ca\\\/web\\\/wp-content\\\/uploads\\\/2024\\\/04\\\/cropped-artsnb-PrimaryLogo-vertical-HiRes-2.jpg\",\"width\":1698,\"height\":1223,\"caption\":\"ArtsNB\"},\"image\":{\"@id\":\"https:\\\/\\\/artsnb.ca\\\/web\\\/#\\\/schema\\\/logo\\\/image\\\/\"},\"sameAs\":[\"https:\\\/\\\/www.facebook.com\\\/artsnb\\\/\",\"https:\\\/\\\/x.com\\\/artsnb\",\"https:\\\/\\\/www.instagram.com\\\/artsnb\\\/\"]},{\"@type\":\"Person\",\"@id\":\"https:\\\/\\\/artsnb.ca\\\/web\\\/#\\\/schema\\\/person\\\/0b27fd6d6a25d6f2ea4aec5ed5875733\",\"name\":\"Audr\u00e9e Hamelin-St-Amour\",\"image\":{\"@type\":\"ImageObject\",\"inLanguage\":\"en-US\",\"@id\":\"https:\\\/\\\/secure.gravatar.com\\\/avatar\\\/981b3d9c0acc0d9eb42cca12e20517fd09aaa3096a58675f7249e03c8f119703?s=96&d=mm&r=g\",\"url\":\"https:\\\/\\\/secure.gravatar.com\\\/avatar\\\/981b3d9c0acc0d9eb42cca12e20517fd09aaa3096a58675f7249e03c8f119703?s=96&d=mm&r=g\",\"contentUrl\":\"https:\\\/\\\/secure.gravatar.com\\\/avatar\\\/981b3d9c0acc0d9eb42cca12e20517fd09aaa3096a58675f7249e03c8f119703?s=96&d=mm&r=g\",\"caption\":\"Audr\u00e9e Hamelin-St-Amour\"},\"sameAs\":[\"https:\\\/\\\/artsb.ca\"],\"url\":\"https:\\\/\\\/artsnb.ca\\\/web\\\/author\\\/audree\\\/\"}]}<\/script>\n<!-- \/ Yoast SEO plugin. -->","yoast_head_json":{"title":"Utukku au Rio Webfest - ArtsNB","robots":{"index":"index","follow":"follow","max-snippet":"max-snippet:-1","max-image-preview":"max-image-preview:large","max-video-preview":"max-video-preview:-1"},"canonical":"https:\/\/artsnb.ca\/web\/2020\/11\/artiste-en-vedette-mathieu-laprise\/","og_locale":"en_US","og_type":"article","og_title":"Utukku au Rio Webfest - ArtsNB","og_description":"Artiste en vedette &#8211; Mathieu Laprise Lors de mon passage \u00e0 L\u2019inis (l\u2019institut national de l\u2019image et du son) j\u2019ai eu la chance de r\u00e9aliser une webs\u00e9rie de 3&#215;5 minutes nomm\u00e9 \u00ab Utukku \u00bb (sc\u00e9nario d\u2019Edith Kabuya, production Fanny Bissonnette). Cette com\u00e9die d\u2019horreur raconte l\u2019histoire de Vielda, une jeune fille qui d\u00e9cide de se venger","og_url":"https:\/\/artsnb.ca\/web\/2020\/11\/artiste-en-vedette-mathieu-laprise\/?lang=fr","og_site_name":"ArtsNB","article_publisher":"https:\/\/www.facebook.com\/artsnb\/","article_published_time":"2020-11-10T19:39:13+00:00","article_modified_time":"2021-02-16T14:28:35+00:00","og_image":[{"width":640,"height":480,"url":"https:\/\/artsnb.ca\/web\/wp-content\/uploads\/2020\/11\/Mathieu-Laprise_Image-3.jpg","type":"image\/jpeg"}],"author":"Audr\u00e9e Hamelin-St-Amour","twitter_card":"summary_large_image","twitter_creator":"@artsnb","twitter_site":"@artsnb","twitter_misc":{"Written by":"Audr\u00e9e Hamelin-St-Amour","Est. reading time":"6 minutes"},"schema":{"@context":"https:\/\/schema.org","@graph":[{"@type":"Article","@id":"https:\/\/artsnb.ca\/web\/2020\/11\/artiste-en-vedette-mathieu-laprise\/?lang=fr#article","isPartOf":{"@id":"https:\/\/artsnb.ca\/web\/2020\/11\/artiste-en-vedette-mathieu-laprise\/?lang=fr"},"author":{"name":"Audr\u00e9e Hamelin-St-Amour","@id":"https:\/\/artsnb.ca\/web\/#\/schema\/person\/0b27fd6d6a25d6f2ea4aec5ed5875733"},"headline":"Utukku au Rio Webfest","datePublished":"2020-11-10T19:39:13+00:00","dateModified":"2021-02-16T14:28:35+00:00","mainEntityOfPage":{"@id":"https:\/\/artsnb.ca\/web\/2020\/11\/artiste-en-vedette-mathieu-laprise\/?lang=fr"},"wordCount":1197,"commentCount":0,"publisher":{"@id":"https:\/\/artsnb.ca\/web\/#organization"},"image":{"@id":"https:\/\/artsnb.ca\/web\/2020\/11\/artiste-en-vedette-mathieu-laprise\/?lang=fr#primaryimage"},"thumbnailUrl":"https:\/\/artsnb.ca\/web\/wp-content\/uploads\/2020\/11\/Mathieu-Laprise_Image-3.jpg","articleSection":["Artistes en vedette","Blogue","Non classifi\u00e9(e)"],"inLanguage":"en-US","potentialAction":[{"@type":"CommentAction","name":"Comment","target":["https:\/\/artsnb.ca\/web\/2020\/11\/artiste-en-vedette-mathieu-laprise\/?lang=fr#respond"]}]},{"@type":"WebPage","@id":"https:\/\/artsnb.ca\/web\/2020\/11\/artiste-en-vedette-mathieu-laprise\/?lang=fr","url":"https:\/\/artsnb.ca\/web\/2020\/11\/artiste-en-vedette-mathieu-laprise\/?lang=fr","name":"Utukku au Rio Webfest - ArtsNB","isPartOf":{"@id":"https:\/\/artsnb.ca\/web\/#website"},"primaryImageOfPage":{"@id":"https:\/\/artsnb.ca\/web\/2020\/11\/artiste-en-vedette-mathieu-laprise\/?lang=fr#primaryimage"},"image":{"@id":"https:\/\/artsnb.ca\/web\/2020\/11\/artiste-en-vedette-mathieu-laprise\/?lang=fr#primaryimage"},"thumbnailUrl":"https:\/\/artsnb.ca\/web\/wp-content\/uploads\/2020\/11\/Mathieu-Laprise_Image-3.jpg","datePublished":"2020-11-10T19:39:13+00:00","dateModified":"2021-02-16T14:28:35+00:00","breadcrumb":{"@id":"https:\/\/artsnb.ca\/web\/2020\/11\/artiste-en-vedette-mathieu-laprise\/?lang=fr#breadcrumb"},"inLanguage":"en-US","potentialAction":[{"@type":"ReadAction","target":["https:\/\/artsnb.ca\/web\/2020\/11\/artiste-en-vedette-mathieu-laprise\/?lang=fr"]}]},{"@type":"ImageObject","inLanguage":"en-US","@id":"https:\/\/artsnb.ca\/web\/2020\/11\/artiste-en-vedette-mathieu-laprise\/?lang=fr#primaryimage","url":"https:\/\/artsnb.ca\/web\/wp-content\/uploads\/2020\/11\/Mathieu-Laprise_Image-3.jpg","contentUrl":"https:\/\/artsnb.ca\/web\/wp-content\/uploads\/2020\/11\/Mathieu-Laprise_Image-3.jpg","width":640,"height":480},{"@type":"BreadcrumbList","@id":"https:\/\/artsnb.ca\/web\/2020\/11\/artiste-en-vedette-mathieu-laprise\/?lang=fr#breadcrumb","itemListElement":[{"@type":"ListItem","position":1,"name":"Home","item":"https:\/\/artsnb.ca\/web\/"},{"@type":"ListItem","position":2,"name":"Featured Artists","item":"https:\/\/artsnb.ca\/web\/category\/featured\/"},{"@type":"ListItem","position":3,"name":"Utukku au Rio Webfest"}]},{"@type":"WebSite","@id":"https:\/\/artsnb.ca\/web\/#website","url":"https:\/\/artsnb.ca\/web\/","name":"ArtsNB","description":"EXCELLENCE. PROFESSIONALISM. INNOVATION.","publisher":{"@id":"https:\/\/artsnb.ca\/web\/#organization"},"potentialAction":[{"@type":"SearchAction","target":{"@type":"EntryPoint","urlTemplate":"https:\/\/artsnb.ca\/web\/?s={search_term_string}"},"query-input":{"@type":"PropertyValueSpecification","valueRequired":true,"valueName":"search_term_string"}}],"inLanguage":"en-US"},{"@type":"Organization","@id":"https:\/\/artsnb.ca\/web\/#organization","name":"ArtsNB","url":"https:\/\/artsnb.ca\/web\/","logo":{"@type":"ImageObject","inLanguage":"en-US","@id":"https:\/\/artsnb.ca\/web\/#\/schema\/logo\/image\/","url":"https:\/\/artsnb.ca\/web\/wp-content\/uploads\/2024\/04\/cropped-artsnb-PrimaryLogo-vertical-HiRes-2.jpg","contentUrl":"https:\/\/artsnb.ca\/web\/wp-content\/uploads\/2024\/04\/cropped-artsnb-PrimaryLogo-vertical-HiRes-2.jpg","width":1698,"height":1223,"caption":"ArtsNB"},"image":{"@id":"https:\/\/artsnb.ca\/web\/#\/schema\/logo\/image\/"},"sameAs":["https:\/\/www.facebook.com\/artsnb\/","https:\/\/x.com\/artsnb","https:\/\/www.instagram.com\/artsnb\/"]},{"@type":"Person","@id":"https:\/\/artsnb.ca\/web\/#\/schema\/person\/0b27fd6d6a25d6f2ea4aec5ed5875733","name":"Audr\u00e9e Hamelin-St-Amour","image":{"@type":"ImageObject","inLanguage":"en-US","@id":"https:\/\/secure.gravatar.com\/avatar\/981b3d9c0acc0d9eb42cca12e20517fd09aaa3096a58675f7249e03c8f119703?s=96&d=mm&r=g","url":"https:\/\/secure.gravatar.com\/avatar\/981b3d9c0acc0d9eb42cca12e20517fd09aaa3096a58675f7249e03c8f119703?s=96&d=mm&r=g","contentUrl":"https:\/\/secure.gravatar.com\/avatar\/981b3d9c0acc0d9eb42cca12e20517fd09aaa3096a58675f7249e03c8f119703?s=96&d=mm&r=g","caption":"Audr\u00e9e Hamelin-St-Amour"},"sameAs":["https:\/\/artsb.ca"],"url":"https:\/\/artsnb.ca\/web\/author\/audree\/"}]}},"_links":{"self":[{"href":"https:\/\/artsnb.ca\/web\/wp-json\/wp\/v2\/posts\/7037","targetHints":{"allow":["GET"]}}],"collection":[{"href":"https:\/\/artsnb.ca\/web\/wp-json\/wp\/v2\/posts"}],"about":[{"href":"https:\/\/artsnb.ca\/web\/wp-json\/wp\/v2\/types\/post"}],"author":[{"embeddable":true,"href":"https:\/\/artsnb.ca\/web\/wp-json\/wp\/v2\/users\/7"}],"replies":[{"embeddable":true,"href":"https:\/\/artsnb.ca\/web\/wp-json\/wp\/v2\/comments?post=7037"}],"version-history":[{"count":12,"href":"https:\/\/artsnb.ca\/web\/wp-json\/wp\/v2\/posts\/7037\/revisions"}],"predecessor-version":[{"id":7524,"href":"https:\/\/artsnb.ca\/web\/wp-json\/wp\/v2\/posts\/7037\/revisions\/7524"}],"wp:featuredmedia":[{"embeddable":true,"href":"https:\/\/artsnb.ca\/web\/wp-json\/wp\/v2\/media\/7020"}],"wp:attachment":[{"href":"https:\/\/artsnb.ca\/web\/wp-json\/wp\/v2\/media?parent=7037"}],"wp:term":[{"taxonomy":"category","embeddable":true,"href":"https:\/\/artsnb.ca\/web\/wp-json\/wp\/v2\/categories?post=7037"},{"taxonomy":"post_tag","embeddable":true,"href":"https:\/\/artsnb.ca\/web\/wp-json\/wp\/v2\/tags?post=7037"}],"curies":[{"name":"wp","href":"https:\/\/api.w.org\/{rel}","templated":true}]}}