{"id":8351,"date":"2021-10-12T18:50:11","date_gmt":"2021-10-12T18:50:11","guid":{"rendered":"https:\/\/artsnb.ca\/web\/?p=8351"},"modified":"2021-10-12T18:50:12","modified_gmt":"2021-10-12T18:50:12","slug":"artsnb-annonce-les-laureats-2021-des-prix-de-la-lieutenante-gouverneure-pour-lexcellence-dans-les-arts","status":"publish","type":"post","link":"https:\/\/artsnb.ca\/web\/2021\/10\/artsnb-annonce-les-laureats-2021-des-prix-de-la-lieutenante-gouverneure-pour-lexcellence-dans-les-arts\/?lang=fr","title":{"rendered":"artsnb annonce les laur\u00e9ats 2021 des Prix de la lieutenante-gouverneure pour l\u2019excellence dans les arts"},"content":{"rendered":"\n<div style=\"height:39px\" aria-hidden=\"true\" class=\"wp-block-spacer\"><\/div>\n\n\n\n<p><strong><em><strong><em>Fredericton, le 12 octobre, 2021<\/em><\/strong>\u2013 <\/em><\/strong><em>Le conseil des arts du Nouveau-Brunswick <strong>(artsnb) <\/strong>est fier d\u2019annoncer les laur\u00e9ats des Prix de la lieutenante-gouverneure pour l\u2019excellence dans les arts 2021. Ces prix reconnaissent et c\u00e9l\u00e8brent les accomplissements et la contribution d\u2019artistes du Nouveau-Brunswick dans les arts visuels, les arts litt\u00e9raires et les arts de la sc\u00e8ne.<\/em><\/p>\n\n\n\n<div class=\"wp-block-media-text alignwide is-stacked-on-mobile\"><figure class=\"wp-block-media-text__media\"><img loading=\"lazy\" decoding=\"async\" width=\"1024\" height=\"576\" src=\"https:\/\/artsnb.ca\/web\/wp-content\/uploads\/2021\/10\/Mathieu2-1-1024x576.png\" alt=\"\" class=\"wp-image-8336\" srcset=\"https:\/\/artsnb.ca\/web\/wp-content\/uploads\/2021\/10\/Mathieu2-1-1024x576.png 1024w, https:\/\/artsnb.ca\/web\/wp-content\/uploads\/2021\/10\/Mathieu2-1-300x169.png 300w, https:\/\/artsnb.ca\/web\/wp-content\/uploads\/2021\/10\/Mathieu2-1-768x432.png 768w, https:\/\/artsnb.ca\/web\/wp-content\/uploads\/2021\/10\/Mathieu2-1-1536x864.png 1536w, https:\/\/artsnb.ca\/web\/wp-content\/uploads\/2021\/10\/Mathieu2-1-2048x1152.png 2048w\" sizes=\"auto, (max-width: 1024px) 100vw, 1024px\" \/><\/figure><div class=\"wp-block-media-text__content\">\n<p><strong>MATHIEU L\u00c9GER<\/strong><\/p>\n\n\n\n<p><em><em>Prix de la lieutenante-gouverneure pour l\u2019excellence dans les arts visuels 2021<\/em><\/em><\/p>\n<\/div><\/div>\n\n\n\n<div style=\"height:40px\" aria-hidden=\"true\" class=\"wp-block-spacer\"><\/div>\n\n\n\n<div class=\"wp-block-media-text alignwide is-stacked-on-mobile\"><figure class=\"wp-block-media-text__media\"><img loading=\"lazy\" decoding=\"async\" width=\"1024\" height=\"542\" src=\"https:\/\/artsnb.ca\/web\/wp-content\/uploads\/2021\/10\/Daniel3-1024x542.png\" alt=\"\" class=\"wp-image-8340\" srcset=\"https:\/\/artsnb.ca\/web\/wp-content\/uploads\/2021\/10\/Daniel3-1024x542.png 1024w, https:\/\/artsnb.ca\/web\/wp-content\/uploads\/2021\/10\/Daniel3-300x159.png 300w, https:\/\/artsnb.ca\/web\/wp-content\/uploads\/2021\/10\/Daniel3-768x406.png 768w, https:\/\/artsnb.ca\/web\/wp-content\/uploads\/2021\/10\/Daniel3-1536x813.png 1536w, https:\/\/artsnb.ca\/web\/wp-content\/uploads\/2021\/10\/Daniel3.png 1990w\" sizes=\"auto, (max-width: 1024px) 100vw, 1024px\" \/><\/figure><div class=\"wp-block-media-text__content\">\n<p><strong>DANIEL H. DUGAS<\/strong><\/p>\n\n\n\n<p><em><em>Prix de la lieutenante-gouverneure pour l\u2019excellence dans les arts litt\u00e9raires en fran\u00e7ais 2021<\/em><\/em><\/p>\n<\/div><\/div>\n\n\n\n<div style=\"height:38px\" aria-hidden=\"true\" class=\"wp-block-spacer\"><\/div>\n\n\n\n<div class=\"wp-block-media-text alignwide is-stacked-on-mobile\"><figure class=\"wp-block-media-text__media\"><img loading=\"lazy\" decoding=\"async\" width=\"1024\" height=\"537\" src=\"https:\/\/artsnb.ca\/web\/wp-content\/uploads\/2021\/10\/Sandra4-1-1024x537.png\" alt=\"\" class=\"wp-image-8342\" srcset=\"https:\/\/artsnb.ca\/web\/wp-content\/uploads\/2021\/10\/Sandra4-1-1024x537.png 1024w, https:\/\/artsnb.ca\/web\/wp-content\/uploads\/2021\/10\/Sandra4-1-300x157.png 300w, https:\/\/artsnb.ca\/web\/wp-content\/uploads\/2021\/10\/Sandra4-1-768x403.png 768w, https:\/\/artsnb.ca\/web\/wp-content\/uploads\/2021\/10\/Sandra4-1-1536x805.png 1536w, https:\/\/artsnb.ca\/web\/wp-content\/uploads\/2021\/10\/Sandra4-1.png 1999w\" sizes=\"auto, (max-width: 1024px) 100vw, 1024px\" \/><\/figure><div class=\"wp-block-media-text__content\">\n<p><strong>SANDRA LE COUTEUR<\/strong><\/p>\n\n\n\n<p><em><em>Prix de la lieutenante-gouverneure pour l\u2019excellence dans les arts de la sc\u00e8ne 2021<\/em><\/em><\/p>\n<\/div><\/div>\n\n\n\n<div style=\"height:34px\" aria-hidden=\"true\" class=\"wp-block-spacer\"><\/div>\n\n\n\n<p>Alain Boisvert, pr\u00e9sident d\u2019artsnb d\u00e9clare: \u00ab&nbsp;Au nom du conseil d\u2019administration d\u2019artsnb, je l\u00e8ve mon chapeau et partage mes plus sinc\u00e8res f\u00e9licitations aux laur\u00e9ats et \u00e0 la laur\u00e9ate de cette ann\u00e9e. Leur contribution au paysage artistique et culturel du Nouveau-Brunswick et leur rayonnement au-del\u00e0 de nos fronti\u00e8res font d\u2019eux et d\u2019elle des ambassadeurs d\u2019exception. Puisse cette reconnaissance \u00eatre source de motivation pour les laur\u00e9ats et la laur\u00e9ate ainsi que pour tous les artistes du Nouveau-Brunswick, \u00e0 poursuivre avec d\u00e9termination un cheminement artistique hors de l\u2019ordinaire!&nbsp;\u00bb<\/p>\n\n\n\n<p>Les Prix seront pr\u00e9sent\u00e9s aux laur\u00e9ats par la lieutenante-gouverneure du Nouveau-Brunswick lors d\u2019un gala tenu \u00e0 la r\u00e9sidence de la lieutenante-gouverneure le 15 novembre 2021, si la r\u00e9glementation concernant la COVID-19 le permet.<\/p>\n\n\n\n<div style=\"height:34px\" aria-hidden=\"true\" class=\"wp-block-spacer\"><\/div>\n\n\n\n<div class=\"wp-block-file\"><a href=\"https:\/\/artsnb.ca\/web\/wp-content\/uploads\/2021\/10\/PLG-2021_FR.pdf\" target=\"_blank\" rel=\"noreferrer noopener\">Lisez le communiqu\u00e9 de presse en entier annon\u00e7ant les laur\u00e9ats 2021 des PLG.<\/a><\/div>\n","protected":false},"excerpt":{"rendered":"<p>Fredericton, le 12 octobre, 2021\u2013 Le conseil des arts du Nouveau-Brunswick (artsnb) est fier d\u2019annoncer les laur\u00e9ats des Prix de la lieutenante-gouverneure pour l\u2019excellence dans les arts 2021. Ces prix reconnaissent et c\u00e9l\u00e8brent les accomplissements et la contribution d\u2019artistes du Nouveau-Brunswick dans les arts visuels, les arts litt\u00e9raires et les arts de la sc\u00e8ne. MATHIEU<\/p>\n","protected":false},"author":7,"featured_media":8327,"comment_status":"open","ping_status":"open","sticky":false,"template":"","format":"standard","meta":{"_acf_changed":false,"footnotes":""},"categories":[60,2,53],"tags":[],"class_list":["post-8351","post","type-post","status-publish","format-standard","has-post-thumbnail","hentry","category-communiques-de-presse","category-non-classifiee","category-nouvelles"],"acf":[],"yoast_head":"<!-- This site is optimized with the Yoast SEO plugin v27.5 - https:\/\/yoast.com\/product\/yoast-seo-wordpress\/ -->\n<title>artsnb annonce les laur\u00e9ats 2021 des Prix de la lieutenante-gouverneure pour l\u2019excellence dans les arts - ArtsNB<\/title>\n<meta name=\"robots\" content=\"index, follow, max-snippet:-1, max-image-preview:large, max-video-preview:-1\" \/>\n<link rel=\"canonical\" href=\"https:\/\/artsnb.ca\/web\/2021\/10\/artsnb-annonce-les-laureats-2021-des-prix-de-la-lieutenante-gouverneure-pour-lexcellence-dans-les-arts\/\" \/>\n<meta property=\"og:locale\" content=\"en_US\" \/>\n<meta property=\"og:type\" content=\"article\" \/>\n<meta property=\"og:title\" content=\"artsnb annonce les laur\u00e9ats 2021 des Prix de la lieutenante-gouverneure pour l\u2019excellence dans les arts - ArtsNB\" \/>\n<meta property=\"og:description\" content=\"Fredericton, le 12 octobre, 2021\u2013 Le conseil des arts du Nouveau-Brunswick (artsnb) est fier d\u2019annoncer les laur\u00e9ats des Prix de la lieutenante-gouverneure pour l\u2019excellence dans les arts 2021. Ces prix reconnaissent et c\u00e9l\u00e8brent les accomplissements et la contribution d\u2019artistes du Nouveau-Brunswick dans les arts visuels, les arts litt\u00e9raires et les arts de la sc\u00e8ne. MATHIEU\" \/>\n<meta property=\"og:url\" content=\"https:\/\/artsnb.ca\/web\/2021\/10\/artsnb-annonce-les-laureats-2021-des-prix-de-la-lieutenante-gouverneure-pour-lexcellence-dans-les-arts\/?lang=fr\" \/>\n<meta property=\"og:site_name\" content=\"ArtsNB\" \/>\n<meta property=\"article:publisher\" content=\"https:\/\/www.facebook.com\/artsnb\/\" \/>\n<meta property=\"article:published_time\" content=\"2021-10-12T18:50:11+00:00\" \/>\n<meta property=\"article:modified_time\" content=\"2021-10-12T18:50:12+00:00\" \/>\n<meta property=\"og:image\" content=\"https:\/\/artsnb.ca\/web\/wp-content\/uploads\/2021\/10\/Sans-titre-26-1024x819.png\" \/>\n\t<meta property=\"og:image:width\" content=\"1024\" \/>\n\t<meta property=\"og:image:height\" content=\"819\" \/>\n\t<meta property=\"og:image:type\" content=\"image\/png\" \/>\n<meta name=\"author\" content=\"Audr\u00e9e Hamelin-St-Amour\" \/>\n<meta name=\"twitter:card\" content=\"summary_large_image\" \/>\n<meta name=\"twitter:creator\" content=\"@artsnb\" \/>\n<meta name=\"twitter:site\" content=\"@artsnb\" \/>\n<meta name=\"twitter:label1\" content=\"Written by\" \/>\n\t<meta name=\"twitter:data1\" content=\"Audr\u00e9e Hamelin-St-Amour\" \/>\n\t<meta name=\"twitter:label2\" content=\"Est. reading time\" \/>\n\t<meta name=\"twitter:data2\" content=\"1 minute\" \/>\n<script type=\"application\/ld+json\" class=\"yoast-schema-graph\">{\"@context\":\"https:\\\/\\\/schema.org\",\"@graph\":[{\"@type\":\"Article\",\"@id\":\"https:\\\/\\\/artsnb.ca\\\/web\\\/2021\\\/10\\\/artsnb-annonce-les-laureats-2021-des-prix-de-la-lieutenante-gouverneure-pour-lexcellence-dans-les-arts\\\/?lang=fr#article\",\"isPartOf\":{\"@id\":\"https:\\\/\\\/artsnb.ca\\\/web\\\/2021\\\/10\\\/artsnb-annonce-les-laureats-2021-des-prix-de-la-lieutenante-gouverneure-pour-lexcellence-dans-les-arts\\\/?lang=fr\"},\"author\":{\"name\":\"Audr\u00e9e Hamelin-St-Amour\",\"@id\":\"https:\\\/\\\/artsnb.ca\\\/web\\\/#\\\/schema\\\/person\\\/0b27fd6d6a25d6f2ea4aec5ed5875733\"},\"headline\":\"artsnb annonce les laur\u00e9ats 2021 des Prix de la lieutenante-gouverneure pour l\u2019excellence dans les arts\",\"datePublished\":\"2021-10-12T18:50:11+00:00\",\"dateModified\":\"2021-10-12T18:50:12+00:00\",\"mainEntityOfPage\":{\"@id\":\"https:\\\/\\\/artsnb.ca\\\/web\\\/2021\\\/10\\\/artsnb-annonce-les-laureats-2021-des-prix-de-la-lieutenante-gouverneure-pour-lexcellence-dans-les-arts\\\/?lang=fr\"},\"wordCount\":277,\"commentCount\":0,\"publisher\":{\"@id\":\"https:\\\/\\\/artsnb.ca\\\/web\\\/#organization\"},\"image\":{\"@id\":\"https:\\\/\\\/artsnb.ca\\\/web\\\/2021\\\/10\\\/artsnb-annonce-les-laureats-2021-des-prix-de-la-lieutenante-gouverneure-pour-lexcellence-dans-les-arts\\\/?lang=fr#primaryimage\"},\"thumbnailUrl\":\"https:\\\/\\\/artsnb.ca\\\/web\\\/wp-content\\\/uploads\\\/2021\\\/10\\\/Sans-titre-26.png\",\"articleSection\":[\"Communiqu\u00e9s de presse\",\"Non classifi\u00e9(e)\",\"Toutes les Nouvelles\"],\"inLanguage\":\"en-US\",\"potentialAction\":[{\"@type\":\"CommentAction\",\"name\":\"Comment\",\"target\":[\"https:\\\/\\\/artsnb.ca\\\/web\\\/2021\\\/10\\\/artsnb-annonce-les-laureats-2021-des-prix-de-la-lieutenante-gouverneure-pour-lexcellence-dans-les-arts\\\/?lang=fr#respond\"]}]},{\"@type\":\"WebPage\",\"@id\":\"https:\\\/\\\/artsnb.ca\\\/web\\\/2021\\\/10\\\/artsnb-annonce-les-laureats-2021-des-prix-de-la-lieutenante-gouverneure-pour-lexcellence-dans-les-arts\\\/?lang=fr\",\"url\":\"https:\\\/\\\/artsnb.ca\\\/web\\\/2021\\\/10\\\/artsnb-annonce-les-laureats-2021-des-prix-de-la-lieutenante-gouverneure-pour-lexcellence-dans-les-arts\\\/?lang=fr\",\"name\":\"artsnb annonce les laur\u00e9ats 2021 des Prix de la lieutenante-gouverneure pour l\u2019excellence dans les arts - ArtsNB\",\"isPartOf\":{\"@id\":\"https:\\\/\\\/artsnb.ca\\\/web\\\/#website\"},\"primaryImageOfPage\":{\"@id\":\"https:\\\/\\\/artsnb.ca\\\/web\\\/2021\\\/10\\\/artsnb-annonce-les-laureats-2021-des-prix-de-la-lieutenante-gouverneure-pour-lexcellence-dans-les-arts\\\/?lang=fr#primaryimage\"},\"image\":{\"@id\":\"https:\\\/\\\/artsnb.ca\\\/web\\\/2021\\\/10\\\/artsnb-annonce-les-laureats-2021-des-prix-de-la-lieutenante-gouverneure-pour-lexcellence-dans-les-arts\\\/?lang=fr#primaryimage\"},\"thumbnailUrl\":\"https:\\\/\\\/artsnb.ca\\\/web\\\/wp-content\\\/uploads\\\/2021\\\/10\\\/Sans-titre-26.png\",\"datePublished\":\"2021-10-12T18:50:11+00:00\",\"dateModified\":\"2021-10-12T18:50:12+00:00\",\"breadcrumb\":{\"@id\":\"https:\\\/\\\/artsnb.ca\\\/web\\\/2021\\\/10\\\/artsnb-annonce-les-laureats-2021-des-prix-de-la-lieutenante-gouverneure-pour-lexcellence-dans-les-arts\\\/?lang=fr#breadcrumb\"},\"inLanguage\":\"en-US\",\"potentialAction\":[{\"@type\":\"ReadAction\",\"target\":[\"https:\\\/\\\/artsnb.ca\\\/web\\\/2021\\\/10\\\/artsnb-annonce-les-laureats-2021-des-prix-de-la-lieutenante-gouverneure-pour-lexcellence-dans-les-arts\\\/?lang=fr\"]}]},{\"@type\":\"ImageObject\",\"inLanguage\":\"en-US\",\"@id\":\"https:\\\/\\\/artsnb.ca\\\/web\\\/2021\\\/10\\\/artsnb-annonce-les-laureats-2021-des-prix-de-la-lieutenante-gouverneure-pour-lexcellence-dans-les-arts\\\/?lang=fr#primaryimage\",\"url\":\"https:\\\/\\\/artsnb.ca\\\/web\\\/wp-content\\\/uploads\\\/2021\\\/10\\\/Sans-titre-26.png\",\"contentUrl\":\"https:\\\/\\\/artsnb.ca\\\/web\\\/wp-content\\\/uploads\\\/2021\\\/10\\\/Sans-titre-26.png\",\"width\":2000,\"height\":1600},{\"@type\":\"BreadcrumbList\",\"@id\":\"https:\\\/\\\/artsnb.ca\\\/web\\\/2021\\\/10\\\/artsnb-annonce-les-laureats-2021-des-prix-de-la-lieutenante-gouverneure-pour-lexcellence-dans-les-arts\\\/?lang=fr#breadcrumb\",\"itemListElement\":[{\"@type\":\"ListItem\",\"position\":1,\"name\":\"Home\",\"item\":\"https:\\\/\\\/artsnb.ca\\\/web\\\/\"},{\"@type\":\"ListItem\",\"position\":2,\"name\":\"All News\",\"item\":\"https:\\\/\\\/artsnb.ca\\\/web\\\/category\\\/news\\\/\"},{\"@type\":\"ListItem\",\"position\":3,\"name\":\"artsnb annonce les laur\u00e9ats 2021 des Prix de la lieutenante-gouverneure pour l\u2019excellence dans les arts\"}]},{\"@type\":\"WebSite\",\"@id\":\"https:\\\/\\\/artsnb.ca\\\/web\\\/#website\",\"url\":\"https:\\\/\\\/artsnb.ca\\\/web\\\/\",\"name\":\"ArtsNB\",\"description\":\"EXCELLENCE. PROFESSIONALISM. INNOVATION.\",\"publisher\":{\"@id\":\"https:\\\/\\\/artsnb.ca\\\/web\\\/#organization\"},\"potentialAction\":[{\"@type\":\"SearchAction\",\"target\":{\"@type\":\"EntryPoint\",\"urlTemplate\":\"https:\\\/\\\/artsnb.ca\\\/web\\\/?s={search_term_string}\"},\"query-input\":{\"@type\":\"PropertyValueSpecification\",\"valueRequired\":true,\"valueName\":\"search_term_string\"}}],\"inLanguage\":\"en-US\"},{\"@type\":\"Organization\",\"@id\":\"https:\\\/\\\/artsnb.ca\\\/web\\\/#organization\",\"name\":\"ArtsNB\",\"url\":\"https:\\\/\\\/artsnb.ca\\\/web\\\/\",\"logo\":{\"@type\":\"ImageObject\",\"inLanguage\":\"en-US\",\"@id\":\"https:\\\/\\\/artsnb.ca\\\/web\\\/#\\\/schema\\\/logo\\\/image\\\/\",\"url\":\"https:\\\/\\\/artsnb.ca\\\/web\\\/wp-content\\\/uploads\\\/2024\\\/04\\\/cropped-artsnb-PrimaryLogo-vertical-HiRes-2.jpg\",\"contentUrl\":\"https:\\\/\\\/artsnb.ca\\\/web\\\/wp-content\\\/uploads\\\/2024\\\/04\\\/cropped-artsnb-PrimaryLogo-vertical-HiRes-2.jpg\",\"width\":1698,\"height\":1223,\"caption\":\"ArtsNB\"},\"image\":{\"@id\":\"https:\\\/\\\/artsnb.ca\\\/web\\\/#\\\/schema\\\/logo\\\/image\\\/\"},\"sameAs\":[\"https:\\\/\\\/www.facebook.com\\\/artsnb\\\/\",\"https:\\\/\\\/x.com\\\/artsnb\",\"https:\\\/\\\/www.instagram.com\\\/artsnb\\\/\"]},{\"@type\":\"Person\",\"@id\":\"https:\\\/\\\/artsnb.ca\\\/web\\\/#\\\/schema\\\/person\\\/0b27fd6d6a25d6f2ea4aec5ed5875733\",\"name\":\"Audr\u00e9e Hamelin-St-Amour\",\"image\":{\"@type\":\"ImageObject\",\"inLanguage\":\"en-US\",\"@id\":\"https:\\\/\\\/secure.gravatar.com\\\/avatar\\\/981b3d9c0acc0d9eb42cca12e20517fd09aaa3096a58675f7249e03c8f119703?s=96&d=mm&r=g\",\"url\":\"https:\\\/\\\/secure.gravatar.com\\\/avatar\\\/981b3d9c0acc0d9eb42cca12e20517fd09aaa3096a58675f7249e03c8f119703?s=96&d=mm&r=g\",\"contentUrl\":\"https:\\\/\\\/secure.gravatar.com\\\/avatar\\\/981b3d9c0acc0d9eb42cca12e20517fd09aaa3096a58675f7249e03c8f119703?s=96&d=mm&r=g\",\"caption\":\"Audr\u00e9e Hamelin-St-Amour\"},\"sameAs\":[\"https:\\\/\\\/artsb.ca\"],\"url\":\"https:\\\/\\\/artsnb.ca\\\/web\\\/author\\\/audree\\\/\"}]}<\/script>\n<!-- \/ Yoast SEO plugin. -->","yoast_head_json":{"title":"artsnb annonce les laur\u00e9ats 2021 des Prix de la lieutenante-gouverneure pour l\u2019excellence dans les arts - ArtsNB","robots":{"index":"index","follow":"follow","max-snippet":"max-snippet:-1","max-image-preview":"max-image-preview:large","max-video-preview":"max-video-preview:-1"},"canonical":"https:\/\/artsnb.ca\/web\/2021\/10\/artsnb-annonce-les-laureats-2021-des-prix-de-la-lieutenante-gouverneure-pour-lexcellence-dans-les-arts\/","og_locale":"en_US","og_type":"article","og_title":"artsnb annonce les laur\u00e9ats 2021 des Prix de la lieutenante-gouverneure pour l\u2019excellence dans les arts - ArtsNB","og_description":"Fredericton, le 12 octobre, 2021\u2013 Le conseil des arts du Nouveau-Brunswick (artsnb) est fier d\u2019annoncer les laur\u00e9ats des Prix de la lieutenante-gouverneure pour l\u2019excellence dans les arts 2021. Ces prix reconnaissent et c\u00e9l\u00e8brent les accomplissements et la contribution d\u2019artistes du Nouveau-Brunswick dans les arts visuels, les arts litt\u00e9raires et les arts de la sc\u00e8ne. MATHIEU","og_url":"https:\/\/artsnb.ca\/web\/2021\/10\/artsnb-annonce-les-laureats-2021-des-prix-de-la-lieutenante-gouverneure-pour-lexcellence-dans-les-arts\/?lang=fr","og_site_name":"ArtsNB","article_publisher":"https:\/\/www.facebook.com\/artsnb\/","article_published_time":"2021-10-12T18:50:11+00:00","article_modified_time":"2021-10-12T18:50:12+00:00","og_image":[{"width":1024,"height":819,"url":"https:\/\/artsnb.ca\/web\/wp-content\/uploads\/2021\/10\/Sans-titre-26-1024x819.png","type":"image\/png"}],"author":"Audr\u00e9e Hamelin-St-Amour","twitter_card":"summary_large_image","twitter_creator":"@artsnb","twitter_site":"@artsnb","twitter_misc":{"Written by":"Audr\u00e9e Hamelin-St-Amour","Est. reading time":"1 minute"},"schema":{"@context":"https:\/\/schema.org","@graph":[{"@type":"Article","@id":"https:\/\/artsnb.ca\/web\/2021\/10\/artsnb-annonce-les-laureats-2021-des-prix-de-la-lieutenante-gouverneure-pour-lexcellence-dans-les-arts\/?lang=fr#article","isPartOf":{"@id":"https:\/\/artsnb.ca\/web\/2021\/10\/artsnb-annonce-les-laureats-2021-des-prix-de-la-lieutenante-gouverneure-pour-lexcellence-dans-les-arts\/?lang=fr"},"author":{"name":"Audr\u00e9e Hamelin-St-Amour","@id":"https:\/\/artsnb.ca\/web\/#\/schema\/person\/0b27fd6d6a25d6f2ea4aec5ed5875733"},"headline":"artsnb annonce les laur\u00e9ats 2021 des Prix de la lieutenante-gouverneure pour l\u2019excellence dans les arts","datePublished":"2021-10-12T18:50:11+00:00","dateModified":"2021-10-12T18:50:12+00:00","mainEntityOfPage":{"@id":"https:\/\/artsnb.ca\/web\/2021\/10\/artsnb-annonce-les-laureats-2021-des-prix-de-la-lieutenante-gouverneure-pour-lexcellence-dans-les-arts\/?lang=fr"},"wordCount":277,"commentCount":0,"publisher":{"@id":"https:\/\/artsnb.ca\/web\/#organization"},"image":{"@id":"https:\/\/artsnb.ca\/web\/2021\/10\/artsnb-annonce-les-laureats-2021-des-prix-de-la-lieutenante-gouverneure-pour-lexcellence-dans-les-arts\/?lang=fr#primaryimage"},"thumbnailUrl":"https:\/\/artsnb.ca\/web\/wp-content\/uploads\/2021\/10\/Sans-titre-26.png","articleSection":["Communiqu\u00e9s de presse","Non classifi\u00e9(e)","Toutes les Nouvelles"],"inLanguage":"en-US","potentialAction":[{"@type":"CommentAction","name":"Comment","target":["https:\/\/artsnb.ca\/web\/2021\/10\/artsnb-annonce-les-laureats-2021-des-prix-de-la-lieutenante-gouverneure-pour-lexcellence-dans-les-arts\/?lang=fr#respond"]}]},{"@type":"WebPage","@id":"https:\/\/artsnb.ca\/web\/2021\/10\/artsnb-annonce-les-laureats-2021-des-prix-de-la-lieutenante-gouverneure-pour-lexcellence-dans-les-arts\/?lang=fr","url":"https:\/\/artsnb.ca\/web\/2021\/10\/artsnb-annonce-les-laureats-2021-des-prix-de-la-lieutenante-gouverneure-pour-lexcellence-dans-les-arts\/?lang=fr","name":"artsnb annonce les laur\u00e9ats 2021 des Prix de la lieutenante-gouverneure pour l\u2019excellence dans les arts - ArtsNB","isPartOf":{"@id":"https:\/\/artsnb.ca\/web\/#website"},"primaryImageOfPage":{"@id":"https:\/\/artsnb.ca\/web\/2021\/10\/artsnb-annonce-les-laureats-2021-des-prix-de-la-lieutenante-gouverneure-pour-lexcellence-dans-les-arts\/?lang=fr#primaryimage"},"image":{"@id":"https:\/\/artsnb.ca\/web\/2021\/10\/artsnb-annonce-les-laureats-2021-des-prix-de-la-lieutenante-gouverneure-pour-lexcellence-dans-les-arts\/?lang=fr#primaryimage"},"thumbnailUrl":"https:\/\/artsnb.ca\/web\/wp-content\/uploads\/2021\/10\/Sans-titre-26.png","datePublished":"2021-10-12T18:50:11+00:00","dateModified":"2021-10-12T18:50:12+00:00","breadcrumb":{"@id":"https:\/\/artsnb.ca\/web\/2021\/10\/artsnb-annonce-les-laureats-2021-des-prix-de-la-lieutenante-gouverneure-pour-lexcellence-dans-les-arts\/?lang=fr#breadcrumb"},"inLanguage":"en-US","potentialAction":[{"@type":"ReadAction","target":["https:\/\/artsnb.ca\/web\/2021\/10\/artsnb-annonce-les-laureats-2021-des-prix-de-la-lieutenante-gouverneure-pour-lexcellence-dans-les-arts\/?lang=fr"]}]},{"@type":"ImageObject","inLanguage":"en-US","@id":"https:\/\/artsnb.ca\/web\/2021\/10\/artsnb-annonce-les-laureats-2021-des-prix-de-la-lieutenante-gouverneure-pour-lexcellence-dans-les-arts\/?lang=fr#primaryimage","url":"https:\/\/artsnb.ca\/web\/wp-content\/uploads\/2021\/10\/Sans-titre-26.png","contentUrl":"https:\/\/artsnb.ca\/web\/wp-content\/uploads\/2021\/10\/Sans-titre-26.png","width":2000,"height":1600},{"@type":"BreadcrumbList","@id":"https:\/\/artsnb.ca\/web\/2021\/10\/artsnb-annonce-les-laureats-2021-des-prix-de-la-lieutenante-gouverneure-pour-lexcellence-dans-les-arts\/?lang=fr#breadcrumb","itemListElement":[{"@type":"ListItem","position":1,"name":"Home","item":"https:\/\/artsnb.ca\/web\/"},{"@type":"ListItem","position":2,"name":"All News","item":"https:\/\/artsnb.ca\/web\/category\/news\/"},{"@type":"ListItem","position":3,"name":"artsnb annonce les laur\u00e9ats 2021 des Prix de la lieutenante-gouverneure pour l\u2019excellence dans les arts"}]},{"@type":"WebSite","@id":"https:\/\/artsnb.ca\/web\/#website","url":"https:\/\/artsnb.ca\/web\/","name":"ArtsNB","description":"EXCELLENCE. PROFESSIONALISM. INNOVATION.","publisher":{"@id":"https:\/\/artsnb.ca\/web\/#organization"},"potentialAction":[{"@type":"SearchAction","target":{"@type":"EntryPoint","urlTemplate":"https:\/\/artsnb.ca\/web\/?s={search_term_string}"},"query-input":{"@type":"PropertyValueSpecification","valueRequired":true,"valueName":"search_term_string"}}],"inLanguage":"en-US"},{"@type":"Organization","@id":"https:\/\/artsnb.ca\/web\/#organization","name":"ArtsNB","url":"https:\/\/artsnb.ca\/web\/","logo":{"@type":"ImageObject","inLanguage":"en-US","@id":"https:\/\/artsnb.ca\/web\/#\/schema\/logo\/image\/","url":"https:\/\/artsnb.ca\/web\/wp-content\/uploads\/2024\/04\/cropped-artsnb-PrimaryLogo-vertical-HiRes-2.jpg","contentUrl":"https:\/\/artsnb.ca\/web\/wp-content\/uploads\/2024\/04\/cropped-artsnb-PrimaryLogo-vertical-HiRes-2.jpg","width":1698,"height":1223,"caption":"ArtsNB"},"image":{"@id":"https:\/\/artsnb.ca\/web\/#\/schema\/logo\/image\/"},"sameAs":["https:\/\/www.facebook.com\/artsnb\/","https:\/\/x.com\/artsnb","https:\/\/www.instagram.com\/artsnb\/"]},{"@type":"Person","@id":"https:\/\/artsnb.ca\/web\/#\/schema\/person\/0b27fd6d6a25d6f2ea4aec5ed5875733","name":"Audr\u00e9e Hamelin-St-Amour","image":{"@type":"ImageObject","inLanguage":"en-US","@id":"https:\/\/secure.gravatar.com\/avatar\/981b3d9c0acc0d9eb42cca12e20517fd09aaa3096a58675f7249e03c8f119703?s=96&d=mm&r=g","url":"https:\/\/secure.gravatar.com\/avatar\/981b3d9c0acc0d9eb42cca12e20517fd09aaa3096a58675f7249e03c8f119703?s=96&d=mm&r=g","contentUrl":"https:\/\/secure.gravatar.com\/avatar\/981b3d9c0acc0d9eb42cca12e20517fd09aaa3096a58675f7249e03c8f119703?s=96&d=mm&r=g","caption":"Audr\u00e9e Hamelin-St-Amour"},"sameAs":["https:\/\/artsb.ca"],"url":"https:\/\/artsnb.ca\/web\/author\/audree\/"}]}},"_links":{"self":[{"href":"https:\/\/artsnb.ca\/web\/wp-json\/wp\/v2\/posts\/8351","targetHints":{"allow":["GET"]}}],"collection":[{"href":"https:\/\/artsnb.ca\/web\/wp-json\/wp\/v2\/posts"}],"about":[{"href":"https:\/\/artsnb.ca\/web\/wp-json\/wp\/v2\/types\/post"}],"author":[{"embeddable":true,"href":"https:\/\/artsnb.ca\/web\/wp-json\/wp\/v2\/users\/7"}],"replies":[{"embeddable":true,"href":"https:\/\/artsnb.ca\/web\/wp-json\/wp\/v2\/comments?post=8351"}],"version-history":[{"count":2,"href":"https:\/\/artsnb.ca\/web\/wp-json\/wp\/v2\/posts\/8351\/revisions"}],"predecessor-version":[{"id":8356,"href":"https:\/\/artsnb.ca\/web\/wp-json\/wp\/v2\/posts\/8351\/revisions\/8356"}],"wp:featuredmedia":[{"embeddable":true,"href":"https:\/\/artsnb.ca\/web\/wp-json\/wp\/v2\/media\/8327"}],"wp:attachment":[{"href":"https:\/\/artsnb.ca\/web\/wp-json\/wp\/v2\/media?parent=8351"}],"wp:term":[{"taxonomy":"category","embeddable":true,"href":"https:\/\/artsnb.ca\/web\/wp-json\/wp\/v2\/categories?post=8351"},{"taxonomy":"post_tag","embeddable":true,"href":"https:\/\/artsnb.ca\/web\/wp-json\/wp\/v2\/tags?post=8351"}],"curies":[{"name":"wp","href":"https:\/\/api.w.org\/{rel}","templated":true}]}}